{"id":9952,"date":"2023-06-21T14:21:04","date_gmt":"2023-06-21T12:21:04","guid":{"rendered":"https:\/\/www.pfarrei-due-wo.de\/?p=9952"},"modified":"2023-06-21T23:08:26","modified_gmt":"2023-06-21T21:08:26","slug":"erstkommunionkinder-unterwegs-ausflug-fuehrt-nach-nuernberg","status":"publish","type":"post","link":"https:\/\/www.pfarrei-due-wo.de\/?p=9952","title":{"rendered":"Erstkommunionkinder unterwegs &#8211; Ausflug f\u00fchrt nach N\u00fcrnberg"},"content":{"rendered":"<p><em>Mit ihren Eltern meldeten sich die 14 Erstkommunionkinder der Pfarrei zum gemeinsamen Ausflug an. Er f\u00fchrte sie nach N\u00fcrnberg &#8211; eine Dunkelerfahrung eingeschlossen.<\/em><\/p>\n<p>Zum Abschluss der Erstkommunionvorbereitung fuhren die Erstkommunionkinder gemeinsam mit ihren Eltern mit dem Bus nach N\u00fcrnberg. Den Auftakt f\u00fcr den Tag bildete der Gottesdienst, den die Gruppe in der Burgkapelle St. Walburgis in der ber\u00fchmten N\u00fcrnberger Kaiserburg feierten. Dem Gottesdienst schloss sich auch Pfr. i.R. Jakob Hofmann an, der ehemalige Heimatpfarrer von Michael Hoch, der jetzt in einer N\u00fcrnberger Pfarrei Gottesdienstaushilfen \u00fcbernimmt.<\/p>\n<p>Nach der Messe war Zeit, die Kaiserburg und die Aussicht bei herrlichem Sommerwetter zu genie\u00dfen. Um die Stadt n\u00e4her kennenzulernen, ging es mit einer Bimmelbahn durch N\u00fcrnberg. Viele interessante Hinweise und Einblicke in die Stadt warteten auf die 31-k\u00f6pfige Besuchergruppe.<\/p>\n<p>Nach dem Mittagessen am Hauptmark und einer kleinen Eispause wanderten die Kinder und Erwachsenen auf die W\u00f6hrder Wiese, wo das Erfahrungsfeld zur Entfaltung der Sinne auf dem Programm stand. Besonderer H\u00f6hepunkt war das &#8222;Dunkelerlebnis&#8220;. Zwei blinde F\u00fchrer zeigten den Kindern und Erwachsenen, wie es ist, ohne die F\u00e4higkeit des Sehens, durch die Stadt zu laufen. Mit Blindenstock ausger\u00fcstet war es eine ungewohnte Erfahrung f\u00fcr die gro\u00dfen und kleinen Teilnehmer.<\/p>\n<p>Wie riecht Lila? Wie f\u00fchlt sich Gr\u00fcn an? Diesen Fragen wurde im zweiten Teil nachgegangen. Dass man Farben tats\u00e4chlich erriechen kann, das konnten zun\u00e4chst viele nicht glauben. Den Kindern gelang es aber recht gut. Die Begegnungen bei diesem Workshop erinnerte die Teilnehmer an das diesj\u00e4hrige Erstkommunionthema &#8222;Offene Augen, weites Herz&#8220;.<\/p>\n<p>Nach dem ausf\u00fchrlichen Erkunden des Erfahrungsfeldes &#8211; vor allem der erfrischenden Wassererfahrung &#8211; brach die Gruppe wieder &#8211; voll mit neuen Eindr\u00fccken &#8211; nach Hause auf.<\/p>\n<div class=\"tiled-gallery type-rectangular tiled-gallery-unresized\" data-original-width=\"750\" data-carousel-extra='{&quot;blog_id&quot;:1,&quot;permalink&quot;:&quot;https:\\\/\\\/www.pfarrei-due-wo.de\\\/?p=9952&quot;,&quot;likes_blog_id&quot;:128606674}' itemscope itemtype=\"http:\/\/schema.org\/ImageGallery\" > <div class=\"gallery-row\" style=\"width: 750px; height: 298px;\" data-original-width=\"750\" data-original-height=\"298\" > <div class=\"gallery-group images-1\" style=\"width: 526px; height: 298px;\" data-original-width=\"526\" data-original-height=\"298\" > <div class=\"tiled-gallery-item tiled-gallery-item-large\" itemprop=\"associatedMedia\" itemscope itemtype=\"http:\/\/schema.org\/ImageObject\"> <a href=\"https:\/\/www.pfarrei-due-wo.de\/?attachment_id=9962\" border=\"0\" itemprop=\"url\"> <meta itemprop=\"width\" content=\"522\"> <meta itemprop=\"height\" content=\"294\"> <img decoding=\"async\" class=\"\" data-attachment-id=\"9962\" data-orig-file=\"https:\/\/www.pfarrei-due-wo.de\/wp-content\/uploads\/2023\/06\/20230620_092417-scaled.jpg\" data-orig-size=\"2560,1440\" data-comments-opened=\"\" data-image-meta=\"{&quot;aperture&quot;:&quot;1.7&quot;,&quot;credit&quot;:&quot;&quot;,&quot;camera&quot;:&quot;SM-G935F&quot;,&quot;caption&quot;:&quot;&quot;,&quot;created_timestamp&quot;:&quot;1687253057&quot;,&quot;copyright&quot;:&quot;&quot;,&quot;focal_length&quot;:&quot;4.2&quot;,&quot;iso&quot;:&quot;40&quot;,&quot;shutter_speed&quot;:&quot;0.0011520737327189&quot;,&quot;title&quot;:&quot;&quot;,&quot;orientation&quot;:&quot;1&quot;}\" data-image-title=\"Erstkommunionausflug nach N\u00fcrnberg\" data-image-description=\"&lt;p&gt;Foto: Michael Hoch&lt;\/p&gt; \" data-medium-file=\"https:\/\/i0.wp.com\/www.pfarrei-due-wo.de\/wp-content\/uploads\/2023\/06\/20230620_092417-scaled.jpg?fit=300%2C169&#038;ssl=1\" data-large-file=\"https:\/\/i0.wp.com\/www.pfarrei-due-wo.de\/wp-content\/uploads\/2023\/06\/20230620_092417-scaled.jpg?fit=750%2C422&#038;ssl=1\" src=\"https:\/\/i0.wp.com\/www.pfarrei-due-wo.de\/wp-content\/uploads\/2023\/06\/20230620_092417-scaled.jpg?w=522&#038;h=294&#038;ssl=1\" srcset=\"https:\/\/i0.wp.com\/www.pfarrei-due-wo.de\/wp-content\/uploads\/2023\/06\/20230620_092417-scaled.jpg?w=2560&amp;ssl=1 2560w, https:\/\/i0.wp.com\/www.pfarrei-due-wo.de\/wp-content\/uploads\/2023\/06\/20230620_092417-scaled.jpg?resize=300%2C169&amp;ssl=1 300w, https:\/\/i0.wp.com\/www.pfarrei-due-wo.de\/wp-content\/uploads\/2023\/06\/20230620_092417-scaled.jpg?resize=1024%2C576&amp;ssl=1 1024w, https:\/\/i0.wp.com\/www.pfarrei-due-wo.de\/wp-content\/uploads\/2023\/06\/20230620_092417-scaled.jpg?resize=768%2C432&amp;ssl=1 768w, https:\/\/i0.wp.com\/www.pfarrei-due-wo.de\/wp-content\/uploads\/2023\/06\/20230620_092417-scaled.jpg?resize=1536%2C864&amp;ssl=1 1536w, https:\/\/i0.wp.com\/www.pfarrei-due-wo.de\/wp-content\/uploads\/2023\/06\/20230620_092417-scaled.jpg?resize=2048%2C1152&amp;ssl=1 2048w, https:\/\/i0.wp.com\/www.pfarrei-due-wo.de\/wp-content\/uploads\/2023\/06\/20230620_092417-scaled.jpg?w=2250&amp;ssl=1 2250w\" width=\"522\" height=\"294\" loading=\"lazy\" data-original-width=\"522\" data-original-height=\"294\" itemprop=\"http:\/\/schema.org\/image\" title=\"Erstkommunionausflug nach N\u00fcrnberg\" alt=\"Erstkommunionausflug nach N\u00fcrnberg\" style=\"width: 522px; height: 294px;\" \/> <\/a> <\/div> <\/div> <!-- close group --> <div class=\"gallery-group images-1\" style=\"width: 224px; height: 298px;\" data-original-width=\"224\" data-original-height=\"298\" > <div class=\"tiled-gallery-item tiled-gallery-item-small\" itemprop=\"associatedMedia\" itemscope itemtype=\"http:\/\/schema.org\/ImageObject\"> <a href=\"https:\/\/www.pfarrei-due-wo.de\/?attachment_id=9961\" border=\"0\" itemprop=\"url\"> <meta itemprop=\"width\" content=\"220\"> <meta itemprop=\"height\" content=\"294\"> <img decoding=\"async\" class=\"\" data-attachment-id=\"9961\" data-orig-file=\"https:\/\/www.pfarrei-due-wo.de\/wp-content\/uploads\/2023\/06\/IMG-20230621-WA0011.jpg\" data-orig-size=\"768,1024\" data-comments-opened=\"\" data-image-meta=\"{&quot;aperture&quot;:&quot;0&quot;,&quot;credit&quot;:&quot;&quot;,&quot;camera&quot;:&quot;&quot;,&quot;caption&quot;:&quot;&quot;,&quot;created_timestamp&quot;:&quot;0&quot;,&quot;copyright&quot;:&quot;&quot;,&quot;focal_length&quot;:&quot;0&quot;,&quot;iso&quot;:&quot;0&quot;,&quot;shutter_speed&quot;:&quot;0&quot;,&quot;title&quot;:&quot;&quot;,&quot;orientation&quot;:&quot;0&quot;}\" data-image-title=\"Erstkommunionausflug nach N\u00fcrnberg\" data-image-description=\"&lt;p&gt;Foto: Michael Hoch&lt;\/p&gt; \" data-medium-file=\"https:\/\/i0.wp.com\/www.pfarrei-due-wo.de\/wp-content\/uploads\/2023\/06\/IMG-20230621-WA0011.jpg?fit=225%2C300&#038;ssl=1\" data-large-file=\"https:\/\/i0.wp.com\/www.pfarrei-due-wo.de\/wp-content\/uploads\/2023\/06\/IMG-20230621-WA0011.jpg?fit=750%2C1000&#038;ssl=1\" src=\"https:\/\/i0.wp.com\/www.pfarrei-due-wo.de\/wp-content\/uploads\/2023\/06\/IMG-20230621-WA0011.jpg?w=220&#038;h=294&#038;ssl=1\" srcset=\"https:\/\/i0.wp.com\/www.pfarrei-due-wo.de\/wp-content\/uploads\/2023\/06\/IMG-20230621-WA0011.jpg?w=768&amp;ssl=1 768w, https:\/\/i0.wp.com\/www.pfarrei-due-wo.de\/wp-content\/uploads\/2023\/06\/IMG-20230621-WA0011.jpg?resize=225%2C300&amp;ssl=1 225w\" width=\"220\" height=\"294\" loading=\"lazy\" data-original-width=\"220\" data-original-height=\"294\" itemprop=\"http:\/\/schema.org\/image\" title=\"Erstkommunionausflug nach N\u00fcrnberg\" alt=\"Erstkommunionausflug nach N\u00fcrnberg\" style=\"width: 220px; height: 294px;\" \/> <\/a> <\/div> <\/div> <!-- close group --> <\/div> <!-- close row --> <div class=\"gallery-row\" style=\"width: 750px; height: 332px;\" data-original-width=\"750\" data-original-height=\"332\" > <div class=\"gallery-group images-1\" style=\"width: 250px; height: 332px;\" data-original-width=\"250\" data-original-height=\"332\" > <div class=\"tiled-gallery-item tiled-gallery-item-small\" itemprop=\"associatedMedia\" itemscope itemtype=\"http:\/\/schema.org\/ImageObject\"> <a href=\"https:\/\/www.pfarrei-due-wo.de\/?attachment_id=9960\" border=\"0\" itemprop=\"url\"> <meta itemprop=\"width\" content=\"246\"> <meta itemprop=\"height\" content=\"328\"> <img decoding=\"async\" class=\"\" data-attachment-id=\"9960\" data-orig-file=\"https:\/\/www.pfarrei-due-wo.de\/wp-content\/uploads\/2023\/06\/IMG-20230621-WA0006.jpg\" data-orig-size=\"768,1024\" data-comments-opened=\"\" data-image-meta=\"{&quot;aperture&quot;:&quot;0&quot;,&quot;credit&quot;:&quot;&quot;,&quot;camera&quot;:&quot;&quot;,&quot;caption&quot;:&quot;&quot;,&quot;created_timestamp&quot;:&quot;0&quot;,&quot;copyright&quot;:&quot;&quot;,&quot;focal_length&quot;:&quot;0&quot;,&quot;iso&quot;:&quot;0&quot;,&quot;shutter_speed&quot;:&quot;0&quot;,&quot;title&quot;:&quot;&quot;,&quot;orientation&quot;:&quot;0&quot;}\" data-image-title=\"Erstkommunionausflug nach N\u00fcrnberg\" data-image-description=\"&lt;p&gt;Foto: Rupert Saffert&lt;\/p&gt; \" data-medium-file=\"https:\/\/i0.wp.com\/www.pfarrei-due-wo.de\/wp-content\/uploads\/2023\/06\/IMG-20230621-WA0006.jpg?fit=225%2C300&#038;ssl=1\" data-large-file=\"https:\/\/i0.wp.com\/www.pfarrei-due-wo.de\/wp-content\/uploads\/2023\/06\/IMG-20230621-WA0006.jpg?fit=750%2C1000&#038;ssl=1\" src=\"https:\/\/i0.wp.com\/www.pfarrei-due-wo.de\/wp-content\/uploads\/2023\/06\/IMG-20230621-WA0006.jpg?w=246&#038;h=328&#038;ssl=1\" srcset=\"https:\/\/i0.wp.com\/www.pfarrei-due-wo.de\/wp-content\/uploads\/2023\/06\/IMG-20230621-WA0006.jpg?w=768&amp;ssl=1 768w, https:\/\/i0.wp.com\/www.pfarrei-due-wo.de\/wp-content\/uploads\/2023\/06\/IMG-20230621-WA0006.jpg?resize=225%2C300&amp;ssl=1 225w\" width=\"246\" height=\"328\" loading=\"lazy\" data-original-width=\"246\" data-original-height=\"328\" itemprop=\"http:\/\/schema.org\/image\" title=\"Erstkommunionausflug nach N\u00fcrnberg\" alt=\"Erstkommunionausflug nach N\u00fcrnberg\" style=\"width: 246px; height: 328px;\" \/> <\/a> <\/div> <\/div> <!-- close group --> <div class=\"gallery-group images-1\" style=\"width: 250px; height: 332px;\" data-original-width=\"250\" data-original-height=\"332\" > <div class=\"tiled-gallery-item tiled-gallery-item-small\" itemprop=\"associatedMedia\" itemscope itemtype=\"http:\/\/schema.org\/ImageObject\"> <a href=\"https:\/\/www.pfarrei-due-wo.de\/?attachment_id=9957\" border=\"0\" itemprop=\"url\"> <meta itemprop=\"width\" content=\"246\"> <meta itemprop=\"height\" content=\"328\"> <img decoding=\"async\" class=\"\" data-attachment-id=\"9957\" data-orig-file=\"https:\/\/www.pfarrei-due-wo.de\/wp-content\/uploads\/2023\/06\/IMG-20230621-WA0003.jpg\" data-orig-size=\"768,1024\" data-comments-opened=\"\" data-image-meta=\"{&quot;aperture&quot;:&quot;0&quot;,&quot;credit&quot;:&quot;&quot;,&quot;camera&quot;:&quot;&quot;,&quot;caption&quot;:&quot;&quot;,&quot;created_timestamp&quot;:&quot;0&quot;,&quot;copyright&quot;:&quot;&quot;,&quot;focal_length&quot;:&quot;0&quot;,&quot;iso&quot;:&quot;0&quot;,&quot;shutter_speed&quot;:&quot;0&quot;,&quot;title&quot;:&quot;&quot;,&quot;orientation&quot;:&quot;0&quot;}\" data-image-title=\"Erstkommunionausflug nach N\u00fcrnberg\" data-image-description=\"&lt;p&gt;Foto: Rupert Saffert&lt;\/p&gt; \" data-medium-file=\"https:\/\/i0.wp.com\/www.pfarrei-due-wo.de\/wp-content\/uploads\/2023\/06\/IMG-20230621-WA0003.jpg?fit=225%2C300&#038;ssl=1\" data-large-file=\"https:\/\/i0.wp.com\/www.pfarrei-due-wo.de\/wp-content\/uploads\/2023\/06\/IMG-20230621-WA0003.jpg?fit=750%2C1000&#038;ssl=1\" src=\"https:\/\/i0.wp.com\/www.pfarrei-due-wo.de\/wp-content\/uploads\/2023\/06\/IMG-20230621-WA0003.jpg?w=246&#038;h=328&#038;ssl=1\" srcset=\"https:\/\/i0.wp.com\/www.pfarrei-due-wo.de\/wp-content\/uploads\/2023\/06\/IMG-20230621-WA0003.jpg?w=768&amp;ssl=1 768w, https:\/\/i0.wp.com\/www.pfarrei-due-wo.de\/wp-content\/uploads\/2023\/06\/IMG-20230621-WA0003.jpg?resize=225%2C300&amp;ssl=1 225w\" width=\"246\" height=\"328\" loading=\"lazy\" data-original-width=\"246\" data-original-height=\"328\" itemprop=\"http:\/\/schema.org\/image\" title=\"Erstkommunionausflug nach N\u00fcrnberg\" alt=\"Erstkommunionausflug nach N\u00fcrnberg\" style=\"width: 246px; height: 328px;\" \/> <\/a> <\/div> <\/div> <!-- close group --> <div class=\"gallery-group images-1\" style=\"width: 250px; height: 332px;\" data-original-width=\"250\" data-original-height=\"332\" > <div class=\"tiled-gallery-item tiled-gallery-item-small\" itemprop=\"associatedMedia\" itemscope itemtype=\"http:\/\/schema.org\/ImageObject\"> <a href=\"https:\/\/www.pfarrei-due-wo.de\/?attachment_id=9958\" border=\"0\" itemprop=\"url\"> <meta itemprop=\"width\" content=\"246\"> <meta itemprop=\"height\" content=\"328\"> <img decoding=\"async\" class=\"\" data-attachment-id=\"9958\" data-orig-file=\"https:\/\/www.pfarrei-due-wo.de\/wp-content\/uploads\/2023\/06\/IMG-20230621-WA0004.jpg\" data-orig-size=\"768,1024\" data-comments-opened=\"\" data-image-meta=\"{&quot;aperture&quot;:&quot;0&quot;,&quot;credit&quot;:&quot;&quot;,&quot;camera&quot;:&quot;&quot;,&quot;caption&quot;:&quot;&quot;,&quot;created_timestamp&quot;:&quot;0&quot;,&quot;copyright&quot;:&quot;&quot;,&quot;focal_length&quot;:&quot;0&quot;,&quot;iso&quot;:&quot;0&quot;,&quot;shutter_speed&quot;:&quot;0&quot;,&quot;title&quot;:&quot;&quot;,&quot;orientation&quot;:&quot;0&quot;}\" data-image-title=\"Erstkommunionausflug nach N\u00fcrnberg\" data-image-description=\"&lt;p&gt;Foto: Rupert Saffert&lt;\/p&gt; \" data-medium-file=\"https:\/\/i0.wp.com\/www.pfarrei-due-wo.de\/wp-content\/uploads\/2023\/06\/IMG-20230621-WA0004.jpg?fit=225%2C300&#038;ssl=1\" data-large-file=\"https:\/\/i0.wp.com\/www.pfarrei-due-wo.de\/wp-content\/uploads\/2023\/06\/IMG-20230621-WA0004.jpg?fit=750%2C1000&#038;ssl=1\" src=\"https:\/\/i0.wp.com\/www.pfarrei-due-wo.de\/wp-content\/uploads\/2023\/06\/IMG-20230621-WA0004.jpg?w=246&#038;h=328&#038;ssl=1\" srcset=\"https:\/\/i0.wp.com\/www.pfarrei-due-wo.de\/wp-content\/uploads\/2023\/06\/IMG-20230621-WA0004.jpg?w=768&amp;ssl=1 768w, https:\/\/i0.wp.com\/www.pfarrei-due-wo.de\/wp-content\/uploads\/2023\/06\/IMG-20230621-WA0004.jpg?resize=225%2C300&amp;ssl=1 225w\" width=\"246\" height=\"328\" loading=\"lazy\" data-original-width=\"246\" data-original-height=\"328\" itemprop=\"http:\/\/schema.org\/image\" title=\"Erstkommunionausflug nach N\u00fcrnberg\" alt=\"Erstkommunionausflug nach N\u00fcrnberg\" style=\"width: 246px; height: 328px;\" \/> <\/a> <\/div> <\/div> <!-- close group --> <\/div> <!-- close row --> <div class=\"gallery-row\" style=\"width: 750px; height: 213px;\" data-original-width=\"750\" data-original-height=\"213\" > <div class=\"gallery-group images-1\" style=\"width: 375px; height: 213px;\" data-original-width=\"375\" data-original-height=\"213\" > <div class=\"tiled-gallery-item tiled-gallery-item-large\" itemprop=\"associatedMedia\" itemscope itemtype=\"http:\/\/schema.org\/ImageObject\"> <a href=\"https:\/\/www.pfarrei-due-wo.de\/?attachment_id=9964\" border=\"0\" itemprop=\"url\"> <meta itemprop=\"width\" content=\"371\"> <meta itemprop=\"height\" content=\"209\"> <img decoding=\"async\" class=\"\" data-attachment-id=\"9964\" data-orig-file=\"https:\/\/www.pfarrei-due-wo.de\/wp-content\/uploads\/2023\/06\/20230620_110553-scaled.jpg\" data-orig-size=\"2560,1440\" data-comments-opened=\"\" data-image-meta=\"{&quot;aperture&quot;:&quot;1.7&quot;,&quot;credit&quot;:&quot;&quot;,&quot;camera&quot;:&quot;SM-G935F&quot;,&quot;caption&quot;:&quot;&quot;,&quot;created_timestamp&quot;:&quot;1687259153&quot;,&quot;copyright&quot;:&quot;&quot;,&quot;focal_length&quot;:&quot;4.2&quot;,&quot;iso&quot;:&quot;40&quot;,&quot;shutter_speed&quot;:&quot;0.00028153153153153&quot;,&quot;title&quot;:&quot;&quot;,&quot;orientation&quot;:&quot;1&quot;}\" data-image-title=\"Erstkommunionausflug nach N\u00fcrnberg\" data-image-description=\"&lt;p&gt;Foto: Michael Hoch&lt;\/p&gt; \" data-medium-file=\"https:\/\/i0.wp.com\/www.pfarrei-due-wo.de\/wp-content\/uploads\/2023\/06\/20230620_110553-scaled.jpg?fit=300%2C169&#038;ssl=1\" data-large-file=\"https:\/\/i0.wp.com\/www.pfarrei-due-wo.de\/wp-content\/uploads\/2023\/06\/20230620_110553-scaled.jpg?fit=750%2C422&#038;ssl=1\" src=\"https:\/\/i0.wp.com\/www.pfarrei-due-wo.de\/wp-content\/uploads\/2023\/06\/20230620_110553-scaled.jpg?w=371&#038;h=209&#038;ssl=1\" srcset=\"https:\/\/i0.wp.com\/www.pfarrei-due-wo.de\/wp-content\/uploads\/2023\/06\/20230620_110553-scaled.jpg?w=2560&amp;ssl=1 2560w, https:\/\/i0.wp.com\/www.pfarrei-due-wo.de\/wp-content\/uploads\/2023\/06\/20230620_110553-scaled.jpg?resize=300%2C169&amp;ssl=1 300w, https:\/\/i0.wp.com\/www.pfarrei-due-wo.de\/wp-content\/uploads\/2023\/06\/20230620_110553-scaled.jpg?resize=1024%2C576&amp;ssl=1 1024w, https:\/\/i0.wp.com\/www.pfarrei-due-wo.de\/wp-content\/uploads\/2023\/06\/20230620_110553-scaled.jpg?resize=768%2C432&amp;ssl=1 768w, https:\/\/i0.wp.com\/www.pfarrei-due-wo.de\/wp-content\/uploads\/2023\/06\/20230620_110553-scaled.jpg?resize=1536%2C864&amp;ssl=1 1536w, https:\/\/i0.wp.com\/www.pfarrei-due-wo.de\/wp-content\/uploads\/2023\/06\/20230620_110553-scaled.jpg?resize=2048%2C1152&amp;ssl=1 2048w, https:\/\/i0.wp.com\/www.pfarrei-due-wo.de\/wp-content\/uploads\/2023\/06\/20230620_110553-scaled.jpg?w=2250&amp;ssl=1 2250w\" width=\"371\" height=\"209\" loading=\"lazy\" data-original-width=\"371\" data-original-height=\"209\" itemprop=\"http:\/\/schema.org\/image\" title=\"Erstkommunionausflug nach N\u00fcrnberg\" alt=\"Erstkommunionausflug nach N\u00fcrnberg\" style=\"width: 371px; height: 209px;\" \/> <\/a> <\/div> <\/div> <!-- close group --> <div class=\"gallery-group images-1\" style=\"width: 375px; height: 213px;\" data-original-width=\"375\" data-original-height=\"213\" > <div class=\"tiled-gallery-item tiled-gallery-item-large\" itemprop=\"associatedMedia\" itemscope itemtype=\"http:\/\/schema.org\/ImageObject\"> <a href=\"https:\/\/www.pfarrei-due-wo.de\/?attachment_id=9963\" border=\"0\" itemprop=\"url\"> <meta itemprop=\"width\" content=\"371\"> <meta itemprop=\"height\" content=\"209\"> <img decoding=\"async\" class=\"\" data-attachment-id=\"9963\" data-orig-file=\"https:\/\/www.pfarrei-due-wo.de\/wp-content\/uploads\/2023\/06\/20230620_110534-scaled.jpg\" data-orig-size=\"2560,1440\" data-comments-opened=\"\" data-image-meta=\"{&quot;aperture&quot;:&quot;1.7&quot;,&quot;credit&quot;:&quot;&quot;,&quot;camera&quot;:&quot;SM-G935F&quot;,&quot;caption&quot;:&quot;&quot;,&quot;created_timestamp&quot;:&quot;1687259134&quot;,&quot;copyright&quot;:&quot;&quot;,&quot;focal_length&quot;:&quot;4.2&quot;,&quot;iso&quot;:&quot;40&quot;,&quot;shutter_speed&quot;:&quot;0.0012562814070352&quot;,&quot;title&quot;:&quot;&quot;,&quot;orientation&quot;:&quot;1&quot;}\" data-image-title=\"Erstkommunionausflug nach N\u00fcrnberg\" data-image-description=\"&lt;p&gt;Foto: Michael Hoch&lt;\/p&gt; \" data-medium-file=\"https:\/\/i0.wp.com\/www.pfarrei-due-wo.de\/wp-content\/uploads\/2023\/06\/20230620_110534-scaled.jpg?fit=300%2C169&#038;ssl=1\" data-large-file=\"https:\/\/i0.wp.com\/www.pfarrei-due-wo.de\/wp-content\/uploads\/2023\/06\/20230620_110534-scaled.jpg?fit=750%2C422&#038;ssl=1\" src=\"https:\/\/i0.wp.com\/www.pfarrei-due-wo.de\/wp-content\/uploads\/2023\/06\/20230620_110534-scaled.jpg?w=371&#038;h=209&#038;ssl=1\" srcset=\"https:\/\/i0.wp.com\/www.pfarrei-due-wo.de\/wp-content\/uploads\/2023\/06\/20230620_110534-scaled.jpg?w=2560&amp;ssl=1 2560w, https:\/\/i0.wp.com\/www.pfarrei-due-wo.de\/wp-content\/uploads\/2023\/06\/20230620_110534-scaled.jpg?resize=300%2C169&amp;ssl=1 300w, https:\/\/i0.wp.com\/www.pfarrei-due-wo.de\/wp-content\/uploads\/2023\/06\/20230620_110534-scaled.jpg?resize=1024%2C576&amp;ssl=1 1024w, https:\/\/i0.wp.com\/www.pfarrei-due-wo.de\/wp-content\/uploads\/2023\/06\/20230620_110534-scaled.jpg?resize=768%2C432&amp;ssl=1 768w, https:\/\/i0.wp.com\/www.pfarrei-due-wo.de\/wp-content\/uploads\/2023\/06\/20230620_110534-scaled.jpg?resize=1536%2C864&amp;ssl=1 1536w, https:\/\/i0.wp.com\/www.pfarrei-due-wo.de\/wp-content\/uploads\/2023\/06\/20230620_110534-scaled.jpg?resize=2048%2C1152&amp;ssl=1 2048w, https:\/\/i0.wp.com\/www.pfarrei-due-wo.de\/wp-content\/uploads\/2023\/06\/20230620_110534-scaled.jpg?w=2250&amp;ssl=1 2250w\" width=\"371\" height=\"209\" loading=\"lazy\" data-original-width=\"371\" data-original-height=\"209\" itemprop=\"http:\/\/schema.org\/image\" title=\"Erstkommunionausflug nach N\u00fcrnberg\" alt=\"Erstkommunionausflug nach N\u00fcrnberg\" style=\"width: 371px; height: 209px;\" \/> <\/a> <\/div> <\/div> <!-- close group --> <\/div> <!-- close row --> <div class=\"gallery-row\" style=\"width: 750px; height: 518px;\" data-original-width=\"750\" data-original-height=\"518\" > <div class=\"gallery-group images-2\" style=\"width: 457px; height: 518px;\" data-original-width=\"457\" data-original-height=\"518\" > <div class=\"tiled-gallery-item tiled-gallery-item-large\" itemprop=\"associatedMedia\" itemscope itemtype=\"http:\/\/schema.org\/ImageObject\"> <a href=\"https:\/\/www.pfarrei-due-wo.de\/?attachment_id=9967\" border=\"0\" itemprop=\"url\"> <meta itemprop=\"width\" content=\"453\"> <meta itemprop=\"height\" content=\"255\"> <img decoding=\"async\" class=\"\" data-attachment-id=\"9967\" data-orig-file=\"https:\/\/www.pfarrei-due-wo.de\/wp-content\/uploads\/2023\/06\/20230620_121507-scaled.jpg\" data-orig-size=\"2560,1440\" data-comments-opened=\"\" data-image-meta=\"{&quot;aperture&quot;:&quot;1.7&quot;,&quot;credit&quot;:&quot;&quot;,&quot;camera&quot;:&quot;SM-G935F&quot;,&quot;caption&quot;:&quot;&quot;,&quot;created_timestamp&quot;:&quot;1687263307&quot;,&quot;copyright&quot;:&quot;&quot;,&quot;focal_length&quot;:&quot;4.2&quot;,&quot;iso&quot;:&quot;40&quot;,&quot;shutter_speed&quot;:&quot;0.0011600928074246&quot;,&quot;title&quot;:&quot;&quot;,&quot;orientation&quot;:&quot;1&quot;}\" data-image-title=\"Erstkommunionausflug nach N\u00fcrnberg\" data-image-description=\"&lt;p&gt;Foto: Michael Hoch&lt;\/p&gt; \" data-medium-file=\"https:\/\/i0.wp.com\/www.pfarrei-due-wo.de\/wp-content\/uploads\/2023\/06\/20230620_121507-scaled.jpg?fit=300%2C169&#038;ssl=1\" data-large-file=\"https:\/\/i0.wp.com\/www.pfarrei-due-wo.de\/wp-content\/uploads\/2023\/06\/20230620_121507-scaled.jpg?fit=750%2C422&#038;ssl=1\" src=\"https:\/\/i0.wp.com\/www.pfarrei-due-wo.de\/wp-content\/uploads\/2023\/06\/20230620_121507-scaled.jpg?w=453&#038;h=255&#038;ssl=1\" srcset=\"https:\/\/i0.wp.com\/www.pfarrei-due-wo.de\/wp-content\/uploads\/2023\/06\/20230620_121507-scaled.jpg?w=2560&amp;ssl=1 2560w, https:\/\/i0.wp.com\/www.pfarrei-due-wo.de\/wp-content\/uploads\/2023\/06\/20230620_121507-scaled.jpg?resize=300%2C169&amp;ssl=1 300w, https:\/\/i0.wp.com\/www.pfarrei-due-wo.de\/wp-content\/uploads\/2023\/06\/20230620_121507-scaled.jpg?resize=1024%2C576&amp;ssl=1 1024w, https:\/\/i0.wp.com\/www.pfarrei-due-wo.de\/wp-content\/uploads\/2023\/06\/20230620_121507-scaled.jpg?resize=768%2C432&amp;ssl=1 768w, https:\/\/i0.wp.com\/www.pfarrei-due-wo.de\/wp-content\/uploads\/2023\/06\/20230620_121507-scaled.jpg?resize=1536%2C864&amp;ssl=1 1536w, https:\/\/i0.wp.com\/www.pfarrei-due-wo.de\/wp-content\/uploads\/2023\/06\/20230620_121507-scaled.jpg?resize=2048%2C1152&amp;ssl=1 2048w, https:\/\/i0.wp.com\/www.pfarrei-due-wo.de\/wp-content\/uploads\/2023\/06\/20230620_121507-scaled.jpg?w=2250&amp;ssl=1 2250w\" width=\"453\" height=\"255\" loading=\"lazy\" data-original-width=\"453\" data-original-height=\"255\" itemprop=\"http:\/\/schema.org\/image\" title=\"Erstkommunionausflug nach N\u00fcrnberg\" alt=\"Erstkommunionausflug nach N\u00fcrnberg\" style=\"width: 453px; height: 255px;\" \/> <\/a> <\/div> <div class=\"tiled-gallery-item tiled-gallery-item-large\" itemprop=\"associatedMedia\" itemscope itemtype=\"http:\/\/schema.org\/ImageObject\"> <a href=\"https:\/\/www.pfarrei-due-wo.de\/?attachment_id=9965\" border=\"0\" itemprop=\"url\"> <meta itemprop=\"width\" content=\"453\"> <meta itemprop=\"height\" content=\"255\"> <img decoding=\"async\" class=\"\" data-attachment-id=\"9965\" data-orig-file=\"https:\/\/www.pfarrei-due-wo.de\/wp-content\/uploads\/2023\/06\/20230620_1152270-scaled.jpg\" data-orig-size=\"2560,1440\" data-comments-opened=\"\" data-image-meta=\"{&quot;aperture&quot;:&quot;1.7&quot;,&quot;credit&quot;:&quot;&quot;,&quot;camera&quot;:&quot;SM-G935F&quot;,&quot;caption&quot;:&quot;&quot;,&quot;created_timestamp&quot;:&quot;1687261947&quot;,&quot;copyright&quot;:&quot;&quot;,&quot;focal_length&quot;:&quot;4.2&quot;,&quot;iso&quot;:&quot;40&quot;,&quot;shutter_speed&quot;:&quot;0.00052410901467505&quot;,&quot;title&quot;:&quot;&quot;,&quot;orientation&quot;:&quot;1&quot;}\" data-image-title=\"Erstkommunionausflug nach N\u00fcrnberg\" data-image-description=\"&lt;p&gt;Foto: Michael Hoch&lt;\/p&gt; \" data-medium-file=\"https:\/\/i0.wp.com\/www.pfarrei-due-wo.de\/wp-content\/uploads\/2023\/06\/20230620_1152270-scaled.jpg?fit=300%2C169&#038;ssl=1\" data-large-file=\"https:\/\/i0.wp.com\/www.pfarrei-due-wo.de\/wp-content\/uploads\/2023\/06\/20230620_1152270-scaled.jpg?fit=750%2C422&#038;ssl=1\" src=\"https:\/\/i0.wp.com\/www.pfarrei-due-wo.de\/wp-content\/uploads\/2023\/06\/20230620_1152270-scaled.jpg?w=453&#038;h=255&#038;ssl=1\" srcset=\"https:\/\/i0.wp.com\/www.pfarrei-due-wo.de\/wp-content\/uploads\/2023\/06\/20230620_1152270-scaled.jpg?w=2560&amp;ssl=1 2560w, https:\/\/i0.wp.com\/www.pfarrei-due-wo.de\/wp-content\/uploads\/2023\/06\/20230620_1152270-scaled.jpg?resize=300%2C169&amp;ssl=1 300w, https:\/\/i0.wp.com\/www.pfarrei-due-wo.de\/wp-content\/uploads\/2023\/06\/20230620_1152270-scaled.jpg?resize=1024%2C576&amp;ssl=1 1024w, https:\/\/i0.wp.com\/www.pfarrei-due-wo.de\/wp-content\/uploads\/2023\/06\/20230620_1152270-scaled.jpg?resize=768%2C432&amp;ssl=1 768w, https:\/\/i0.wp.com\/www.pfarrei-due-wo.de\/wp-content\/uploads\/2023\/06\/20230620_1152270-scaled.jpg?resize=1536%2C864&amp;ssl=1 1536w, https:\/\/i0.wp.com\/www.pfarrei-due-wo.de\/wp-content\/uploads\/2023\/06\/20230620_1152270-scaled.jpg?resize=2048%2C1152&amp;ssl=1 2048w, https:\/\/i0.wp.com\/www.pfarrei-due-wo.de\/wp-content\/uploads\/2023\/06\/20230620_1152270-scaled.jpg?w=2250&amp;ssl=1 2250w\" width=\"453\" height=\"255\" loading=\"lazy\" data-original-width=\"453\" data-original-height=\"255\" itemprop=\"http:\/\/schema.org\/image\" title=\"Erstkommunionausflug nach N\u00fcrnberg\" alt=\"Erstkommunionausflug nach N\u00fcrnberg\" style=\"width: 453px; height: 255px;\" \/> <\/a> <\/div> <\/div> <!-- close group --> <div class=\"gallery-group images-1\" style=\"width: 293px; height: 518px;\" data-original-width=\"293\" data-original-height=\"518\" > <div class=\"tiled-gallery-item tiled-gallery-item-large\" itemprop=\"associatedMedia\" itemscope itemtype=\"http:\/\/schema.org\/ImageObject\"> <a href=\"https:\/\/www.pfarrei-due-wo.de\/?attachment_id=9966\" border=\"0\" itemprop=\"url\"> <meta itemprop=\"width\" content=\"289\"> <meta itemprop=\"height\" content=\"514\"> <img decoding=\"async\" class=\"\" data-attachment-id=\"9966\" data-orig-file=\"https:\/\/www.pfarrei-due-wo.de\/wp-content\/uploads\/2023\/06\/20230620_115332-scaled.jpg\" data-orig-size=\"1440,2560\" data-comments-opened=\"\" data-image-meta=\"{&quot;aperture&quot;:&quot;1.7&quot;,&quot;credit&quot;:&quot;&quot;,&quot;camera&quot;:&quot;SM-G935F&quot;,&quot;caption&quot;:&quot;&quot;,&quot;created_timestamp&quot;:&quot;1687262012&quot;,&quot;copyright&quot;:&quot;&quot;,&quot;focal_length&quot;:&quot;4.2&quot;,&quot;iso&quot;:&quot;40&quot;,&quot;shutter_speed&quot;:&quot;0.00071225071225071&quot;,&quot;title&quot;:&quot;&quot;,&quot;orientation&quot;:&quot;1&quot;}\" data-image-title=\"Erstkommunionausflug nach N\u00fcrnberg\" data-image-description=\"&lt;p&gt;Foto: Michael Hoch&lt;\/p&gt; \" data-medium-file=\"https:\/\/i0.wp.com\/www.pfarrei-due-wo.de\/wp-content\/uploads\/2023\/06\/20230620_115332-scaled.jpg?fit=169%2C300&#038;ssl=1\" data-large-file=\"https:\/\/i0.wp.com\/www.pfarrei-due-wo.de\/wp-content\/uploads\/2023\/06\/20230620_115332-scaled.jpg?fit=576%2C1024&#038;ssl=1\" src=\"https:\/\/i0.wp.com\/www.pfarrei-due-wo.de\/wp-content\/uploads\/2023\/06\/20230620_115332-scaled.jpg?w=289&#038;h=514&#038;ssl=1\" srcset=\"https:\/\/i0.wp.com\/www.pfarrei-due-wo.de\/wp-content\/uploads\/2023\/06\/20230620_115332-scaled.jpg?w=1440&amp;ssl=1 1440w, https:\/\/i0.wp.com\/www.pfarrei-due-wo.de\/wp-content\/uploads\/2023\/06\/20230620_115332-scaled.jpg?resize=169%2C300&amp;ssl=1 169w, https:\/\/i0.wp.com\/www.pfarrei-due-wo.de\/wp-content\/uploads\/2023\/06\/20230620_115332-scaled.jpg?resize=576%2C1024&amp;ssl=1 576w, https:\/\/i0.wp.com\/www.pfarrei-due-wo.de\/wp-content\/uploads\/2023\/06\/20230620_115332-scaled.jpg?resize=768%2C1365&amp;ssl=1 768w, https:\/\/i0.wp.com\/www.pfarrei-due-wo.de\/wp-content\/uploads\/2023\/06\/20230620_115332-scaled.jpg?resize=864%2C1536&amp;ssl=1 864w, https:\/\/i0.wp.com\/www.pfarrei-due-wo.de\/wp-content\/uploads\/2023\/06\/20230620_115332-scaled.jpg?resize=1152%2C2048&amp;ssl=1 1152w\" width=\"289\" height=\"514\" loading=\"lazy\" data-original-width=\"289\" data-original-height=\"514\" itemprop=\"http:\/\/schema.org\/image\" title=\"Erstkommunionausflug nach N\u00fcrnberg\" alt=\"Erstkommunionausflug nach N\u00fcrnberg\" style=\"width: 289px; height: 514px;\" \/> <\/a> <\/div> <\/div> <!-- close group --> <\/div> <!-- close row --> <div class=\"gallery-row\" style=\"width: 750px; height: 560px;\" data-original-width=\"750\" data-original-height=\"560\" > <div class=\"gallery-group images-3\" style=\"width: 329px; height: 560px;\" data-original-width=\"329\" data-original-height=\"560\" > <div class=\"tiled-gallery-item tiled-gallery-item-large\" itemprop=\"associatedMedia\" itemscope itemtype=\"http:\/\/schema.org\/ImageObject\"> <a href=\"https:\/\/www.pfarrei-due-wo.de\/?attachment_id=9968\" border=\"0\" itemprop=\"url\"> <meta itemprop=\"width\" content=\"325\"> <meta itemprop=\"height\" content=\"183\"> <img decoding=\"async\" class=\"\" data-attachment-id=\"9968\" data-orig-file=\"https:\/\/www.pfarrei-due-wo.de\/wp-content\/uploads\/2023\/06\/20230620_140638-scaled.jpg\" data-orig-size=\"2560,1440\" data-comments-opened=\"\" data-image-meta=\"{&quot;aperture&quot;:&quot;1.7&quot;,&quot;credit&quot;:&quot;&quot;,&quot;camera&quot;:&quot;SM-G935F&quot;,&quot;caption&quot;:&quot;&quot;,&quot;created_timestamp&quot;:&quot;1687269998&quot;,&quot;copyright&quot;:&quot;&quot;,&quot;focal_length&quot;:&quot;4.2&quot;,&quot;iso&quot;:&quot;40&quot;,&quot;shutter_speed&quot;:&quot;0.01&quot;,&quot;title&quot;:&quot;&quot;,&quot;orientation&quot;:&quot;1&quot;}\" data-image-title=\"Erstkommunionausflug nach N\u00fcrnberg\" data-image-description=\"&lt;p&gt;Foto: Michael Hoch&lt;\/p&gt; \" data-medium-file=\"https:\/\/i0.wp.com\/www.pfarrei-due-wo.de\/wp-content\/uploads\/2023\/06\/20230620_140638-scaled.jpg?fit=300%2C169&#038;ssl=1\" data-large-file=\"https:\/\/i0.wp.com\/www.pfarrei-due-wo.de\/wp-content\/uploads\/2023\/06\/20230620_140638-scaled.jpg?fit=750%2C422&#038;ssl=1\" src=\"https:\/\/i0.wp.com\/www.pfarrei-due-wo.de\/wp-content\/uploads\/2023\/06\/20230620_140638-scaled.jpg?w=325&#038;h=183&#038;ssl=1\" srcset=\"https:\/\/i0.wp.com\/www.pfarrei-due-wo.de\/wp-content\/uploads\/2023\/06\/20230620_140638-scaled.jpg?w=2560&amp;ssl=1 2560w, https:\/\/i0.wp.com\/www.pfarrei-due-wo.de\/wp-content\/uploads\/2023\/06\/20230620_140638-scaled.jpg?resize=300%2C169&amp;ssl=1 300w, https:\/\/i0.wp.com\/www.pfarrei-due-wo.de\/wp-content\/uploads\/2023\/06\/20230620_140638-scaled.jpg?resize=1024%2C576&amp;ssl=1 1024w, https:\/\/i0.wp.com\/www.pfarrei-due-wo.de\/wp-content\/uploads\/2023\/06\/20230620_140638-scaled.jpg?resize=768%2C432&amp;ssl=1 768w, https:\/\/i0.wp.com\/www.pfarrei-due-wo.de\/wp-content\/uploads\/2023\/06\/20230620_140638-scaled.jpg?resize=1536%2C864&amp;ssl=1 1536w, https:\/\/i0.wp.com\/www.pfarrei-due-wo.de\/wp-content\/uploads\/2023\/06\/20230620_140638-scaled.jpg?resize=2048%2C1152&amp;ssl=1 2048w, https:\/\/i0.wp.com\/www.pfarrei-due-wo.de\/wp-content\/uploads\/2023\/06\/20230620_140638-scaled.jpg?w=2250&amp;ssl=1 2250w\" width=\"325\" height=\"183\" loading=\"lazy\" data-original-width=\"325\" data-original-height=\"183\" itemprop=\"http:\/\/schema.org\/image\" title=\"Erstkommunionausflug nach N\u00fcrnberg\" alt=\"Erstkommunionausflug nach N\u00fcrnberg\" style=\"width: 325px; height: 183px;\" \/> <\/a> <\/div> <div class=\"tiled-gallery-item tiled-gallery-item-large\" itemprop=\"associatedMedia\" itemscope itemtype=\"http:\/\/schema.org\/ImageObject\"> <a href=\"https:\/\/www.pfarrei-due-wo.de\/?attachment_id=9969\" border=\"0\" itemprop=\"url\"> <meta itemprop=\"width\" content=\"325\"> <meta itemprop=\"height\" content=\"183\"> <img decoding=\"async\" class=\"\" data-attachment-id=\"9969\" data-orig-file=\"https:\/\/www.pfarrei-due-wo.de\/wp-content\/uploads\/2023\/06\/20230620_143005-scaled.jpg\" data-orig-size=\"2560,1440\" data-comments-opened=\"\" data-image-meta=\"{&quot;aperture&quot;:&quot;1.7&quot;,&quot;credit&quot;:&quot;&quot;,&quot;camera&quot;:&quot;SM-G935F&quot;,&quot;caption&quot;:&quot;&quot;,&quot;created_timestamp&quot;:&quot;1687271405&quot;,&quot;copyright&quot;:&quot;&quot;,&quot;focal_length&quot;:&quot;4.2&quot;,&quot;iso&quot;:&quot;40&quot;,&quot;shutter_speed&quot;:&quot;0.00072463768115942&quot;,&quot;title&quot;:&quot;&quot;,&quot;orientation&quot;:&quot;1&quot;}\" data-image-title=\"Erstkommunionausflug nach N\u00fcrnberg\" data-image-description=\"&lt;p&gt;Foto: Michael Hoch&lt;\/p&gt; \" data-medium-file=\"https:\/\/i0.wp.com\/www.pfarrei-due-wo.de\/wp-content\/uploads\/2023\/06\/20230620_143005-scaled.jpg?fit=300%2C169&#038;ssl=1\" data-large-file=\"https:\/\/i0.wp.com\/www.pfarrei-due-wo.de\/wp-content\/uploads\/2023\/06\/20230620_143005-scaled.jpg?fit=750%2C422&#038;ssl=1\" src=\"https:\/\/i0.wp.com\/www.pfarrei-due-wo.de\/wp-content\/uploads\/2023\/06\/20230620_143005-scaled.jpg?w=325&#038;h=183&#038;ssl=1\" srcset=\"https:\/\/i0.wp.com\/www.pfarrei-due-wo.de\/wp-content\/uploads\/2023\/06\/20230620_143005-scaled.jpg?w=2560&amp;ssl=1 2560w, https:\/\/i0.wp.com\/www.pfarrei-due-wo.de\/wp-content\/uploads\/2023\/06\/20230620_143005-scaled.jpg?resize=300%2C169&amp;ssl=1 300w, https:\/\/i0.wp.com\/www.pfarrei-due-wo.de\/wp-content\/uploads\/2023\/06\/20230620_143005-scaled.jpg?resize=1024%2C576&amp;ssl=1 1024w, https:\/\/i0.wp.com\/www.pfarrei-due-wo.de\/wp-content\/uploads\/2023\/06\/20230620_143005-scaled.jpg?resize=768%2C432&amp;ssl=1 768w, https:\/\/i0.wp.com\/www.pfarrei-due-wo.de\/wp-content\/uploads\/2023\/06\/20230620_143005-scaled.jpg?resize=1536%2C864&amp;ssl=1 1536w, https:\/\/i0.wp.com\/www.pfarrei-due-wo.de\/wp-content\/uploads\/2023\/06\/20230620_143005-scaled.jpg?resize=2048%2C1152&amp;ssl=1 2048w, https:\/\/i0.wp.com\/www.pfarrei-due-wo.de\/wp-content\/uploads\/2023\/06\/20230620_143005-scaled.jpg?w=2250&amp;ssl=1 2250w\" width=\"325\" height=\"183\" loading=\"lazy\" data-original-width=\"325\" data-original-height=\"183\" itemprop=\"http:\/\/schema.org\/image\" title=\"Erstkommunionausflug nach N\u00fcrnberg\" alt=\"Erstkommunionausflug nach N\u00fcrnberg\" style=\"width: 325px; height: 183px;\" \/> <\/a> <\/div> <div class=\"tiled-gallery-item tiled-gallery-item-large\" itemprop=\"associatedMedia\" itemscope itemtype=\"http:\/\/schema.org\/ImageObject\"> <a href=\"https:\/\/www.pfarrei-due-wo.de\/?attachment_id=9970\" border=\"0\" itemprop=\"url\"> <meta itemprop=\"width\" content=\"325\"> <meta itemprop=\"height\" content=\"182\"> <img decoding=\"async\" class=\"\" data-attachment-id=\"9970\" data-orig-file=\"https:\/\/www.pfarrei-due-wo.de\/wp-content\/uploads\/2023\/06\/20230620_143733-scaled.jpg\" data-orig-size=\"2560,1440\" data-comments-opened=\"\" data-image-meta=\"{&quot;aperture&quot;:&quot;1.7&quot;,&quot;credit&quot;:&quot;&quot;,&quot;camera&quot;:&quot;SM-G935F&quot;,&quot;caption&quot;:&quot;&quot;,&quot;created_timestamp&quot;:&quot;1687271853&quot;,&quot;copyright&quot;:&quot;&quot;,&quot;focal_length&quot;:&quot;4.2&quot;,&quot;iso&quot;:&quot;40&quot;,&quot;shutter_speed&quot;:&quot;0.0037878787878788&quot;,&quot;title&quot;:&quot;&quot;,&quot;orientation&quot;:&quot;1&quot;}\" data-image-title=\"Erstkommunionausflug nach N\u00fcrnberg\" data-image-description=\"&lt;p&gt;Foto: Michael Hoch&lt;\/p&gt; \" data-medium-file=\"https:\/\/i0.wp.com\/www.pfarrei-due-wo.de\/wp-content\/uploads\/2023\/06\/20230620_143733-scaled.jpg?fit=300%2C169&#038;ssl=1\" data-large-file=\"https:\/\/i0.wp.com\/www.pfarrei-due-wo.de\/wp-content\/uploads\/2023\/06\/20230620_143733-scaled.jpg?fit=750%2C422&#038;ssl=1\" src=\"https:\/\/i0.wp.com\/www.pfarrei-due-wo.de\/wp-content\/uploads\/2023\/06\/20230620_143733-scaled.jpg?w=325&#038;h=182&#038;ssl=1\" srcset=\"https:\/\/i0.wp.com\/www.pfarrei-due-wo.de\/wp-content\/uploads\/2023\/06\/20230620_143733-scaled.jpg?w=2560&amp;ssl=1 2560w, https:\/\/i0.wp.com\/www.pfarrei-due-wo.de\/wp-content\/uploads\/2023\/06\/20230620_143733-scaled.jpg?resize=300%2C169&amp;ssl=1 300w, https:\/\/i0.wp.com\/www.pfarrei-due-wo.de\/wp-content\/uploads\/2023\/06\/20230620_143733-scaled.jpg?resize=1024%2C576&amp;ssl=1 1024w, https:\/\/i0.wp.com\/www.pfarrei-due-wo.de\/wp-content\/uploads\/2023\/06\/20230620_143733-scaled.jpg?resize=768%2C432&amp;ssl=1 768w, https:\/\/i0.wp.com\/www.pfarrei-due-wo.de\/wp-content\/uploads\/2023\/06\/20230620_143733-scaled.jpg?resize=1536%2C864&amp;ssl=1 1536w, https:\/\/i0.wp.com\/www.pfarrei-due-wo.de\/wp-content\/uploads\/2023\/06\/20230620_143733-scaled.jpg?resize=2048%2C1152&amp;ssl=1 2048w, https:\/\/i0.wp.com\/www.pfarrei-due-wo.de\/wp-content\/uploads\/2023\/06\/20230620_143733-scaled.jpg?w=2250&amp;ssl=1 2250w\" width=\"325\" height=\"182\" loading=\"lazy\" data-original-width=\"325\" data-original-height=\"182\" itemprop=\"http:\/\/schema.org\/image\" title=\"Erstkommunionausflug nach N\u00fcrnberg\" alt=\"Erstkommunionausflug nach N\u00fcrnberg\" style=\"width: 325px; height: 182px;\" \/> <\/a> <\/div> <\/div> <!-- close group --> <div class=\"gallery-group images-1\" style=\"width: 421px; height: 560px;\" data-original-width=\"421\" data-original-height=\"560\" > <div class=\"tiled-gallery-item tiled-gallery-item-large\" itemprop=\"associatedMedia\" itemscope itemtype=\"http:\/\/schema.org\/ImageObject\"> <a href=\"https:\/\/www.pfarrei-due-wo.de\/?attachment_id=9959\" border=\"0\" itemprop=\"url\"> <meta itemprop=\"width\" content=\"417\"> <meta itemprop=\"height\" content=\"556\"> <img decoding=\"async\" class=\"\" data-attachment-id=\"9959\" data-orig-file=\"https:\/\/www.pfarrei-due-wo.de\/wp-content\/uploads\/2023\/06\/IMG-20230621-WA0005.jpg\" data-orig-size=\"768,1024\" data-comments-opened=\"\" data-image-meta=\"{&quot;aperture&quot;:&quot;0&quot;,&quot;credit&quot;:&quot;&quot;,&quot;camera&quot;:&quot;&quot;,&quot;caption&quot;:&quot;&quot;,&quot;created_timestamp&quot;:&quot;0&quot;,&quot;copyright&quot;:&quot;&quot;,&quot;focal_length&quot;:&quot;0&quot;,&quot;iso&quot;:&quot;0&quot;,&quot;shutter_speed&quot;:&quot;0&quot;,&quot;title&quot;:&quot;&quot;,&quot;orientation&quot;:&quot;0&quot;}\" data-image-title=\"Erstkommunionausflug nach N\u00fcrnberg\" data-image-description=\"&lt;p&gt;Foto: Rupert Saffert&lt;\/p&gt; \" data-medium-file=\"https:\/\/i0.wp.com\/www.pfarrei-due-wo.de\/wp-content\/uploads\/2023\/06\/IMG-20230621-WA0005.jpg?fit=225%2C300&#038;ssl=1\" data-large-file=\"https:\/\/i0.wp.com\/www.pfarrei-due-wo.de\/wp-content\/uploads\/2023\/06\/IMG-20230621-WA0005.jpg?fit=750%2C1000&#038;ssl=1\" src=\"https:\/\/i0.wp.com\/www.pfarrei-due-wo.de\/wp-content\/uploads\/2023\/06\/IMG-20230621-WA0005.jpg?w=417&#038;h=556&#038;ssl=1\" srcset=\"https:\/\/i0.wp.com\/www.pfarrei-due-wo.de\/wp-content\/uploads\/2023\/06\/IMG-20230621-WA0005.jpg?w=768&amp;ssl=1 768w, https:\/\/i0.wp.com\/www.pfarrei-due-wo.de\/wp-content\/uploads\/2023\/06\/IMG-20230621-WA0005.jpg?resize=225%2C300&amp;ssl=1 225w\" width=\"417\" height=\"556\" loading=\"lazy\" data-original-width=\"417\" data-original-height=\"556\" itemprop=\"http:\/\/schema.org\/image\" title=\"Erstkommunionausflug nach N\u00fcrnberg\" alt=\"Erstkommunionausflug nach N\u00fcrnberg\" style=\"width: 417px; height: 556px;\" \/> <\/a> <\/div> <\/div> <!-- close group --> <\/div> <!-- close row --> <div class=\"gallery-row\" style=\"width: 750px; height: 213px;\" data-original-width=\"750\" data-original-height=\"213\" > <div class=\"gallery-group images-1\" style=\"width: 375px; height: 213px;\" data-original-width=\"375\" data-original-height=\"213\" > <div class=\"tiled-gallery-item tiled-gallery-item-large\" itemprop=\"associatedMedia\" itemscope itemtype=\"http:\/\/schema.org\/ImageObject\"> <a href=\"https:\/\/www.pfarrei-due-wo.de\/?attachment_id=9971\" border=\"0\" itemprop=\"url\"> <meta itemprop=\"width\" content=\"371\"> <meta itemprop=\"height\" content=\"209\"> <img decoding=\"async\" class=\"\" data-attachment-id=\"9971\" data-orig-file=\"https:\/\/www.pfarrei-due-wo.de\/wp-content\/uploads\/2023\/06\/20230620_152407-scaled.jpg\" data-orig-size=\"2560,1440\" data-comments-opened=\"\" data-image-meta=\"{&quot;aperture&quot;:&quot;1.7&quot;,&quot;credit&quot;:&quot;&quot;,&quot;camera&quot;:&quot;SM-G935F&quot;,&quot;caption&quot;:&quot;&quot;,&quot;created_timestamp&quot;:&quot;1687274647&quot;,&quot;copyright&quot;:&quot;&quot;,&quot;focal_length&quot;:&quot;4.2&quot;,&quot;iso&quot;:&quot;80&quot;,&quot;shutter_speed&quot;:&quot;0.02&quot;,&quot;title&quot;:&quot;&quot;,&quot;orientation&quot;:&quot;1&quot;}\" data-image-title=\"Erstkommunionausflug nach N\u00fcrnberg\" data-image-description=\"&lt;p&gt;Foto: Michael Hoch&lt;\/p&gt; \" data-medium-file=\"https:\/\/i0.wp.com\/www.pfarrei-due-wo.de\/wp-content\/uploads\/2023\/06\/20230620_152407-scaled.jpg?fit=300%2C169&#038;ssl=1\" data-large-file=\"https:\/\/i0.wp.com\/www.pfarrei-due-wo.de\/wp-content\/uploads\/2023\/06\/20230620_152407-scaled.jpg?fit=750%2C422&#038;ssl=1\" src=\"https:\/\/i0.wp.com\/www.pfarrei-due-wo.de\/wp-content\/uploads\/2023\/06\/20230620_152407-scaled.jpg?w=371&#038;h=209&#038;ssl=1\" srcset=\"https:\/\/i0.wp.com\/www.pfarrei-due-wo.de\/wp-content\/uploads\/2023\/06\/20230620_152407-scaled.jpg?w=2560&amp;ssl=1 2560w, https:\/\/i0.wp.com\/www.pfarrei-due-wo.de\/wp-content\/uploads\/2023\/06\/20230620_152407-scaled.jpg?resize=300%2C169&amp;ssl=1 300w, https:\/\/i0.wp.com\/www.pfarrei-due-wo.de\/wp-content\/uploads\/2023\/06\/20230620_152407-scaled.jpg?resize=1024%2C576&amp;ssl=1 1024w, https:\/\/i0.wp.com\/www.pfarrei-due-wo.de\/wp-content\/uploads\/2023\/06\/20230620_152407-scaled.jpg?resize=768%2C432&amp;ssl=1 768w, https:\/\/i0.wp.com\/www.pfarrei-due-wo.de\/wp-content\/uploads\/2023\/06\/20230620_152407-scaled.jpg?resize=1536%2C864&amp;ssl=1 1536w, https:\/\/i0.wp.com\/www.pfarrei-due-wo.de\/wp-content\/uploads\/2023\/06\/20230620_152407-scaled.jpg?resize=2048%2C1152&amp;ssl=1 2048w, https:\/\/i0.wp.com\/www.pfarrei-due-wo.de\/wp-content\/uploads\/2023\/06\/20230620_152407-scaled.jpg?w=2250&amp;ssl=1 2250w\" width=\"371\" height=\"209\" loading=\"lazy\" data-original-width=\"371\" data-original-height=\"209\" itemprop=\"http:\/\/schema.org\/image\" title=\"Erstkommunionausflug nach N\u00fcrnberg\" alt=\"Erstkommunionausflug nach N\u00fcrnberg\" style=\"width: 371px; height: 209px;\" \/> <\/a> <\/div> <\/div> <!-- close group --> <div class=\"gallery-group images-1\" style=\"width: 375px; height: 213px;\" data-original-width=\"375\" data-original-height=\"213\" > <div class=\"tiled-gallery-item tiled-gallery-item-large\" itemprop=\"associatedMedia\" itemscope itemtype=\"http:\/\/schema.org\/ImageObject\"> <a href=\"https:\/\/www.pfarrei-due-wo.de\/?attachment_id=9972\" border=\"0\" itemprop=\"url\"> <meta itemprop=\"width\" content=\"371\"> <meta itemprop=\"height\" content=\"209\"> <img decoding=\"async\" class=\"\" data-attachment-id=\"9972\" data-orig-file=\"https:\/\/www.pfarrei-due-wo.de\/wp-content\/uploads\/2023\/06\/20230620_153850-scaled.jpg\" data-orig-size=\"2560,1440\" data-comments-opened=\"\" data-image-meta=\"{&quot;aperture&quot;:&quot;1.7&quot;,&quot;credit&quot;:&quot;&quot;,&quot;camera&quot;:&quot;SM-G935F&quot;,&quot;caption&quot;:&quot;&quot;,&quot;created_timestamp&quot;:&quot;1687275530&quot;,&quot;copyright&quot;:&quot;&quot;,&quot;focal_length&quot;:&quot;4.2&quot;,&quot;iso&quot;:&quot;40&quot;,&quot;shutter_speed&quot;:&quot;0.00081168831168831&quot;,&quot;title&quot;:&quot;&quot;,&quot;orientation&quot;:&quot;1&quot;}\" data-image-title=\"Erstkommunionausflug nach N\u00fcrnberg\" data-image-description=\"&lt;p&gt;Foto: Michael Hoch&lt;\/p&gt; \" data-medium-file=\"https:\/\/i0.wp.com\/www.pfarrei-due-wo.de\/wp-content\/uploads\/2023\/06\/20230620_153850-scaled.jpg?fit=300%2C169&#038;ssl=1\" data-large-file=\"https:\/\/i0.wp.com\/www.pfarrei-due-wo.de\/wp-content\/uploads\/2023\/06\/20230620_153850-scaled.jpg?fit=750%2C422&#038;ssl=1\" src=\"https:\/\/i0.wp.com\/www.pfarrei-due-wo.de\/wp-content\/uploads\/2023\/06\/20230620_153850-scaled.jpg?w=371&#038;h=209&#038;ssl=1\" srcset=\"https:\/\/i0.wp.com\/www.pfarrei-due-wo.de\/wp-content\/uploads\/2023\/06\/20230620_153850-scaled.jpg?w=2560&amp;ssl=1 2560w, https:\/\/i0.wp.com\/www.pfarrei-due-wo.de\/wp-content\/uploads\/2023\/06\/20230620_153850-scaled.jpg?resize=300%2C169&amp;ssl=1 300w, https:\/\/i0.wp.com\/www.pfarrei-due-wo.de\/wp-content\/uploads\/2023\/06\/20230620_153850-scaled.jpg?resize=1024%2C576&amp;ssl=1 1024w, https:\/\/i0.wp.com\/www.pfarrei-due-wo.de\/wp-content\/uploads\/2023\/06\/20230620_153850-scaled.jpg?resize=768%2C432&amp;ssl=1 768w, https:\/\/i0.wp.com\/www.pfarrei-due-wo.de\/wp-content\/uploads\/2023\/06\/20230620_153850-scaled.jpg?resize=1536%2C864&amp;ssl=1 1536w, https:\/\/i0.wp.com\/www.pfarrei-due-wo.de\/wp-content\/uploads\/2023\/06\/20230620_153850-scaled.jpg?resize=2048%2C1152&amp;ssl=1 2048w, https:\/\/i0.wp.com\/www.pfarrei-due-wo.de\/wp-content\/uploads\/2023\/06\/20230620_153850-scaled.jpg?w=2250&amp;ssl=1 2250w\" width=\"371\" height=\"209\" loading=\"lazy\" data-original-width=\"371\" data-original-height=\"209\" itemprop=\"http:\/\/schema.org\/image\" title=\"Erstkommunionausflug nach N\u00fcrnberg\" alt=\"Erstkommunionausflug nach N\u00fcrnberg\" style=\"width: 371px; height: 209px;\" \/> <\/a> <\/div> <\/div> <!-- close group --> <\/div> <!-- close row --> <div class=\"gallery-row\" style=\"width: 750px; height: 128px;\" data-original-width=\"750\" data-original-height=\"128\" > <div class=\"gallery-group images-1\" style=\"width: 226px; height: 128px;\" data-original-width=\"226\" data-original-height=\"128\" > <div class=\"tiled-gallery-item tiled-gallery-item-small\" itemprop=\"associatedMedia\" itemscope itemtype=\"http:\/\/schema.org\/ImageObject\"> <a href=\"https:\/\/www.pfarrei-due-wo.de\/?attachment_id=9955\" border=\"0\" itemprop=\"url\"> <meta itemprop=\"width\" content=\"222\"> <meta itemprop=\"height\" content=\"124\"> <img decoding=\"async\" class=\"\" data-attachment-id=\"9955\" data-orig-file=\"https:\/\/www.pfarrei-due-wo.de\/wp-content\/uploads\/2023\/06\/20230620_154433-scaled.jpg\" data-orig-size=\"2560,1440\" data-comments-opened=\"\" data-image-meta=\"{&quot;aperture&quot;:&quot;1.7&quot;,&quot;credit&quot;:&quot;&quot;,&quot;camera&quot;:&quot;SM-G935F&quot;,&quot;caption&quot;:&quot;&quot;,&quot;created_timestamp&quot;:&quot;1687275873&quot;,&quot;copyright&quot;:&quot;&quot;,&quot;focal_length&quot;:&quot;4.2&quot;,&quot;iso&quot;:&quot;40&quot;,&quot;shutter_speed&quot;:&quot;0.0032894736842105&quot;,&quot;title&quot;:&quot;&quot;,&quot;orientation&quot;:&quot;1&quot;}\" data-image-title=\"Erstkommunionausflug nach N\u00fcrnberg\" data-image-description=\"&lt;p&gt;Foto: Michael Hoch&lt;\/p&gt; \" data-medium-file=\"https:\/\/i0.wp.com\/www.pfarrei-due-wo.de\/wp-content\/uploads\/2023\/06\/20230620_154433-scaled.jpg?fit=300%2C169&#038;ssl=1\" data-large-file=\"https:\/\/i0.wp.com\/www.pfarrei-due-wo.de\/wp-content\/uploads\/2023\/06\/20230620_154433-scaled.jpg?fit=750%2C422&#038;ssl=1\" src=\"https:\/\/i0.wp.com\/www.pfarrei-due-wo.de\/wp-content\/uploads\/2023\/06\/20230620_154433-scaled.jpg?w=222&#038;h=124&#038;ssl=1\" srcset=\"https:\/\/i0.wp.com\/www.pfarrei-due-wo.de\/wp-content\/uploads\/2023\/06\/20230620_154433-scaled.jpg?w=2560&amp;ssl=1 2560w, https:\/\/i0.wp.com\/www.pfarrei-due-wo.de\/wp-content\/uploads\/2023\/06\/20230620_154433-scaled.jpg?resize=300%2C169&amp;ssl=1 300w, https:\/\/i0.wp.com\/www.pfarrei-due-wo.de\/wp-content\/uploads\/2023\/06\/20230620_154433-scaled.jpg?resize=1024%2C576&amp;ssl=1 1024w, https:\/\/i0.wp.com\/www.pfarrei-due-wo.de\/wp-content\/uploads\/2023\/06\/20230620_154433-scaled.jpg?resize=768%2C432&amp;ssl=1 768w, https:\/\/i0.wp.com\/www.pfarrei-due-wo.de\/wp-content\/uploads\/2023\/06\/20230620_154433-scaled.jpg?resize=1536%2C864&amp;ssl=1 1536w, https:\/\/i0.wp.com\/www.pfarrei-due-wo.de\/wp-content\/uploads\/2023\/06\/20230620_154433-scaled.jpg?resize=2048%2C1152&amp;ssl=1 2048w, https:\/\/i0.wp.com\/www.pfarrei-due-wo.de\/wp-content\/uploads\/2023\/06\/20230620_154433-scaled.jpg?w=2250&amp;ssl=1 2250w\" width=\"222\" height=\"124\" loading=\"lazy\" data-original-width=\"222\" data-original-height=\"124\" itemprop=\"http:\/\/schema.org\/image\" title=\"Erstkommunionausflug nach N\u00fcrnberg\" alt=\"Erstkommunionausflug nach N\u00fcrnberg\" style=\"width: 222px; height: 124px;\" \/> <\/a> <\/div> <\/div> <!-- close group --> <div class=\"gallery-group images-1\" style=\"width: 225px; height: 128px;\" data-original-width=\"225\" data-original-height=\"128\" > <div class=\"tiled-gallery-item tiled-gallery-item-small\" itemprop=\"associatedMedia\" itemscope itemtype=\"http:\/\/schema.org\/ImageObject\"> <a href=\"https:\/\/www.pfarrei-due-wo.de\/?attachment_id=9973\" border=\"0\" itemprop=\"url\"> <meta itemprop=\"width\" content=\"221\"> <meta itemprop=\"height\" content=\"124\"> <img decoding=\"async\" class=\"\" data-attachment-id=\"9973\" data-orig-file=\"https:\/\/www.pfarrei-due-wo.de\/wp-content\/uploads\/2023\/06\/20230620_154209-scaled.jpg\" data-orig-size=\"2560,1440\" data-comments-opened=\"\" data-image-meta=\"{&quot;aperture&quot;:&quot;1.7&quot;,&quot;credit&quot;:&quot;&quot;,&quot;camera&quot;:&quot;SM-G935F&quot;,&quot;caption&quot;:&quot;&quot;,&quot;created_timestamp&quot;:&quot;1687275729&quot;,&quot;copyright&quot;:&quot;&quot;,&quot;focal_length&quot;:&quot;4.2&quot;,&quot;iso&quot;:&quot;40&quot;,&quot;shutter_speed&quot;:&quot;0.0010482180293501&quot;,&quot;title&quot;:&quot;&quot;,&quot;orientation&quot;:&quot;1&quot;}\" data-image-title=\"Erstkommunionausflug nach N\u00fcrnberg\" data-image-description=\"&lt;p&gt;Foto: Michael Hoch&lt;\/p&gt; \" data-medium-file=\"https:\/\/i0.wp.com\/www.pfarrei-due-wo.de\/wp-content\/uploads\/2023\/06\/20230620_154209-scaled.jpg?fit=300%2C169&#038;ssl=1\" data-large-file=\"https:\/\/i0.wp.com\/www.pfarrei-due-wo.de\/wp-content\/uploads\/2023\/06\/20230620_154209-scaled.jpg?fit=750%2C422&#038;ssl=1\" src=\"https:\/\/i0.wp.com\/www.pfarrei-due-wo.de\/wp-content\/uploads\/2023\/06\/20230620_154209-scaled.jpg?w=221&#038;h=124&#038;ssl=1\" srcset=\"https:\/\/i0.wp.com\/www.pfarrei-due-wo.de\/wp-content\/uploads\/2023\/06\/20230620_154209-scaled.jpg?w=2560&amp;ssl=1 2560w, https:\/\/i0.wp.com\/www.pfarrei-due-wo.de\/wp-content\/uploads\/2023\/06\/20230620_154209-scaled.jpg?resize=300%2C169&amp;ssl=1 300w, https:\/\/i0.wp.com\/www.pfarrei-due-wo.de\/wp-content\/uploads\/2023\/06\/20230620_154209-scaled.jpg?resize=1024%2C576&amp;ssl=1 1024w, https:\/\/i0.wp.com\/www.pfarrei-due-wo.de\/wp-content\/uploads\/2023\/06\/20230620_154209-scaled.jpg?resize=768%2C432&amp;ssl=1 768w, https:\/\/i0.wp.com\/www.pfarrei-due-wo.de\/wp-content\/uploads\/2023\/06\/20230620_154209-scaled.jpg?resize=1536%2C864&amp;ssl=1 1536w, https:\/\/i0.wp.com\/www.pfarrei-due-wo.de\/wp-content\/uploads\/2023\/06\/20230620_154209-scaled.jpg?resize=2048%2C1152&amp;ssl=1 2048w, https:\/\/i0.wp.com\/www.pfarrei-due-wo.de\/wp-content\/uploads\/2023\/06\/20230620_154209-scaled.jpg?w=2250&amp;ssl=1 2250w\" width=\"221\" height=\"124\" loading=\"lazy\" data-original-width=\"221\" data-original-height=\"124\" itemprop=\"http:\/\/schema.org\/image\" title=\"Erstkommunionausflug nach N\u00fcrnberg\" alt=\"Erstkommunionausflug nach N\u00fcrnberg\" style=\"width: 221px; height: 124px;\" \/> <\/a> <\/div> <\/div> <!-- close group --> <div class=\"gallery-group images-1\" style=\"width: 225px; height: 128px;\" data-original-width=\"225\" data-original-height=\"128\" > <div class=\"tiled-gallery-item tiled-gallery-item-small\" itemprop=\"associatedMedia\" itemscope itemtype=\"http:\/\/schema.org\/ImageObject\"> <a href=\"https:\/\/www.pfarrei-due-wo.de\/?attachment_id=9956\" border=\"0\" itemprop=\"url\"> <meta itemprop=\"width\" content=\"221\"> <meta itemprop=\"height\" content=\"124\"> <img decoding=\"async\" class=\"\" data-attachment-id=\"9956\" data-orig-file=\"https:\/\/www.pfarrei-due-wo.de\/wp-content\/uploads\/2023\/06\/20230620_155001-scaled.jpg\" data-orig-size=\"2560,1440\" data-comments-opened=\"\" data-image-meta=\"{&quot;aperture&quot;:&quot;1.7&quot;,&quot;credit&quot;:&quot;&quot;,&quot;camera&quot;:&quot;SM-G935F&quot;,&quot;caption&quot;:&quot;&quot;,&quot;created_timestamp&quot;:&quot;1687276201&quot;,&quot;copyright&quot;:&quot;&quot;,&quot;focal_length&quot;:&quot;4.2&quot;,&quot;iso&quot;:&quot;40&quot;,&quot;shutter_speed&quot;:&quot;0.0011389521640091&quot;,&quot;title&quot;:&quot;&quot;,&quot;orientation&quot;:&quot;1&quot;}\" data-image-title=\"Erstkommunionausflug nach N\u00fcrnberg\" data-image-description=\"&lt;p&gt;Foto: Michael Hoch&lt;\/p&gt; \" data-medium-file=\"https:\/\/i0.wp.com\/www.pfarrei-due-wo.de\/wp-content\/uploads\/2023\/06\/20230620_155001-scaled.jpg?fit=300%2C169&#038;ssl=1\" data-large-file=\"https:\/\/i0.wp.com\/www.pfarrei-due-wo.de\/wp-content\/uploads\/2023\/06\/20230620_155001-scaled.jpg?fit=750%2C422&#038;ssl=1\" src=\"https:\/\/i0.wp.com\/www.pfarrei-due-wo.de\/wp-content\/uploads\/2023\/06\/20230620_155001-scaled.jpg?w=221&#038;h=124&#038;ssl=1\" srcset=\"https:\/\/i0.wp.com\/www.pfarrei-due-wo.de\/wp-content\/uploads\/2023\/06\/20230620_155001-scaled.jpg?w=2560&amp;ssl=1 2560w, https:\/\/i0.wp.com\/www.pfarrei-due-wo.de\/wp-content\/uploads\/2023\/06\/20230620_155001-scaled.jpg?resize=300%2C169&amp;ssl=1 300w, https:\/\/i0.wp.com\/www.pfarrei-due-wo.de\/wp-content\/uploads\/2023\/06\/20230620_155001-scaled.jpg?resize=1024%2C576&amp;ssl=1 1024w, https:\/\/i0.wp.com\/www.pfarrei-due-wo.de\/wp-content\/uploads\/2023\/06\/20230620_155001-scaled.jpg?resize=768%2C432&amp;ssl=1 768w, https:\/\/i0.wp.com\/www.pfarrei-due-wo.de\/wp-content\/uploads\/2023\/06\/20230620_155001-scaled.jpg?resize=1536%2C864&amp;ssl=1 1536w, https:\/\/i0.wp.com\/www.pfarrei-due-wo.de\/wp-content\/uploads\/2023\/06\/20230620_155001-scaled.jpg?resize=2048%2C1152&amp;ssl=1 2048w, https:\/\/i0.wp.com\/www.pfarrei-due-wo.de\/wp-content\/uploads\/2023\/06\/20230620_155001-scaled.jpg?w=2250&amp;ssl=1 2250w\" width=\"221\" height=\"124\" loading=\"lazy\" data-original-width=\"221\" data-original-height=\"124\" itemprop=\"http:\/\/schema.org\/image\" title=\"Erstkommunionausflug nach N\u00fcrnberg\" alt=\"Erstkommunionausflug nach N\u00fcrnberg\" style=\"width: 221px; height: 124px;\" \/> <\/a> <\/div> <\/div> <!-- close group --> <div class=\"gallery-group images-1\" style=\"width: 74px; height: 128px;\" data-original-width=\"74\" data-original-height=\"128\" > <div class=\"tiled-gallery-item tiled-gallery-item-small\" itemprop=\"associatedMedia\" itemscope itemtype=\"http:\/\/schema.org\/ImageObject\"> <a href=\"https:\/\/www.pfarrei-due-wo.de\/?attachment_id=9954\" border=\"0\" itemprop=\"url\"> <meta itemprop=\"width\" content=\"70\"> <meta itemprop=\"height\" content=\"124\"> <img decoding=\"async\" class=\"\" data-attachment-id=\"9954\" data-orig-file=\"https:\/\/www.pfarrei-due-wo.de\/wp-content\/uploads\/2023\/06\/20230620_154414-scaled.jpg\" data-orig-size=\"1440,2560\" data-comments-opened=\"\" data-image-meta=\"{&quot;aperture&quot;:&quot;1.7&quot;,&quot;credit&quot;:&quot;&quot;,&quot;camera&quot;:&quot;SM-G935F&quot;,&quot;caption&quot;:&quot;&quot;,&quot;created_timestamp&quot;:&quot;1687275854&quot;,&quot;copyright&quot;:&quot;&quot;,&quot;focal_length&quot;:&quot;4.2&quot;,&quot;iso&quot;:&quot;40&quot;,&quot;shutter_speed&quot;:&quot;0.0010245901639344&quot;,&quot;title&quot;:&quot;&quot;,&quot;orientation&quot;:&quot;1&quot;}\" data-image-title=\"Erstkommunionausflug nach N\u00fcrnberg\" data-image-description=\"&lt;p&gt;Foto: Michael Hoch&lt;\/p&gt; \" data-medium-file=\"https:\/\/i0.wp.com\/www.pfarrei-due-wo.de\/wp-content\/uploads\/2023\/06\/20230620_154414-scaled.jpg?fit=169%2C300&#038;ssl=1\" data-large-file=\"https:\/\/i0.wp.com\/www.pfarrei-due-wo.de\/wp-content\/uploads\/2023\/06\/20230620_154414-scaled.jpg?fit=576%2C1024&#038;ssl=1\" src=\"https:\/\/i0.wp.com\/www.pfarrei-due-wo.de\/wp-content\/uploads\/2023\/06\/20230620_154414-scaled.jpg?w=70&#038;h=124&#038;ssl=1\" srcset=\"https:\/\/i0.wp.com\/www.pfarrei-due-wo.de\/wp-content\/uploads\/2023\/06\/20230620_154414-scaled.jpg?w=1440&amp;ssl=1 1440w, https:\/\/i0.wp.com\/www.pfarrei-due-wo.de\/wp-content\/uploads\/2023\/06\/20230620_154414-scaled.jpg?resize=169%2C300&amp;ssl=1 169w, https:\/\/i0.wp.com\/www.pfarrei-due-wo.de\/wp-content\/uploads\/2023\/06\/20230620_154414-scaled.jpg?resize=576%2C1024&amp;ssl=1 576w, https:\/\/i0.wp.com\/www.pfarrei-due-wo.de\/wp-content\/uploads\/2023\/06\/20230620_154414-scaled.jpg?resize=768%2C1365&amp;ssl=1 768w, https:\/\/i0.wp.com\/www.pfarrei-due-wo.de\/wp-content\/uploads\/2023\/06\/20230620_154414-scaled.jpg?resize=864%2C1536&amp;ssl=1 864w, https:\/\/i0.wp.com\/www.pfarrei-due-wo.de\/wp-content\/uploads\/2023\/06\/20230620_154414-scaled.jpg?resize=1152%2C2048&amp;ssl=1 1152w\" width=\"70\" height=\"124\" loading=\"lazy\" data-original-width=\"70\" data-original-height=\"124\" itemprop=\"http:\/\/schema.org\/image\" title=\"Erstkommunionausflug nach N\u00fcrnberg\" alt=\"Erstkommunionausflug nach N\u00fcrnberg\" style=\"width: 70px; height: 124px;\" \/> <\/a> <\/div> <\/div> <!-- close group --> <\/div> <!-- close row --> <\/div>\n","protected":false},"excerpt":{"rendered":"<p>Mit ihren Eltern meldeten sich die 14 Erstkommunionkinder der Pfarrei zum gemeinsamen Ausflug an. Er f\u00fchrte sie nach N\u00fcrnberg &#8211; eine Dunkelerfahrung eingeschlossen. Zum Abschluss der Erstkommunionvorbereitung fuhren die Erstkommunionkinder &hellip; <\/p>\n","protected":false},"author":4,"featured_media":9965,"comment_status":"closed","ping_status":"closed","sticky":false,"template":"","format":"standard","meta":{"jetpack_post_was_ever_published":false,"_jetpack_newsletter_access":"","_jetpack_dont_email_post_to_subs":false,"_jetpack_newsletter_tier_id":0,"_jetpack_memberships_contains_paywalled_content":false,"_jetpack_memberships_contains_paid_content":false,"footnotes":"","jetpack_publicize_message":"","jetpack_publicize_feature_enabled":true,"jetpack_social_post_already_shared":true,"jetpack_social_options":{"image_generator_settings":{"template":"highway","default_image_id":0,"font":"","enabled":false},"version":2}},"categories":[10,6],"tags":[],"class_list":["post-9952","post","type-post","status-publish","format-standard","has-post-thumbnail","hentry","category-erstkommunion","category-pfarrei-erleben"],"jetpack_publicize_connections":[],"jetpack_featured_media_url":"https:\/\/i0.wp.com\/www.pfarrei-due-wo.de\/wp-content\/uploads\/2023\/06\/20230620_1152270-scaled.jpg?fit=2560%2C1440&ssl=1","jetpack_sharing_enabled":true,"jetpack_shortlink":"https:\/\/wp.me\/p8HCtc-2Aw","jetpack-related-posts":[{"id":10017,"url":"https:\/\/www.pfarrei-due-wo.de\/?p=10017","url_meta":{"origin":9952,"position":0},"title":"68 Ministranten machen N\u00fcrnberg unsicher","author":"Matthias Heimler","date":"25. Juni 2023","format":false,"excerpt":"Jedes Jahr steht ein Ausflug auf dem Jahresprogramm der Ministranten der Pfarrei. Dieses Jahr ging es f\u00fcr einen Tag nach N\u00fcrnberg. Fast alle Minis lie\u00dfen es sich nicht nehmen, beim gemeinsamen Ausflug in diesem Jahr dabei zu sein. Fr\u00fchmorgens wurden die 68 Minis in den verschiedenen Ortschaften der Pfarrei vom\u2026","rel":"","context":"In &quot;Jugend&quot;","block_context":{"text":"Jugend","link":"https:\/\/www.pfarrei-due-wo.de\/?cat=9"},"img":{"alt_text":"","src":"https:\/\/i0.wp.com\/www.pfarrei-due-wo.de\/wp-content\/uploads\/2023\/06\/IMG-20230624-WA0006.jpg?fit=1200%2C900&ssl=1&resize=350%2C200","width":350,"height":200,"srcset":"https:\/\/i0.wp.com\/www.pfarrei-due-wo.de\/wp-content\/uploads\/2023\/06\/IMG-20230624-WA0006.jpg?fit=1200%2C900&ssl=1&resize=350%2C200 1x, https:\/\/i0.wp.com\/www.pfarrei-due-wo.de\/wp-content\/uploads\/2023\/06\/IMG-20230624-WA0006.jpg?fit=1200%2C900&ssl=1&resize=525%2C300 1.5x, https:\/\/i0.wp.com\/www.pfarrei-due-wo.de\/wp-content\/uploads\/2023\/06\/IMG-20230624-WA0006.jpg?fit=1200%2C900&ssl=1&resize=700%2C400 2x, https:\/\/i0.wp.com\/www.pfarrei-due-wo.de\/wp-content\/uploads\/2023\/06\/IMG-20230624-WA0006.jpg?fit=1200%2C900&ssl=1&resize=1050%2C600 3x"},"classes":[]},{"id":6402,"url":"https:\/\/www.pfarrei-due-wo.de\/?p=6402","url_meta":{"origin":9952,"position":1},"title":"Erstkommunionausflug f\u00fchrt ins Altm\u00fchltal","author":"Matthias Heimler","date":"27. Juli 2021","format":false,"excerpt":"21 Erstkommunionkinder machten sich zuammen mit ihren Eltern zu einem ereignisreichen Ausflugstag ins Altm\u00fchltal auf. Herrliches Sommerwetter begleitet die \"reisenden Engerl\" und lie\u00df den Ausflug zu einem gelungenen Tag werden. Zu Beginn feierten die Erstkommunionkinder mit den Seniorinnen und Senioren die traditionelle Fr\u00fchmesse am Dienstag Morgen in der Wolfringer Kirche.\u2026","rel":"","context":"In &quot;Erstkommunion&quot;","block_context":{"text":"Erstkommunion","link":"https:\/\/www.pfarrei-due-wo.de\/?cat=10"},"img":{"alt_text":"","src":"https:\/\/i0.wp.com\/www.pfarrei-due-wo.de\/wp-content\/uploads\/2021\/07\/20210727_173707-scaled.jpg?fit=1200%2C900&ssl=1&resize=350%2C200","width":350,"height":200,"srcset":"https:\/\/i0.wp.com\/www.pfarrei-due-wo.de\/wp-content\/uploads\/2021\/07\/20210727_173707-scaled.jpg?fit=1200%2C900&ssl=1&resize=350%2C200 1x, https:\/\/i0.wp.com\/www.pfarrei-due-wo.de\/wp-content\/uploads\/2021\/07\/20210727_173707-scaled.jpg?fit=1200%2C900&ssl=1&resize=525%2C300 1.5x, https:\/\/i0.wp.com\/www.pfarrei-due-wo.de\/wp-content\/uploads\/2021\/07\/20210727_173707-scaled.jpg?fit=1200%2C900&ssl=1&resize=700%2C400 2x, https:\/\/i0.wp.com\/www.pfarrei-due-wo.de\/wp-content\/uploads\/2021\/07\/20210727_173707-scaled.jpg?fit=1200%2C900&ssl=1&resize=1050%2C600 3x"},"classes":[]},{"id":5062,"url":"https:\/\/www.pfarrei-due-wo.de\/?p=5062","url_meta":{"origin":9952,"position":2},"title":"Erz\u00e4hl&#8216; uns mehr von Gott &#8211; Erstkommunion gefeiert","author":"Matthias Heimler","date":"6. Oktober 2020","format":false,"excerpt":"Reichlich sp\u00e4t im Kirchenjahr - den Corona-Beschr\u00e4nkungen geschuldet - konnte nun im September in der Pfarrei D\u00fcrnsricht-Wolfring mit Expositur H\u00f6gling Erstkommunion gefeiert werden. 28 Erstkommunionkinder, die mittlerweile die vierte Grundschulklasse besuchen, kamen mit ihren Eltern und Familien zusammen und erlebten einen sch\u00f6n gestalteten Gottesdienst, bei dem sie zum ersten Mal\u2026","rel":"","context":"In &quot;Erstkommunion&quot;","block_context":{"text":"Erstkommunion","link":"https:\/\/www.pfarrei-due-wo.de\/?cat=10"},"img":{"alt_text":"","src":"https:\/\/i0.wp.com\/www.pfarrei-due-wo.de\/wp-content\/uploads\/2020\/10\/2020-Erstkom.-05_bearb-scaled.jpg?fit=1200%2C800&ssl=1&resize=350%2C200","width":350,"height":200,"srcset":"https:\/\/i0.wp.com\/www.pfarrei-due-wo.de\/wp-content\/uploads\/2020\/10\/2020-Erstkom.-05_bearb-scaled.jpg?fit=1200%2C800&ssl=1&resize=350%2C200 1x, https:\/\/i0.wp.com\/www.pfarrei-due-wo.de\/wp-content\/uploads\/2020\/10\/2020-Erstkom.-05_bearb-scaled.jpg?fit=1200%2C800&ssl=1&resize=525%2C300 1.5x, https:\/\/i0.wp.com\/www.pfarrei-due-wo.de\/wp-content\/uploads\/2020\/10\/2020-Erstkom.-05_bearb-scaled.jpg?fit=1200%2C800&ssl=1&resize=700%2C400 2x, https:\/\/i0.wp.com\/www.pfarrei-due-wo.de\/wp-content\/uploads\/2020\/10\/2020-Erstkom.-05_bearb-scaled.jpg?fit=1200%2C800&ssl=1&resize=1050%2C600 3x"},"classes":[]},{"id":9515,"url":"https:\/\/www.pfarrei-due-wo.de\/?p=9515","url_meta":{"origin":9952,"position":3},"title":"Offene Augen, weites Herz &#8211; 14 Kinder feiern Erstkommunion","author":"Matthias Heimler","date":"23. April 2023","format":false,"excerpt":"Trotz des regnerischen Wetters hatten die Erstkommunionkinder gro\u00dfe Freude: Der Tag der Erstkommunion, auf den sie sich lange vorbereiteten, war endlich gekommen. In Weggottesdiensten, Tischgruppenstunden und Gottesdiensten konnten sich die Kinder der dritten Jahrgangsstufe im Lauf eines halben Jahres n\u00e4her mit der Person Jesus besch\u00e4ftigen, ihn noch n\u00e4her kennenlernen und\u2026","rel":"","context":"In &quot;Erstkommunion&quot;","block_context":{"text":"Erstkommunion","link":"https:\/\/www.pfarrei-due-wo.de\/?cat=10"},"img":{"alt_text":"","src":"https:\/\/i0.wp.com\/www.pfarrei-due-wo.de\/wp-content\/uploads\/2023\/04\/DJ1A9905-scaled.jpg?fit=1200%2C800&ssl=1&resize=350%2C200","width":350,"height":200,"srcset":"https:\/\/i0.wp.com\/www.pfarrei-due-wo.de\/wp-content\/uploads\/2023\/04\/DJ1A9905-scaled.jpg?fit=1200%2C800&ssl=1&resize=350%2C200 1x, https:\/\/i0.wp.com\/www.pfarrei-due-wo.de\/wp-content\/uploads\/2023\/04\/DJ1A9905-scaled.jpg?fit=1200%2C800&ssl=1&resize=525%2C300 1.5x, https:\/\/i0.wp.com\/www.pfarrei-due-wo.de\/wp-content\/uploads\/2023\/04\/DJ1A9905-scaled.jpg?fit=1200%2C800&ssl=1&resize=700%2C400 2x, https:\/\/i0.wp.com\/www.pfarrei-due-wo.de\/wp-content\/uploads\/2023\/04\/DJ1A9905-scaled.jpg?fit=1200%2C800&ssl=1&resize=1050%2C600 3x"},"classes":[]},{"id":5309,"url":"https:\/\/www.pfarrei-due-wo.de\/?p=5309","url_meta":{"origin":9952,"position":4},"title":"Albertus-Magnus-Fest &#8211; Pfarrpatron gefeiert","author":"Matthias Heimler","date":"15. November 2020","format":false,"excerpt":"In diesem Jahr fiel der Gedenktag des Heiligen Albert auf einen Sonntag. Eine gute Gelegenheit, um im Sonntagsgottesdienst die Feier des Namenspatrons der Pfarrkirche und der Pfarrei zu begehen. \u00a0 Albert der Gro\u00dfe, ein bewegender Heiliger Der Einladung folgte eine stattliche Anzahl von Gl\u00e4ubigen, darunter die Erstkommunionkinder. Besonders ihnen erkl\u00e4rte\u2026","rel":"","context":"In &quot;Erstkommunion&quot;","block_context":{"text":"Erstkommunion","link":"https:\/\/www.pfarrei-due-wo.de\/?cat=10"},"img":{"alt_text":"","src":"https:\/\/i0.wp.com\/www.pfarrei-due-wo.de\/wp-content\/uploads\/2020\/11\/20201115_102321-scaled.jpg?fit=1200%2C900&ssl=1&resize=350%2C200","width":350,"height":200,"srcset":"https:\/\/i0.wp.com\/www.pfarrei-due-wo.de\/wp-content\/uploads\/2020\/11\/20201115_102321-scaled.jpg?fit=1200%2C900&ssl=1&resize=350%2C200 1x, https:\/\/i0.wp.com\/www.pfarrei-due-wo.de\/wp-content\/uploads\/2020\/11\/20201115_102321-scaled.jpg?fit=1200%2C900&ssl=1&resize=525%2C300 1.5x, https:\/\/i0.wp.com\/www.pfarrei-due-wo.de\/wp-content\/uploads\/2020\/11\/20201115_102321-scaled.jpg?fit=1200%2C900&ssl=1&resize=700%2C400 2x, https:\/\/i0.wp.com\/www.pfarrei-due-wo.de\/wp-content\/uploads\/2020\/11\/20201115_102321-scaled.jpg?fit=1200%2C900&ssl=1&resize=1050%2C600 3x"},"classes":[]},{"id":8420,"url":"https:\/\/www.pfarrei-due-wo.de\/?p=8420","url_meta":{"origin":9952,"position":5},"title":"Namenstag der Pfarrkirche gefeiert","author":"Matthias Heimler","date":"16. November 2022","format":false,"excerpt":"Der Gedenktag des Heiligen Albertus Magnus (15.11.) ist f\u00fcr die Pfarrei D\u00fcrnsricht-Wolfring ein besonderer Tag. Der heilige Dominikanerm\u00f6nch und Wissenschaftler, der im 13. Jahrhundert lebte, ist n\u00e4mlich der Namenspatron der Pfarrkirche. Schon am Nachmittag beginnt die Patronatsfeier der Pfarrkirche, das Patrozinium, mit der Aussetzung des Allerheiligsten und der sogenannten \"Ewigen\u2026","rel":"","context":"In &quot;Erstkommunion&quot;","block_context":{"text":"Erstkommunion","link":"https:\/\/www.pfarrei-due-wo.de\/?cat=10"},"img":{"alt_text":"","src":"https:\/\/i0.wp.com\/www.pfarrei-due-wo.de\/wp-content\/uploads\/2022\/11\/IMG-20221116-WA0005.jpg?fit=1200%2C900&ssl=1&resize=350%2C200","width":350,"height":200,"srcset":"https:\/\/i0.wp.com\/www.pfarrei-due-wo.de\/wp-content\/uploads\/2022\/11\/IMG-20221116-WA0005.jpg?fit=1200%2C900&ssl=1&resize=350%2C200 1x, https:\/\/i0.wp.com\/www.pfarrei-due-wo.de\/wp-content\/uploads\/2022\/11\/IMG-20221116-WA0005.jpg?fit=1200%2C900&ssl=1&resize=525%2C300 1.5x, https:\/\/i0.wp.com\/www.pfarrei-due-wo.de\/wp-content\/uploads\/2022\/11\/IMG-20221116-WA0005.jpg?fit=1200%2C900&ssl=1&resize=700%2C400 2x, https:\/\/i0.wp.com\/www.pfarrei-due-wo.de\/wp-content\/uploads\/2022\/11\/IMG-20221116-WA0005.jpg?fit=1200%2C900&ssl=1&resize=1050%2C600 3x"},"classes":[]}],"publishpress_future_action":{"enabled":false,"date":"2026-05-05 11:28:14","action":"change-status","newStatus":"draft","terms":[],"taxonomy":"category","extraData":[]},"publishpress_future_workflow_manual_trigger":{"enabledWorkflows":[]},"_links":{"self":[{"href":"https:\/\/www.pfarrei-due-wo.de\/index.php?rest_route=\/wp\/v2\/posts\/9952","targetHints":{"allow":["GET"]}}],"collection":[{"href":"https:\/\/www.pfarrei-due-wo.de\/index.php?rest_route=\/wp\/v2\/posts"}],"about":[{"href":"https:\/\/www.pfarrei-due-wo.de\/index.php?rest_route=\/wp\/v2\/types\/post"}],"author":[{"embeddable":true,"href":"https:\/\/www.pfarrei-due-wo.de\/index.php?rest_route=\/wp\/v2\/users\/4"}],"replies":[{"embeddable":true,"href":"https:\/\/www.pfarrei-due-wo.de\/index.php?rest_route=%2Fwp%2Fv2%2Fcomments&post=9952"}],"version-history":[{"count":3,"href":"https:\/\/www.pfarrei-due-wo.de\/index.php?rest_route=\/wp\/v2\/posts\/9952\/revisions"}],"predecessor-version":[{"id":9978,"href":"https:\/\/www.pfarrei-due-wo.de\/index.php?rest_route=\/wp\/v2\/posts\/9952\/revisions\/9978"}],"wp:featuredmedia":[{"embeddable":true,"href":"https:\/\/www.pfarrei-due-wo.de\/index.php?rest_route=\/wp\/v2\/media\/9965"}],"wp:attachment":[{"href":"https:\/\/www.pfarrei-due-wo.de\/index.php?rest_route=%2Fwp%2Fv2%2Fmedia&parent=9952"}],"wp:term":[{"taxonomy":"category","embeddable":true,"href":"https:\/\/www.pfarrei-due-wo.de\/index.php?rest_route=%2Fwp%2Fv2%2Fcategories&post=9952"},{"taxonomy":"post_tag","embeddable":true,"href":"https:\/\/www.pfarrei-due-wo.de\/index.php?rest_route=%2Fwp%2Fv2%2Ftags&post=9952"}],"curies":[{"name":"wp","href":"https:\/\/api.w.org\/{rel}","templated":true}]}}