{"id":8483,"date":"2022-11-27T23:28:02","date_gmt":"2022-11-27T22:28:02","guid":{"rendered":"https:\/\/www.pfarrei-due-wo.de\/?p=8483"},"modified":"2022-12-21T13:25:47","modified_gmt":"2022-12-21T12:25:47","slug":"familiengottesdienste-im-advent-haben-begonnen","status":"publish","type":"post","link":"https:\/\/www.pfarrei-due-wo.de\/?p=8483","title":{"rendered":"Familiengottesdienste im Advent"},"content":{"rendered":"<p>Die Adventszeit ist eine besondere Zeit der Vorbereitung. Das Weihnachtsfest wirft sein Licht voraus und macht auch die Sonntagsgottesdienste zu etwas Besonderem.<\/p>\n<p>Lange vor dem Advent hat sich das Familiengottesdienst-Team der Pfarrei getroffen, um die Familiengottesdienste im Advent 2022 zu planen. Mit den Hirtinnen Simone und Paula machen sich die Kinder beim Familiengottesdienst auf die Spur nach dem wirklichen Licht von Weihnachten. Spannend erz\u00e4hlen die Kinder ihre Suche, die sie am Ende auf das Weihnachtsgeheimnis hinf\u00fchrt, n\u00e4mlich dass Gott in Jesus als kleines Kind zur Welt gekommen ist.<\/p>\n<p>In jedem Familiengottesdienst sind die Kinder besonders beteiligt und zum Mitmachen eingeladen. Sogar musikalisch setzen die Kinder Akzente: mit Querfl\u00f6te wird das Spiel an manchen Stellen sogar noch vertont.<\/p>\n<p>Die n\u00e4chsten Familiengottesdienste sind an den folgenden Adventsonntagen, jeweils um 10.00 Uhr in der Pfarrkirche. Der Wortgottesdienst am Heiligen Abend mit dem Krippenspiel findet am Samstag, 24.12., um 15.30 Uhr in der Pfarrkirche statt. F\u00fcr dieses Krippenspiel sind derzeit schon \u00fcber 30 Kinder flei\u00dfig am Proben.<\/p>\n<div class=\"tiled-gallery type-rectangular tiled-gallery-unresized\" data-original-width=\"750\" data-carousel-extra='{&quot;blog_id&quot;:1,&quot;permalink&quot;:&quot;https:\\\/\\\/www.pfarrei-due-wo.de\\\/?p=8483&quot;,&quot;likes_blog_id&quot;:128606674}' itemscope itemtype=\"http:\/\/schema.org\/ImageGallery\" > <div class=\"gallery-row\" style=\"width: 750px; height: 452px;\" data-original-width=\"750\" data-original-height=\"452\" > <div class=\"gallery-group images-3\" style=\"width: 224px; height: 452px;\" data-original-width=\"224\" data-original-height=\"452\" > <div class=\"tiled-gallery-item tiled-gallery-item-small\" itemprop=\"associatedMedia\" itemscope itemtype=\"http:\/\/schema.org\/ImageObject\"> <a href=\"https:\/\/www.pfarrei-due-wo.de\/?attachment_id=8584\" border=\"0\" itemprop=\"url\"> <meta itemprop=\"width\" content=\"220\"> <meta itemprop=\"height\" content=\"147\"> <img decoding=\"async\" class=\"\" data-attachment-id=\"8584\" data-orig-file=\"https:\/\/www.pfarrei-due-wo.de\/wp-content\/uploads\/2022\/12\/2022.12.18-05-scaled.jpg\" data-orig-size=\"2560,1707\" data-comments-opened=\"\" data-image-meta=\"{&quot;aperture&quot;:&quot;5.6&quot;,&quot;credit&quot;:&quot;&quot;,&quot;camera&quot;:&quot;Canon EOS 700D&quot;,&quot;caption&quot;:&quot;&quot;,&quot;created_timestamp&quot;:&quot;1671358780&quot;,&quot;copyright&quot;:&quot;&quot;,&quot;focal_length&quot;:&quot;76&quot;,&quot;iso&quot;:&quot;1600&quot;,&quot;shutter_speed&quot;:&quot;0.008&quot;,&quot;title&quot;:&quot;&quot;,&quot;orientation&quot;:&quot;1&quot;}\" data-image-title=\"Familiengottesdienste im Advent 2022\" data-image-description=\"&lt;p&gt;Foto: Johann Heimler&lt;\/p&gt; \" data-medium-file=\"https:\/\/i0.wp.com\/www.pfarrei-due-wo.de\/wp-content\/uploads\/2022\/12\/2022.12.18-05-scaled.jpg?fit=300%2C200&#038;ssl=1\" data-large-file=\"https:\/\/i0.wp.com\/www.pfarrei-due-wo.de\/wp-content\/uploads\/2022\/12\/2022.12.18-05-scaled.jpg?fit=750%2C500&#038;ssl=1\" src=\"https:\/\/i0.wp.com\/www.pfarrei-due-wo.de\/wp-content\/uploads\/2022\/12\/2022.12.18-05-scaled.jpg?w=220&#038;h=147&#038;ssl=1\" srcset=\"https:\/\/i0.wp.com\/www.pfarrei-due-wo.de\/wp-content\/uploads\/2022\/12\/2022.12.18-05-scaled.jpg?w=2560&amp;ssl=1 2560w, https:\/\/i0.wp.com\/www.pfarrei-due-wo.de\/wp-content\/uploads\/2022\/12\/2022.12.18-05-scaled.jpg?resize=300%2C200&amp;ssl=1 300w, https:\/\/i0.wp.com\/www.pfarrei-due-wo.de\/wp-content\/uploads\/2022\/12\/2022.12.18-05-scaled.jpg?resize=1024%2C683&amp;ssl=1 1024w, https:\/\/i0.wp.com\/www.pfarrei-due-wo.de\/wp-content\/uploads\/2022\/12\/2022.12.18-05-scaled.jpg?resize=768%2C512&amp;ssl=1 768w, https:\/\/i0.wp.com\/www.pfarrei-due-wo.de\/wp-content\/uploads\/2022\/12\/2022.12.18-05-scaled.jpg?w=1500&amp;ssl=1 1500w, https:\/\/i0.wp.com\/www.pfarrei-due-wo.de\/wp-content\/uploads\/2022\/12\/2022.12.18-05-scaled.jpg?w=2250&amp;ssl=1 2250w\" width=\"220\" height=\"147\" loading=\"lazy\" data-original-width=\"220\" data-original-height=\"147\" itemprop=\"http:\/\/schema.org\/image\" title=\"Familiengottesdienste im Advent 2022\" alt=\"Familiengottesdienste im Advent 2022\" style=\"width: 220px; height: 147px;\" \/> <\/a> <\/div> <div class=\"tiled-gallery-item tiled-gallery-item-small\" itemprop=\"associatedMedia\" itemscope itemtype=\"http:\/\/schema.org\/ImageObject\"> <a href=\"https:\/\/www.pfarrei-due-wo.de\/?attachment_id=8585\" border=\"0\" itemprop=\"url\"> <meta itemprop=\"width\" content=\"220\"> <meta itemprop=\"height\" content=\"147\"> <img decoding=\"async\" class=\"\" data-attachment-id=\"8585\" data-orig-file=\"https:\/\/www.pfarrei-due-wo.de\/wp-content\/uploads\/2022\/12\/2022.12.18-07-scaled.jpg\" data-orig-size=\"2560,1707\" data-comments-opened=\"\" data-image-meta=\"{&quot;aperture&quot;:&quot;3.5&quot;,&quot;credit&quot;:&quot;&quot;,&quot;camera&quot;:&quot;Canon EOS 700D&quot;,&quot;caption&quot;:&quot;&quot;,&quot;created_timestamp&quot;:&quot;1671358933&quot;,&quot;copyright&quot;:&quot;&quot;,&quot;focal_length&quot;:&quot;18&quot;,&quot;iso&quot;:&quot;400&quot;,&quot;shutter_speed&quot;:&quot;0.008&quot;,&quot;title&quot;:&quot;&quot;,&quot;orientation&quot;:&quot;1&quot;}\" data-image-title=\"Familiengottesdienste im Advent 2022\" data-image-description=\"&lt;p&gt;Foto: Johann Heimler&lt;\/p&gt; \" data-medium-file=\"https:\/\/i0.wp.com\/www.pfarrei-due-wo.de\/wp-content\/uploads\/2022\/12\/2022.12.18-07-scaled.jpg?fit=300%2C200&#038;ssl=1\" data-large-file=\"https:\/\/i0.wp.com\/www.pfarrei-due-wo.de\/wp-content\/uploads\/2022\/12\/2022.12.18-07-scaled.jpg?fit=750%2C500&#038;ssl=1\" src=\"https:\/\/i0.wp.com\/www.pfarrei-due-wo.de\/wp-content\/uploads\/2022\/12\/2022.12.18-07-scaled.jpg?w=220&#038;h=147&#038;ssl=1\" srcset=\"https:\/\/i0.wp.com\/www.pfarrei-due-wo.de\/wp-content\/uploads\/2022\/12\/2022.12.18-07-scaled.jpg?w=2560&amp;ssl=1 2560w, https:\/\/i0.wp.com\/www.pfarrei-due-wo.de\/wp-content\/uploads\/2022\/12\/2022.12.18-07-scaled.jpg?resize=300%2C200&amp;ssl=1 300w, https:\/\/i0.wp.com\/www.pfarrei-due-wo.de\/wp-content\/uploads\/2022\/12\/2022.12.18-07-scaled.jpg?resize=1024%2C683&amp;ssl=1 1024w, https:\/\/i0.wp.com\/www.pfarrei-due-wo.de\/wp-content\/uploads\/2022\/12\/2022.12.18-07-scaled.jpg?resize=768%2C512&amp;ssl=1 768w, https:\/\/i0.wp.com\/www.pfarrei-due-wo.de\/wp-content\/uploads\/2022\/12\/2022.12.18-07-scaled.jpg?w=1500&amp;ssl=1 1500w, https:\/\/i0.wp.com\/www.pfarrei-due-wo.de\/wp-content\/uploads\/2022\/12\/2022.12.18-07-scaled.jpg?w=2250&amp;ssl=1 2250w\" width=\"220\" height=\"147\" loading=\"lazy\" data-original-width=\"220\" data-original-height=\"147\" itemprop=\"http:\/\/schema.org\/image\" title=\"Familiengottesdienste im Advent 2022\" alt=\"Familiengottesdienste im Advent 2022\" style=\"width: 220px; height: 147px;\" \/> <\/a> <\/div> <div class=\"tiled-gallery-item tiled-gallery-item-small\" itemprop=\"associatedMedia\" itemscope itemtype=\"http:\/\/schema.org\/ImageObject\"> <a href=\"https:\/\/www.pfarrei-due-wo.de\/?attachment_id=8586\" border=\"0\" itemprop=\"url\"> <meta itemprop=\"width\" content=\"220\"> <meta itemprop=\"height\" content=\"146\"> <img decoding=\"async\" class=\"\" data-attachment-id=\"8586\" data-orig-file=\"https:\/\/www.pfarrei-due-wo.de\/wp-content\/uploads\/2022\/12\/2022.12.18-08-scaled.jpg\" data-orig-size=\"2560,1707\" data-comments-opened=\"\" data-image-meta=\"{&quot;aperture&quot;:&quot;5&quot;,&quot;credit&quot;:&quot;&quot;,&quot;camera&quot;:&quot;Canon EOS 700D&quot;,&quot;caption&quot;:&quot;&quot;,&quot;created_timestamp&quot;:&quot;1671358888&quot;,&quot;copyright&quot;:&quot;&quot;,&quot;focal_length&quot;:&quot;47&quot;,&quot;iso&quot;:&quot;1600&quot;,&quot;shutter_speed&quot;:&quot;0.008&quot;,&quot;title&quot;:&quot;&quot;,&quot;orientation&quot;:&quot;1&quot;}\" data-image-title=\"Familiengottesdienste im Advent 2022\" data-image-description=\"&lt;p&gt;Foto: Johann Heimler&lt;\/p&gt; \" data-medium-file=\"https:\/\/i0.wp.com\/www.pfarrei-due-wo.de\/wp-content\/uploads\/2022\/12\/2022.12.18-08-scaled.jpg?fit=300%2C200&#038;ssl=1\" data-large-file=\"https:\/\/i0.wp.com\/www.pfarrei-due-wo.de\/wp-content\/uploads\/2022\/12\/2022.12.18-08-scaled.jpg?fit=750%2C500&#038;ssl=1\" src=\"https:\/\/i0.wp.com\/www.pfarrei-due-wo.de\/wp-content\/uploads\/2022\/12\/2022.12.18-08-scaled.jpg?w=220&#038;h=146&#038;ssl=1\" srcset=\"https:\/\/i0.wp.com\/www.pfarrei-due-wo.de\/wp-content\/uploads\/2022\/12\/2022.12.18-08-scaled.jpg?w=2560&amp;ssl=1 2560w, https:\/\/i0.wp.com\/www.pfarrei-due-wo.de\/wp-content\/uploads\/2022\/12\/2022.12.18-08-scaled.jpg?resize=300%2C200&amp;ssl=1 300w, https:\/\/i0.wp.com\/www.pfarrei-due-wo.de\/wp-content\/uploads\/2022\/12\/2022.12.18-08-scaled.jpg?resize=1024%2C683&amp;ssl=1 1024w, https:\/\/i0.wp.com\/www.pfarrei-due-wo.de\/wp-content\/uploads\/2022\/12\/2022.12.18-08-scaled.jpg?resize=768%2C512&amp;ssl=1 768w, https:\/\/i0.wp.com\/www.pfarrei-due-wo.de\/wp-content\/uploads\/2022\/12\/2022.12.18-08-scaled.jpg?w=1500&amp;ssl=1 1500w, https:\/\/i0.wp.com\/www.pfarrei-due-wo.de\/wp-content\/uploads\/2022\/12\/2022.12.18-08-scaled.jpg?w=2250&amp;ssl=1 2250w\" width=\"220\" height=\"146\" loading=\"lazy\" data-original-width=\"220\" data-original-height=\"146\" itemprop=\"http:\/\/schema.org\/image\" title=\"Familiengottesdienste im Advent 2022\" alt=\"Familiengottesdienste im Advent 2022\" style=\"width: 220px; height: 146px;\" \/> <\/a> <\/div> <\/div> <!-- close group --> <div class=\"gallery-group images-1\" style=\"width: 302px; height: 452px;\" data-original-width=\"302\" data-original-height=\"452\" > <div class=\"tiled-gallery-item tiled-gallery-item-large\" itemprop=\"associatedMedia\" itemscope itemtype=\"http:\/\/schema.org\/ImageObject\"> <a href=\"https:\/\/www.pfarrei-due-wo.de\/?attachment_id=8588\" border=\"0\" itemprop=\"url\"> <meta itemprop=\"width\" content=\"298\"> <meta itemprop=\"height\" content=\"448\"> <img decoding=\"async\" class=\"\" data-attachment-id=\"8588\" data-orig-file=\"https:\/\/www.pfarrei-due-wo.de\/wp-content\/uploads\/2022\/12\/2022.12.18-06-scaled.jpg\" data-orig-size=\"1707,2560\" data-comments-opened=\"\" data-image-meta=\"{&quot;aperture&quot;:&quot;4.5&quot;,&quot;credit&quot;:&quot;&quot;,&quot;camera&quot;:&quot;Canon EOS 700D&quot;,&quot;caption&quot;:&quot;&quot;,&quot;created_timestamp&quot;:&quot;1671358871&quot;,&quot;copyright&quot;:&quot;&quot;,&quot;focal_length&quot;:&quot;35&quot;,&quot;iso&quot;:&quot;1600&quot;,&quot;shutter_speed&quot;:&quot;0.008&quot;,&quot;title&quot;:&quot;&quot;,&quot;orientation&quot;:&quot;1&quot;}\" data-image-title=\"Familiengottesdienste im Advent 2022\" data-image-description=\"&lt;p&gt;Foto: Johann Heimler&lt;\/p&gt; \" data-medium-file=\"https:\/\/i0.wp.com\/www.pfarrei-due-wo.de\/wp-content\/uploads\/2022\/12\/2022.12.18-06-scaled.jpg?fit=200%2C300&#038;ssl=1\" data-large-file=\"https:\/\/i0.wp.com\/www.pfarrei-due-wo.de\/wp-content\/uploads\/2022\/12\/2022.12.18-06-scaled.jpg?fit=683%2C1024&#038;ssl=1\" src=\"https:\/\/i0.wp.com\/www.pfarrei-due-wo.de\/wp-content\/uploads\/2022\/12\/2022.12.18-06-scaled.jpg?w=298&#038;h=448&#038;ssl=1\" srcset=\"https:\/\/i0.wp.com\/www.pfarrei-due-wo.de\/wp-content\/uploads\/2022\/12\/2022.12.18-06-scaled.jpg?w=1707&amp;ssl=1 1707w, https:\/\/i0.wp.com\/www.pfarrei-due-wo.de\/wp-content\/uploads\/2022\/12\/2022.12.18-06-scaled.jpg?resize=200%2C300&amp;ssl=1 200w, https:\/\/i0.wp.com\/www.pfarrei-due-wo.de\/wp-content\/uploads\/2022\/12\/2022.12.18-06-scaled.jpg?resize=683%2C1024&amp;ssl=1 683w, https:\/\/i0.wp.com\/www.pfarrei-due-wo.de\/wp-content\/uploads\/2022\/12\/2022.12.18-06-scaled.jpg?resize=768%2C1152&amp;ssl=1 768w, https:\/\/i0.wp.com\/www.pfarrei-due-wo.de\/wp-content\/uploads\/2022\/12\/2022.12.18-06-scaled.jpg?w=1500&amp;ssl=1 1500w\" width=\"298\" height=\"448\" loading=\"lazy\" data-original-width=\"298\" data-original-height=\"448\" itemprop=\"http:\/\/schema.org\/image\" title=\"Familiengottesdienste im Advent 2022\" alt=\"Familiengottesdienste im Advent 2022\" style=\"width: 298px; height: 448px;\" \/> <\/a> <\/div> <\/div> <!-- close group --> <div class=\"gallery-group images-3\" style=\"width: 224px; height: 452px;\" data-original-width=\"224\" data-original-height=\"452\" > <div class=\"tiled-gallery-item tiled-gallery-item-small\" itemprop=\"associatedMedia\" itemscope itemtype=\"http:\/\/schema.org\/ImageObject\"> <a href=\"https:\/\/www.pfarrei-due-wo.de\/?attachment_id=8587\" border=\"0\" itemprop=\"url\"> <meta itemprop=\"width\" content=\"220\"> <meta itemprop=\"height\" content=\"146\"> <img decoding=\"async\" class=\"\" data-attachment-id=\"8587\" data-orig-file=\"https:\/\/www.pfarrei-due-wo.de\/wp-content\/uploads\/2022\/12\/2022.12.18-11-scaled.jpg\" data-orig-size=\"2560,1706\" data-comments-opened=\"\" data-image-meta=\"{&quot;aperture&quot;:&quot;4.5&quot;,&quot;credit&quot;:&quot;&quot;,&quot;camera&quot;:&quot;Canon EOS 700D&quot;,&quot;caption&quot;:&quot;&quot;,&quot;created_timestamp&quot;:&quot;1671359050&quot;,&quot;copyright&quot;:&quot;&quot;,&quot;focal_length&quot;:&quot;37&quot;,&quot;iso&quot;:&quot;640&quot;,&quot;shutter_speed&quot;:&quot;0.008&quot;,&quot;title&quot;:&quot;&quot;,&quot;orientation&quot;:&quot;1&quot;}\" data-image-title=\"Familiengottesdienste im Advent 2022\" data-image-description=\"&lt;p&gt;Foto: Johann Heimler&lt;\/p&gt; \" data-medium-file=\"https:\/\/i0.wp.com\/www.pfarrei-due-wo.de\/wp-content\/uploads\/2022\/12\/2022.12.18-11-scaled.jpg?fit=300%2C200&#038;ssl=1\" data-large-file=\"https:\/\/i0.wp.com\/www.pfarrei-due-wo.de\/wp-content\/uploads\/2022\/12\/2022.12.18-11-scaled.jpg?fit=750%2C500&#038;ssl=1\" src=\"https:\/\/i0.wp.com\/www.pfarrei-due-wo.de\/wp-content\/uploads\/2022\/12\/2022.12.18-11-scaled.jpg?w=220&#038;h=146&#038;ssl=1\" srcset=\"https:\/\/i0.wp.com\/www.pfarrei-due-wo.de\/wp-content\/uploads\/2022\/12\/2022.12.18-11-scaled.jpg?w=2560&amp;ssl=1 2560w, https:\/\/i0.wp.com\/www.pfarrei-due-wo.de\/wp-content\/uploads\/2022\/12\/2022.12.18-11-scaled.jpg?resize=300%2C200&amp;ssl=1 300w, https:\/\/i0.wp.com\/www.pfarrei-due-wo.de\/wp-content\/uploads\/2022\/12\/2022.12.18-11-scaled.jpg?resize=1024%2C683&amp;ssl=1 1024w, https:\/\/i0.wp.com\/www.pfarrei-due-wo.de\/wp-content\/uploads\/2022\/12\/2022.12.18-11-scaled.jpg?resize=768%2C512&amp;ssl=1 768w, https:\/\/i0.wp.com\/www.pfarrei-due-wo.de\/wp-content\/uploads\/2022\/12\/2022.12.18-11-scaled.jpg?w=1500&amp;ssl=1 1500w, https:\/\/i0.wp.com\/www.pfarrei-due-wo.de\/wp-content\/uploads\/2022\/12\/2022.12.18-11-scaled.jpg?w=2250&amp;ssl=1 2250w\" width=\"220\" height=\"146\" loading=\"lazy\" data-original-width=\"220\" data-original-height=\"146\" itemprop=\"http:\/\/schema.org\/image\" title=\"Familiengottesdienste im Advent 2022\" alt=\"Familiengottesdienste im Advent 2022\" style=\"width: 220px; height: 146px;\" \/> <\/a> <\/div> <div class=\"tiled-gallery-item tiled-gallery-item-small\" itemprop=\"associatedMedia\" itemscope itemtype=\"http:\/\/schema.org\/ImageObject\"> <a href=\"https:\/\/www.pfarrei-due-wo.de\/?attachment_id=8583\" border=\"0\" itemprop=\"url\"> <meta itemprop=\"width\" content=\"220\"> <meta itemprop=\"height\" content=\"147\"> <img decoding=\"async\" class=\"\" data-attachment-id=\"8583\" data-orig-file=\"https:\/\/www.pfarrei-due-wo.de\/wp-content\/uploads\/2022\/12\/2022.12.18-13-scaled.jpg\" data-orig-size=\"2560,1707\" data-comments-opened=\"\" data-image-meta=\"{&quot;aperture&quot;:&quot;4&quot;,&quot;credit&quot;:&quot;&quot;,&quot;camera&quot;:&quot;Canon EOS 700D&quot;,&quot;caption&quot;:&quot;&quot;,&quot;created_timestamp&quot;:&quot;1671359692&quot;,&quot;copyright&quot;:&quot;&quot;,&quot;focal_length&quot;:&quot;24&quot;,&quot;iso&quot;:&quot;200&quot;,&quot;shutter_speed&quot;:&quot;0.033333333333333&quot;,&quot;title&quot;:&quot;&quot;,&quot;orientation&quot;:&quot;1&quot;}\" data-image-title=\"Familiengottesdienste im Advent 2022\" data-image-description=\"&lt;p&gt;Foto: Johann Heimler&lt;\/p&gt; \" data-medium-file=\"https:\/\/i0.wp.com\/www.pfarrei-due-wo.de\/wp-content\/uploads\/2022\/12\/2022.12.18-13-scaled.jpg?fit=300%2C200&#038;ssl=1\" data-large-file=\"https:\/\/i0.wp.com\/www.pfarrei-due-wo.de\/wp-content\/uploads\/2022\/12\/2022.12.18-13-scaled.jpg?fit=750%2C500&#038;ssl=1\" src=\"https:\/\/i0.wp.com\/www.pfarrei-due-wo.de\/wp-content\/uploads\/2022\/12\/2022.12.18-13-scaled.jpg?w=220&#038;h=147&#038;ssl=1\" srcset=\"https:\/\/i0.wp.com\/www.pfarrei-due-wo.de\/wp-content\/uploads\/2022\/12\/2022.12.18-13-scaled.jpg?w=2560&amp;ssl=1 2560w, https:\/\/i0.wp.com\/www.pfarrei-due-wo.de\/wp-content\/uploads\/2022\/12\/2022.12.18-13-scaled.jpg?resize=300%2C200&amp;ssl=1 300w, https:\/\/i0.wp.com\/www.pfarrei-due-wo.de\/wp-content\/uploads\/2022\/12\/2022.12.18-13-scaled.jpg?resize=1024%2C683&amp;ssl=1 1024w, https:\/\/i0.wp.com\/www.pfarrei-due-wo.de\/wp-content\/uploads\/2022\/12\/2022.12.18-13-scaled.jpg?resize=768%2C512&amp;ssl=1 768w, https:\/\/i0.wp.com\/www.pfarrei-due-wo.de\/wp-content\/uploads\/2022\/12\/2022.12.18-13-scaled.jpg?resize=1536%2C1024&amp;ssl=1 1536w, https:\/\/i0.wp.com\/www.pfarrei-due-wo.de\/wp-content\/uploads\/2022\/12\/2022.12.18-13-scaled.jpg?resize=2048%2C1365&amp;ssl=1 2048w, https:\/\/i0.wp.com\/www.pfarrei-due-wo.de\/wp-content\/uploads\/2022\/12\/2022.12.18-13-scaled.jpg?w=2250&amp;ssl=1 2250w\" width=\"220\" height=\"147\" loading=\"lazy\" data-original-width=\"220\" data-original-height=\"147\" itemprop=\"http:\/\/schema.org\/image\" title=\"Familiengottesdienste im Advent 2022\" alt=\"Familiengottesdienste im Advent 2022\" style=\"width: 220px; height: 147px;\" \/> <\/a> <\/div> <div class=\"tiled-gallery-item tiled-gallery-item-small\" itemprop=\"associatedMedia\" itemscope itemtype=\"http:\/\/schema.org\/ImageObject\"> <a href=\"https:\/\/www.pfarrei-due-wo.de\/?attachment_id=8556\" border=\"0\" itemprop=\"url\"> <meta itemprop=\"width\" content=\"220\"> <meta itemprop=\"height\" content=\"147\"> <img decoding=\"async\" class=\"\" data-attachment-id=\"8556\" data-orig-file=\"https:\/\/www.pfarrei-due-wo.de\/wp-content\/uploads\/2022\/12\/2022.12.11-03-scaled.jpg\" data-orig-size=\"2560,1707\" data-comments-opened=\"\" data-image-meta=\"{&quot;aperture&quot;:&quot;5&quot;,&quot;credit&quot;:&quot;&quot;,&quot;camera&quot;:&quot;Canon EOS 700D&quot;,&quot;caption&quot;:&quot;&quot;,&quot;created_timestamp&quot;:&quot;1670753330&quot;,&quot;copyright&quot;:&quot;&quot;,&quot;focal_length&quot;:&quot;63&quot;,&quot;iso&quot;:&quot;1000&quot;,&quot;shutter_speed&quot;:&quot;0.0125&quot;,&quot;title&quot;:&quot;&quot;,&quot;orientation&quot;:&quot;1&quot;}\" data-image-title=\"Familiengottesdienste im Advent 2022\" data-image-description=\"&lt;p&gt;Foto: Johann Heimler&lt;\/p&gt; \" data-medium-file=\"https:\/\/i0.wp.com\/www.pfarrei-due-wo.de\/wp-content\/uploads\/2022\/12\/2022.12.11-03-scaled.jpg?fit=300%2C200&#038;ssl=1\" data-large-file=\"https:\/\/i0.wp.com\/www.pfarrei-due-wo.de\/wp-content\/uploads\/2022\/12\/2022.12.11-03-scaled.jpg?fit=750%2C500&#038;ssl=1\" src=\"https:\/\/i0.wp.com\/www.pfarrei-due-wo.de\/wp-content\/uploads\/2022\/12\/2022.12.11-03-scaled.jpg?w=220&#038;h=147&#038;ssl=1\" srcset=\"https:\/\/i0.wp.com\/www.pfarrei-due-wo.de\/wp-content\/uploads\/2022\/12\/2022.12.11-03-scaled.jpg?w=2560&amp;ssl=1 2560w, https:\/\/i0.wp.com\/www.pfarrei-due-wo.de\/wp-content\/uploads\/2022\/12\/2022.12.11-03-scaled.jpg?resize=300%2C200&amp;ssl=1 300w, https:\/\/i0.wp.com\/www.pfarrei-due-wo.de\/wp-content\/uploads\/2022\/12\/2022.12.11-03-scaled.jpg?resize=1024%2C683&amp;ssl=1 1024w, https:\/\/i0.wp.com\/www.pfarrei-due-wo.de\/wp-content\/uploads\/2022\/12\/2022.12.11-03-scaled.jpg?resize=768%2C512&amp;ssl=1 768w, https:\/\/i0.wp.com\/www.pfarrei-due-wo.de\/wp-content\/uploads\/2022\/12\/2022.12.11-03-scaled.jpg?resize=1536%2C1024&amp;ssl=1 1536w, https:\/\/i0.wp.com\/www.pfarrei-due-wo.de\/wp-content\/uploads\/2022\/12\/2022.12.11-03-scaled.jpg?resize=2048%2C1366&amp;ssl=1 2048w, https:\/\/i0.wp.com\/www.pfarrei-due-wo.de\/wp-content\/uploads\/2022\/12\/2022.12.11-03-scaled.jpg?w=2250&amp;ssl=1 2250w\" width=\"220\" height=\"147\" loading=\"lazy\" data-original-width=\"220\" data-original-height=\"147\" itemprop=\"http:\/\/schema.org\/image\" title=\"Familiengottesdienste im Advent 2022\" alt=\"Familiengottesdienste im Advent 2022\" style=\"width: 220px; height: 147px;\" \/> <\/a> <\/div> <\/div> <!-- close group --> <\/div> <!-- close row --> <div class=\"gallery-row\" style=\"width: 750px; height: 530px;\" data-original-width=\"750\" data-original-height=\"530\" > <div class=\"gallery-group images-2\" style=\"width: 395px; height: 530px;\" data-original-width=\"395\" data-original-height=\"530\" > <div class=\"tiled-gallery-item tiled-gallery-item-large\" itemprop=\"associatedMedia\" itemscope itemtype=\"http:\/\/schema.org\/ImageObject\"> <a href=\"https:\/\/www.pfarrei-due-wo.de\/?attachment_id=8557\" border=\"0\" itemprop=\"url\"> <meta itemprop=\"width\" content=\"391\"> <meta itemprop=\"height\" content=\"261\"> <img decoding=\"async\" class=\"\" data-attachment-id=\"8557\" data-orig-file=\"https:\/\/www.pfarrei-due-wo.de\/wp-content\/uploads\/2022\/12\/2022.12.11-06-scaled.jpg\" data-orig-size=\"2560,1706\" data-comments-opened=\"\" data-image-meta=\"{&quot;aperture&quot;:&quot;4.5&quot;,&quot;credit&quot;:&quot;&quot;,&quot;camera&quot;:&quot;Canon EOS 700D&quot;,&quot;caption&quot;:&quot;&quot;,&quot;created_timestamp&quot;:&quot;1670753367&quot;,&quot;copyright&quot;:&quot;&quot;,&quot;focal_length&quot;:&quot;30&quot;,&quot;iso&quot;:&quot;400&quot;,&quot;shutter_speed&quot;:&quot;0.008&quot;,&quot;title&quot;:&quot;&quot;,&quot;orientation&quot;:&quot;1&quot;}\" data-image-title=\"Familiengottesdienste im Advent 2022\" data-image-description=\"&lt;p&gt;Foto: Johann Heimler&lt;\/p&gt; \" data-medium-file=\"https:\/\/i0.wp.com\/www.pfarrei-due-wo.de\/wp-content\/uploads\/2022\/12\/2022.12.11-06-scaled.jpg?fit=300%2C200&#038;ssl=1\" data-large-file=\"https:\/\/i0.wp.com\/www.pfarrei-due-wo.de\/wp-content\/uploads\/2022\/12\/2022.12.11-06-scaled.jpg?fit=750%2C500&#038;ssl=1\" src=\"https:\/\/i0.wp.com\/www.pfarrei-due-wo.de\/wp-content\/uploads\/2022\/12\/2022.12.11-06-scaled.jpg?w=391&#038;h=261&#038;ssl=1\" srcset=\"https:\/\/i0.wp.com\/www.pfarrei-due-wo.de\/wp-content\/uploads\/2022\/12\/2022.12.11-06-scaled.jpg?w=2560&amp;ssl=1 2560w, https:\/\/i0.wp.com\/www.pfarrei-due-wo.de\/wp-content\/uploads\/2022\/12\/2022.12.11-06-scaled.jpg?resize=300%2C200&amp;ssl=1 300w, https:\/\/i0.wp.com\/www.pfarrei-due-wo.de\/wp-content\/uploads\/2022\/12\/2022.12.11-06-scaled.jpg?resize=1024%2C683&amp;ssl=1 1024w, https:\/\/i0.wp.com\/www.pfarrei-due-wo.de\/wp-content\/uploads\/2022\/12\/2022.12.11-06-scaled.jpg?resize=768%2C512&amp;ssl=1 768w, https:\/\/i0.wp.com\/www.pfarrei-due-wo.de\/wp-content\/uploads\/2022\/12\/2022.12.11-06-scaled.jpg?w=1500&amp;ssl=1 1500w, https:\/\/i0.wp.com\/www.pfarrei-due-wo.de\/wp-content\/uploads\/2022\/12\/2022.12.11-06-scaled.jpg?w=2250&amp;ssl=1 2250w\" width=\"391\" height=\"261\" loading=\"lazy\" data-original-width=\"391\" data-original-height=\"261\" itemprop=\"http:\/\/schema.org\/image\" title=\"Familiengottesdienste im Advent 2022\" alt=\"Familiengottesdienste im Advent 2022\" style=\"width: 391px; height: 261px;\" \/> <\/a> <\/div> <div class=\"tiled-gallery-item tiled-gallery-item-large\" itemprop=\"associatedMedia\" itemscope itemtype=\"http:\/\/schema.org\/ImageObject\"> <a href=\"https:\/\/www.pfarrei-due-wo.de\/?attachment_id=8558\" border=\"0\" itemprop=\"url\"> <meta itemprop=\"width\" content=\"391\"> <meta itemprop=\"height\" content=\"261\"> <img decoding=\"async\" class=\"\" data-attachment-id=\"8558\" data-orig-file=\"https:\/\/www.pfarrei-due-wo.de\/wp-content\/uploads\/2022\/12\/2022.12.11-07-scaled.jpg\" data-orig-size=\"2560,1707\" data-comments-opened=\"\" data-image-meta=\"{&quot;aperture&quot;:&quot;5.6&quot;,&quot;credit&quot;:&quot;&quot;,&quot;camera&quot;:&quot;Canon EOS 700D&quot;,&quot;caption&quot;:&quot;&quot;,&quot;created_timestamp&quot;:&quot;1670753785&quot;,&quot;copyright&quot;:&quot;&quot;,&quot;focal_length&quot;:&quot;80&quot;,&quot;iso&quot;:&quot;800&quot;,&quot;shutter_speed&quot;:&quot;0.008&quot;,&quot;title&quot;:&quot;&quot;,&quot;orientation&quot;:&quot;1&quot;}\" data-image-title=\"Familiengottesdienste im Advent 2022\" data-image-description=\"&lt;p&gt;Foto: Johann Heimler&lt;\/p&gt; \" data-medium-file=\"https:\/\/i0.wp.com\/www.pfarrei-due-wo.de\/wp-content\/uploads\/2022\/12\/2022.12.11-07-scaled.jpg?fit=300%2C200&#038;ssl=1\" data-large-file=\"https:\/\/i0.wp.com\/www.pfarrei-due-wo.de\/wp-content\/uploads\/2022\/12\/2022.12.11-07-scaled.jpg?fit=750%2C500&#038;ssl=1\" src=\"https:\/\/i0.wp.com\/www.pfarrei-due-wo.de\/wp-content\/uploads\/2022\/12\/2022.12.11-07-scaled.jpg?w=391&#038;h=261&#038;ssl=1\" srcset=\"https:\/\/i0.wp.com\/www.pfarrei-due-wo.de\/wp-content\/uploads\/2022\/12\/2022.12.11-07-scaled.jpg?w=2560&amp;ssl=1 2560w, https:\/\/i0.wp.com\/www.pfarrei-due-wo.de\/wp-content\/uploads\/2022\/12\/2022.12.11-07-scaled.jpg?resize=300%2C200&amp;ssl=1 300w, https:\/\/i0.wp.com\/www.pfarrei-due-wo.de\/wp-content\/uploads\/2022\/12\/2022.12.11-07-scaled.jpg?resize=1024%2C683&amp;ssl=1 1024w, https:\/\/i0.wp.com\/www.pfarrei-due-wo.de\/wp-content\/uploads\/2022\/12\/2022.12.11-07-scaled.jpg?resize=768%2C512&amp;ssl=1 768w, https:\/\/i0.wp.com\/www.pfarrei-due-wo.de\/wp-content\/uploads\/2022\/12\/2022.12.11-07-scaled.jpg?resize=1536%2C1024&amp;ssl=1 1536w, https:\/\/i0.wp.com\/www.pfarrei-due-wo.de\/wp-content\/uploads\/2022\/12\/2022.12.11-07-scaled.jpg?resize=2048%2C1365&amp;ssl=1 2048w, https:\/\/i0.wp.com\/www.pfarrei-due-wo.de\/wp-content\/uploads\/2022\/12\/2022.12.11-07-scaled.jpg?w=2250&amp;ssl=1 2250w\" width=\"391\" height=\"261\" loading=\"lazy\" data-original-width=\"391\" data-original-height=\"261\" itemprop=\"http:\/\/schema.org\/image\" title=\"Familiengottesdienste im Advent 2022\" alt=\"Familiengottesdienste im Advent 2022\" style=\"width: 391px; height: 261px;\" \/> <\/a> <\/div> <\/div> <!-- close group --> <div class=\"gallery-group images-1\" style=\"width: 355px; height: 530px;\" data-original-width=\"355\" data-original-height=\"530\" > <div class=\"tiled-gallery-item tiled-gallery-item-large\" itemprop=\"associatedMedia\" itemscope itemtype=\"http:\/\/schema.org\/ImageObject\"> <a href=\"https:\/\/www.pfarrei-due-wo.de\/?attachment_id=8559\" border=\"0\" itemprop=\"url\"> <meta itemprop=\"width\" content=\"351\"> <meta itemprop=\"height\" content=\"526\"> <img decoding=\"async\" class=\"\" data-attachment-id=\"8559\" data-orig-file=\"https:\/\/www.pfarrei-due-wo.de\/wp-content\/uploads\/2022\/12\/2022.12.11-10-a-scaled.jpg\" data-orig-size=\"1707,2560\" data-comments-opened=\"\" data-image-meta=\"{&quot;aperture&quot;:&quot;5.6&quot;,&quot;credit&quot;:&quot;&quot;,&quot;camera&quot;:&quot;Canon EOS 700D&quot;,&quot;caption&quot;:&quot;&quot;,&quot;created_timestamp&quot;:&quot;1670754139&quot;,&quot;copyright&quot;:&quot;&quot;,&quot;focal_length&quot;:&quot;63&quot;,&quot;iso&quot;:&quot;1250&quot;,&quot;shutter_speed&quot;:&quot;0.008&quot;,&quot;title&quot;:&quot;&quot;,&quot;orientation&quot;:&quot;1&quot;}\" data-image-title=\"Familiengottesdienste im Advent 2022\" data-image-description=\"&lt;p&gt;Foto: Johann Heimler&lt;\/p&gt; \" data-medium-file=\"https:\/\/i0.wp.com\/www.pfarrei-due-wo.de\/wp-content\/uploads\/2022\/12\/2022.12.11-10-a-scaled.jpg?fit=200%2C300&#038;ssl=1\" data-large-file=\"https:\/\/i0.wp.com\/www.pfarrei-due-wo.de\/wp-content\/uploads\/2022\/12\/2022.12.11-10-a-scaled.jpg?fit=683%2C1024&#038;ssl=1\" src=\"https:\/\/i0.wp.com\/www.pfarrei-due-wo.de\/wp-content\/uploads\/2022\/12\/2022.12.11-10-a-scaled.jpg?w=351&#038;h=526&#038;ssl=1\" srcset=\"https:\/\/i0.wp.com\/www.pfarrei-due-wo.de\/wp-content\/uploads\/2022\/12\/2022.12.11-10-a-scaled.jpg?w=1707&amp;ssl=1 1707w, https:\/\/i0.wp.com\/www.pfarrei-due-wo.de\/wp-content\/uploads\/2022\/12\/2022.12.11-10-a-scaled.jpg?resize=200%2C300&amp;ssl=1 200w, https:\/\/i0.wp.com\/www.pfarrei-due-wo.de\/wp-content\/uploads\/2022\/12\/2022.12.11-10-a-scaled.jpg?resize=683%2C1024&amp;ssl=1 683w, https:\/\/i0.wp.com\/www.pfarrei-due-wo.de\/wp-content\/uploads\/2022\/12\/2022.12.11-10-a-scaled.jpg?resize=768%2C1152&amp;ssl=1 768w, https:\/\/i0.wp.com\/www.pfarrei-due-wo.de\/wp-content\/uploads\/2022\/12\/2022.12.11-10-a-scaled.jpg?resize=1024%2C1536&amp;ssl=1 1024w, https:\/\/i0.wp.com\/www.pfarrei-due-wo.de\/wp-content\/uploads\/2022\/12\/2022.12.11-10-a-scaled.jpg?resize=1365%2C2048&amp;ssl=1 1365w, https:\/\/i0.wp.com\/www.pfarrei-due-wo.de\/wp-content\/uploads\/2022\/12\/2022.12.11-10-a-scaled.jpg?w=1500&amp;ssl=1 1500w\" width=\"351\" height=\"526\" loading=\"lazy\" data-original-width=\"351\" data-original-height=\"526\" itemprop=\"http:\/\/schema.org\/image\" title=\"Familiengottesdienste im Advent 2022\" alt=\"Familiengottesdienste im Advent 2022\" style=\"width: 351px; height: 526px;\" \/> <\/a> <\/div> <\/div> <!-- close group --> <\/div> <!-- close row --> <div class=\"gallery-row\" style=\"width: 750px; height: 230px;\" data-original-width=\"750\" data-original-height=\"230\" > <div class=\"gallery-group images-1\" style=\"width: 406px; height: 230px;\" data-original-width=\"406\" data-original-height=\"230\" > <div class=\"tiled-gallery-item tiled-gallery-item-large\" itemprop=\"associatedMedia\" itemscope itemtype=\"http:\/\/schema.org\/ImageObject\"> <a href=\"https:\/\/www.pfarrei-due-wo.de\/?attachment_id=8560\" border=\"0\" itemprop=\"url\"> <meta itemprop=\"width\" content=\"402\"> <meta itemprop=\"height\" content=\"226\"> <img decoding=\"async\" class=\"\" data-attachment-id=\"8560\" data-orig-file=\"https:\/\/www.pfarrei-due-wo.de\/wp-content\/uploads\/2022\/12\/2022.12.11-13-scaled-e1671286445349.jpg\" data-orig-size=\"2560,1440\" data-comments-opened=\"\" data-image-meta=\"{&quot;aperture&quot;:&quot;5&quot;,&quot;credit&quot;:&quot;&quot;,&quot;camera&quot;:&quot;Canon EOS 700D&quot;,&quot;caption&quot;:&quot;&quot;,&quot;created_timestamp&quot;:&quot;1670754251&quot;,&quot;copyright&quot;:&quot;&quot;,&quot;focal_length&quot;:&quot;59&quot;,&quot;iso&quot;:&quot;800&quot;,&quot;shutter_speed&quot;:&quot;0.008&quot;,&quot;title&quot;:&quot;&quot;,&quot;orientation&quot;:&quot;1&quot;}\" data-image-title=\"Familiengottesdienste im Advent 2022\" data-image-description=\"&lt;p&gt;Foto: Johann Heimler&lt;\/p&gt; \" data-medium-file=\"https:\/\/i0.wp.com\/www.pfarrei-due-wo.de\/wp-content\/uploads\/2022\/12\/2022.12.11-13-scaled-e1671286445349.jpg?fit=300%2C169&#038;ssl=1\" data-large-file=\"https:\/\/i0.wp.com\/www.pfarrei-due-wo.de\/wp-content\/uploads\/2022\/12\/2022.12.11-13-scaled-e1671286445349.jpg?fit=750%2C422&#038;ssl=1\" src=\"https:\/\/i0.wp.com\/www.pfarrei-due-wo.de\/wp-content\/uploads\/2022\/12\/2022.12.11-13-scaled-e1671286445349.jpg?w=402&#038;h=226&#038;ssl=1\" srcset=\"https:\/\/i0.wp.com\/www.pfarrei-due-wo.de\/wp-content\/uploads\/2022\/12\/2022.12.11-13-scaled-e1671286445349.jpg?w=2560&amp;ssl=1 2560w, https:\/\/i0.wp.com\/www.pfarrei-due-wo.de\/wp-content\/uploads\/2022\/12\/2022.12.11-13-scaled-e1671286445349.jpg?resize=300%2C169&amp;ssl=1 300w, https:\/\/i0.wp.com\/www.pfarrei-due-wo.de\/wp-content\/uploads\/2022\/12\/2022.12.11-13-scaled-e1671286445349.jpg?resize=1024%2C576&amp;ssl=1 1024w, https:\/\/i0.wp.com\/www.pfarrei-due-wo.de\/wp-content\/uploads\/2022\/12\/2022.12.11-13-scaled-e1671286445349.jpg?resize=768%2C432&amp;ssl=1 768w, https:\/\/i0.wp.com\/www.pfarrei-due-wo.de\/wp-content\/uploads\/2022\/12\/2022.12.11-13-scaled-e1671286445349.jpg?resize=1536%2C864&amp;ssl=1 1536w, https:\/\/i0.wp.com\/www.pfarrei-due-wo.de\/wp-content\/uploads\/2022\/12\/2022.12.11-13-scaled-e1671286445349.jpg?resize=2048%2C1152&amp;ssl=1 2048w, https:\/\/i0.wp.com\/www.pfarrei-due-wo.de\/wp-content\/uploads\/2022\/12\/2022.12.11-13-scaled-e1671286445349.jpg?w=2250&amp;ssl=1 2250w\" width=\"402\" height=\"226\" loading=\"lazy\" data-original-width=\"402\" data-original-height=\"226\" itemprop=\"http:\/\/schema.org\/image\" title=\"Familiengottesdienste im Advent 2022\" alt=\"Familiengottesdienste im Advent 2022\" style=\"width: 402px; height: 226px;\" \/> <\/a> <\/div> <\/div> <!-- close group --> <div class=\"gallery-group images-1\" style=\"width: 344px; height: 230px;\" data-original-width=\"344\" data-original-height=\"230\" > <div class=\"tiled-gallery-item tiled-gallery-item-large\" itemprop=\"associatedMedia\" itemscope itemtype=\"http:\/\/schema.org\/ImageObject\"> <a href=\"https:\/\/www.pfarrei-due-wo.de\/?attachment_id=8561\" border=\"0\" itemprop=\"url\"> <meta itemprop=\"width\" content=\"340\"> <meta itemprop=\"height\" content=\"226\"> <img decoding=\"async\" class=\"\" data-attachment-id=\"8561\" data-orig-file=\"https:\/\/www.pfarrei-due-wo.de\/wp-content\/uploads\/2022\/12\/2022.12.11-19-scaled.jpg\" data-orig-size=\"2560,1707\" data-comments-opened=\"\" data-image-meta=\"{&quot;aperture&quot;:&quot;5.6&quot;,&quot;credit&quot;:&quot;&quot;,&quot;camera&quot;:&quot;Canon EOS 700D&quot;,&quot;caption&quot;:&quot;&quot;,&quot;created_timestamp&quot;:&quot;1670754814&quot;,&quot;copyright&quot;:&quot;&quot;,&quot;focal_length&quot;:&quot;26&quot;,&quot;iso&quot;:&quot;250&quot;,&quot;shutter_speed&quot;:&quot;0.025&quot;,&quot;title&quot;:&quot;&quot;,&quot;orientation&quot;:&quot;1&quot;}\" data-image-title=\"Familiengottesdienste im Advent 2022\" data-image-description=\"&lt;p&gt;Foto: Johann Heimler&lt;\/p&gt; \" data-medium-file=\"https:\/\/i0.wp.com\/www.pfarrei-due-wo.de\/wp-content\/uploads\/2022\/12\/2022.12.11-19-scaled.jpg?fit=300%2C200&#038;ssl=1\" data-large-file=\"https:\/\/i0.wp.com\/www.pfarrei-due-wo.de\/wp-content\/uploads\/2022\/12\/2022.12.11-19-scaled.jpg?fit=750%2C500&#038;ssl=1\" src=\"https:\/\/i0.wp.com\/www.pfarrei-due-wo.de\/wp-content\/uploads\/2022\/12\/2022.12.11-19-scaled.jpg?w=340&#038;h=226&#038;ssl=1\" srcset=\"https:\/\/i0.wp.com\/www.pfarrei-due-wo.de\/wp-content\/uploads\/2022\/12\/2022.12.11-19-scaled.jpg?w=2560&amp;ssl=1 2560w, https:\/\/i0.wp.com\/www.pfarrei-due-wo.de\/wp-content\/uploads\/2022\/12\/2022.12.11-19-scaled.jpg?resize=300%2C200&amp;ssl=1 300w, https:\/\/i0.wp.com\/www.pfarrei-due-wo.de\/wp-content\/uploads\/2022\/12\/2022.12.11-19-scaled.jpg?resize=1024%2C683&amp;ssl=1 1024w, https:\/\/i0.wp.com\/www.pfarrei-due-wo.de\/wp-content\/uploads\/2022\/12\/2022.12.11-19-scaled.jpg?resize=768%2C512&amp;ssl=1 768w, https:\/\/i0.wp.com\/www.pfarrei-due-wo.de\/wp-content\/uploads\/2022\/12\/2022.12.11-19-scaled.jpg?w=1500&amp;ssl=1 1500w, https:\/\/i0.wp.com\/www.pfarrei-due-wo.de\/wp-content\/uploads\/2022\/12\/2022.12.11-19-scaled.jpg?w=2250&amp;ssl=1 2250w\" width=\"340\" height=\"226\" loading=\"lazy\" data-original-width=\"340\" data-original-height=\"226\" itemprop=\"http:\/\/schema.org\/image\" title=\"Familiengottesdienste im Advent 2022\" alt=\"Familiengottesdienste im Advent 2022\" style=\"width: 340px; height: 226px;\" \/> <\/a> <\/div> <\/div> <!-- close group --> <\/div> <!-- close row --> <div class=\"gallery-row\" style=\"width: 750px; height: 335px;\" data-original-width=\"750\" data-original-height=\"335\" > <div class=\"gallery-group images-1\" style=\"width: 501px; height: 335px;\" data-original-width=\"501\" data-original-height=\"335\" > <div class=\"tiled-gallery-item tiled-gallery-item-large\" itemprop=\"associatedMedia\" itemscope itemtype=\"http:\/\/schema.org\/ImageObject\"> <a href=\"https:\/\/www.pfarrei-due-wo.de\/?attachment_id=8553\" border=\"0\" itemprop=\"url\"> <meta itemprop=\"width\" content=\"497\"> <meta itemprop=\"height\" content=\"331\"> <img decoding=\"async\" class=\"\" data-attachment-id=\"8553\" data-orig-file=\"https:\/\/www.pfarrei-due-wo.de\/wp-content\/uploads\/2022\/12\/2022.12.11-21-a-scaled.jpg\" data-orig-size=\"2560,1706\" data-comments-opened=\"\" data-image-meta=\"{&quot;aperture&quot;:&quot;5&quot;,&quot;credit&quot;:&quot;&quot;,&quot;camera&quot;:&quot;Canon EOS 700D&quot;,&quot;caption&quot;:&quot;&quot;,&quot;created_timestamp&quot;:&quot;1670755928&quot;,&quot;copyright&quot;:&quot;&quot;,&quot;focal_length&quot;:&quot;39&quot;,&quot;iso&quot;:&quot;200&quot;,&quot;shutter_speed&quot;:&quot;0.008&quot;,&quot;title&quot;:&quot;&quot;,&quot;orientation&quot;:&quot;1&quot;}\" data-image-title=\"Familiengottesdienste im Advent 2022\" data-image-description=\"&lt;p&gt;Foto: Johann Heimler&lt;\/p&gt; \" data-medium-file=\"https:\/\/i0.wp.com\/www.pfarrei-due-wo.de\/wp-content\/uploads\/2022\/12\/2022.12.11-21-a-scaled.jpg?fit=300%2C200&#038;ssl=1\" data-large-file=\"https:\/\/i0.wp.com\/www.pfarrei-due-wo.de\/wp-content\/uploads\/2022\/12\/2022.12.11-21-a-scaled.jpg?fit=750%2C500&#038;ssl=1\" src=\"https:\/\/i0.wp.com\/www.pfarrei-due-wo.de\/wp-content\/uploads\/2022\/12\/2022.12.11-21-a-scaled.jpg?w=497&#038;h=331&#038;ssl=1\" srcset=\"https:\/\/i0.wp.com\/www.pfarrei-due-wo.de\/wp-content\/uploads\/2022\/12\/2022.12.11-21-a-scaled.jpg?w=2560&amp;ssl=1 2560w, https:\/\/i0.wp.com\/www.pfarrei-due-wo.de\/wp-content\/uploads\/2022\/12\/2022.12.11-21-a-scaled.jpg?resize=300%2C200&amp;ssl=1 300w, https:\/\/i0.wp.com\/www.pfarrei-due-wo.de\/wp-content\/uploads\/2022\/12\/2022.12.11-21-a-scaled.jpg?resize=1024%2C683&amp;ssl=1 1024w, https:\/\/i0.wp.com\/www.pfarrei-due-wo.de\/wp-content\/uploads\/2022\/12\/2022.12.11-21-a-scaled.jpg?resize=768%2C512&amp;ssl=1 768w, https:\/\/i0.wp.com\/www.pfarrei-due-wo.de\/wp-content\/uploads\/2022\/12\/2022.12.11-21-a-scaled.jpg?resize=1536%2C1024&amp;ssl=1 1536w, https:\/\/i0.wp.com\/www.pfarrei-due-wo.de\/wp-content\/uploads\/2022\/12\/2022.12.11-21-a-scaled.jpg?resize=2048%2C1365&amp;ssl=1 2048w, https:\/\/i0.wp.com\/www.pfarrei-due-wo.de\/wp-content\/uploads\/2022\/12\/2022.12.11-21-a-scaled.jpg?w=2250&amp;ssl=1 2250w\" width=\"497\" height=\"331\" loading=\"lazy\" data-original-width=\"497\" data-original-height=\"331\" itemprop=\"http:\/\/schema.org\/image\" title=\"Familiengottesdienste im Advent 2022\" alt=\"Familiengottesdienste im Advent 2022\" style=\"width: 497px; height: 331px;\" \/> <\/a> <\/div> <\/div> <!-- close group --> <div class=\"gallery-group images-2\" style=\"width: 249px; height: 335px;\" data-original-width=\"249\" data-original-height=\"335\" > <div class=\"tiled-gallery-item tiled-gallery-item-small\" itemprop=\"associatedMedia\" itemscope itemtype=\"http:\/\/schema.org\/ImageObject\"> <a href=\"https:\/\/www.pfarrei-due-wo.de\/?attachment_id=8478\" border=\"0\" itemprop=\"url\"> <meta itemprop=\"width\" content=\"245\"> <meta itemprop=\"height\" content=\"163\"> <img decoding=\"async\" class=\"\" data-attachment-id=\"8478\" data-orig-file=\"https:\/\/www.pfarrei-due-wo.de\/wp-content\/uploads\/2022\/11\/Adv_2-scaled.jpg\" data-orig-size=\"2560,1706\" data-comments-opened=\"\" data-image-meta=\"{&quot;aperture&quot;:&quot;5.6&quot;,&quot;credit&quot;:&quot;&quot;,&quot;camera&quot;:&quot;Canon EOS 550D&quot;,&quot;caption&quot;:&quot;&quot;,&quot;created_timestamp&quot;:&quot;1669547800&quot;,&quot;copyright&quot;:&quot;&quot;,&quot;focal_length&quot;:&quot;37&quot;,&quot;iso&quot;:&quot;1000&quot;,&quot;shutter_speed&quot;:&quot;0.02&quot;,&quot;title&quot;:&quot;&quot;,&quot;orientation&quot;:&quot;1&quot;}\" data-image-title=\"Familiengottesdienste im Advent 2022\" data-image-description=\"&lt;p&gt;Foto: Johann Heimler&lt;\/p&gt; \" data-medium-file=\"https:\/\/i0.wp.com\/www.pfarrei-due-wo.de\/wp-content\/uploads\/2022\/11\/Adv_2-scaled.jpg?fit=300%2C200&#038;ssl=1\" data-large-file=\"https:\/\/i0.wp.com\/www.pfarrei-due-wo.de\/wp-content\/uploads\/2022\/11\/Adv_2-scaled.jpg?fit=750%2C500&#038;ssl=1\" src=\"https:\/\/i0.wp.com\/www.pfarrei-due-wo.de\/wp-content\/uploads\/2022\/11\/Adv_2-scaled.jpg?w=245&#038;h=163&#038;ssl=1\" srcset=\"https:\/\/i0.wp.com\/www.pfarrei-due-wo.de\/wp-content\/uploads\/2022\/11\/Adv_2-scaled.jpg?w=2560&amp;ssl=1 2560w, https:\/\/i0.wp.com\/www.pfarrei-due-wo.de\/wp-content\/uploads\/2022\/11\/Adv_2-scaled.jpg?resize=300%2C200&amp;ssl=1 300w, https:\/\/i0.wp.com\/www.pfarrei-due-wo.de\/wp-content\/uploads\/2022\/11\/Adv_2-scaled.jpg?resize=1024%2C683&amp;ssl=1 1024w, https:\/\/i0.wp.com\/www.pfarrei-due-wo.de\/wp-content\/uploads\/2022\/11\/Adv_2-scaled.jpg?resize=768%2C512&amp;ssl=1 768w, https:\/\/i0.wp.com\/www.pfarrei-due-wo.de\/wp-content\/uploads\/2022\/11\/Adv_2-scaled.jpg?resize=1536%2C1024&amp;ssl=1 1536w, https:\/\/i0.wp.com\/www.pfarrei-due-wo.de\/wp-content\/uploads\/2022\/11\/Adv_2-scaled.jpg?resize=2048%2C1365&amp;ssl=1 2048w, https:\/\/i0.wp.com\/www.pfarrei-due-wo.de\/wp-content\/uploads\/2022\/11\/Adv_2-scaled.jpg?w=2250&amp;ssl=1 2250w\" width=\"245\" height=\"163\" loading=\"lazy\" data-original-width=\"245\" data-original-height=\"163\" itemprop=\"http:\/\/schema.org\/image\" title=\"Familiengottesdienste im Advent 2022\" alt=\"Familiengottesdienste im Advent 2022\" style=\"width: 245px; height: 163px;\" \/> <\/a> <\/div> <div class=\"tiled-gallery-item tiled-gallery-item-small\" itemprop=\"associatedMedia\" itemscope itemtype=\"http:\/\/schema.org\/ImageObject\"> <a href=\"https:\/\/www.pfarrei-due-wo.de\/?attachment_id=8479\" border=\"0\" itemprop=\"url\"> <meta itemprop=\"width\" content=\"245\"> <meta itemprop=\"height\" content=\"164\"> <img decoding=\"async\" class=\"\" data-attachment-id=\"8479\" data-orig-file=\"https:\/\/www.pfarrei-due-wo.de\/wp-content\/uploads\/2022\/11\/Adv_4-scaled.jpg\" data-orig-size=\"2560,1707\" data-comments-opened=\"\" data-image-meta=\"{&quot;aperture&quot;:&quot;4.5&quot;,&quot;credit&quot;:&quot;&quot;,&quot;camera&quot;:&quot;Canon EOS 550D&quot;,&quot;caption&quot;:&quot;&quot;,&quot;created_timestamp&quot;:&quot;1669547837&quot;,&quot;copyright&quot;:&quot;&quot;,&quot;focal_length&quot;:&quot;37&quot;,&quot;iso&quot;:&quot;2500&quot;,&quot;shutter_speed&quot;:&quot;0.008&quot;,&quot;title&quot;:&quot;&quot;,&quot;orientation&quot;:&quot;1&quot;}\" data-image-title=\"Familiengottesdienste im Advent 2022\" data-image-description=\"&lt;p&gt;Foto: Johann Heimler&lt;\/p&gt; \" data-medium-file=\"https:\/\/i0.wp.com\/www.pfarrei-due-wo.de\/wp-content\/uploads\/2022\/11\/Adv_4-scaled.jpg?fit=300%2C200&#038;ssl=1\" data-large-file=\"https:\/\/i0.wp.com\/www.pfarrei-due-wo.de\/wp-content\/uploads\/2022\/11\/Adv_4-scaled.jpg?fit=750%2C500&#038;ssl=1\" src=\"https:\/\/i0.wp.com\/www.pfarrei-due-wo.de\/wp-content\/uploads\/2022\/11\/Adv_4-scaled.jpg?w=245&#038;h=164&#038;ssl=1\" srcset=\"https:\/\/i0.wp.com\/www.pfarrei-due-wo.de\/wp-content\/uploads\/2022\/11\/Adv_4-scaled.jpg?w=2560&amp;ssl=1 2560w, https:\/\/i0.wp.com\/www.pfarrei-due-wo.de\/wp-content\/uploads\/2022\/11\/Adv_4-scaled.jpg?resize=300%2C200&amp;ssl=1 300w, https:\/\/i0.wp.com\/www.pfarrei-due-wo.de\/wp-content\/uploads\/2022\/11\/Adv_4-scaled.jpg?resize=1024%2C683&amp;ssl=1 1024w, https:\/\/i0.wp.com\/www.pfarrei-due-wo.de\/wp-content\/uploads\/2022\/11\/Adv_4-scaled.jpg?resize=768%2C512&amp;ssl=1 768w, https:\/\/i0.wp.com\/www.pfarrei-due-wo.de\/wp-content\/uploads\/2022\/11\/Adv_4-scaled.jpg?resize=1536%2C1024&amp;ssl=1 1536w, https:\/\/i0.wp.com\/www.pfarrei-due-wo.de\/wp-content\/uploads\/2022\/11\/Adv_4-scaled.jpg?resize=2048%2C1365&amp;ssl=1 2048w, https:\/\/i0.wp.com\/www.pfarrei-due-wo.de\/wp-content\/uploads\/2022\/11\/Adv_4-scaled.jpg?w=2250&amp;ssl=1 2250w\" width=\"245\" height=\"164\" loading=\"lazy\" data-original-width=\"245\" data-original-height=\"164\" itemprop=\"http:\/\/schema.org\/image\" title=\"Familiengottesdienste im Advent 2022\" alt=\"Familiengottesdienste im Advent 2022\" style=\"width: 245px; height: 164px;\" \/> <\/a> <\/div> <\/div> <!-- close group --> <\/div> <!-- close row --> <div class=\"gallery-row\" style=\"width: 750px; height: 205px;\" data-original-width=\"750\" data-original-height=\"205\" > <div class=\"gallery-group images-1\" style=\"width: 306px; height: 205px;\" data-original-width=\"306\" data-original-height=\"205\" > <div class=\"tiled-gallery-item tiled-gallery-item-large\" itemprop=\"associatedMedia\" itemscope itemtype=\"http:\/\/schema.org\/ImageObject\"> <a href=\"https:\/\/www.pfarrei-due-wo.de\/?attachment_id=8472\" border=\"0\" itemprop=\"url\"> <meta itemprop=\"width\" content=\"302\"> <meta itemprop=\"height\" content=\"201\"> <img decoding=\"async\" class=\"\" data-attachment-id=\"8472\" data-orig-file=\"https:\/\/www.pfarrei-due-wo.de\/wp-content\/uploads\/2022\/11\/Adv_10-scaled.jpg\" data-orig-size=\"2560,1707\" data-comments-opened=\"\" data-image-meta=\"{&quot;aperture&quot;:&quot;4.5&quot;,&quot;credit&quot;:&quot;&quot;,&quot;camera&quot;:&quot;Canon EOS 550D&quot;,&quot;caption&quot;:&quot;&quot;,&quot;created_timestamp&quot;:&quot;1669548293&quot;,&quot;copyright&quot;:&quot;&quot;,&quot;focal_length&quot;:&quot;32&quot;,&quot;iso&quot;:&quot;1600&quot;,&quot;shutter_speed&quot;:&quot;0.008&quot;,&quot;title&quot;:&quot;&quot;,&quot;orientation&quot;:&quot;1&quot;}\" data-image-title=\"Familiengottesdienste im Advent 2022\" data-image-description=\"&lt;p&gt;Foto: Johann Heimler&lt;\/p&gt; \" data-medium-file=\"https:\/\/i0.wp.com\/www.pfarrei-due-wo.de\/wp-content\/uploads\/2022\/11\/Adv_10-scaled.jpg?fit=300%2C200&#038;ssl=1\" data-large-file=\"https:\/\/i0.wp.com\/www.pfarrei-due-wo.de\/wp-content\/uploads\/2022\/11\/Adv_10-scaled.jpg?fit=750%2C500&#038;ssl=1\" src=\"https:\/\/i0.wp.com\/www.pfarrei-due-wo.de\/wp-content\/uploads\/2022\/11\/Adv_10-scaled.jpg?w=302&#038;h=201&#038;ssl=1\" srcset=\"https:\/\/i0.wp.com\/www.pfarrei-due-wo.de\/wp-content\/uploads\/2022\/11\/Adv_10-scaled.jpg?w=2560&amp;ssl=1 2560w, https:\/\/i0.wp.com\/www.pfarrei-due-wo.de\/wp-content\/uploads\/2022\/11\/Adv_10-scaled.jpg?resize=300%2C200&amp;ssl=1 300w, https:\/\/i0.wp.com\/www.pfarrei-due-wo.de\/wp-content\/uploads\/2022\/11\/Adv_10-scaled.jpg?resize=1024%2C683&amp;ssl=1 1024w, https:\/\/i0.wp.com\/www.pfarrei-due-wo.de\/wp-content\/uploads\/2022\/11\/Adv_10-scaled.jpg?resize=768%2C512&amp;ssl=1 768w, https:\/\/i0.wp.com\/www.pfarrei-due-wo.de\/wp-content\/uploads\/2022\/11\/Adv_10-scaled.jpg?resize=1536%2C1024&amp;ssl=1 1536w, https:\/\/i0.wp.com\/www.pfarrei-due-wo.de\/wp-content\/uploads\/2022\/11\/Adv_10-scaled.jpg?resize=2048%2C1365&amp;ssl=1 2048w, https:\/\/i0.wp.com\/www.pfarrei-due-wo.de\/wp-content\/uploads\/2022\/11\/Adv_10-scaled.jpg?w=2250&amp;ssl=1 2250w\" width=\"302\" height=\"201\" loading=\"lazy\" data-original-width=\"302\" data-original-height=\"201\" itemprop=\"http:\/\/schema.org\/image\" title=\"Familiengottesdienste im Advent 2022\" alt=\"Familiengottesdienste im Advent 2022\" style=\"width: 302px; height: 201px;\" \/> <\/a> <\/div> <\/div> <!-- close group --> <div class=\"gallery-group images-1\" style=\"width: 138px; height: 205px;\" data-original-width=\"138\" data-original-height=\"205\" > <div class=\"tiled-gallery-item tiled-gallery-item-small\" itemprop=\"associatedMedia\" itemscope itemtype=\"http:\/\/schema.org\/ImageObject\"> <a href=\"https:\/\/www.pfarrei-due-wo.de\/?attachment_id=8473\" border=\"0\" itemprop=\"url\"> <meta itemprop=\"width\" content=\"134\"> <meta itemprop=\"height\" content=\"201\"> <img decoding=\"async\" class=\"\" data-attachment-id=\"8473\" data-orig-file=\"https:\/\/www.pfarrei-due-wo.de\/wp-content\/uploads\/2022\/11\/Adv_12-scaled.jpg\" data-orig-size=\"1707,2560\" data-comments-opened=\"\" data-image-meta=\"{&quot;aperture&quot;:&quot;5&quot;,&quot;credit&quot;:&quot;&quot;,&quot;camera&quot;:&quot;Canon EOS 550D&quot;,&quot;caption&quot;:&quot;&quot;,&quot;created_timestamp&quot;:&quot;1669548564&quot;,&quot;copyright&quot;:&quot;&quot;,&quot;focal_length&quot;:&quot;42&quot;,&quot;iso&quot;:&quot;1600&quot;,&quot;shutter_speed&quot;:&quot;0.008&quot;,&quot;title&quot;:&quot;&quot;,&quot;orientation&quot;:&quot;1&quot;}\" data-image-title=\"Familiengottesdienste im Advent 2022\" data-image-description=\"&lt;p&gt;Foto: Johann Heimler&lt;\/p&gt; \" data-medium-file=\"https:\/\/i0.wp.com\/www.pfarrei-due-wo.de\/wp-content\/uploads\/2022\/11\/Adv_12-scaled.jpg?fit=200%2C300&#038;ssl=1\" data-large-file=\"https:\/\/i0.wp.com\/www.pfarrei-due-wo.de\/wp-content\/uploads\/2022\/11\/Adv_12-scaled.jpg?fit=683%2C1024&#038;ssl=1\" src=\"https:\/\/i0.wp.com\/www.pfarrei-due-wo.de\/wp-content\/uploads\/2022\/11\/Adv_12-scaled.jpg?w=134&#038;h=201&#038;ssl=1\" srcset=\"https:\/\/i0.wp.com\/www.pfarrei-due-wo.de\/wp-content\/uploads\/2022\/11\/Adv_12-scaled.jpg?w=1707&amp;ssl=1 1707w, https:\/\/i0.wp.com\/www.pfarrei-due-wo.de\/wp-content\/uploads\/2022\/11\/Adv_12-scaled.jpg?resize=200%2C300&amp;ssl=1 200w, https:\/\/i0.wp.com\/www.pfarrei-due-wo.de\/wp-content\/uploads\/2022\/11\/Adv_12-scaled.jpg?resize=683%2C1024&amp;ssl=1 683w, https:\/\/i0.wp.com\/www.pfarrei-due-wo.de\/wp-content\/uploads\/2022\/11\/Adv_12-scaled.jpg?resize=768%2C1152&amp;ssl=1 768w, https:\/\/i0.wp.com\/www.pfarrei-due-wo.de\/wp-content\/uploads\/2022\/11\/Adv_12-scaled.jpg?resize=1024%2C1536&amp;ssl=1 1024w, https:\/\/i0.wp.com\/www.pfarrei-due-wo.de\/wp-content\/uploads\/2022\/11\/Adv_12-scaled.jpg?resize=1365%2C2048&amp;ssl=1 1365w, https:\/\/i0.wp.com\/www.pfarrei-due-wo.de\/wp-content\/uploads\/2022\/11\/Adv_12-scaled.jpg?w=1500&amp;ssl=1 1500w\" width=\"134\" height=\"201\" loading=\"lazy\" data-original-width=\"134\" data-original-height=\"201\" itemprop=\"http:\/\/schema.org\/image\" title=\"Familiengottesdienste im Advent 2022\" alt=\"Familiengottesdienste im Advent 2022\" style=\"width: 134px; height: 201px;\" \/> <\/a> <\/div> <\/div> <!-- close group --> <div class=\"gallery-group images-1\" style=\"width: 306px; height: 205px;\" data-original-width=\"306\" data-original-height=\"205\" > <div class=\"tiled-gallery-item tiled-gallery-item-large\" itemprop=\"associatedMedia\" itemscope itemtype=\"http:\/\/schema.org\/ImageObject\"> <a href=\"https:\/\/www.pfarrei-due-wo.de\/?attachment_id=8474\" border=\"0\" itemprop=\"url\"> <meta itemprop=\"width\" content=\"302\"> <meta itemprop=\"height\" content=\"201\"> <img decoding=\"async\" class=\"\" data-attachment-id=\"8474\" data-orig-file=\"https:\/\/www.pfarrei-due-wo.de\/wp-content\/uploads\/2022\/11\/Adv_16-scaled.jpg\" data-orig-size=\"2560,1707\" data-comments-opened=\"\" data-image-meta=\"{&quot;aperture&quot;:&quot;5.6&quot;,&quot;credit&quot;:&quot;&quot;,&quot;camera&quot;:&quot;Canon EOS 550D&quot;,&quot;caption&quot;:&quot;&quot;,&quot;created_timestamp&quot;:&quot;1669548614&quot;,&quot;copyright&quot;:&quot;&quot;,&quot;focal_length&quot;:&quot;90&quot;,&quot;iso&quot;:&quot;3200&quot;,&quot;shutter_speed&quot;:&quot;0.01&quot;,&quot;title&quot;:&quot;&quot;,&quot;orientation&quot;:&quot;1&quot;}\" data-image-title=\"Familiengottesdienste im Advent 2022\" data-image-description=\"&lt;p&gt;Foto: Johann Heimler&lt;\/p&gt; \" data-medium-file=\"https:\/\/i0.wp.com\/www.pfarrei-due-wo.de\/wp-content\/uploads\/2022\/11\/Adv_16-scaled.jpg?fit=300%2C200&#038;ssl=1\" data-large-file=\"https:\/\/i0.wp.com\/www.pfarrei-due-wo.de\/wp-content\/uploads\/2022\/11\/Adv_16-scaled.jpg?fit=750%2C500&#038;ssl=1\" src=\"https:\/\/i0.wp.com\/www.pfarrei-due-wo.de\/wp-content\/uploads\/2022\/11\/Adv_16-scaled.jpg?w=302&#038;h=201&#038;ssl=1\" srcset=\"https:\/\/i0.wp.com\/www.pfarrei-due-wo.de\/wp-content\/uploads\/2022\/11\/Adv_16-scaled.jpg?w=2560&amp;ssl=1 2560w, https:\/\/i0.wp.com\/www.pfarrei-due-wo.de\/wp-content\/uploads\/2022\/11\/Adv_16-scaled.jpg?resize=300%2C200&amp;ssl=1 300w, https:\/\/i0.wp.com\/www.pfarrei-due-wo.de\/wp-content\/uploads\/2022\/11\/Adv_16-scaled.jpg?resize=1024%2C683&amp;ssl=1 1024w, https:\/\/i0.wp.com\/www.pfarrei-due-wo.de\/wp-content\/uploads\/2022\/11\/Adv_16-scaled.jpg?resize=768%2C512&amp;ssl=1 768w, https:\/\/i0.wp.com\/www.pfarrei-due-wo.de\/wp-content\/uploads\/2022\/11\/Adv_16-scaled.jpg?resize=1536%2C1024&amp;ssl=1 1536w, https:\/\/i0.wp.com\/www.pfarrei-due-wo.de\/wp-content\/uploads\/2022\/11\/Adv_16-scaled.jpg?resize=2048%2C1365&amp;ssl=1 2048w, https:\/\/i0.wp.com\/www.pfarrei-due-wo.de\/wp-content\/uploads\/2022\/11\/Adv_16-scaled.jpg?w=2250&amp;ssl=1 2250w\" width=\"302\" height=\"201\" loading=\"lazy\" data-original-width=\"302\" data-original-height=\"201\" itemprop=\"http:\/\/schema.org\/image\" title=\"Familiengottesdienste im Advent 2022\" alt=\"Familiengottesdienste im Advent 2022\" style=\"width: 302px; height: 201px;\" \/> <\/a> <\/div> <\/div> <!-- close group --> <\/div> <!-- close row --> <div class=\"gallery-row\" style=\"width: 750px; height: 114px;\" data-original-width=\"750\" data-original-height=\"114\" > <div class=\"gallery-group images-1\" style=\"width: 212px; height: 114px;\" data-original-width=\"212\" data-original-height=\"114\" > <div class=\"tiled-gallery-item tiled-gallery-item-small\" itemprop=\"associatedMedia\" itemscope itemtype=\"http:\/\/schema.org\/ImageObject\"> <a href=\"https:\/\/www.pfarrei-due-wo.de\/?attachment_id=8476\" border=\"0\" itemprop=\"url\"> <meta itemprop=\"width\" content=\"208\"> <meta itemprop=\"height\" content=\"110\"> <img decoding=\"async\" class=\"\" data-attachment-id=\"8476\" data-orig-file=\"https:\/\/www.pfarrei-due-wo.de\/wp-content\/uploads\/2022\/11\/Adv_25-scaled-e1670024865236.jpg\" data-orig-size=\"2304,1221\" data-comments-opened=\"\" data-image-meta=\"{&quot;aperture&quot;:&quot;5.6&quot;,&quot;credit&quot;:&quot;&quot;,&quot;camera&quot;:&quot;Canon EOS 550D&quot;,&quot;caption&quot;:&quot;&quot;,&quot;created_timestamp&quot;:&quot;1669548729&quot;,&quot;copyright&quot;:&quot;&quot;,&quot;focal_length&quot;:&quot;80&quot;,&quot;iso&quot;:&quot;3200&quot;,&quot;shutter_speed&quot;:&quot;0.005&quot;,&quot;title&quot;:&quot;&quot;,&quot;orientation&quot;:&quot;1&quot;}\" data-image-title=\"Familiengottesdienste im Advent 2022\" data-image-description=\"&lt;p&gt;Foto: Johann Heimler&lt;\/p&gt; \" data-medium-file=\"https:\/\/i0.wp.com\/www.pfarrei-due-wo.de\/wp-content\/uploads\/2022\/11\/Adv_25-scaled-e1670024865236.jpg?fit=300%2C159&#038;ssl=1\" data-large-file=\"https:\/\/i0.wp.com\/www.pfarrei-due-wo.de\/wp-content\/uploads\/2022\/11\/Adv_25-scaled-e1670024865236.jpg?fit=750%2C398&#038;ssl=1\" src=\"https:\/\/i0.wp.com\/www.pfarrei-due-wo.de\/wp-content\/uploads\/2022\/11\/Adv_25-scaled-e1670024865236.jpg?w=208&#038;h=110&#038;ssl=1\" srcset=\"https:\/\/i0.wp.com\/www.pfarrei-due-wo.de\/wp-content\/uploads\/2022\/11\/Adv_25-scaled-e1670024865236.jpg?w=2304&amp;ssl=1 2304w, https:\/\/i0.wp.com\/www.pfarrei-due-wo.de\/wp-content\/uploads\/2022\/11\/Adv_25-scaled-e1670024865236.jpg?resize=300%2C159&amp;ssl=1 300w, https:\/\/i0.wp.com\/www.pfarrei-due-wo.de\/wp-content\/uploads\/2022\/11\/Adv_25-scaled-e1670024865236.jpg?resize=1024%2C543&amp;ssl=1 1024w, https:\/\/i0.wp.com\/www.pfarrei-due-wo.de\/wp-content\/uploads\/2022\/11\/Adv_25-scaled-e1670024865236.jpg?resize=768%2C407&amp;ssl=1 768w, https:\/\/i0.wp.com\/www.pfarrei-due-wo.de\/wp-content\/uploads\/2022\/11\/Adv_25-scaled-e1670024865236.jpg?resize=1536%2C814&amp;ssl=1 1536w, https:\/\/i0.wp.com\/www.pfarrei-due-wo.de\/wp-content\/uploads\/2022\/11\/Adv_25-scaled-e1670024865236.jpg?resize=2048%2C1085&amp;ssl=1 2048w, https:\/\/i0.wp.com\/www.pfarrei-due-wo.de\/wp-content\/uploads\/2022\/11\/Adv_25-scaled-e1670024865236.jpg?w=2250&amp;ssl=1 2250w\" width=\"208\" height=\"110\" loading=\"lazy\" data-original-width=\"208\" data-original-height=\"110\" itemprop=\"http:\/\/schema.org\/image\" title=\"Familiengottesdienste im Advent 2022\" alt=\"Familiengottesdienste im Advent 2022\" style=\"width: 208px; height: 110px;\" \/> <\/a> <\/div> <\/div> <!-- close group --> <div class=\"gallery-group images-1\" style=\"width: 169px; height: 114px;\" data-original-width=\"169\" data-original-height=\"114\" > <div class=\"tiled-gallery-item tiled-gallery-item-small\" itemprop=\"associatedMedia\" itemscope itemtype=\"http:\/\/schema.org\/ImageObject\"> <a href=\"https:\/\/www.pfarrei-due-wo.de\/?attachment_id=8477\" border=\"0\" itemprop=\"url\"> <meta itemprop=\"width\" content=\"165\"> <meta itemprop=\"height\" content=\"110\"> <img decoding=\"async\" class=\"\" data-attachment-id=\"8477\" data-orig-file=\"https:\/\/www.pfarrei-due-wo.de\/wp-content\/uploads\/2022\/11\/Adv_26-scaled.jpg\" data-orig-size=\"2560,1706\" data-comments-opened=\"\" data-image-meta=\"{&quot;aperture&quot;:&quot;5&quot;,&quot;credit&quot;:&quot;&quot;,&quot;camera&quot;:&quot;Canon EOS 550D&quot;,&quot;caption&quot;:&quot;&quot;,&quot;created_timestamp&quot;:&quot;1669548860&quot;,&quot;copyright&quot;:&quot;&quot;,&quot;focal_length&quot;:&quot;47&quot;,&quot;iso&quot;:&quot;1600&quot;,&quot;shutter_speed&quot;:&quot;0.008&quot;,&quot;title&quot;:&quot;&quot;,&quot;orientation&quot;:&quot;1&quot;}\" data-image-title=\"Familiengottesdienste im Advent 2022\" data-image-description=\"&lt;p&gt;Foto: Johann Heimler&lt;\/p&gt; \" data-medium-file=\"https:\/\/i0.wp.com\/www.pfarrei-due-wo.de\/wp-content\/uploads\/2022\/11\/Adv_26-scaled.jpg?fit=300%2C200&#038;ssl=1\" data-large-file=\"https:\/\/i0.wp.com\/www.pfarrei-due-wo.de\/wp-content\/uploads\/2022\/11\/Adv_26-scaled.jpg?fit=750%2C500&#038;ssl=1\" src=\"https:\/\/i0.wp.com\/www.pfarrei-due-wo.de\/wp-content\/uploads\/2022\/11\/Adv_26-scaled.jpg?w=165&#038;h=110&#038;ssl=1\" srcset=\"https:\/\/i0.wp.com\/www.pfarrei-due-wo.de\/wp-content\/uploads\/2022\/11\/Adv_26-scaled.jpg?w=2560&amp;ssl=1 2560w, https:\/\/i0.wp.com\/www.pfarrei-due-wo.de\/wp-content\/uploads\/2022\/11\/Adv_26-scaled.jpg?resize=300%2C200&amp;ssl=1 300w, https:\/\/i0.wp.com\/www.pfarrei-due-wo.de\/wp-content\/uploads\/2022\/11\/Adv_26-scaled.jpg?resize=1024%2C683&amp;ssl=1 1024w, https:\/\/i0.wp.com\/www.pfarrei-due-wo.de\/wp-content\/uploads\/2022\/11\/Adv_26-scaled.jpg?resize=768%2C512&amp;ssl=1 768w, https:\/\/i0.wp.com\/www.pfarrei-due-wo.de\/wp-content\/uploads\/2022\/11\/Adv_26-scaled.jpg?resize=1536%2C1024&amp;ssl=1 1536w, https:\/\/i0.wp.com\/www.pfarrei-due-wo.de\/wp-content\/uploads\/2022\/11\/Adv_26-scaled.jpg?resize=2048%2C1365&amp;ssl=1 2048w, https:\/\/i0.wp.com\/www.pfarrei-due-wo.de\/wp-content\/uploads\/2022\/11\/Adv_26-scaled.jpg?w=2250&amp;ssl=1 2250w\" width=\"165\" height=\"110\" loading=\"lazy\" data-original-width=\"165\" data-original-height=\"110\" itemprop=\"http:\/\/schema.org\/image\" title=\"Familiengottesdienste im Advent 2022\" alt=\"Familiengottesdienste im Advent 2022\" style=\"width: 165px; height: 110px;\" \/> <\/a> <\/div> <\/div> <!-- close group --> <div class=\"gallery-group images-1\" style=\"width: 169px; height: 114px;\" data-original-width=\"169\" data-original-height=\"114\" > <div class=\"tiled-gallery-item tiled-gallery-item-small\" itemprop=\"associatedMedia\" itemscope itemtype=\"http:\/\/schema.org\/ImageObject\"> <a href=\"https:\/\/www.pfarrei-due-wo.de\/?attachment_id=8475\" border=\"0\" itemprop=\"url\"> <meta itemprop=\"width\" content=\"165\"> <meta itemprop=\"height\" content=\"110\"> <img decoding=\"async\" class=\"\" data-attachment-id=\"8475\" data-orig-file=\"https:\/\/www.pfarrei-due-wo.de\/wp-content\/uploads\/2022\/11\/Adv_18-scaled.jpg\" data-orig-size=\"2560,1707\" data-comments-opened=\"\" data-image-meta=\"{&quot;aperture&quot;:&quot;6.3&quot;,&quot;credit&quot;:&quot;&quot;,&quot;camera&quot;:&quot;Canon EOS 550D&quot;,&quot;caption&quot;:&quot;&quot;,&quot;created_timestamp&quot;:&quot;1669548633&quot;,&quot;copyright&quot;:&quot;&quot;,&quot;focal_length&quot;:&quot;300&quot;,&quot;iso&quot;:&quot;6400&quot;,&quot;shutter_speed&quot;:&quot;0.008&quot;,&quot;title&quot;:&quot;&quot;,&quot;orientation&quot;:&quot;1&quot;}\" data-image-title=\"Familiengottesdienste im Advent 2022\" data-image-description=\"&lt;p&gt;Foto: Johann Heimler&lt;\/p&gt; \" data-medium-file=\"https:\/\/i0.wp.com\/www.pfarrei-due-wo.de\/wp-content\/uploads\/2022\/11\/Adv_18-scaled.jpg?fit=300%2C200&#038;ssl=1\" data-large-file=\"https:\/\/i0.wp.com\/www.pfarrei-due-wo.de\/wp-content\/uploads\/2022\/11\/Adv_18-scaled.jpg?fit=750%2C500&#038;ssl=1\" src=\"https:\/\/i0.wp.com\/www.pfarrei-due-wo.de\/wp-content\/uploads\/2022\/11\/Adv_18-scaled.jpg?w=165&#038;h=110&#038;ssl=1\" srcset=\"https:\/\/i0.wp.com\/www.pfarrei-due-wo.de\/wp-content\/uploads\/2022\/11\/Adv_18-scaled.jpg?w=2560&amp;ssl=1 2560w, https:\/\/i0.wp.com\/www.pfarrei-due-wo.de\/wp-content\/uploads\/2022\/11\/Adv_18-scaled.jpg?resize=300%2C200&amp;ssl=1 300w, https:\/\/i0.wp.com\/www.pfarrei-due-wo.de\/wp-content\/uploads\/2022\/11\/Adv_18-scaled.jpg?resize=1024%2C683&amp;ssl=1 1024w, https:\/\/i0.wp.com\/www.pfarrei-due-wo.de\/wp-content\/uploads\/2022\/11\/Adv_18-scaled.jpg?resize=768%2C512&amp;ssl=1 768w, https:\/\/i0.wp.com\/www.pfarrei-due-wo.de\/wp-content\/uploads\/2022\/11\/Adv_18-scaled.jpg?resize=1536%2C1024&amp;ssl=1 1536w, https:\/\/i0.wp.com\/www.pfarrei-due-wo.de\/wp-content\/uploads\/2022\/11\/Adv_18-scaled.jpg?resize=2048%2C1365&amp;ssl=1 2048w, https:\/\/i0.wp.com\/www.pfarrei-due-wo.de\/wp-content\/uploads\/2022\/11\/Adv_18-scaled.jpg?w=2250&amp;ssl=1 2250w\" width=\"165\" height=\"110\" loading=\"lazy\" data-original-width=\"165\" data-original-height=\"110\" itemprop=\"http:\/\/schema.org\/image\" title=\"Familiengottesdienste im Advent 2022\" alt=\"Familiengottesdienste im Advent 2022\" style=\"width: 165px; height: 110px;\" \/> <\/a> <\/div> <\/div> <!-- close group --> <div class=\"gallery-group images-1\" style=\"width: 200px; height: 114px;\" data-original-width=\"200\" data-original-height=\"114\" > <div class=\"tiled-gallery-item tiled-gallery-item-small\" itemprop=\"associatedMedia\" itemscope itemtype=\"http:\/\/schema.org\/ImageObject\"> <a href=\"https:\/\/www.pfarrei-due-wo.de\/?attachment_id=8484\" border=\"0\" itemprop=\"url\"> <meta itemprop=\"width\" content=\"196\"> <meta itemprop=\"height\" content=\"110\"> <img decoding=\"async\" class=\"\" data-attachment-id=\"8484\" data-orig-file=\"https:\/\/www.pfarrei-due-wo.de\/wp-content\/uploads\/2022\/11\/IMG-20221020-WA0003-scaled.jpeg\" data-orig-size=\"2560,1440\" data-comments-opened=\"\" data-image-meta=\"{&quot;aperture&quot;:&quot;1.7&quot;,&quot;credit&quot;:&quot;&quot;,&quot;camera&quot;:&quot;SM-G935F&quot;,&quot;caption&quot;:&quot;&quot;,&quot;created_timestamp&quot;:&quot;1666302083&quot;,&quot;copyright&quot;:&quot;&quot;,&quot;focal_length&quot;:&quot;4.2&quot;,&quot;iso&quot;:&quot;250&quot;,&quot;shutter_speed&quot;:&quot;0.03030303030303&quot;,&quot;title&quot;:&quot;&quot;,&quot;orientation&quot;:&quot;1&quot;}\" data-image-title=\"Familiengottesdienst-Team bei der Planung\" data-image-description=\"&lt;p&gt;Foto: Michael Hoch&lt;\/p&gt; \" data-medium-file=\"https:\/\/i0.wp.com\/www.pfarrei-due-wo.de\/wp-content\/uploads\/2022\/11\/IMG-20221020-WA0003-scaled.jpeg?fit=300%2C169&#038;ssl=1\" data-large-file=\"https:\/\/i0.wp.com\/www.pfarrei-due-wo.de\/wp-content\/uploads\/2022\/11\/IMG-20221020-WA0003-scaled.jpeg?fit=750%2C422&#038;ssl=1\" src=\"https:\/\/i0.wp.com\/www.pfarrei-due-wo.de\/wp-content\/uploads\/2022\/11\/IMG-20221020-WA0003-scaled.jpeg?w=196&#038;h=110&#038;ssl=1\" srcset=\"https:\/\/i0.wp.com\/www.pfarrei-due-wo.de\/wp-content\/uploads\/2022\/11\/IMG-20221020-WA0003-scaled.jpeg?w=2560&amp;ssl=1 2560w, https:\/\/i0.wp.com\/www.pfarrei-due-wo.de\/wp-content\/uploads\/2022\/11\/IMG-20221020-WA0003-scaled.jpeg?resize=300%2C169&amp;ssl=1 300w, https:\/\/i0.wp.com\/www.pfarrei-due-wo.de\/wp-content\/uploads\/2022\/11\/IMG-20221020-WA0003-scaled.jpeg?resize=1024%2C576&amp;ssl=1 1024w, https:\/\/i0.wp.com\/www.pfarrei-due-wo.de\/wp-content\/uploads\/2022\/11\/IMG-20221020-WA0003-scaled.jpeg?resize=768%2C432&amp;ssl=1 768w, https:\/\/i0.wp.com\/www.pfarrei-due-wo.de\/wp-content\/uploads\/2022\/11\/IMG-20221020-WA0003-scaled.jpeg?resize=1536%2C864&amp;ssl=1 1536w, https:\/\/i0.wp.com\/www.pfarrei-due-wo.de\/wp-content\/uploads\/2022\/11\/IMG-20221020-WA0003-scaled.jpeg?resize=2048%2C1152&amp;ssl=1 2048w, https:\/\/i0.wp.com\/www.pfarrei-due-wo.de\/wp-content\/uploads\/2022\/11\/IMG-20221020-WA0003-scaled.jpeg?w=2250&amp;ssl=1 2250w\" width=\"196\" height=\"110\" loading=\"lazy\" data-original-width=\"196\" data-original-height=\"110\" itemprop=\"http:\/\/schema.org\/image\" title=\"Familiengottesdienst-Team bei der Planung\" alt=\"Familiengottesdienst-Team bei der Planung\" style=\"width: 196px; height: 110px;\" \/> <\/a> <\/div> <\/div> <!-- close group --> <\/div> <!-- close row --> <\/div>\n<p>&nbsp;<\/p>\n","protected":false},"excerpt":{"rendered":"<p>Die Adventszeit ist eine besondere Zeit der Vorbereitung. Das Weihnachtsfest wirft sein Licht voraus und macht auch die Sonntagsgottesdienste zu etwas Besonderem. Lange vor dem Advent hat sich das Familiengottesdienst-Team &hellip; <\/p>\n","protected":false},"author":4,"featured_media":8585,"comment_status":"closed","ping_status":"closed","sticky":false,"template":"","format":"standard","meta":{"jetpack_post_was_ever_published":false,"_jetpack_newsletter_access":"","_jetpack_dont_email_post_to_subs":false,"_jetpack_newsletter_tier_id":0,"_jetpack_memberships_contains_paywalled_content":false,"_jetpack_memberships_contains_paid_content":false,"footnotes":"","jetpack_publicize_message":"","jetpack_publicize_feature_enabled":true,"jetpack_social_post_already_shared":true,"jetpack_social_options":{"image_generator_settings":{"template":"highway","default_image_id":0,"font":"","enabled":false},"version":2}},"categories":[2,12],"tags":[],"class_list":["post-8483","post","type-post","status-publish","format-standard","has-post-thumbnail","hentry","category-gottesdienste","category-kinder"],"jetpack_publicize_connections":[],"jetpack_featured_media_url":"https:\/\/i0.wp.com\/www.pfarrei-due-wo.de\/wp-content\/uploads\/2022\/12\/2022.12.18-07-scaled.jpg?fit=2560%2C1707&ssl=1","jetpack_sharing_enabled":true,"jetpack_shortlink":"https:\/\/wp.me\/p8HCtc-2cP","jetpack-related-posts":[{"id":6853,"url":"https:\/\/www.pfarrei-due-wo.de\/?p=6853","url_meta":{"origin":8483,"position":0},"title":"Familiengottesdienste im Advent","author":"Matthias Heimler","date":"28. November 2021","format":false,"excerpt":"Die Familiengottesdienste finden in diesem Advent auf dem Kirchplatz an der Pfarrkirche statt. Das Familiengottesdienst-Team hat sich rechtzeitig Gedanken gemacht, um die Gottesdienste im Freien wieder familiengerecht zu gestalten. Jonathans Reise in die Vergangenheit zu den Propheten des Alten Testamentes ist das Thema der diesj\u00e4hrigen Gottesdienste. Gerade die Propheten Jeremia\u2026","rel":"","context":"In &quot;Gottesdienste&quot;","block_context":{"text":"Gottesdienste","link":"https:\/\/www.pfarrei-due-wo.de\/?cat=2"},"img":{"alt_text":"","src":"https:\/\/i0.wp.com\/www.pfarrei-due-wo.de\/wp-content\/uploads\/2021\/11\/IMG_1688.jpg?fit=1200%2C900&ssl=1&resize=350%2C200","width":350,"height":200,"srcset":"https:\/\/i0.wp.com\/www.pfarrei-due-wo.de\/wp-content\/uploads\/2021\/11\/IMG_1688.jpg?fit=1200%2C900&ssl=1&resize=350%2C200 1x, https:\/\/i0.wp.com\/www.pfarrei-due-wo.de\/wp-content\/uploads\/2021\/11\/IMG_1688.jpg?fit=1200%2C900&ssl=1&resize=525%2C300 1.5x, https:\/\/i0.wp.com\/www.pfarrei-due-wo.de\/wp-content\/uploads\/2021\/11\/IMG_1688.jpg?fit=1200%2C900&ssl=1&resize=700%2C400 2x, https:\/\/i0.wp.com\/www.pfarrei-due-wo.de\/wp-content\/uploads\/2021\/11\/IMG_1688.jpg?fit=1200%2C900&ssl=1&resize=1050%2C600 3x"},"classes":[]},{"id":5512,"url":"https:\/\/www.pfarrei-due-wo.de\/?p=5512","url_meta":{"origin":8483,"position":1},"title":"Letzter Familiengottesdienst im Advent","author":"Matthias Heimler","date":"20. Dezember 2020","format":false,"excerpt":"Die Reihe der Familiengottesdienste im Advent fand ihren Abschluss an der Kapelle in Jeding. Viele Familien mit ihren Kindern waren der Einladung gefolgt. Das Familiengottesdienstteam hat auch diese Feier inhaltlich vorbereitet und gestaltet. Kinder und Eltern trugen das Evangelium von der Begegnung Marias mit dem Engel in verteilten Rollen vor.\u2026","rel":"","context":"In &quot;Gottesdienste&quot;","block_context":{"text":"Gottesdienste","link":"https:\/\/www.pfarrei-due-wo.de\/?cat=2"},"img":{"alt_text":"","src":"https:\/\/i0.wp.com\/www.pfarrei-due-wo.de\/wp-content\/uploads\/2020\/12\/2020.12.20-Jed-01-scaled.jpg?fit=1200%2C800&ssl=1&resize=350%2C200","width":350,"height":200,"srcset":"https:\/\/i0.wp.com\/www.pfarrei-due-wo.de\/wp-content\/uploads\/2020\/12\/2020.12.20-Jed-01-scaled.jpg?fit=1200%2C800&ssl=1&resize=350%2C200 1x, https:\/\/i0.wp.com\/www.pfarrei-due-wo.de\/wp-content\/uploads\/2020\/12\/2020.12.20-Jed-01-scaled.jpg?fit=1200%2C800&ssl=1&resize=525%2C300 1.5x, https:\/\/i0.wp.com\/www.pfarrei-due-wo.de\/wp-content\/uploads\/2020\/12\/2020.12.20-Jed-01-scaled.jpg?fit=1200%2C800&ssl=1&resize=700%2C400 2x, https:\/\/i0.wp.com\/www.pfarrei-due-wo.de\/wp-content\/uploads\/2020\/12\/2020.12.20-Jed-01-scaled.jpg?fit=1200%2C800&ssl=1&resize=1050%2C600 3x"},"classes":[]},{"id":11808,"url":"https:\/\/www.pfarrei-due-wo.de\/?p=11808","url_meta":{"origin":8483,"position":2},"title":"Kinder weben das Muster des Lebens","author":"Florian Schiessl","date":"16. Juli 2024","format":false,"excerpt":"Am Sonntag, dem 30.06.2024, waren die Kinder der Gemeinde mit ihren Familien zum Familiengottesdienst in die Pfarrkirche unter dem Motto \u201eDie Lebensf\u00e4den\u201c mit anschlie\u00dfendem Kirchen-Caf\u00e9 eingeladen. Die musikalische Umrahmung \u00fcbernahm der Jugendchor JuCho. \u00a0 \u201eWarum steht wohl dieser Webrahmen im Altarraum?\u201c, fragte Pfarrer Praun die zahlreichen Kinder, die in der\u2026","rel":"","context":"In &quot;Gottesdienste&quot;","block_context":{"text":"Gottesdienste","link":"https:\/\/www.pfarrei-due-wo.de\/?cat=2"},"img":{"alt_text":"","src":"https:\/\/i0.wp.com\/www.pfarrei-due-wo.de\/wp-content\/uploads\/2024\/07\/IMG_0973-scaled.jpg?fit=1200%2C900&ssl=1&resize=350%2C200","width":350,"height":200,"srcset":"https:\/\/i0.wp.com\/www.pfarrei-due-wo.de\/wp-content\/uploads\/2024\/07\/IMG_0973-scaled.jpg?fit=1200%2C900&ssl=1&resize=350%2C200 1x, https:\/\/i0.wp.com\/www.pfarrei-due-wo.de\/wp-content\/uploads\/2024\/07\/IMG_0973-scaled.jpg?fit=1200%2C900&ssl=1&resize=525%2C300 1.5x, https:\/\/i0.wp.com\/www.pfarrei-due-wo.de\/wp-content\/uploads\/2024\/07\/IMG_0973-scaled.jpg?fit=1200%2C900&ssl=1&resize=700%2C400 2x, https:\/\/i0.wp.com\/www.pfarrei-due-wo.de\/wp-content\/uploads\/2024\/07\/IMG_0973-scaled.jpg?fit=1200%2C900&ssl=1&resize=1050%2C600 3x"},"classes":[]},{"id":9184,"url":"https:\/\/www.pfarrei-due-wo.de\/?p=9184","url_meta":{"origin":8483,"position":3},"title":"Liebe ist grenzenlos &#8211; 50 Kinder nehmen an Kinderbibeltag teil","author":"Matthias Heimler","date":"25. M\u00e4rz 2023","format":false,"excerpt":"Das Familiengottesdienst-Team lud ein und viele Kinder kamen. Der Kinderbibeltag der Pfarrei machte Kleinen und Gro\u00dfen sichtlich Spa\u00df. Von einer spannenden Bibelgeschichte ging alles aus. Schon Monate voraus traf sich das Familiengottesdienst-Team zur Vorbereitung des Kinderbibeltags, der in diesem Jahr wieder einmal stattfinden sollte. Bis 2016 fanden diese Tage im\u2026","rel":"","context":"In &quot;Gottesdienste&quot;","block_context":{"text":"Gottesdienste","link":"https:\/\/www.pfarrei-due-wo.de\/?cat=2"},"img":{"alt_text":"","src":"https:\/\/i0.wp.com\/www.pfarrei-due-wo.de\/wp-content\/uploads\/2023\/03\/20230325_145222-scaled.jpg?fit=1200%2C675&ssl=1&resize=350%2C200","width":350,"height":200,"srcset":"https:\/\/i0.wp.com\/www.pfarrei-due-wo.de\/wp-content\/uploads\/2023\/03\/20230325_145222-scaled.jpg?fit=1200%2C675&ssl=1&resize=350%2C200 1x, https:\/\/i0.wp.com\/www.pfarrei-due-wo.de\/wp-content\/uploads\/2023\/03\/20230325_145222-scaled.jpg?fit=1200%2C675&ssl=1&resize=525%2C300 1.5x, https:\/\/i0.wp.com\/www.pfarrei-due-wo.de\/wp-content\/uploads\/2023\/03\/20230325_145222-scaled.jpg?fit=1200%2C675&ssl=1&resize=700%2C400 2x, https:\/\/i0.wp.com\/www.pfarrei-due-wo.de\/wp-content\/uploads\/2023\/03\/20230325_145222-scaled.jpg?fit=1200%2C675&ssl=1&resize=1050%2C600 3x"},"classes":[]},{"id":5383,"url":"https:\/\/www.pfarrei-due-wo.de\/?p=5383","url_meta":{"origin":8483,"position":4},"title":"Familiengottesdienst in Kn\u00f6lling","author":"Matthias Heimler","date":"9. Dezember 2020","format":false,"excerpt":"Am 2. Adventsonntag lud das Familiengottesdienst-Team zum zweiten Familiengottesdienst im Advent im Freien ein. Unter Einhaltung der Abstands- und Hygiene-Regeln war der Gottesdienst ein Erlebnis f\u00fcr Jung und Alt. Staunende Kinderaugen waren unter den Alltags-Masken zu sehen, als der Heilige Nikolaus w\u00e4hrend des Gottesdienstes den Kindern und Erwachsenen \u00fcber sein\u2026","rel":"","context":"In &quot;Gottesdienste&quot;","block_context":{"text":"Gottesdienste","link":"https:\/\/www.pfarrei-due-wo.de\/?cat=2"},"img":{"alt_text":"","src":"https:\/\/i0.wp.com\/www.pfarrei-due-wo.de\/wp-content\/uploads\/2020\/12\/IMG-20201206-WA0011.jpg?fit=1200%2C900&ssl=1&resize=350%2C200","width":350,"height":200,"srcset":"https:\/\/i0.wp.com\/www.pfarrei-due-wo.de\/wp-content\/uploads\/2020\/12\/IMG-20201206-WA0011.jpg?fit=1200%2C900&ssl=1&resize=350%2C200 1x, https:\/\/i0.wp.com\/www.pfarrei-due-wo.de\/wp-content\/uploads\/2020\/12\/IMG-20201206-WA0011.jpg?fit=1200%2C900&ssl=1&resize=525%2C300 1.5x, https:\/\/i0.wp.com\/www.pfarrei-due-wo.de\/wp-content\/uploads\/2020\/12\/IMG-20201206-WA0011.jpg?fit=1200%2C900&ssl=1&resize=700%2C400 2x, https:\/\/i0.wp.com\/www.pfarrei-due-wo.de\/wp-content\/uploads\/2020\/12\/IMG-20201206-WA0011.jpg?fit=1200%2C900&ssl=1&resize=1050%2C600 3x"},"classes":[]},{"id":4856,"url":"https:\/\/www.pfarrei-due-wo.de\/?p=4856","url_meta":{"origin":8483,"position":5},"title":"Familiengottesdienst zu Kirchweih","author":"Matthias Heimler","date":"5. Juli 2020","format":false,"excerpt":"Kirchweih anders feiern Nachdem die Corona-Pandemie die Feiern rund um die Kirchweih der Pfarrkirche der Pfarrei ins Wasser fallen haben lassen, haben sich Pfarrgemeinderat, Kirchenverwaltung, Familiengottesdienst-Team und DJK eine alternative Feierform einfallen lassen: Familiengottesdienst im Freien, Kirwa-Kit und Kirwa-Essen \"To Go\", Festgottesdienste mit musikalischer Gestaltung - alles versteht sich unter\u2026","rel":"","context":"In &quot;Gottesdienste&quot;","block_context":{"text":"Gottesdienste","link":"https:\/\/www.pfarrei-due-wo.de\/?cat=2"},"img":{"alt_text":"","src":"https:\/\/i0.wp.com\/www.pfarrei-due-wo.de\/wp-content\/uploads\/2020\/07\/IMG-20200705-WA0004.jpg?fit=1200%2C1200&ssl=1&resize=350%2C200","width":350,"height":200,"srcset":"https:\/\/i0.wp.com\/www.pfarrei-due-wo.de\/wp-content\/uploads\/2020\/07\/IMG-20200705-WA0004.jpg?fit=1200%2C1200&ssl=1&resize=350%2C200 1x, https:\/\/i0.wp.com\/www.pfarrei-due-wo.de\/wp-content\/uploads\/2020\/07\/IMG-20200705-WA0004.jpg?fit=1200%2C1200&ssl=1&resize=525%2C300 1.5x, https:\/\/i0.wp.com\/www.pfarrei-due-wo.de\/wp-content\/uploads\/2020\/07\/IMG-20200705-WA0004.jpg?fit=1200%2C1200&ssl=1&resize=700%2C400 2x, https:\/\/i0.wp.com\/www.pfarrei-due-wo.de\/wp-content\/uploads\/2020\/07\/IMG-20200705-WA0004.jpg?fit=1200%2C1200&ssl=1&resize=1050%2C600 3x"},"classes":[]}],"publishpress_future_action":{"enabled":false,"date":"2026-05-07 14:33:52","action":"change-status","newStatus":"draft","terms":[],"taxonomy":"category","extraData":[]},"publishpress_future_workflow_manual_trigger":{"enabledWorkflows":[]},"_links":{"self":[{"href":"https:\/\/www.pfarrei-due-wo.de\/index.php?rest_route=\/wp\/v2\/posts\/8483","targetHints":{"allow":["GET"]}}],"collection":[{"href":"https:\/\/www.pfarrei-due-wo.de\/index.php?rest_route=\/wp\/v2\/posts"}],"about":[{"href":"https:\/\/www.pfarrei-due-wo.de\/index.php?rest_route=\/wp\/v2\/types\/post"}],"author":[{"embeddable":true,"href":"https:\/\/www.pfarrei-due-wo.de\/index.php?rest_route=\/wp\/v2\/users\/4"}],"replies":[{"embeddable":true,"href":"https:\/\/www.pfarrei-due-wo.de\/index.php?rest_route=%2Fwp%2Fv2%2Fcomments&post=8483"}],"version-history":[{"count":6,"href":"https:\/\/www.pfarrei-due-wo.de\/index.php?rest_route=\/wp\/v2\/posts\/8483\/revisions"}],"predecessor-version":[{"id":8589,"href":"https:\/\/www.pfarrei-due-wo.de\/index.php?rest_route=\/wp\/v2\/posts\/8483\/revisions\/8589"}],"wp:featuredmedia":[{"embeddable":true,"href":"https:\/\/www.pfarrei-due-wo.de\/index.php?rest_route=\/wp\/v2\/media\/8585"}],"wp:attachment":[{"href":"https:\/\/www.pfarrei-due-wo.de\/index.php?rest_route=%2Fwp%2Fv2%2Fmedia&parent=8483"}],"wp:term":[{"taxonomy":"category","embeddable":true,"href":"https:\/\/www.pfarrei-due-wo.de\/index.php?rest_route=%2Fwp%2Fv2%2Fcategories&post=8483"},{"taxonomy":"post_tag","embeddable":true,"href":"https:\/\/www.pfarrei-due-wo.de\/index.php?rest_route=%2Fwp%2Fv2%2Ftags&post=8483"}],"curies":[{"name":"wp","href":"https:\/\/api.w.org\/{rel}","templated":true}]}}