{"id":8144,"date":"2022-10-02T21:52:31","date_gmt":"2022-10-02T19:52:31","guid":{"rendered":"https:\/\/www.pfarrei-due-wo.de\/?p=8144"},"modified":"2022-10-14T13:21:14","modified_gmt":"2022-10-14T11:21:14","slug":"erntedank-mehr-als-ein-frommes-ritual","status":"publish","type":"post","link":"https:\/\/www.pfarrei-due-wo.de\/?p=8144","title":{"rendered":"Erntedank &#8211; mehr als ein frommes Ritual"},"content":{"rendered":"<p>Zum Erntedanksonntag wurden wieder von flei\u00dfigen Helferinnen und Helfern eine gro\u00dfartige Auswahl von Gem\u00fcse und Obst in den Kirchen der Pfarrei aufgebaut. Obwohl die Wasserknappheit in in unserer Gegend diesem Sommer deutlich zu sp\u00fcren war, ist vieles gewachsen, was uns n\u00e4hren kann. Dankbarkeit, das ist kein frommes Ritual im Lauf des Kirchenjahrs, sondern es ist eine Haltung. Wer dankbar ist, der wei\u00df die Dinge wertzusch\u00e4tzen. Und wer Wertsch\u00e4tzung sp\u00fcren kann, der begenet darin dem Sch\u00f6pfer, so Pfarrer Hoch in seiner Predigt.<\/p>\n<div class=\"tiled-gallery type-rectangular tiled-gallery-unresized\" data-original-width=\"750\" data-carousel-extra='{&quot;blog_id&quot;:1,&quot;permalink&quot;:&quot;https:\\\/\\\/www.pfarrei-due-wo.de\\\/?p=8144&quot;,&quot;likes_blog_id&quot;:128606674}' itemscope itemtype=\"http:\/\/schema.org\/ImageGallery\" > <div class=\"gallery-row\" style=\"width: 750px; height: 279px;\" data-original-width=\"750\" data-original-height=\"279\" > <div class=\"gallery-group images-1\" style=\"width: 188px; height: 279px;\" data-original-width=\"188\" data-original-height=\"279\" > <div class=\"tiled-gallery-item tiled-gallery-item-small\" itemprop=\"associatedMedia\" itemscope itemtype=\"http:\/\/schema.org\/ImageObject\"> <a href=\"https:\/\/www.pfarrei-due-wo.de\/?attachment_id=8143\" border=\"0\" itemprop=\"url\"> <meta itemprop=\"width\" content=\"184\"> <meta itemprop=\"height\" content=\"275\"> <img decoding=\"async\" class=\"\" data-attachment-id=\"8143\" data-orig-file=\"https:\/\/www.pfarrei-due-wo.de\/wp-content\/uploads\/2022\/10\/2022.09.30-05-Wo-scaled.jpg\" data-orig-size=\"1707,2560\" data-comments-opened=\"\" data-image-meta=\"{&quot;aperture&quot;:&quot;5.6&quot;,&quot;credit&quot;:&quot;&quot;,&quot;camera&quot;:&quot;Canon EOS 550D&quot;,&quot;caption&quot;:&quot;&quot;,&quot;created_timestamp&quot;:&quot;1664554184&quot;,&quot;copyright&quot;:&quot;&quot;,&quot;focal_length&quot;:&quot;27&quot;,&quot;iso&quot;:&quot;2500&quot;,&quot;shutter_speed&quot;:&quot;0.025&quot;,&quot;title&quot;:&quot;&quot;,&quot;orientation&quot;:&quot;1&quot;}\" data-image-title=\"Erntedank 2022\" data-image-description=\"&lt;p&gt;Foto: Johann Heimler&lt;\/p&gt; \" data-medium-file=\"https:\/\/i0.wp.com\/www.pfarrei-due-wo.de\/wp-content\/uploads\/2022\/10\/2022.09.30-05-Wo-scaled.jpg?fit=200%2C300&#038;ssl=1\" data-large-file=\"https:\/\/i0.wp.com\/www.pfarrei-due-wo.de\/wp-content\/uploads\/2022\/10\/2022.09.30-05-Wo-scaled.jpg?fit=683%2C1024&#038;ssl=1\" src=\"https:\/\/i0.wp.com\/www.pfarrei-due-wo.de\/wp-content\/uploads\/2022\/10\/2022.09.30-05-Wo-scaled.jpg?w=184&#038;h=275&#038;ssl=1\" srcset=\"https:\/\/i0.wp.com\/www.pfarrei-due-wo.de\/wp-content\/uploads\/2022\/10\/2022.09.30-05-Wo-scaled.jpg?w=1707&amp;ssl=1 1707w, https:\/\/i0.wp.com\/www.pfarrei-due-wo.de\/wp-content\/uploads\/2022\/10\/2022.09.30-05-Wo-scaled.jpg?resize=200%2C300&amp;ssl=1 200w, https:\/\/i0.wp.com\/www.pfarrei-due-wo.de\/wp-content\/uploads\/2022\/10\/2022.09.30-05-Wo-scaled.jpg?resize=683%2C1024&amp;ssl=1 683w, https:\/\/i0.wp.com\/www.pfarrei-due-wo.de\/wp-content\/uploads\/2022\/10\/2022.09.30-05-Wo-scaled.jpg?resize=768%2C1152&amp;ssl=1 768w, https:\/\/i0.wp.com\/www.pfarrei-due-wo.de\/wp-content\/uploads\/2022\/10\/2022.09.30-05-Wo-scaled.jpg?resize=1024%2C1536&amp;ssl=1 1024w, https:\/\/i0.wp.com\/www.pfarrei-due-wo.de\/wp-content\/uploads\/2022\/10\/2022.09.30-05-Wo-scaled.jpg?resize=1365%2C2048&amp;ssl=1 1365w, https:\/\/i0.wp.com\/www.pfarrei-due-wo.de\/wp-content\/uploads\/2022\/10\/2022.09.30-05-Wo-scaled.jpg?w=1500&amp;ssl=1 1500w\" width=\"184\" height=\"275\" loading=\"lazy\" data-original-width=\"184\" data-original-height=\"275\" itemprop=\"http:\/\/schema.org\/image\" title=\"Erntedank 2022\" alt=\"Erntedank 2022\" style=\"width: 184px; height: 275px;\" \/> <\/a> <\/div> <\/div> <!-- close group --> <div class=\"gallery-group images-1\" style=\"width: 188px; height: 279px;\" data-original-width=\"188\" data-original-height=\"279\" > <div class=\"tiled-gallery-item tiled-gallery-item-small\" itemprop=\"associatedMedia\" itemscope itemtype=\"http:\/\/schema.org\/ImageObject\"> <a href=\"https:\/\/www.pfarrei-due-wo.de\/?attachment_id=8135\" border=\"0\" itemprop=\"url\"> <meta itemprop=\"width\" content=\"184\"> <meta itemprop=\"height\" content=\"275\"> <img decoding=\"async\" class=\"\" data-attachment-id=\"8135\" data-orig-file=\"https:\/\/www.pfarrei-due-wo.de\/wp-content\/uploads\/2022\/10\/2022.10.02-03-EDue-scaled.jpg\" data-orig-size=\"1707,2560\" data-comments-opened=\"\" data-image-meta=\"{&quot;aperture&quot;:&quot;5.6&quot;,&quot;credit&quot;:&quot;&quot;,&quot;camera&quot;:&quot;Canon EOS 700D&quot;,&quot;caption&quot;:&quot;&quot;,&quot;created_timestamp&quot;:&quot;1664701057&quot;,&quot;copyright&quot;:&quot;&quot;,&quot;focal_length&quot;:&quot;18&quot;,&quot;iso&quot;:&quot;500&quot;,&quot;shutter_speed&quot;:&quot;0.033333333333333&quot;,&quot;title&quot;:&quot;&quot;,&quot;orientation&quot;:&quot;1&quot;}\" data-image-title=\"Erntedank 2022\" data-image-description=\"&lt;p&gt;Foto: Johann Heimler&lt;\/p&gt; \" data-medium-file=\"https:\/\/i0.wp.com\/www.pfarrei-due-wo.de\/wp-content\/uploads\/2022\/10\/2022.10.02-03-EDue-scaled.jpg?fit=200%2C300&#038;ssl=1\" data-large-file=\"https:\/\/i0.wp.com\/www.pfarrei-due-wo.de\/wp-content\/uploads\/2022\/10\/2022.10.02-03-EDue-scaled.jpg?fit=683%2C1024&#038;ssl=1\" src=\"https:\/\/i0.wp.com\/www.pfarrei-due-wo.de\/wp-content\/uploads\/2022\/10\/2022.10.02-03-EDue-scaled.jpg?w=184&#038;h=275&#038;ssl=1\" srcset=\"https:\/\/i0.wp.com\/www.pfarrei-due-wo.de\/wp-content\/uploads\/2022\/10\/2022.10.02-03-EDue-scaled.jpg?w=1707&amp;ssl=1 1707w, https:\/\/i0.wp.com\/www.pfarrei-due-wo.de\/wp-content\/uploads\/2022\/10\/2022.10.02-03-EDue-scaled.jpg?resize=200%2C300&amp;ssl=1 200w, https:\/\/i0.wp.com\/www.pfarrei-due-wo.de\/wp-content\/uploads\/2022\/10\/2022.10.02-03-EDue-scaled.jpg?resize=683%2C1024&amp;ssl=1 683w, https:\/\/i0.wp.com\/www.pfarrei-due-wo.de\/wp-content\/uploads\/2022\/10\/2022.10.02-03-EDue-scaled.jpg?resize=768%2C1152&amp;ssl=1 768w, https:\/\/i0.wp.com\/www.pfarrei-due-wo.de\/wp-content\/uploads\/2022\/10\/2022.10.02-03-EDue-scaled.jpg?resize=1024%2C1536&amp;ssl=1 1024w, https:\/\/i0.wp.com\/www.pfarrei-due-wo.de\/wp-content\/uploads\/2022\/10\/2022.10.02-03-EDue-scaled.jpg?resize=1365%2C2048&amp;ssl=1 1365w, https:\/\/i0.wp.com\/www.pfarrei-due-wo.de\/wp-content\/uploads\/2022\/10\/2022.10.02-03-EDue-scaled.jpg?w=1500&amp;ssl=1 1500w\" width=\"184\" height=\"275\" loading=\"lazy\" data-original-width=\"184\" data-original-height=\"275\" itemprop=\"http:\/\/schema.org\/image\" title=\"Erntedank 2022\" alt=\"Erntedank 2022\" style=\"width: 184px; height: 275px;\" \/> <\/a> <\/div> <\/div> <!-- close group --> <div class=\"gallery-group images-1\" style=\"width: 187px; height: 279px;\" data-original-width=\"187\" data-original-height=\"279\" > <div class=\"tiled-gallery-item tiled-gallery-item-small\" itemprop=\"associatedMedia\" itemscope itemtype=\"http:\/\/schema.org\/ImageObject\"> <a href=\"https:\/\/www.pfarrei-due-wo.de\/?attachment_id=8134\" border=\"0\" itemprop=\"url\"> <meta itemprop=\"width\" content=\"183\"> <meta itemprop=\"height\" content=\"275\"> <img decoding=\"async\" class=\"\" data-attachment-id=\"8134\" data-orig-file=\"https:\/\/www.pfarrei-due-wo.de\/wp-content\/uploads\/2022\/10\/2022.10.02-02-EDue-scaled.jpg\" data-orig-size=\"1706,2560\" data-comments-opened=\"\" data-image-meta=\"{&quot;aperture&quot;:&quot;5.6&quot;,&quot;credit&quot;:&quot;&quot;,&quot;camera&quot;:&quot;Canon EOS 700D&quot;,&quot;caption&quot;:&quot;&quot;,&quot;created_timestamp&quot;:&quot;1664700886&quot;,&quot;copyright&quot;:&quot;&quot;,&quot;focal_length&quot;:&quot;18&quot;,&quot;iso&quot;:&quot;2000&quot;,&quot;shutter_speed&quot;:&quot;0.033333333333333&quot;,&quot;title&quot;:&quot;&quot;,&quot;orientation&quot;:&quot;1&quot;}\" data-image-title=\"Erntedank 2022\" data-image-description=\"&lt;p&gt;Foto: Johann Heimler&lt;\/p&gt; \" data-medium-file=\"https:\/\/i0.wp.com\/www.pfarrei-due-wo.de\/wp-content\/uploads\/2022\/10\/2022.10.02-02-EDue-scaled.jpg?fit=200%2C300&#038;ssl=1\" data-large-file=\"https:\/\/i0.wp.com\/www.pfarrei-due-wo.de\/wp-content\/uploads\/2022\/10\/2022.10.02-02-EDue-scaled.jpg?fit=683%2C1024&#038;ssl=1\" src=\"https:\/\/i0.wp.com\/www.pfarrei-due-wo.de\/wp-content\/uploads\/2022\/10\/2022.10.02-02-EDue-scaled.jpg?w=183&#038;h=275&#038;ssl=1\" srcset=\"https:\/\/i0.wp.com\/www.pfarrei-due-wo.de\/wp-content\/uploads\/2022\/10\/2022.10.02-02-EDue-scaled.jpg?w=1706&amp;ssl=1 1706w, https:\/\/i0.wp.com\/www.pfarrei-due-wo.de\/wp-content\/uploads\/2022\/10\/2022.10.02-02-EDue-scaled.jpg?resize=200%2C300&amp;ssl=1 200w, https:\/\/i0.wp.com\/www.pfarrei-due-wo.de\/wp-content\/uploads\/2022\/10\/2022.10.02-02-EDue-scaled.jpg?resize=683%2C1024&amp;ssl=1 683w, https:\/\/i0.wp.com\/www.pfarrei-due-wo.de\/wp-content\/uploads\/2022\/10\/2022.10.02-02-EDue-scaled.jpg?resize=768%2C1152&amp;ssl=1 768w, https:\/\/i0.wp.com\/www.pfarrei-due-wo.de\/wp-content\/uploads\/2022\/10\/2022.10.02-02-EDue-scaled.jpg?resize=1024%2C1536&amp;ssl=1 1024w, https:\/\/i0.wp.com\/www.pfarrei-due-wo.de\/wp-content\/uploads\/2022\/10\/2022.10.02-02-EDue-scaled.jpg?resize=1365%2C2048&amp;ssl=1 1365w, https:\/\/i0.wp.com\/www.pfarrei-due-wo.de\/wp-content\/uploads\/2022\/10\/2022.10.02-02-EDue-scaled.jpg?w=1500&amp;ssl=1 1500w\" width=\"183\" height=\"275\" loading=\"lazy\" data-original-width=\"183\" data-original-height=\"275\" itemprop=\"http:\/\/schema.org\/image\" title=\"Erntedank 2022\" alt=\"Erntedank 2022\" style=\"width: 183px; height: 275px;\" \/> <\/a> <\/div> <\/div> <!-- close group --> <div class=\"gallery-group images-1\" style=\"width: 187px; height: 279px;\" data-original-width=\"187\" data-original-height=\"279\" > <div class=\"tiled-gallery-item tiled-gallery-item-small\" itemprop=\"associatedMedia\" itemscope itemtype=\"http:\/\/schema.org\/ImageObject\"> <a href=\"https:\/\/www.pfarrei-due-wo.de\/?attachment_id=8133\" border=\"0\" itemprop=\"url\"> <meta itemprop=\"width\" content=\"183\"> <meta itemprop=\"height\" content=\"275\"> <img decoding=\"async\" class=\"\" data-attachment-id=\"8133\" data-orig-file=\"https:\/\/www.pfarrei-due-wo.de\/wp-content\/uploads\/2022\/10\/2022.10.02-04-Hoe-scaled.jpg\" data-orig-size=\"1707,2560\" data-comments-opened=\"\" data-image-meta=\"{&quot;aperture&quot;:&quot;5.6&quot;,&quot;credit&quot;:&quot;&quot;,&quot;camera&quot;:&quot;Canon EOS 550D&quot;,&quot;caption&quot;:&quot;&quot;,&quot;created_timestamp&quot;:&quot;1664803659&quot;,&quot;copyright&quot;:&quot;&quot;,&quot;focal_length&quot;:&quot;27&quot;,&quot;iso&quot;:&quot;1600&quot;,&quot;shutter_speed&quot;:&quot;0.025&quot;,&quot;title&quot;:&quot;&quot;,&quot;orientation&quot;:&quot;1&quot;}\" data-image-title=\"Erntedank 2022\" data-image-description=\"&lt;p&gt;Foto: Johann Heimler&lt;\/p&gt; \" data-medium-file=\"https:\/\/i0.wp.com\/www.pfarrei-due-wo.de\/wp-content\/uploads\/2022\/10\/2022.10.02-04-Hoe-scaled.jpg?fit=200%2C300&#038;ssl=1\" data-large-file=\"https:\/\/i0.wp.com\/www.pfarrei-due-wo.de\/wp-content\/uploads\/2022\/10\/2022.10.02-04-Hoe-scaled.jpg?fit=683%2C1024&#038;ssl=1\" src=\"https:\/\/i0.wp.com\/www.pfarrei-due-wo.de\/wp-content\/uploads\/2022\/10\/2022.10.02-04-Hoe-scaled.jpg?w=183&#038;h=275&#038;ssl=1\" srcset=\"https:\/\/i0.wp.com\/www.pfarrei-due-wo.de\/wp-content\/uploads\/2022\/10\/2022.10.02-04-Hoe-scaled.jpg?w=1707&amp;ssl=1 1707w, https:\/\/i0.wp.com\/www.pfarrei-due-wo.de\/wp-content\/uploads\/2022\/10\/2022.10.02-04-Hoe-scaled.jpg?resize=200%2C300&amp;ssl=1 200w, https:\/\/i0.wp.com\/www.pfarrei-due-wo.de\/wp-content\/uploads\/2022\/10\/2022.10.02-04-Hoe-scaled.jpg?resize=683%2C1024&amp;ssl=1 683w, https:\/\/i0.wp.com\/www.pfarrei-due-wo.de\/wp-content\/uploads\/2022\/10\/2022.10.02-04-Hoe-scaled.jpg?resize=768%2C1152&amp;ssl=1 768w, https:\/\/i0.wp.com\/www.pfarrei-due-wo.de\/wp-content\/uploads\/2022\/10\/2022.10.02-04-Hoe-scaled.jpg?resize=1024%2C1536&amp;ssl=1 1024w, https:\/\/i0.wp.com\/www.pfarrei-due-wo.de\/wp-content\/uploads\/2022\/10\/2022.10.02-04-Hoe-scaled.jpg?resize=1365%2C2048&amp;ssl=1 1365w, https:\/\/i0.wp.com\/www.pfarrei-due-wo.de\/wp-content\/uploads\/2022\/10\/2022.10.02-04-Hoe-scaled.jpg?w=1500&amp;ssl=1 1500w\" width=\"183\" height=\"275\" loading=\"lazy\" data-original-width=\"183\" data-original-height=\"275\" itemprop=\"http:\/\/schema.org\/image\" title=\"Erntedank 2022\" alt=\"Erntedank 2022\" style=\"width: 183px; height: 275px;\" \/> <\/a> <\/div> <\/div> <!-- close group --> <\/div> <!-- close row --> <div class=\"gallery-row\" style=\"width: 750px; height: 346px;\" data-original-width=\"750\" data-original-height=\"346\" > <div class=\"gallery-group images-1\" style=\"width: 518px; height: 346px;\" data-original-width=\"518\" data-original-height=\"346\" > <div class=\"tiled-gallery-item tiled-gallery-item-large\" itemprop=\"associatedMedia\" itemscope itemtype=\"http:\/\/schema.org\/ImageObject\"> <a href=\"https:\/\/www.pfarrei-due-wo.de\/?attachment_id=8132\" border=\"0\" itemprop=\"url\"> <meta itemprop=\"width\" content=\"514\"> <meta itemprop=\"height\" content=\"342\"> <img decoding=\"async\" class=\"\" data-attachment-id=\"8132\" data-orig-file=\"https:\/\/www.pfarrei-due-wo.de\/wp-content\/uploads\/2022\/10\/2022.10.02-01-Hoe-scaled.jpg\" data-orig-size=\"2560,1707\" data-comments-opened=\"\" data-image-meta=\"{&quot;aperture&quot;:&quot;5.6&quot;,&quot;credit&quot;:&quot;&quot;,&quot;camera&quot;:&quot;Canon EOS 550D&quot;,&quot;caption&quot;:&quot;&quot;,&quot;created_timestamp&quot;:&quot;1664803679&quot;,&quot;copyright&quot;:&quot;&quot;,&quot;focal_length&quot;:&quot;53&quot;,&quot;iso&quot;:&quot;3200&quot;,&quot;shutter_speed&quot;:&quot;0.025&quot;,&quot;title&quot;:&quot;&quot;,&quot;orientation&quot;:&quot;1&quot;}\" data-image-title=\"Erntedank 2022\" data-image-description=\"&lt;p&gt;Foto: Johann Heimler&lt;\/p&gt; \" data-medium-file=\"https:\/\/i0.wp.com\/www.pfarrei-due-wo.de\/wp-content\/uploads\/2022\/10\/2022.10.02-01-Hoe-scaled.jpg?fit=300%2C200&#038;ssl=1\" data-large-file=\"https:\/\/i0.wp.com\/www.pfarrei-due-wo.de\/wp-content\/uploads\/2022\/10\/2022.10.02-01-Hoe-scaled.jpg?fit=750%2C500&#038;ssl=1\" src=\"https:\/\/i0.wp.com\/www.pfarrei-due-wo.de\/wp-content\/uploads\/2022\/10\/2022.10.02-01-Hoe-scaled.jpg?w=514&#038;h=342&#038;ssl=1\" srcset=\"https:\/\/i0.wp.com\/www.pfarrei-due-wo.de\/wp-content\/uploads\/2022\/10\/2022.10.02-01-Hoe-scaled.jpg?w=2560&amp;ssl=1 2560w, https:\/\/i0.wp.com\/www.pfarrei-due-wo.de\/wp-content\/uploads\/2022\/10\/2022.10.02-01-Hoe-scaled.jpg?resize=300%2C200&amp;ssl=1 300w, https:\/\/i0.wp.com\/www.pfarrei-due-wo.de\/wp-content\/uploads\/2022\/10\/2022.10.02-01-Hoe-scaled.jpg?resize=1024%2C683&amp;ssl=1 1024w, https:\/\/i0.wp.com\/www.pfarrei-due-wo.de\/wp-content\/uploads\/2022\/10\/2022.10.02-01-Hoe-scaled.jpg?resize=768%2C512&amp;ssl=1 768w, https:\/\/i0.wp.com\/www.pfarrei-due-wo.de\/wp-content\/uploads\/2022\/10\/2022.10.02-01-Hoe-scaled.jpg?resize=1536%2C1024&amp;ssl=1 1536w, https:\/\/i0.wp.com\/www.pfarrei-due-wo.de\/wp-content\/uploads\/2022\/10\/2022.10.02-01-Hoe-scaled.jpg?resize=2048%2C1365&amp;ssl=1 2048w, https:\/\/i0.wp.com\/www.pfarrei-due-wo.de\/wp-content\/uploads\/2022\/10\/2022.10.02-01-Hoe-scaled.jpg?w=2250&amp;ssl=1 2250w\" width=\"514\" height=\"342\" loading=\"lazy\" data-original-width=\"514\" data-original-height=\"342\" itemprop=\"http:\/\/schema.org\/image\" title=\"Erntedank 2022\" alt=\"Erntedank 2022\" style=\"width: 514px; height: 342px;\" \/> <\/a> <\/div> <\/div> <!-- close group --> <div class=\"gallery-group images-1\" style=\"width: 232px; height: 346px;\" data-original-width=\"232\" data-original-height=\"346\" > <div class=\"tiled-gallery-item tiled-gallery-item-small\" itemprop=\"associatedMedia\" itemscope itemtype=\"http:\/\/schema.org\/ImageObject\"> <a href=\"https:\/\/www.pfarrei-due-wo.de\/?attachment_id=8131\" border=\"0\" itemprop=\"url\"> <meta itemprop=\"width\" content=\"228\"> <meta itemprop=\"height\" content=\"342\"> <img decoding=\"async\" class=\"\" data-attachment-id=\"8131\" data-orig-file=\"https:\/\/www.pfarrei-due-wo.de\/wp-content\/uploads\/2022\/10\/2022.09.30-06-Wo-scaled.jpg\" data-orig-size=\"1707,2560\" data-comments-opened=\"\" data-image-meta=\"{&quot;aperture&quot;:&quot;5.6&quot;,&quot;credit&quot;:&quot;&quot;,&quot;camera&quot;:&quot;Canon EOS 550D&quot;,&quot;caption&quot;:&quot;&quot;,&quot;created_timestamp&quot;:&quot;1664554248&quot;,&quot;copyright&quot;:&quot;&quot;,&quot;focal_length&quot;:&quot;27&quot;,&quot;iso&quot;:&quot;2000&quot;,&quot;shutter_speed&quot;:&quot;0.025&quot;,&quot;title&quot;:&quot;&quot;,&quot;orientation&quot;:&quot;1&quot;}\" data-image-title=\"Erntedank 2022\" data-image-description=\"&lt;p&gt;Foto: Johann Heimler&lt;\/p&gt; \" data-medium-file=\"https:\/\/i0.wp.com\/www.pfarrei-due-wo.de\/wp-content\/uploads\/2022\/10\/2022.09.30-06-Wo-scaled.jpg?fit=200%2C300&#038;ssl=1\" data-large-file=\"https:\/\/i0.wp.com\/www.pfarrei-due-wo.de\/wp-content\/uploads\/2022\/10\/2022.09.30-06-Wo-scaled.jpg?fit=683%2C1024&#038;ssl=1\" src=\"https:\/\/i0.wp.com\/www.pfarrei-due-wo.de\/wp-content\/uploads\/2022\/10\/2022.09.30-06-Wo-scaled.jpg?w=228&#038;h=342&#038;ssl=1\" srcset=\"https:\/\/i0.wp.com\/www.pfarrei-due-wo.de\/wp-content\/uploads\/2022\/10\/2022.09.30-06-Wo-scaled.jpg?w=1707&amp;ssl=1 1707w, https:\/\/i0.wp.com\/www.pfarrei-due-wo.de\/wp-content\/uploads\/2022\/10\/2022.09.30-06-Wo-scaled.jpg?resize=200%2C300&amp;ssl=1 200w, https:\/\/i0.wp.com\/www.pfarrei-due-wo.de\/wp-content\/uploads\/2022\/10\/2022.09.30-06-Wo-scaled.jpg?resize=683%2C1024&amp;ssl=1 683w, https:\/\/i0.wp.com\/www.pfarrei-due-wo.de\/wp-content\/uploads\/2022\/10\/2022.09.30-06-Wo-scaled.jpg?resize=768%2C1152&amp;ssl=1 768w, https:\/\/i0.wp.com\/www.pfarrei-due-wo.de\/wp-content\/uploads\/2022\/10\/2022.09.30-06-Wo-scaled.jpg?resize=1024%2C1536&amp;ssl=1 1024w, https:\/\/i0.wp.com\/www.pfarrei-due-wo.de\/wp-content\/uploads\/2022\/10\/2022.09.30-06-Wo-scaled.jpg?resize=1365%2C2048&amp;ssl=1 1365w, https:\/\/i0.wp.com\/www.pfarrei-due-wo.de\/wp-content\/uploads\/2022\/10\/2022.09.30-06-Wo-scaled.jpg?w=1500&amp;ssl=1 1500w\" width=\"228\" height=\"342\" loading=\"lazy\" data-original-width=\"228\" data-original-height=\"342\" itemprop=\"http:\/\/schema.org\/image\" title=\"Erntedank 2022\" alt=\"Erntedank 2022\" style=\"width: 228px; height: 342px;\" \/> <\/a> <\/div> <\/div> <!-- close group --> <\/div> <!-- close row --> <\/div>\n<p>In die Pfarrkirche waren Kinder mit ihren Familien eingeladen. Viele sind der Einladung gefolgt und haben den Gottesdienst mitgefeiert. Pfr. Hoch erz\u00e4hlte den Kindern die Geschichte vom &#8222;Kleinen Dank&#8220; und w\u00fcnschte ihnen, diesen kleinen Dank in sich zu sp\u00fcren, damit sie ihn auch weiterschenken k\u00f6nnen. Die F\u00fcrbitten wurden von den Kindern vorgetragen. Zur Eucharistiefeier versammelten sich die Kinder um den Altar, wo sie auch gemeinsam das Vaterunser-Gebet mit Gesten sangen. Der Kirchenchor gestaltete den Gottesdienst mit passenden Liedern und Ges\u00e4ngen. Am Ende des Familiengottesdienstes teilten Mitglieder des Katholischen Landvolks Blumensamen und frische Brotscheiben an die Kinder aus &#8211; ein Leckerbissen den alle gerne mitnahmen.<\/p>\n<div class=\"tiled-gallery type-rectangular tiled-gallery-unresized\" data-original-width=\"750\" data-carousel-extra='{&quot;blog_id&quot;:1,&quot;permalink&quot;:&quot;https:\\\/\\\/www.pfarrei-due-wo.de\\\/?p=8144&quot;,&quot;likes_blog_id&quot;:128606674}' itemscope itemtype=\"http:\/\/schema.org\/ImageGallery\" > <div class=\"gallery-row\" style=\"width: 750px; height: 335px;\" data-original-width=\"750\" data-original-height=\"335\" > <div class=\"gallery-group images-1\" style=\"width: 501px; height: 335px;\" data-original-width=\"501\" data-original-height=\"335\" > <div class=\"tiled-gallery-item tiled-gallery-item-large\" itemprop=\"associatedMedia\" itemscope itemtype=\"http:\/\/schema.org\/ImageObject\"> <a href=\"https:\/\/www.pfarrei-due-wo.de\/?attachment_id=8136\" border=\"0\" itemprop=\"url\"> <meta itemprop=\"width\" content=\"497\"> <meta itemprop=\"height\" content=\"331\"> <img decoding=\"async\" class=\"\" data-attachment-id=\"8136\" data-orig-file=\"https:\/\/www.pfarrei-due-wo.de\/wp-content\/uploads\/2022\/10\/2022.10.02-06-EDue-scaled.jpg\" data-orig-size=\"2560,1707\" data-comments-opened=\"\" data-image-meta=\"{&quot;aperture&quot;:&quot;5.6&quot;,&quot;credit&quot;:&quot;&quot;,&quot;camera&quot;:&quot;Canon EOS 700D&quot;,&quot;caption&quot;:&quot;&quot;,&quot;created_timestamp&quot;:&quot;1664701525&quot;,&quot;copyright&quot;:&quot;&quot;,&quot;focal_length&quot;:&quot;18&quot;,&quot;iso&quot;:&quot;2500&quot;,&quot;shutter_speed&quot;:&quot;0.033333333333333&quot;,&quot;title&quot;:&quot;&quot;,&quot;orientation&quot;:&quot;1&quot;}\" data-image-title=\"Erntedank 2022\" data-image-description=\"&lt;p&gt;Foto: Johann Heimler&lt;\/p&gt; \" data-medium-file=\"https:\/\/i0.wp.com\/www.pfarrei-due-wo.de\/wp-content\/uploads\/2022\/10\/2022.10.02-06-EDue-scaled.jpg?fit=300%2C200&#038;ssl=1\" data-large-file=\"https:\/\/i0.wp.com\/www.pfarrei-due-wo.de\/wp-content\/uploads\/2022\/10\/2022.10.02-06-EDue-scaled.jpg?fit=750%2C500&#038;ssl=1\" src=\"https:\/\/i0.wp.com\/www.pfarrei-due-wo.de\/wp-content\/uploads\/2022\/10\/2022.10.02-06-EDue-scaled.jpg?w=497&#038;h=331&#038;ssl=1\" srcset=\"https:\/\/i0.wp.com\/www.pfarrei-due-wo.de\/wp-content\/uploads\/2022\/10\/2022.10.02-06-EDue-scaled.jpg?w=2560&amp;ssl=1 2560w, https:\/\/i0.wp.com\/www.pfarrei-due-wo.de\/wp-content\/uploads\/2022\/10\/2022.10.02-06-EDue-scaled.jpg?resize=300%2C200&amp;ssl=1 300w, https:\/\/i0.wp.com\/www.pfarrei-due-wo.de\/wp-content\/uploads\/2022\/10\/2022.10.02-06-EDue-scaled.jpg?resize=1024%2C683&amp;ssl=1 1024w, https:\/\/i0.wp.com\/www.pfarrei-due-wo.de\/wp-content\/uploads\/2022\/10\/2022.10.02-06-EDue-scaled.jpg?resize=768%2C512&amp;ssl=1 768w, https:\/\/i0.wp.com\/www.pfarrei-due-wo.de\/wp-content\/uploads\/2022\/10\/2022.10.02-06-EDue-scaled.jpg?resize=1536%2C1024&amp;ssl=1 1536w, https:\/\/i0.wp.com\/www.pfarrei-due-wo.de\/wp-content\/uploads\/2022\/10\/2022.10.02-06-EDue-scaled.jpg?resize=2048%2C1365&amp;ssl=1 2048w, https:\/\/i0.wp.com\/www.pfarrei-due-wo.de\/wp-content\/uploads\/2022\/10\/2022.10.02-06-EDue-scaled.jpg?w=2250&amp;ssl=1 2250w\" width=\"497\" height=\"331\" loading=\"lazy\" data-original-width=\"497\" data-original-height=\"331\" itemprop=\"http:\/\/schema.org\/image\" title=\"Erntedank 2022\" alt=\"Erntedank 2022\" style=\"width: 497px; height: 331px;\" \/> <\/a> <\/div> <\/div> <!-- close group --> <div class=\"gallery-group images-2\" style=\"width: 249px; height: 335px;\" data-original-width=\"249\" data-original-height=\"335\" > <div class=\"tiled-gallery-item tiled-gallery-item-small\" itemprop=\"associatedMedia\" itemscope itemtype=\"http:\/\/schema.org\/ImageObject\"> <a href=\"https:\/\/www.pfarrei-due-wo.de\/?attachment_id=8137\" border=\"0\" itemprop=\"url\"> <meta itemprop=\"width\" content=\"245\"> <meta itemprop=\"height\" content=\"163\"> <img decoding=\"async\" class=\"\" data-attachment-id=\"8137\" data-orig-file=\"https:\/\/www.pfarrei-due-wo.de\/wp-content\/uploads\/2022\/10\/2022.10.02-11-EDue-scaled.jpg\" data-orig-size=\"2560,1706\" data-comments-opened=\"\" data-image-meta=\"{&quot;aperture&quot;:&quot;5.6&quot;,&quot;credit&quot;:&quot;&quot;,&quot;camera&quot;:&quot;Canon EOS 700D&quot;,&quot;caption&quot;:&quot;&quot;,&quot;created_timestamp&quot;:&quot;1664702332&quot;,&quot;copyright&quot;:&quot;&quot;,&quot;focal_length&quot;:&quot;35&quot;,&quot;iso&quot;:&quot;800&quot;,&quot;shutter_speed&quot;:&quot;0.02&quot;,&quot;title&quot;:&quot;&quot;,&quot;orientation&quot;:&quot;1&quot;}\" data-image-title=\"Erntedank 2022\" data-image-description=\"&lt;p&gt;Foto: Johann Heimler&lt;\/p&gt; \" data-medium-file=\"https:\/\/i0.wp.com\/www.pfarrei-due-wo.de\/wp-content\/uploads\/2022\/10\/2022.10.02-11-EDue-scaled.jpg?fit=300%2C200&#038;ssl=1\" data-large-file=\"https:\/\/i0.wp.com\/www.pfarrei-due-wo.de\/wp-content\/uploads\/2022\/10\/2022.10.02-11-EDue-scaled.jpg?fit=750%2C500&#038;ssl=1\" src=\"https:\/\/i0.wp.com\/www.pfarrei-due-wo.de\/wp-content\/uploads\/2022\/10\/2022.10.02-11-EDue-scaled.jpg?w=245&#038;h=163&#038;ssl=1\" srcset=\"https:\/\/i0.wp.com\/www.pfarrei-due-wo.de\/wp-content\/uploads\/2022\/10\/2022.10.02-11-EDue-scaled.jpg?w=2560&amp;ssl=1 2560w, https:\/\/i0.wp.com\/www.pfarrei-due-wo.de\/wp-content\/uploads\/2022\/10\/2022.10.02-11-EDue-scaled.jpg?resize=300%2C200&amp;ssl=1 300w, https:\/\/i0.wp.com\/www.pfarrei-due-wo.de\/wp-content\/uploads\/2022\/10\/2022.10.02-11-EDue-scaled.jpg?resize=1024%2C683&amp;ssl=1 1024w, https:\/\/i0.wp.com\/www.pfarrei-due-wo.de\/wp-content\/uploads\/2022\/10\/2022.10.02-11-EDue-scaled.jpg?resize=768%2C512&amp;ssl=1 768w, https:\/\/i0.wp.com\/www.pfarrei-due-wo.de\/wp-content\/uploads\/2022\/10\/2022.10.02-11-EDue-scaled.jpg?resize=1536%2C1024&amp;ssl=1 1536w, https:\/\/i0.wp.com\/www.pfarrei-due-wo.de\/wp-content\/uploads\/2022\/10\/2022.10.02-11-EDue-scaled.jpg?resize=2048%2C1365&amp;ssl=1 2048w, https:\/\/i0.wp.com\/www.pfarrei-due-wo.de\/wp-content\/uploads\/2022\/10\/2022.10.02-11-EDue-scaled.jpg?w=2250&amp;ssl=1 2250w\" width=\"245\" height=\"163\" loading=\"lazy\" data-original-width=\"245\" data-original-height=\"163\" itemprop=\"http:\/\/schema.org\/image\" title=\"Erntedank 2022\" alt=\"Erntedank 2022\" style=\"width: 245px; height: 163px;\" \/> <\/a> <\/div> <div class=\"tiled-gallery-item tiled-gallery-item-small\" itemprop=\"associatedMedia\" itemscope itemtype=\"http:\/\/schema.org\/ImageObject\"> <a href=\"https:\/\/www.pfarrei-due-wo.de\/?attachment_id=8138\" border=\"0\" itemprop=\"url\"> <meta itemprop=\"width\" content=\"245\"> <meta itemprop=\"height\" content=\"164\"> <img decoding=\"async\" class=\"\" data-attachment-id=\"8138\" data-orig-file=\"https:\/\/www.pfarrei-due-wo.de\/wp-content\/uploads\/2022\/10\/2022.10.02-15-EDue-scaled.jpg\" data-orig-size=\"2560,1707\" data-comments-opened=\"\" data-image-meta=\"{&quot;aperture&quot;:&quot;5.6&quot;,&quot;credit&quot;:&quot;&quot;,&quot;camera&quot;:&quot;Canon EOS 700D&quot;,&quot;caption&quot;:&quot;&quot;,&quot;created_timestamp&quot;:&quot;1664702573&quot;,&quot;copyright&quot;:&quot;&quot;,&quot;focal_length&quot;:&quot;18&quot;,&quot;iso&quot;:&quot;400&quot;,&quot;shutter_speed&quot;:&quot;0.033333333333333&quot;,&quot;title&quot;:&quot;&quot;,&quot;orientation&quot;:&quot;1&quot;}\" data-image-title=\"Erntedank 2022\" data-image-description=\"&lt;p&gt;Foto: Johann Heimler&lt;\/p&gt; \" data-medium-file=\"https:\/\/i0.wp.com\/www.pfarrei-due-wo.de\/wp-content\/uploads\/2022\/10\/2022.10.02-15-EDue-scaled.jpg?fit=300%2C200&#038;ssl=1\" data-large-file=\"https:\/\/i0.wp.com\/www.pfarrei-due-wo.de\/wp-content\/uploads\/2022\/10\/2022.10.02-15-EDue-scaled.jpg?fit=750%2C500&#038;ssl=1\" src=\"https:\/\/i0.wp.com\/www.pfarrei-due-wo.de\/wp-content\/uploads\/2022\/10\/2022.10.02-15-EDue-scaled.jpg?w=245&#038;h=164&#038;ssl=1\" srcset=\"https:\/\/i0.wp.com\/www.pfarrei-due-wo.de\/wp-content\/uploads\/2022\/10\/2022.10.02-15-EDue-scaled.jpg?w=2560&amp;ssl=1 2560w, https:\/\/i0.wp.com\/www.pfarrei-due-wo.de\/wp-content\/uploads\/2022\/10\/2022.10.02-15-EDue-scaled.jpg?resize=300%2C200&amp;ssl=1 300w, https:\/\/i0.wp.com\/www.pfarrei-due-wo.de\/wp-content\/uploads\/2022\/10\/2022.10.02-15-EDue-scaled.jpg?resize=1024%2C683&amp;ssl=1 1024w, https:\/\/i0.wp.com\/www.pfarrei-due-wo.de\/wp-content\/uploads\/2022\/10\/2022.10.02-15-EDue-scaled.jpg?resize=768%2C512&amp;ssl=1 768w, https:\/\/i0.wp.com\/www.pfarrei-due-wo.de\/wp-content\/uploads\/2022\/10\/2022.10.02-15-EDue-scaled.jpg?resize=1536%2C1024&amp;ssl=1 1536w, https:\/\/i0.wp.com\/www.pfarrei-due-wo.de\/wp-content\/uploads\/2022\/10\/2022.10.02-15-EDue-scaled.jpg?resize=2048%2C1365&amp;ssl=1 2048w, https:\/\/i0.wp.com\/www.pfarrei-due-wo.de\/wp-content\/uploads\/2022\/10\/2022.10.02-15-EDue-scaled.jpg?w=2250&amp;ssl=1 2250w\" width=\"245\" height=\"164\" loading=\"lazy\" data-original-width=\"245\" data-original-height=\"164\" itemprop=\"http:\/\/schema.org\/image\" title=\"Erntedank 2022\" alt=\"Erntedank 2022\" style=\"width: 245px; height: 164px;\" \/> <\/a> <\/div> <\/div> <!-- close group --> <\/div> <!-- close row --> <div class=\"gallery-row\" style=\"width: 750px; height: 129px;\" data-original-width=\"750\" data-original-height=\"129\" > <div class=\"gallery-group images-1\" style=\"width: 191px; height: 129px;\" data-original-width=\"191\" data-original-height=\"129\" > <div class=\"tiled-gallery-item tiled-gallery-item-small\" itemprop=\"associatedMedia\" itemscope itemtype=\"http:\/\/schema.org\/ImageObject\"> <a href=\"https:\/\/www.pfarrei-due-wo.de\/?attachment_id=8139\" border=\"0\" itemprop=\"url\"> <meta itemprop=\"width\" content=\"187\"> <meta itemprop=\"height\" content=\"125\"> <img decoding=\"async\" class=\"\" data-attachment-id=\"8139\" data-orig-file=\"https:\/\/www.pfarrei-due-wo.de\/wp-content\/uploads\/2022\/10\/2022.10.02-23-EDue-scaled.jpg\" data-orig-size=\"2560,1707\" data-comments-opened=\"\" data-image-meta=\"{&quot;aperture&quot;:&quot;5&quot;,&quot;credit&quot;:&quot;&quot;,&quot;camera&quot;:&quot;Canon EOS 700D&quot;,&quot;caption&quot;:&quot;&quot;,&quot;created_timestamp&quot;:&quot;1664702682&quot;,&quot;copyright&quot;:&quot;&quot;,&quot;focal_length&quot;:&quot;42&quot;,&quot;iso&quot;:&quot;1600&quot;,&quot;shutter_speed&quot;:&quot;0.008&quot;,&quot;title&quot;:&quot;&quot;,&quot;orientation&quot;:&quot;1&quot;}\" data-image-title=\"Erntedank 2022\" data-image-description=\"&lt;p&gt;Foto: Johann Heimler&lt;\/p&gt; \" data-medium-file=\"https:\/\/i0.wp.com\/www.pfarrei-due-wo.de\/wp-content\/uploads\/2022\/10\/2022.10.02-23-EDue-scaled.jpg?fit=300%2C200&#038;ssl=1\" data-large-file=\"https:\/\/i0.wp.com\/www.pfarrei-due-wo.de\/wp-content\/uploads\/2022\/10\/2022.10.02-23-EDue-scaled.jpg?fit=750%2C500&#038;ssl=1\" src=\"https:\/\/i0.wp.com\/www.pfarrei-due-wo.de\/wp-content\/uploads\/2022\/10\/2022.10.02-23-EDue-scaled.jpg?w=187&#038;h=125&#038;ssl=1\" srcset=\"https:\/\/i0.wp.com\/www.pfarrei-due-wo.de\/wp-content\/uploads\/2022\/10\/2022.10.02-23-EDue-scaled.jpg?w=2560&amp;ssl=1 2560w, https:\/\/i0.wp.com\/www.pfarrei-due-wo.de\/wp-content\/uploads\/2022\/10\/2022.10.02-23-EDue-scaled.jpg?resize=300%2C200&amp;ssl=1 300w, https:\/\/i0.wp.com\/www.pfarrei-due-wo.de\/wp-content\/uploads\/2022\/10\/2022.10.02-23-EDue-scaled.jpg?resize=1024%2C683&amp;ssl=1 1024w, https:\/\/i0.wp.com\/www.pfarrei-due-wo.de\/wp-content\/uploads\/2022\/10\/2022.10.02-23-EDue-scaled.jpg?resize=768%2C512&amp;ssl=1 768w, https:\/\/i0.wp.com\/www.pfarrei-due-wo.de\/wp-content\/uploads\/2022\/10\/2022.10.02-23-EDue-scaled.jpg?resize=1536%2C1024&amp;ssl=1 1536w, https:\/\/i0.wp.com\/www.pfarrei-due-wo.de\/wp-content\/uploads\/2022\/10\/2022.10.02-23-EDue-scaled.jpg?resize=2048%2C1365&amp;ssl=1 2048w, https:\/\/i0.wp.com\/www.pfarrei-due-wo.de\/wp-content\/uploads\/2022\/10\/2022.10.02-23-EDue-scaled.jpg?w=2250&amp;ssl=1 2250w\" width=\"187\" height=\"125\" loading=\"lazy\" data-original-width=\"187\" data-original-height=\"125\" itemprop=\"http:\/\/schema.org\/image\" title=\"Erntedank 2022\" alt=\"Erntedank 2022\" style=\"width: 187px; height: 125px;\" \/> <\/a> <\/div> <\/div> <!-- close group --> <div class=\"gallery-group images-1\" style=\"width: 192px; height: 129px;\" data-original-width=\"192\" data-original-height=\"129\" > <div class=\"tiled-gallery-item tiled-gallery-item-small\" itemprop=\"associatedMedia\" itemscope itemtype=\"http:\/\/schema.org\/ImageObject\"> <a href=\"https:\/\/www.pfarrei-due-wo.de\/?attachment_id=8140\" border=\"0\" itemprop=\"url\"> <meta itemprop=\"width\" content=\"188\"> <meta itemprop=\"height\" content=\"125\"> <img decoding=\"async\" class=\"\" data-attachment-id=\"8140\" data-orig-file=\"https:\/\/www.pfarrei-due-wo.de\/wp-content\/uploads\/2022\/10\/2022.10.02-27-EDue-scaled.jpg\" data-orig-size=\"2560,1706\" data-comments-opened=\"\" data-image-meta=\"{&quot;aperture&quot;:&quot;4.5&quot;,&quot;credit&quot;:&quot;&quot;,&quot;camera&quot;:&quot;Canon EOS 700D&quot;,&quot;caption&quot;:&quot;&quot;,&quot;created_timestamp&quot;:&quot;1664703284&quot;,&quot;copyright&quot;:&quot;&quot;,&quot;focal_length&quot;:&quot;30&quot;,&quot;iso&quot;:&quot;640&quot;,&quot;shutter_speed&quot;:&quot;0.008&quot;,&quot;title&quot;:&quot;&quot;,&quot;orientation&quot;:&quot;1&quot;}\" data-image-title=\"Erntedank 2022\" data-image-description=\"&lt;p&gt;Foto: Johann Heimler&lt;\/p&gt; \" data-medium-file=\"https:\/\/i0.wp.com\/www.pfarrei-due-wo.de\/wp-content\/uploads\/2022\/10\/2022.10.02-27-EDue-scaled.jpg?fit=300%2C200&#038;ssl=1\" data-large-file=\"https:\/\/i0.wp.com\/www.pfarrei-due-wo.de\/wp-content\/uploads\/2022\/10\/2022.10.02-27-EDue-scaled.jpg?fit=750%2C500&#038;ssl=1\" src=\"https:\/\/i0.wp.com\/www.pfarrei-due-wo.de\/wp-content\/uploads\/2022\/10\/2022.10.02-27-EDue-scaled.jpg?w=188&#038;h=125&#038;ssl=1\" srcset=\"https:\/\/i0.wp.com\/www.pfarrei-due-wo.de\/wp-content\/uploads\/2022\/10\/2022.10.02-27-EDue-scaled.jpg?w=2560&amp;ssl=1 2560w, https:\/\/i0.wp.com\/www.pfarrei-due-wo.de\/wp-content\/uploads\/2022\/10\/2022.10.02-27-EDue-scaled.jpg?resize=300%2C200&amp;ssl=1 300w, https:\/\/i0.wp.com\/www.pfarrei-due-wo.de\/wp-content\/uploads\/2022\/10\/2022.10.02-27-EDue-scaled.jpg?resize=1024%2C683&amp;ssl=1 1024w, https:\/\/i0.wp.com\/www.pfarrei-due-wo.de\/wp-content\/uploads\/2022\/10\/2022.10.02-27-EDue-scaled.jpg?resize=768%2C512&amp;ssl=1 768w, https:\/\/i0.wp.com\/www.pfarrei-due-wo.de\/wp-content\/uploads\/2022\/10\/2022.10.02-27-EDue-scaled.jpg?resize=1536%2C1024&amp;ssl=1 1536w, https:\/\/i0.wp.com\/www.pfarrei-due-wo.de\/wp-content\/uploads\/2022\/10\/2022.10.02-27-EDue-scaled.jpg?resize=2048%2C1365&amp;ssl=1 2048w, https:\/\/i0.wp.com\/www.pfarrei-due-wo.de\/wp-content\/uploads\/2022\/10\/2022.10.02-27-EDue-scaled.jpg?w=2250&amp;ssl=1 2250w\" width=\"188\" height=\"125\" loading=\"lazy\" data-original-width=\"188\" data-original-height=\"125\" itemprop=\"http:\/\/schema.org\/image\" title=\"Erntedank 2022\" alt=\"Erntedank 2022\" style=\"width: 188px; height: 125px;\" \/> <\/a> <\/div> <\/div> <!-- close group --> <div class=\"gallery-group images-1\" style=\"width: 191px; height: 129px;\" data-original-width=\"191\" data-original-height=\"129\" > <div class=\"tiled-gallery-item tiled-gallery-item-small\" itemprop=\"associatedMedia\" itemscope itemtype=\"http:\/\/schema.org\/ImageObject\"> <a href=\"https:\/\/www.pfarrei-due-wo.de\/?attachment_id=8141\" border=\"0\" itemprop=\"url\"> <meta itemprop=\"width\" content=\"187\"> <meta itemprop=\"height\" content=\"125\"> <img decoding=\"async\" class=\"\" data-attachment-id=\"8141\" data-orig-file=\"https:\/\/www.pfarrei-due-wo.de\/wp-content\/uploads\/2022\/10\/2022.10.02-31-EDue-scaled.jpg\" data-orig-size=\"2560,1706\" data-comments-opened=\"\" data-image-meta=\"{&quot;aperture&quot;:&quot;4.5&quot;,&quot;credit&quot;:&quot;&quot;,&quot;camera&quot;:&quot;Canon EOS 700D&quot;,&quot;caption&quot;:&quot;&quot;,&quot;created_timestamp&quot;:&quot;1664703582&quot;,&quot;copyright&quot;:&quot;&quot;,&quot;focal_length&quot;:&quot;30&quot;,&quot;iso&quot;:&quot;640&quot;,&quot;shutter_speed&quot;:&quot;0.008&quot;,&quot;title&quot;:&quot;&quot;,&quot;orientation&quot;:&quot;1&quot;}\" data-image-title=\"Erntedank 2022\" data-image-description=\"&lt;p&gt;Foto: Johann Heimler&lt;\/p&gt; \" data-medium-file=\"https:\/\/i0.wp.com\/www.pfarrei-due-wo.de\/wp-content\/uploads\/2022\/10\/2022.10.02-31-EDue-scaled.jpg?fit=300%2C200&#038;ssl=1\" data-large-file=\"https:\/\/i0.wp.com\/www.pfarrei-due-wo.de\/wp-content\/uploads\/2022\/10\/2022.10.02-31-EDue-scaled.jpg?fit=750%2C500&#038;ssl=1\" src=\"https:\/\/i0.wp.com\/www.pfarrei-due-wo.de\/wp-content\/uploads\/2022\/10\/2022.10.02-31-EDue-scaled.jpg?w=187&#038;h=125&#038;ssl=1\" srcset=\"https:\/\/i0.wp.com\/www.pfarrei-due-wo.de\/wp-content\/uploads\/2022\/10\/2022.10.02-31-EDue-scaled.jpg?w=2560&amp;ssl=1 2560w, https:\/\/i0.wp.com\/www.pfarrei-due-wo.de\/wp-content\/uploads\/2022\/10\/2022.10.02-31-EDue-scaled.jpg?resize=300%2C200&amp;ssl=1 300w, https:\/\/i0.wp.com\/www.pfarrei-due-wo.de\/wp-content\/uploads\/2022\/10\/2022.10.02-31-EDue-scaled.jpg?resize=1024%2C683&amp;ssl=1 1024w, https:\/\/i0.wp.com\/www.pfarrei-due-wo.de\/wp-content\/uploads\/2022\/10\/2022.10.02-31-EDue-scaled.jpg?resize=768%2C512&amp;ssl=1 768w, https:\/\/i0.wp.com\/www.pfarrei-due-wo.de\/wp-content\/uploads\/2022\/10\/2022.10.02-31-EDue-scaled.jpg?resize=1536%2C1024&amp;ssl=1 1536w, https:\/\/i0.wp.com\/www.pfarrei-due-wo.de\/wp-content\/uploads\/2022\/10\/2022.10.02-31-EDue-scaled.jpg?resize=2048%2C1365&amp;ssl=1 2048w, https:\/\/i0.wp.com\/www.pfarrei-due-wo.de\/wp-content\/uploads\/2022\/10\/2022.10.02-31-EDue-scaled.jpg?w=2250&amp;ssl=1 2250w\" width=\"187\" height=\"125\" loading=\"lazy\" data-original-width=\"187\" data-original-height=\"125\" itemprop=\"http:\/\/schema.org\/image\" title=\"Erntedank 2022\" alt=\"Erntedank 2022\" style=\"width: 187px; height: 125px;\" \/> <\/a> <\/div> <\/div> <!-- close group --> <div class=\"gallery-group images-1\" style=\"width: 176px; height: 129px;\" data-original-width=\"176\" data-original-height=\"129\" > <div class=\"tiled-gallery-item tiled-gallery-item-small\" itemprop=\"associatedMedia\" itemscope itemtype=\"http:\/\/schema.org\/ImageObject\"> <a href=\"https:\/\/www.pfarrei-due-wo.de\/?attachment_id=8142\" border=\"0\" itemprop=\"url\"> <meta itemprop=\"width\" content=\"172\"> <meta itemprop=\"height\" content=\"125\"> <img decoding=\"async\" class=\"\" data-attachment-id=\"8142\" data-orig-file=\"https:\/\/www.pfarrei-due-wo.de\/wp-content\/uploads\/2022\/10\/2022.10.02-45-EDue-scaled-e1664914056517.jpg\" data-orig-size=\"1836,1337\" data-comments-opened=\"\" data-image-meta=\"{&quot;aperture&quot;:&quot;4.5&quot;,&quot;credit&quot;:&quot;&quot;,&quot;camera&quot;:&quot;Canon EOS 700D&quot;,&quot;caption&quot;:&quot;&quot;,&quot;created_timestamp&quot;:&quot;1664705017&quot;,&quot;copyright&quot;:&quot;&quot;,&quot;focal_length&quot;:&quot;37&quot;,&quot;iso&quot;:&quot;6400&quot;,&quot;shutter_speed&quot;:&quot;0.0025&quot;,&quot;title&quot;:&quot;&quot;,&quot;orientation&quot;:&quot;1&quot;}\" data-image-title=\"Erntedank 2022\" data-image-description=\"&lt;p&gt;Foto: Johann Heimler&lt;\/p&gt; \" data-medium-file=\"https:\/\/i0.wp.com\/www.pfarrei-due-wo.de\/wp-content\/uploads\/2022\/10\/2022.10.02-45-EDue-scaled-e1664914056517.jpg?fit=300%2C218&#038;ssl=1\" data-large-file=\"https:\/\/i0.wp.com\/www.pfarrei-due-wo.de\/wp-content\/uploads\/2022\/10\/2022.10.02-45-EDue-scaled-e1664914056517.jpg?fit=750%2C546&#038;ssl=1\" src=\"https:\/\/i0.wp.com\/www.pfarrei-due-wo.de\/wp-content\/uploads\/2022\/10\/2022.10.02-45-EDue-scaled-e1664914056517.jpg?w=172&#038;h=125&#038;ssl=1\" srcset=\"https:\/\/i0.wp.com\/www.pfarrei-due-wo.de\/wp-content\/uploads\/2022\/10\/2022.10.02-45-EDue-scaled-e1664914056517.jpg?w=1836&amp;ssl=1 1836w, https:\/\/i0.wp.com\/www.pfarrei-due-wo.de\/wp-content\/uploads\/2022\/10\/2022.10.02-45-EDue-scaled-e1664914056517.jpg?resize=300%2C218&amp;ssl=1 300w, https:\/\/i0.wp.com\/www.pfarrei-due-wo.de\/wp-content\/uploads\/2022\/10\/2022.10.02-45-EDue-scaled-e1664914056517.jpg?resize=1024%2C746&amp;ssl=1 1024w, https:\/\/i0.wp.com\/www.pfarrei-due-wo.de\/wp-content\/uploads\/2022\/10\/2022.10.02-45-EDue-scaled-e1664914056517.jpg?resize=768%2C559&amp;ssl=1 768w, https:\/\/i0.wp.com\/www.pfarrei-due-wo.de\/wp-content\/uploads\/2022\/10\/2022.10.02-45-EDue-scaled-e1664914056517.jpg?resize=1536%2C1119&amp;ssl=1 1536w\" width=\"172\" height=\"125\" loading=\"lazy\" data-original-width=\"172\" data-original-height=\"125\" itemprop=\"http:\/\/schema.org\/image\" title=\"Erntedank 2022\" alt=\"Erntedank 2022\" style=\"width: 172px; height: 125px;\" \/> <\/a> <\/div> <\/div> <!-- close group --> <\/div> <!-- close row --> <\/div>\n<p>&nbsp;<\/p>\n","protected":false},"excerpt":{"rendered":"<p>Zum Erntedanksonntag wurden wieder von flei\u00dfigen Helferinnen und Helfern eine gro\u00dfartige Auswahl von Gem\u00fcse und Obst in den Kirchen der Pfarrei aufgebaut. Obwohl die Wasserknappheit in in unserer Gegend diesem &hellip; <\/p>\n","protected":false},"author":4,"featured_media":8138,"comment_status":"closed","ping_status":"closed","sticky":false,"template":"","format":"standard","meta":{"jetpack_post_was_ever_published":false,"_jetpack_newsletter_access":"","_jetpack_dont_email_post_to_subs":false,"_jetpack_newsletter_tier_id":0,"_jetpack_memberships_contains_paywalled_content":false,"_jetpack_memberships_contains_paid_content":false,"footnotes":"","jetpack_publicize_message":"","jetpack_publicize_feature_enabled":true,"jetpack_social_post_already_shared":true,"jetpack_social_options":{"image_generator_settings":{"template":"highway","default_image_id":0,"font":"","enabled":false},"version":2}},"categories":[2,12,6],"tags":[],"class_list":["post-8144","post","type-post","status-publish","format-standard","has-post-thumbnail","hentry","category-gottesdienste","category-kinder","category-pfarrei-erleben"],"jetpack_publicize_connections":[],"jetpack_featured_media_url":"https:\/\/i0.wp.com\/www.pfarrei-due-wo.de\/wp-content\/uploads\/2022\/10\/2022.10.02-15-EDue-scaled.jpg?fit=2560%2C1707&ssl=1","jetpack_sharing_enabled":true,"jetpack_shortlink":"https:\/\/wp.me\/p8HCtc-27m","jetpack-related-posts":[{"id":8621,"url":"https:\/\/www.pfarrei-due-wo.de\/?p=8621","url_meta":{"origin":8144,"position":0},"title":"Weihnachten l\u00e4dt zur Mitmenschlichkeit ein","author":"Matthias Heimler","date":"26. Dezember 2022","format":false,"excerpt":"Die Feiertage von Weihnachten begannen in der Pfarrei mit der Kinderkrippenfeier, bei der \u00fcber 30 Kinder die Weihnachtsgeschichte als Spiel aufgef\u00fchrt haben. M\u00fctter vom Familiengottesdienst-Team studierten im Advent mit den Kindern das St\u00fcck ein, das nun am Heiligen Abend vor zahlreichen Eltern und Verwandten der Kinder aufgef\u00fchrt wurde. \"Es ist\u2026","rel":"","context":"In &quot;Gottesdienste&quot;","block_context":{"text":"Gottesdienste","link":"https:\/\/www.pfarrei-due-wo.de\/?cat=2"},"img":{"alt_text":"","src":"https:\/\/i0.wp.com\/www.pfarrei-due-wo.de\/wp-content\/uploads\/2022\/12\/2022.12.24-09-scaled.jpg?fit=1200%2C800&ssl=1&resize=350%2C200","width":350,"height":200,"srcset":"https:\/\/i0.wp.com\/www.pfarrei-due-wo.de\/wp-content\/uploads\/2022\/12\/2022.12.24-09-scaled.jpg?fit=1200%2C800&ssl=1&resize=350%2C200 1x, https:\/\/i0.wp.com\/www.pfarrei-due-wo.de\/wp-content\/uploads\/2022\/12\/2022.12.24-09-scaled.jpg?fit=1200%2C800&ssl=1&resize=525%2C300 1.5x, https:\/\/i0.wp.com\/www.pfarrei-due-wo.de\/wp-content\/uploads\/2022\/12\/2022.12.24-09-scaled.jpg?fit=1200%2C800&ssl=1&resize=700%2C400 2x, https:\/\/i0.wp.com\/www.pfarrei-due-wo.de\/wp-content\/uploads\/2022\/12\/2022.12.24-09-scaled.jpg?fit=1200%2C800&ssl=1&resize=1050%2C600 3x"},"classes":[]},{"id":7501,"url":"https:\/\/www.pfarrei-due-wo.de\/?p=7501","url_meta":{"origin":8144,"position":1},"title":"Wieder Wallfahrt auf den Mariahilfberg","author":"Matthias Heimler","date":"1. Mai 2022","format":false,"excerpt":"Obwohl in den letzten beiden Pandemie-Jahren die Wallfahrt von Fensterbach nach Amberg nie ganz ausgefallen ist, war es doch f\u00fcr die Teilnehmer ein sch\u00f6nes Gef\u00fchl, wieder gemeinsam die 16,5 Kilometer betend und singend gemeinsam zu gehen. Einem alten Gel\u00fcbde folgend, aber mit den Bitten und Anliegen der Menschen von Heute\u2026","rel":"","context":"In &quot;Gottesdienste&quot;","block_context":{"text":"Gottesdienste","link":"https:\/\/www.pfarrei-due-wo.de\/?cat=2"},"img":{"alt_text":"","src":"https:\/\/i0.wp.com\/www.pfarrei-due-wo.de\/wp-content\/uploads\/2022\/05\/20220501_082034-scaled.jpg?fit=1200%2C900&ssl=1&resize=350%2C200","width":350,"height":200,"srcset":"https:\/\/i0.wp.com\/www.pfarrei-due-wo.de\/wp-content\/uploads\/2022\/05\/20220501_082034-scaled.jpg?fit=1200%2C900&ssl=1&resize=350%2C200 1x, https:\/\/i0.wp.com\/www.pfarrei-due-wo.de\/wp-content\/uploads\/2022\/05\/20220501_082034-scaled.jpg?fit=1200%2C900&ssl=1&resize=525%2C300 1.5x, https:\/\/i0.wp.com\/www.pfarrei-due-wo.de\/wp-content\/uploads\/2022\/05\/20220501_082034-scaled.jpg?fit=1200%2C900&ssl=1&resize=700%2C400 2x, https:\/\/i0.wp.com\/www.pfarrei-due-wo.de\/wp-content\/uploads\/2022\/05\/20220501_082034-scaled.jpg?fit=1200%2C900&ssl=1&resize=1050%2C600 3x"},"classes":[]},{"id":5001,"url":"https:\/\/www.pfarrei-due-wo.de\/?p=5001","url_meta":{"origin":8144,"position":2},"title":"Kapellenbau offiziell beendet","author":"Matthias Heimler","date":"19. September 2020","format":false,"excerpt":"Kapelle komplett in Eigenleistung gebaut Sieben Jahre nach Beginn des Kapellenbaus in Kn\u00f6lling wurde am Sonntag vor dem Fest Kreuzerh\u00f6hung der Bau der Kn\u00f6llinger Heilig-Kreuz-Kapelle offiziell beendet. Bei strahlendem Wetter kamen viele Besucher an die Kapelle, um dort mit einer Andacht zu danken und zu bitten und den in Eigenleistung\u2026","rel":"","context":"In &quot;Gottesdienste&quot;","block_context":{"text":"Gottesdienste","link":"https:\/\/www.pfarrei-due-wo.de\/?cat=2"},"img":{"alt_text":"","src":"https:\/\/i0.wp.com\/www.pfarrei-due-wo.de\/wp-content\/uploads\/2020\/09\/IMG-20200913-WA0020.jpg?fit=1024%2C768&ssl=1&resize=350%2C200","width":350,"height":200,"srcset":"https:\/\/i0.wp.com\/www.pfarrei-due-wo.de\/wp-content\/uploads\/2020\/09\/IMG-20200913-WA0020.jpg?fit=1024%2C768&ssl=1&resize=350%2C200 1x, https:\/\/i0.wp.com\/www.pfarrei-due-wo.de\/wp-content\/uploads\/2020\/09\/IMG-20200913-WA0020.jpg?fit=1024%2C768&ssl=1&resize=525%2C300 1.5x, https:\/\/i0.wp.com\/www.pfarrei-due-wo.de\/wp-content\/uploads\/2020\/09\/IMG-20200913-WA0020.jpg?fit=1024%2C768&ssl=1&resize=700%2C400 2x"},"classes":[]},{"id":7083,"url":"https:\/\/www.pfarrei-due-wo.de\/?p=7083","url_meta":{"origin":8144,"position":3},"title":"22 Erstkommunionkinder stellen sich vor","author":"Matthias Heimler","date":"23. Januar 2022","format":false,"excerpt":"Die Erstkommunionvorbereitung wurde in den letzten beiden Jahren immer wieder von Corona-Beschr\u00e4nkungen unterbrochen. Umso sch\u00f6ner, dass der Vorstellungsgottesdienst der 22 Erstkommunionkinder der Pfarrei in diesem Jahr wie geplant stattfinden konnte. \"Bei mir bist du gro\u00df\", lautet das Motto der Vorbereitungszeit auf die Sakramente Erstbeichte und Erstkommunion. Gro\u00df sein, das bezieht\u2026","rel":"","context":"In &quot;Erstkommunion&quot;","block_context":{"text":"Erstkommunion","link":"https:\/\/www.pfarrei-due-wo.de\/?cat=10"},"img":{"alt_text":"","src":"https:\/\/i0.wp.com\/www.pfarrei-due-wo.de\/wp-content\/uploads\/2022\/02\/20220123_105521_bearb-scaled.jpg?fit=1200%2C900&ssl=1&resize=350%2C200","width":350,"height":200,"srcset":"https:\/\/i0.wp.com\/www.pfarrei-due-wo.de\/wp-content\/uploads\/2022\/02\/20220123_105521_bearb-scaled.jpg?fit=1200%2C900&ssl=1&resize=350%2C200 1x, https:\/\/i0.wp.com\/www.pfarrei-due-wo.de\/wp-content\/uploads\/2022\/02\/20220123_105521_bearb-scaled.jpg?fit=1200%2C900&ssl=1&resize=525%2C300 1.5x, https:\/\/i0.wp.com\/www.pfarrei-due-wo.de\/wp-content\/uploads\/2022\/02\/20220123_105521_bearb-scaled.jpg?fit=1200%2C900&ssl=1&resize=700%2C400 2x, https:\/\/i0.wp.com\/www.pfarrei-due-wo.de\/wp-content\/uploads\/2022\/02\/20220123_105521_bearb-scaled.jpg?fit=1200%2C900&ssl=1&resize=1050%2C600 3x"},"classes":[]},{"id":9515,"url":"https:\/\/www.pfarrei-due-wo.de\/?p=9515","url_meta":{"origin":8144,"position":4},"title":"Offene Augen, weites Herz &#8211; 14 Kinder feiern Erstkommunion","author":"Matthias Heimler","date":"23. April 2023","format":false,"excerpt":"Trotz des regnerischen Wetters hatten die Erstkommunionkinder gro\u00dfe Freude: Der Tag der Erstkommunion, auf den sie sich lange vorbereiteten, war endlich gekommen. In Weggottesdiensten, Tischgruppenstunden und Gottesdiensten konnten sich die Kinder der dritten Jahrgangsstufe im Lauf eines halben Jahres n\u00e4her mit der Person Jesus besch\u00e4ftigen, ihn noch n\u00e4her kennenlernen und\u2026","rel":"","context":"In &quot;Erstkommunion&quot;","block_context":{"text":"Erstkommunion","link":"https:\/\/www.pfarrei-due-wo.de\/?cat=10"},"img":{"alt_text":"","src":"https:\/\/i0.wp.com\/www.pfarrei-due-wo.de\/wp-content\/uploads\/2023\/04\/DJ1A9905-scaled.jpg?fit=1200%2C800&ssl=1&resize=350%2C200","width":350,"height":200,"srcset":"https:\/\/i0.wp.com\/www.pfarrei-due-wo.de\/wp-content\/uploads\/2023\/04\/DJ1A9905-scaled.jpg?fit=1200%2C800&ssl=1&resize=350%2C200 1x, https:\/\/i0.wp.com\/www.pfarrei-due-wo.de\/wp-content\/uploads\/2023\/04\/DJ1A9905-scaled.jpg?fit=1200%2C800&ssl=1&resize=525%2C300 1.5x, https:\/\/i0.wp.com\/www.pfarrei-due-wo.de\/wp-content\/uploads\/2023\/04\/DJ1A9905-scaled.jpg?fit=1200%2C800&ssl=1&resize=700%2C400 2x, https:\/\/i0.wp.com\/www.pfarrei-due-wo.de\/wp-content\/uploads\/2023\/04\/DJ1A9905-scaled.jpg?fit=1200%2C800&ssl=1&resize=1050%2C600 3x"},"classes":[]},{"id":8239,"url":"https:\/\/www.pfarrei-due-wo.de\/?p=8239","url_meta":{"origin":8144,"position":5},"title":"Projektgruppe &#8222;Schutzkonzept&#8220; schlie\u00dft Arbeit erfolgreich ab","author":"Matthias Heimler","date":"21. Oktober 2022","format":false,"excerpt":"Der Auftrag zur Entwicklung eines Schutzkonzeptes f\u00fcr die Kinder- und Jugendarbeit wurde von der Di\u00f6zese Regensburg bereits Ende 2017 an alle Pfarreien im Bistum erteilt. Innerhalb von drei Jahren sollten alle Pfarreien selbst\u00e4ndig ein auf die jeweilige Situation abgestimmtes Schutzkonzept entwickeln. Die Dreijahresfrist wurde wegen der Corona-Pandemie auf Ende 2022\u2026","rel":"","context":"In &quot;Jugend&quot;","block_context":{"text":"Jugend","link":"https:\/\/www.pfarrei-due-wo.de\/?cat=9"},"img":{"alt_text":"","src":"https:\/\/i0.wp.com\/www.pfarrei-due-wo.de\/wp-content\/uploads\/2022\/10\/20221006_210923-scaled-e1666692321175.jpg?fit=1200%2C917&ssl=1&resize=350%2C200","width":350,"height":200,"srcset":"https:\/\/i0.wp.com\/www.pfarrei-due-wo.de\/wp-content\/uploads\/2022\/10\/20221006_210923-scaled-e1666692321175.jpg?fit=1200%2C917&ssl=1&resize=350%2C200 1x, https:\/\/i0.wp.com\/www.pfarrei-due-wo.de\/wp-content\/uploads\/2022\/10\/20221006_210923-scaled-e1666692321175.jpg?fit=1200%2C917&ssl=1&resize=525%2C300 1.5x, https:\/\/i0.wp.com\/www.pfarrei-due-wo.de\/wp-content\/uploads\/2022\/10\/20221006_210923-scaled-e1666692321175.jpg?fit=1200%2C917&ssl=1&resize=700%2C400 2x, https:\/\/i0.wp.com\/www.pfarrei-due-wo.de\/wp-content\/uploads\/2022\/10\/20221006_210923-scaled-e1666692321175.jpg?fit=1200%2C917&ssl=1&resize=1050%2C600 3x"},"classes":[]}],"publishpress_future_action":{"enabled":false,"date":"2026-05-06 21:06:27","action":"change-status","newStatus":"draft","terms":[],"taxonomy":"category","extraData":[]},"publishpress_future_workflow_manual_trigger":{"enabledWorkflows":[]},"_links":{"self":[{"href":"https:\/\/www.pfarrei-due-wo.de\/index.php?rest_route=\/wp\/v2\/posts\/8144","targetHints":{"allow":["GET"]}}],"collection":[{"href":"https:\/\/www.pfarrei-due-wo.de\/index.php?rest_route=\/wp\/v2\/posts"}],"about":[{"href":"https:\/\/www.pfarrei-due-wo.de\/index.php?rest_route=\/wp\/v2\/types\/post"}],"author":[{"embeddable":true,"href":"https:\/\/www.pfarrei-due-wo.de\/index.php?rest_route=\/wp\/v2\/users\/4"}],"replies":[{"embeddable":true,"href":"https:\/\/www.pfarrei-due-wo.de\/index.php?rest_route=%2Fwp%2Fv2%2Fcomments&post=8144"}],"version-history":[{"count":2,"href":"https:\/\/www.pfarrei-due-wo.de\/index.php?rest_route=\/wp\/v2\/posts\/8144\/revisions"}],"predecessor-version":[{"id":8146,"href":"https:\/\/www.pfarrei-due-wo.de\/index.php?rest_route=\/wp\/v2\/posts\/8144\/revisions\/8146"}],"wp:featuredmedia":[{"embeddable":true,"href":"https:\/\/www.pfarrei-due-wo.de\/index.php?rest_route=\/wp\/v2\/media\/8138"}],"wp:attachment":[{"href":"https:\/\/www.pfarrei-due-wo.de\/index.php?rest_route=%2Fwp%2Fv2%2Fmedia&parent=8144"}],"wp:term":[{"taxonomy":"category","embeddable":true,"href":"https:\/\/www.pfarrei-due-wo.de\/index.php?rest_route=%2Fwp%2Fv2%2Fcategories&post=8144"},{"taxonomy":"post_tag","embeddable":true,"href":"https:\/\/www.pfarrei-due-wo.de\/index.php?rest_route=%2Fwp%2Fv2%2Ftags&post=8144"}],"curies":[{"name":"wp","href":"https:\/\/api.w.org\/{rel}","templated":true}]}}