{"id":7565,"date":"2022-05-19T15:56:45","date_gmt":"2022-05-19T13:56:45","guid":{"rendered":"https:\/\/www.pfarrei-due-wo.de\/?p=7565"},"modified":"2022-05-24T20:32:44","modified_gmt":"2022-05-24T18:32:44","slug":"kleinkindergottesdienst-im-mai","status":"publish","type":"post","link":"https:\/\/www.pfarrei-due-wo.de\/?p=7565","title":{"rendered":"Kleinkinder-Gottesdienst im Mai"},"content":{"rendered":"<p>Die Eltern-Kind-Gruppen treffen sich regelm\u00e4\u00dfig in der Pfarrei, um sich auszutauschen und den Kindern die Begegnung mit Gleichaltrigen zu erm\u00f6glichen. Auf Initiative der Eltern-Kind-Gruppe und des Pfarrgemeinderates entstand die Idee zu Kleinkindergottesdiensten.<\/p>\n<p>Vorbereitet von den Eltern fand ein Kleinkindergottesdienst in der Pfarrkirche statt. Passend zum Mai in Form einer kleinen Maiandacht. Wir stellen uns untern den Mantel der Mutter Jesu &#8211; so das Thema der kindgerechten Andacht.<\/p>\n<p>Am Ende durften die Kinder eine Figur mit ihrem Namen zu Maria legen als Zeichen, dass auch sie bei der Gottesmutter gut aufgehoben sind.<\/p>\n<div class=\"tiled-gallery type-rectangular tiled-gallery-unresized\" data-original-width=\"750\" data-carousel-extra='{&quot;blog_id&quot;:1,&quot;permalink&quot;:&quot;https:\\\/\\\/www.pfarrei-due-wo.de\\\/?p=7565&quot;,&quot;likes_blog_id&quot;:128606674}' itemscope itemtype=\"http:\/\/schema.org\/ImageGallery\" > <div class=\"gallery-row\" style=\"width: 750px; height: 259px;\" data-original-width=\"750\" data-original-height=\"259\" > <div class=\"gallery-group images-1\" style=\"width: 343px; height: 259px;\" data-original-width=\"343\" data-original-height=\"259\" > <div class=\"tiled-gallery-item tiled-gallery-item-large\" itemprop=\"associatedMedia\" itemscope itemtype=\"http:\/\/schema.org\/ImageObject\"> <a href=\"https:\/\/www.pfarrei-due-wo.de\/?attachment_id=7560\" border=\"0\" itemprop=\"url\"> <meta itemprop=\"width\" content=\"339\"> <meta itemprop=\"height\" content=\"255\"> <img decoding=\"async\" class=\"\" data-attachment-id=\"7560\" data-orig-file=\"https:\/\/www.pfarrei-due-wo.de\/wp-content\/uploads\/2022\/05\/20220519_154407_bearb-scaled.jpg\" data-orig-size=\"2560,1920\" data-comments-opened=\"\" data-image-meta=\"{&quot;aperture&quot;:&quot;1.7&quot;,&quot;credit&quot;:&quot;&quot;,&quot;camera&quot;:&quot;SM-G935F&quot;,&quot;caption&quot;:&quot;&quot;,&quot;created_timestamp&quot;:&quot;1652975047&quot;,&quot;copyright&quot;:&quot;&quot;,&quot;focal_length&quot;:&quot;4.2&quot;,&quot;iso&quot;:&quot;200&quot;,&quot;shutter_speed&quot;:&quot;0.02&quot;,&quot;title&quot;:&quot;&quot;,&quot;orientation&quot;:&quot;1&quot;}\" data-image-title=\"Kleinkindergottesdienst im Mai\" data-image-description=\"&lt;p&gt;Foto: Michael Hoch&lt;\/p&gt; \" data-medium-file=\"https:\/\/i0.wp.com\/www.pfarrei-due-wo.de\/wp-content\/uploads\/2022\/05\/20220519_154407_bearb-scaled.jpg?fit=300%2C225&#038;ssl=1\" data-large-file=\"https:\/\/i0.wp.com\/www.pfarrei-due-wo.de\/wp-content\/uploads\/2022\/05\/20220519_154407_bearb-scaled.jpg?fit=750%2C563&#038;ssl=1\" src=\"https:\/\/i0.wp.com\/www.pfarrei-due-wo.de\/wp-content\/uploads\/2022\/05\/20220519_154407_bearb-scaled.jpg?w=339&#038;h=255&#038;ssl=1\" srcset=\"https:\/\/i0.wp.com\/www.pfarrei-due-wo.de\/wp-content\/uploads\/2022\/05\/20220519_154407_bearb-scaled.jpg?w=2560&amp;ssl=1 2560w, https:\/\/i0.wp.com\/www.pfarrei-due-wo.de\/wp-content\/uploads\/2022\/05\/20220519_154407_bearb-scaled.jpg?resize=300%2C225&amp;ssl=1 300w, https:\/\/i0.wp.com\/www.pfarrei-due-wo.de\/wp-content\/uploads\/2022\/05\/20220519_154407_bearb-scaled.jpg?resize=1024%2C768&amp;ssl=1 1024w, https:\/\/i0.wp.com\/www.pfarrei-due-wo.de\/wp-content\/uploads\/2022\/05\/20220519_154407_bearb-scaled.jpg?resize=768%2C576&amp;ssl=1 768w, https:\/\/i0.wp.com\/www.pfarrei-due-wo.de\/wp-content\/uploads\/2022\/05\/20220519_154407_bearb-scaled.jpg?resize=1536%2C1152&amp;ssl=1 1536w, https:\/\/i0.wp.com\/www.pfarrei-due-wo.de\/wp-content\/uploads\/2022\/05\/20220519_154407_bearb-scaled.jpg?resize=2048%2C1536&amp;ssl=1 2048w, https:\/\/i0.wp.com\/www.pfarrei-due-wo.de\/wp-content\/uploads\/2022\/05\/20220519_154407_bearb-scaled.jpg?w=2250&amp;ssl=1 2250w\" width=\"339\" height=\"255\" loading=\"lazy\" data-original-width=\"339\" data-original-height=\"255\" itemprop=\"http:\/\/schema.org\/image\" title=\"Kleinkindergottesdienst im Mai\" alt=\"Kleinkindergottesdienst im Mai\" style=\"width: 339px; height: 255px;\" \/> <\/a> <\/div> <\/div> <!-- close group --> <div class=\"gallery-group images-1\" style=\"width: 407px; height: 259px;\" data-original-width=\"407\" data-original-height=\"259\" > <div class=\"tiled-gallery-item tiled-gallery-item-large\" itemprop=\"associatedMedia\" itemscope itemtype=\"http:\/\/schema.org\/ImageObject\"> <a href=\"https:\/\/www.pfarrei-due-wo.de\/?attachment_id=7559\" border=\"0\" itemprop=\"url\"> <meta itemprop=\"width\" content=\"403\"> <meta itemprop=\"height\" content=\"255\"> <img decoding=\"async\" class=\"\" data-attachment-id=\"7559\" data-orig-file=\"https:\/\/www.pfarrei-due-wo.de\/wp-content\/uploads\/2022\/05\/20220519_155651-scaled-e1653055387935.jpg\" data-orig-size=\"2444,1545\" data-comments-opened=\"\" data-image-meta=\"{&quot;aperture&quot;:&quot;1.7&quot;,&quot;credit&quot;:&quot;&quot;,&quot;camera&quot;:&quot;SM-G935F&quot;,&quot;caption&quot;:&quot;&quot;,&quot;created_timestamp&quot;:&quot;1652975811&quot;,&quot;copyright&quot;:&quot;&quot;,&quot;focal_length&quot;:&quot;4.2&quot;,&quot;iso&quot;:&quot;80&quot;,&quot;shutter_speed&quot;:&quot;0.02&quot;,&quot;title&quot;:&quot;&quot;,&quot;orientation&quot;:&quot;1&quot;}\" data-image-title=\"Kleinkindergottesdienst im Mai\" data-image-description=\"&lt;p&gt;Foto: Michael Hoch&lt;\/p&gt; \" data-medium-file=\"https:\/\/i0.wp.com\/www.pfarrei-due-wo.de\/wp-content\/uploads\/2022\/05\/20220519_155651-scaled-e1653055387935.jpg?fit=300%2C190&#038;ssl=1\" data-large-file=\"https:\/\/i0.wp.com\/www.pfarrei-due-wo.de\/wp-content\/uploads\/2022\/05\/20220519_155651-scaled-e1653055387935.jpg?fit=750%2C474&#038;ssl=1\" src=\"https:\/\/i0.wp.com\/www.pfarrei-due-wo.de\/wp-content\/uploads\/2022\/05\/20220519_155651-scaled-e1653055387935.jpg?w=403&#038;h=255&#038;ssl=1\" srcset=\"https:\/\/i0.wp.com\/www.pfarrei-due-wo.de\/wp-content\/uploads\/2022\/05\/20220519_155651-scaled-e1653055387935.jpg?w=2444&amp;ssl=1 2444w, https:\/\/i0.wp.com\/www.pfarrei-due-wo.de\/wp-content\/uploads\/2022\/05\/20220519_155651-scaled-e1653055387935.jpg?resize=300%2C190&amp;ssl=1 300w, https:\/\/i0.wp.com\/www.pfarrei-due-wo.de\/wp-content\/uploads\/2022\/05\/20220519_155651-scaled-e1653055387935.jpg?resize=1024%2C647&amp;ssl=1 1024w, https:\/\/i0.wp.com\/www.pfarrei-due-wo.de\/wp-content\/uploads\/2022\/05\/20220519_155651-scaled-e1653055387935.jpg?resize=768%2C485&amp;ssl=1 768w, https:\/\/i0.wp.com\/www.pfarrei-due-wo.de\/wp-content\/uploads\/2022\/05\/20220519_155651-scaled-e1653055387935.jpg?resize=1536%2C971&amp;ssl=1 1536w, https:\/\/i0.wp.com\/www.pfarrei-due-wo.de\/wp-content\/uploads\/2022\/05\/20220519_155651-scaled-e1653055387935.jpg?resize=2048%2C1295&amp;ssl=1 2048w, https:\/\/i0.wp.com\/www.pfarrei-due-wo.de\/wp-content\/uploads\/2022\/05\/20220519_155651-scaled-e1653055387935.jpg?w=2250&amp;ssl=1 2250w\" width=\"403\" height=\"255\" loading=\"lazy\" data-original-width=\"403\" data-original-height=\"255\" itemprop=\"http:\/\/schema.org\/image\" title=\"Kleinkindergottesdienst im Mai\" alt=\"Kleinkindergottesdienst im Mai\" style=\"width: 403px; height: 255px;\" \/> <\/a> <\/div> <\/div> <!-- close group --> <\/div> <!-- close row --> <\/div>\n","protected":false},"excerpt":{"rendered":"<p>Die Eltern-Kind-Gruppen treffen sich regelm\u00e4\u00dfig in der Pfarrei, um sich auszutauschen und den Kindern die Begegnung mit Gleichaltrigen zu erm\u00f6glichen. Auf Initiative der Eltern-Kind-Gruppe und des Pfarrgemeinderates entstand die Idee &hellip; <\/p>\n","protected":false},"author":4,"featured_media":7559,"comment_status":"closed","ping_status":"closed","sticky":false,"template":"","format":"standard","meta":{"jetpack_post_was_ever_published":false,"_jetpack_newsletter_access":"","_jetpack_dont_email_post_to_subs":false,"_jetpack_newsletter_tier_id":0,"_jetpack_memberships_contains_paywalled_content":false,"_jetpack_memberships_contains_paid_content":false,"footnotes":"","jetpack_publicize_message":"","jetpack_publicize_feature_enabled":true,"jetpack_social_post_already_shared":true,"jetpack_social_options":{"image_generator_settings":{"template":"highway","default_image_id":0,"font":"","enabled":false},"version":2}},"categories":[2,12,6],"tags":[],"class_list":["post-7565","post","type-post","status-publish","format-standard","has-post-thumbnail","hentry","category-gottesdienste","category-kinder","category-pfarrei-erleben"],"jetpack_publicize_connections":[],"jetpack_featured_media_url":"https:\/\/i0.wp.com\/www.pfarrei-due-wo.de\/wp-content\/uploads\/2022\/05\/20220519_155651-scaled-e1653055387935.jpg?fit=2444%2C1545&ssl=1","jetpack_sharing_enabled":true,"jetpack_shortlink":"https:\/\/wp.me\/p8HCtc-1Y1","jetpack-related-posts":[{"id":6774,"url":"https:\/\/www.pfarrei-due-wo.de\/?p=6774","url_meta":{"origin":7565,"position":0},"title":"St. Martin im kleinen Kreis","author":"Matthias Heimler","date":"11. November 2021","format":false,"excerpt":"Nachdem die Inzidenzzahlen derzeit so hochgeschnellt sind, haben sich die Leitung des Kinderhauses und die Pfarrei verst\u00e4ndigt, mehrere kleinere St. Martinsfeiern zu halten. Die Kinder im Kinderhaus feierten den bekanntesten Heiligen der N\u00e4chstenliebe in ihrer jeweiligen Gruppe. Alle Kinder aus der Grundschule und den Eltern-Kind-Gruppen waren eingeladen zu einer Andacht\u2026","rel":"","context":"In &quot;Gottesdienste&quot;","block_context":{"text":"Gottesdienste","link":"https:\/\/www.pfarrei-due-wo.de\/?cat=2"},"img":{"alt_text":"","src":"https:\/\/i0.wp.com\/www.pfarrei-due-wo.de\/wp-content\/uploads\/2021\/11\/20211111_170017-scaled.jpg?fit=1200%2C675&ssl=1&resize=350%2C200","width":350,"height":200,"srcset":"https:\/\/i0.wp.com\/www.pfarrei-due-wo.de\/wp-content\/uploads\/2021\/11\/20211111_170017-scaled.jpg?fit=1200%2C675&ssl=1&resize=350%2C200 1x, https:\/\/i0.wp.com\/www.pfarrei-due-wo.de\/wp-content\/uploads\/2021\/11\/20211111_170017-scaled.jpg?fit=1200%2C675&ssl=1&resize=525%2C300 1.5x, https:\/\/i0.wp.com\/www.pfarrei-due-wo.de\/wp-content\/uploads\/2021\/11\/20211111_170017-scaled.jpg?fit=1200%2C675&ssl=1&resize=700%2C400 2x, https:\/\/i0.wp.com\/www.pfarrei-due-wo.de\/wp-content\/uploads\/2021\/11\/20211111_170017-scaled.jpg?fit=1200%2C675&ssl=1&resize=1050%2C600 3x"},"classes":[]},{"id":7576,"url":"https:\/\/www.pfarrei-due-wo.de\/?p=7576","url_meta":{"origin":7565,"position":1},"title":"KAB h\u00e4lt Jahresversammlung und w\u00e4hlt neues Leitungsteam","author":"Matthias Heimler","date":"21. Mai 2022","format":false,"excerpt":"Bei der Jahreshauptversammlung der Katholischen Arbeitnehmerbewegung (KAB) D\u00fcrnsricht-Wolfring wurden der Bericht der Vorstandschaft und der Kassenbericht den Mitgliedern vorgetragen. Die bisherigen Verantwortlichen hatten von zahlreichen Aktionen zu berichten, die trotz der Corona-Pandemie durchgef\u00fchrt wurden: Palmb\u00fcschelbinden f\u00fcr Erwachsene und f\u00fcr Kinder, geistlicher Spaziergang auf dem Franziskusweg in Amberg, Jahresessen mit Mitgliederehrung,\u2026","rel":"","context":"In &quot;Pfarrei erleben&quot;","block_context":{"text":"Pfarrei erleben","link":"https:\/\/www.pfarrei-due-wo.de\/?cat=6"},"img":{"alt_text":"","src":"https:\/\/i0.wp.com\/www.pfarrei-due-wo.de\/wp-content\/uploads\/2022\/05\/20220521_195735-scaled.jpg?fit=1200%2C900&ssl=1&resize=350%2C200","width":350,"height":200,"srcset":"https:\/\/i0.wp.com\/www.pfarrei-due-wo.de\/wp-content\/uploads\/2022\/05\/20220521_195735-scaled.jpg?fit=1200%2C900&ssl=1&resize=350%2C200 1x, https:\/\/i0.wp.com\/www.pfarrei-due-wo.de\/wp-content\/uploads\/2022\/05\/20220521_195735-scaled.jpg?fit=1200%2C900&ssl=1&resize=525%2C300 1.5x, https:\/\/i0.wp.com\/www.pfarrei-due-wo.de\/wp-content\/uploads\/2022\/05\/20220521_195735-scaled.jpg?fit=1200%2C900&ssl=1&resize=700%2C400 2x, https:\/\/i0.wp.com\/www.pfarrei-due-wo.de\/wp-content\/uploads\/2022\/05\/20220521_195735-scaled.jpg?fit=1200%2C900&ssl=1&resize=1050%2C600 3x"},"classes":[]},{"id":9184,"url":"https:\/\/www.pfarrei-due-wo.de\/?p=9184","url_meta":{"origin":7565,"position":2},"title":"Liebe ist grenzenlos &#8211; 50 Kinder nehmen an Kinderbibeltag teil","author":"Matthias Heimler","date":"25. M\u00e4rz 2023","format":false,"excerpt":"Das Familiengottesdienst-Team lud ein und viele Kinder kamen. Der Kinderbibeltag der Pfarrei machte Kleinen und Gro\u00dfen sichtlich Spa\u00df. Von einer spannenden Bibelgeschichte ging alles aus. Schon Monate voraus traf sich das Familiengottesdienst-Team zur Vorbereitung des Kinderbibeltags, der in diesem Jahr wieder einmal stattfinden sollte. Bis 2016 fanden diese Tage im\u2026","rel":"","context":"In &quot;Gottesdienste&quot;","block_context":{"text":"Gottesdienste","link":"https:\/\/www.pfarrei-due-wo.de\/?cat=2"},"img":{"alt_text":"","src":"https:\/\/i0.wp.com\/www.pfarrei-due-wo.de\/wp-content\/uploads\/2023\/03\/20230325_145222-scaled.jpg?fit=1200%2C675&ssl=1&resize=350%2C200","width":350,"height":200,"srcset":"https:\/\/i0.wp.com\/www.pfarrei-due-wo.de\/wp-content\/uploads\/2023\/03\/20230325_145222-scaled.jpg?fit=1200%2C675&ssl=1&resize=350%2C200 1x, https:\/\/i0.wp.com\/www.pfarrei-due-wo.de\/wp-content\/uploads\/2023\/03\/20230325_145222-scaled.jpg?fit=1200%2C675&ssl=1&resize=525%2C300 1.5x, https:\/\/i0.wp.com\/www.pfarrei-due-wo.de\/wp-content\/uploads\/2023\/03\/20230325_145222-scaled.jpg?fit=1200%2C675&ssl=1&resize=700%2C400 2x, https:\/\/i0.wp.com\/www.pfarrei-due-wo.de\/wp-content\/uploads\/2023\/03\/20230325_145222-scaled.jpg?fit=1200%2C675&ssl=1&resize=1050%2C600 3x"},"classes":[]},{"id":7083,"url":"https:\/\/www.pfarrei-due-wo.de\/?p=7083","url_meta":{"origin":7565,"position":3},"title":"22 Erstkommunionkinder stellen sich vor","author":"Matthias Heimler","date":"23. Januar 2022","format":false,"excerpt":"Die Erstkommunionvorbereitung wurde in den letzten beiden Jahren immer wieder von Corona-Beschr\u00e4nkungen unterbrochen. Umso sch\u00f6ner, dass der Vorstellungsgottesdienst der 22 Erstkommunionkinder der Pfarrei in diesem Jahr wie geplant stattfinden konnte. \"Bei mir bist du gro\u00df\", lautet das Motto der Vorbereitungszeit auf die Sakramente Erstbeichte und Erstkommunion. Gro\u00df sein, das bezieht\u2026","rel":"","context":"In &quot;Erstkommunion&quot;","block_context":{"text":"Erstkommunion","link":"https:\/\/www.pfarrei-due-wo.de\/?cat=10"},"img":{"alt_text":"","src":"https:\/\/i0.wp.com\/www.pfarrei-due-wo.de\/wp-content\/uploads\/2022\/02\/20220123_105521_bearb-scaled.jpg?fit=1200%2C900&ssl=1&resize=350%2C200","width":350,"height":200,"srcset":"https:\/\/i0.wp.com\/www.pfarrei-due-wo.de\/wp-content\/uploads\/2022\/02\/20220123_105521_bearb-scaled.jpg?fit=1200%2C900&ssl=1&resize=350%2C200 1x, https:\/\/i0.wp.com\/www.pfarrei-due-wo.de\/wp-content\/uploads\/2022\/02\/20220123_105521_bearb-scaled.jpg?fit=1200%2C900&ssl=1&resize=525%2C300 1.5x, https:\/\/i0.wp.com\/www.pfarrei-due-wo.de\/wp-content\/uploads\/2022\/02\/20220123_105521_bearb-scaled.jpg?fit=1200%2C900&ssl=1&resize=700%2C400 2x, https:\/\/i0.wp.com\/www.pfarrei-due-wo.de\/wp-content\/uploads\/2022\/02\/20220123_105521_bearb-scaled.jpg?fit=1200%2C900&ssl=1&resize=1050%2C600 3x"},"classes":[]},{"id":7522,"url":"https:\/\/www.pfarrei-due-wo.de\/?p=7522","url_meta":{"origin":7565,"position":4},"title":"Bei mir bist du gro\u00df &#8211; Erstkommunion von 22 Kindern gefeiert","author":"Matthias Heimler","date":"8. Mai 2022","format":false,"excerpt":"Bei strahlendem Sonnenschein zogen die 22 Erstkommunionkinder der Pfarrei in die gut besuchte Pfarrkirche St. Albertus Magnus ein, um dort zu ersten Mal den Leib Christi zu empfangen. Nach einer intensiven Zeit der Vorbereitung durch Weggottesdienste, Tischgruppenstunden der Eltern und Unterricht in der Schule, freuten sich die M\u00e4dchen und Buben\u2026","rel":"","context":"In &quot;Erstkommunion&quot;","block_context":{"text":"Erstkommunion","link":"https:\/\/www.pfarrei-due-wo.de\/?cat=10"},"img":{"alt_text":"","src":"https:\/\/i0.wp.com\/www.pfarrei-due-wo.de\/wp-content\/uploads\/2022\/05\/0007496-scaled.jpg?fit=1200%2C800&ssl=1&resize=350%2C200","width":350,"height":200,"srcset":"https:\/\/i0.wp.com\/www.pfarrei-due-wo.de\/wp-content\/uploads\/2022\/05\/0007496-scaled.jpg?fit=1200%2C800&ssl=1&resize=350%2C200 1x, https:\/\/i0.wp.com\/www.pfarrei-due-wo.de\/wp-content\/uploads\/2022\/05\/0007496-scaled.jpg?fit=1200%2C800&ssl=1&resize=525%2C300 1.5x, https:\/\/i0.wp.com\/www.pfarrei-due-wo.de\/wp-content\/uploads\/2022\/05\/0007496-scaled.jpg?fit=1200%2C800&ssl=1&resize=700%2C400 2x, https:\/\/i0.wp.com\/www.pfarrei-due-wo.de\/wp-content\/uploads\/2022\/05\/0007496-scaled.jpg?fit=1200%2C800&ssl=1&resize=1050%2C600 3x"},"classes":[]},{"id":8239,"url":"https:\/\/www.pfarrei-due-wo.de\/?p=8239","url_meta":{"origin":7565,"position":5},"title":"Projektgruppe &#8222;Schutzkonzept&#8220; schlie\u00dft Arbeit erfolgreich ab","author":"Matthias Heimler","date":"21. Oktober 2022","format":false,"excerpt":"Der Auftrag zur Entwicklung eines Schutzkonzeptes f\u00fcr die Kinder- und Jugendarbeit wurde von der Di\u00f6zese Regensburg bereits Ende 2017 an alle Pfarreien im Bistum erteilt. Innerhalb von drei Jahren sollten alle Pfarreien selbst\u00e4ndig ein auf die jeweilige Situation abgestimmtes Schutzkonzept entwickeln. Die Dreijahresfrist wurde wegen der Corona-Pandemie auf Ende 2022\u2026","rel":"","context":"In &quot;Jugend&quot;","block_context":{"text":"Jugend","link":"https:\/\/www.pfarrei-due-wo.de\/?cat=9"},"img":{"alt_text":"","src":"https:\/\/i0.wp.com\/www.pfarrei-due-wo.de\/wp-content\/uploads\/2022\/10\/20221006_210923-scaled-e1666692321175.jpg?fit=1200%2C917&ssl=1&resize=350%2C200","width":350,"height":200,"srcset":"https:\/\/i0.wp.com\/www.pfarrei-due-wo.de\/wp-content\/uploads\/2022\/10\/20221006_210923-scaled-e1666692321175.jpg?fit=1200%2C917&ssl=1&resize=350%2C200 1x, https:\/\/i0.wp.com\/www.pfarrei-due-wo.de\/wp-content\/uploads\/2022\/10\/20221006_210923-scaled-e1666692321175.jpg?fit=1200%2C917&ssl=1&resize=525%2C300 1.5x, https:\/\/i0.wp.com\/www.pfarrei-due-wo.de\/wp-content\/uploads\/2022\/10\/20221006_210923-scaled-e1666692321175.jpg?fit=1200%2C917&ssl=1&resize=700%2C400 2x, https:\/\/i0.wp.com\/www.pfarrei-due-wo.de\/wp-content\/uploads\/2022\/10\/20221006_210923-scaled-e1666692321175.jpg?fit=1200%2C917&ssl=1&resize=1050%2C600 3x"},"classes":[]}],"publishpress_future_action":{"enabled":false,"date":"2026-05-09 15:31:06","action":"change-status","newStatus":"draft","terms":[],"taxonomy":"category","extraData":[]},"publishpress_future_workflow_manual_trigger":{"enabledWorkflows":[]},"_links":{"self":[{"href":"https:\/\/www.pfarrei-due-wo.de\/index.php?rest_route=\/wp\/v2\/posts\/7565","targetHints":{"allow":["GET"]}}],"collection":[{"href":"https:\/\/www.pfarrei-due-wo.de\/index.php?rest_route=\/wp\/v2\/posts"}],"about":[{"href":"https:\/\/www.pfarrei-due-wo.de\/index.php?rest_route=\/wp\/v2\/types\/post"}],"author":[{"embeddable":true,"href":"https:\/\/www.pfarrei-due-wo.de\/index.php?rest_route=\/wp\/v2\/users\/4"}],"replies":[{"embeddable":true,"href":"https:\/\/www.pfarrei-due-wo.de\/index.php?rest_route=%2Fwp%2Fv2%2Fcomments&post=7565"}],"version-history":[{"count":2,"href":"https:\/\/www.pfarrei-due-wo.de\/index.php?rest_route=\/wp\/v2\/posts\/7565\/revisions"}],"predecessor-version":[{"id":7612,"href":"https:\/\/www.pfarrei-due-wo.de\/index.php?rest_route=\/wp\/v2\/posts\/7565\/revisions\/7612"}],"wp:featuredmedia":[{"embeddable":true,"href":"https:\/\/www.pfarrei-due-wo.de\/index.php?rest_route=\/wp\/v2\/media\/7559"}],"wp:attachment":[{"href":"https:\/\/www.pfarrei-due-wo.de\/index.php?rest_route=%2Fwp%2Fv2%2Fmedia&parent=7565"}],"wp:term":[{"taxonomy":"category","embeddable":true,"href":"https:\/\/www.pfarrei-due-wo.de\/index.php?rest_route=%2Fwp%2Fv2%2Fcategories&post=7565"},{"taxonomy":"post_tag","embeddable":true,"href":"https:\/\/www.pfarrei-due-wo.de\/index.php?rest_route=%2Fwp%2Fv2%2Ftags&post=7565"}],"curies":[{"name":"wp","href":"https:\/\/api.w.org\/{rel}","templated":true}]}}