{"id":7081,"date":"2022-01-15T19:01:29","date_gmt":"2022-01-15T18:01:29","guid":{"rendered":"https:\/\/www.pfarrei-due-wo.de\/?p=7081"},"modified":"2022-02-03T19:19:42","modified_gmt":"2022-02-03T18:19:42","slug":"und-hinter-den-kulissen-gehts-rund","status":"publish","type":"post","link":"https:\/\/www.pfarrei-due-wo.de\/?p=7081","title":{"rendered":"Und hinter den Kulissen geht&#8217;s rund"},"content":{"rendered":"<p>Zu jedem Fest geh\u00f6rt auch der Tag, an dem alles wieder aufger\u00e4umt werden muss. Und da ist von Weihnachten doch so einiges \u00fcbrig, was wieder in Kartons und Schr\u00e4nke verpackt werden muss, damit es im n\u00e4chsten Jahr wieder gl\u00e4nzt und Kinderaugen zum Staunen bringt.<\/p>\n<p>Die Weihnachtskrippe mit ihren zahlreichen Figuren wird von fachkundigen Frauen und M\u00e4nnern gereinigt, verpackt und wieder im Schrank verstaut. Nat\u00fcrlich nicht ohne eine kleine Inventur damit zu verbinden. Gott sei Dank, in diesem Jahr sind alle Schafe, H\u00fchner, Katzen und sonstige Kleintiere noch da!<\/p>\n<p>Christbaumschmuck muss ordentlich verpackt werden, sonst wird das n\u00e4chste Schm\u00fccken zur Geduldsprobe. Strohsterne, Kugeln brauchen einen guten Platz. Bei der Renovierung der Sakristei war das eben auch ein wichtiges Ziel: viel Stauraum f\u00fcr das Dekorationsmaterial, das in der Pfarrkirche nicht nur an Weihnachten, sondern das ganze Jahr \u00fcber gebraucht wird.<\/p>\n<p>Nach dem Fest ist vor dem Fest, hei\u00dft es. Es m\u00f6gen zwar durchaus noch ein paar Wochen ins Land gehen bis es Ostern wird, aber die Fastenzeit beginnt ja bekanntlich schon am Aschermittwoch. Und auch da sind unsere Kirchenschm\u00fccker wieder im Einsatz: das Fastentuch wird der Kirche wieder einen ganz anderen Charakter verleihen.<\/p>\n<div class=\"tiled-gallery type-rectangular tiled-gallery-unresized\" data-original-width=\"750\" data-carousel-extra='{&quot;blog_id&quot;:1,&quot;permalink&quot;:&quot;https:\\\/\\\/www.pfarrei-due-wo.de\\\/?p=7081&quot;,&quot;likes_blog_id&quot;:128606674}' itemscope itemtype=\"http:\/\/schema.org\/ImageGallery\" > <div class=\"gallery-row\" style=\"width: 750px; height: 332px;\" data-original-width=\"750\" data-original-height=\"332\" > <div class=\"gallery-group images-1\" style=\"width: 250px; height: 332px;\" data-original-width=\"250\" data-original-height=\"332\" > <div class=\"tiled-gallery-item tiled-gallery-item-small\" itemprop=\"associatedMedia\" itemscope itemtype=\"http:\/\/schema.org\/ImageObject\"> <a href=\"https:\/\/www.pfarrei-due-wo.de\/?attachment_id=7052\" border=\"0\" itemprop=\"url\"> <meta itemprop=\"width\" content=\"246\"> <meta itemprop=\"height\" content=\"328\"> <img decoding=\"async\" class=\"\" data-attachment-id=\"7052\" data-orig-file=\"https:\/\/www.pfarrei-due-wo.de\/wp-content\/uploads\/2022\/01\/IMG-20220115-WA0003.jpg\" data-orig-size=\"768,1024\" data-comments-opened=\"\" data-image-meta=\"{&quot;aperture&quot;:&quot;0&quot;,&quot;credit&quot;:&quot;&quot;,&quot;camera&quot;:&quot;&quot;,&quot;caption&quot;:&quot;&quot;,&quot;created_timestamp&quot;:&quot;0&quot;,&quot;copyright&quot;:&quot;&quot;,&quot;focal_length&quot;:&quot;0&quot;,&quot;iso&quot;:&quot;0&quot;,&quot;shutter_speed&quot;:&quot;0&quot;,&quot;title&quot;:&quot;&quot;,&quot;orientation&quot;:&quot;0&quot;}\" data-image-title=\"Aufr\u00e4umen des Weihnachtsschmucks\" data-image-description=\"&lt;p&gt;Foto: G\u00fcnter Schie\u00dfl&lt;\/p&gt; \" data-medium-file=\"https:\/\/i0.wp.com\/www.pfarrei-due-wo.de\/wp-content\/uploads\/2022\/01\/IMG-20220115-WA0003.jpg?fit=225%2C300&#038;ssl=1\" data-large-file=\"https:\/\/i0.wp.com\/www.pfarrei-due-wo.de\/wp-content\/uploads\/2022\/01\/IMG-20220115-WA0003.jpg?fit=750%2C1000&#038;ssl=1\" src=\"https:\/\/i0.wp.com\/www.pfarrei-due-wo.de\/wp-content\/uploads\/2022\/01\/IMG-20220115-WA0003.jpg?w=246&#038;h=328&#038;ssl=1\" srcset=\"https:\/\/i0.wp.com\/www.pfarrei-due-wo.de\/wp-content\/uploads\/2022\/01\/IMG-20220115-WA0003.jpg?w=768&amp;ssl=1 768w, https:\/\/i0.wp.com\/www.pfarrei-due-wo.de\/wp-content\/uploads\/2022\/01\/IMG-20220115-WA0003.jpg?resize=225%2C300&amp;ssl=1 225w\" width=\"246\" height=\"328\" loading=\"lazy\" data-original-width=\"246\" data-original-height=\"328\" itemprop=\"http:\/\/schema.org\/image\" title=\"Aufr\u00e4umen des Weihnachtsschmucks\" alt=\"Aufr\u00e4umen des Weihnachtsschmucks\" style=\"width: 246px; height: 328px;\" \/> <\/a> <\/div> <\/div> <!-- close group --> <div class=\"gallery-group images-1\" style=\"width: 250px; height: 332px;\" data-original-width=\"250\" data-original-height=\"332\" > <div class=\"tiled-gallery-item tiled-gallery-item-small\" itemprop=\"associatedMedia\" itemscope itemtype=\"http:\/\/schema.org\/ImageObject\"> <a href=\"https:\/\/www.pfarrei-due-wo.de\/?attachment_id=7051\" border=\"0\" itemprop=\"url\"> <meta itemprop=\"width\" content=\"246\"> <meta itemprop=\"height\" content=\"328\"> <img decoding=\"async\" class=\"\" data-attachment-id=\"7051\" data-orig-file=\"https:\/\/www.pfarrei-due-wo.de\/wp-content\/uploads\/2022\/01\/IMG-20220115-WA0001.jpg\" data-orig-size=\"768,1024\" data-comments-opened=\"\" data-image-meta=\"{&quot;aperture&quot;:&quot;0&quot;,&quot;credit&quot;:&quot;&quot;,&quot;camera&quot;:&quot;&quot;,&quot;caption&quot;:&quot;&quot;,&quot;created_timestamp&quot;:&quot;0&quot;,&quot;copyright&quot;:&quot;&quot;,&quot;focal_length&quot;:&quot;0&quot;,&quot;iso&quot;:&quot;0&quot;,&quot;shutter_speed&quot;:&quot;0&quot;,&quot;title&quot;:&quot;&quot;,&quot;orientation&quot;:&quot;0&quot;}\" data-image-title=\"Aufr\u00e4umen des Weihnachtsschmucks\" data-image-description=\"&lt;p&gt;Foto: G\u00fcnter Schie\u00dfl&lt;\/p&gt; \" data-medium-file=\"https:\/\/i0.wp.com\/www.pfarrei-due-wo.de\/wp-content\/uploads\/2022\/01\/IMG-20220115-WA0001.jpg?fit=225%2C300&#038;ssl=1\" data-large-file=\"https:\/\/i0.wp.com\/www.pfarrei-due-wo.de\/wp-content\/uploads\/2022\/01\/IMG-20220115-WA0001.jpg?fit=750%2C1000&#038;ssl=1\" src=\"https:\/\/i0.wp.com\/www.pfarrei-due-wo.de\/wp-content\/uploads\/2022\/01\/IMG-20220115-WA0001.jpg?w=246&#038;h=328&#038;ssl=1\" srcset=\"https:\/\/i0.wp.com\/www.pfarrei-due-wo.de\/wp-content\/uploads\/2022\/01\/IMG-20220115-WA0001.jpg?w=768&amp;ssl=1 768w, https:\/\/i0.wp.com\/www.pfarrei-due-wo.de\/wp-content\/uploads\/2022\/01\/IMG-20220115-WA0001.jpg?resize=225%2C300&amp;ssl=1 225w\" width=\"246\" height=\"328\" loading=\"lazy\" data-original-width=\"246\" data-original-height=\"328\" itemprop=\"http:\/\/schema.org\/image\" title=\"Aufr\u00e4umen des Weihnachtsschmucks\" alt=\"Aufr\u00e4umen des Weihnachtsschmucks\" style=\"width: 246px; height: 328px;\" \/> <\/a> <\/div> <\/div> <!-- close group --> <div class=\"gallery-group images-1\" style=\"width: 250px; height: 332px;\" data-original-width=\"250\" data-original-height=\"332\" > <div class=\"tiled-gallery-item tiled-gallery-item-small\" itemprop=\"associatedMedia\" itemscope itemtype=\"http:\/\/schema.org\/ImageObject\"> <a href=\"https:\/\/www.pfarrei-due-wo.de\/?attachment_id=7050\" border=\"0\" itemprop=\"url\"> <meta itemprop=\"width\" content=\"246\"> <meta itemprop=\"height\" content=\"328\"> <img decoding=\"async\" class=\"\" data-attachment-id=\"7050\" data-orig-file=\"https:\/\/www.pfarrei-due-wo.de\/wp-content\/uploads\/2022\/01\/IMG-20220115-WA0000.jpg\" data-orig-size=\"768,1024\" data-comments-opened=\"\" data-image-meta=\"{&quot;aperture&quot;:&quot;0&quot;,&quot;credit&quot;:&quot;&quot;,&quot;camera&quot;:&quot;&quot;,&quot;caption&quot;:&quot;&quot;,&quot;created_timestamp&quot;:&quot;0&quot;,&quot;copyright&quot;:&quot;&quot;,&quot;focal_length&quot;:&quot;0&quot;,&quot;iso&quot;:&quot;0&quot;,&quot;shutter_speed&quot;:&quot;0&quot;,&quot;title&quot;:&quot;&quot;,&quot;orientation&quot;:&quot;0&quot;}\" data-image-title=\"Aufr\u00e4umen des Weihnachtsschmucks\" data-image-description=\"&lt;p&gt;Foto: G\u00fcnter Schie\u00dfl&lt;\/p&gt; \" data-medium-file=\"https:\/\/i0.wp.com\/www.pfarrei-due-wo.de\/wp-content\/uploads\/2022\/01\/IMG-20220115-WA0000.jpg?fit=225%2C300&#038;ssl=1\" data-large-file=\"https:\/\/i0.wp.com\/www.pfarrei-due-wo.de\/wp-content\/uploads\/2022\/01\/IMG-20220115-WA0000.jpg?fit=750%2C1000&#038;ssl=1\" src=\"https:\/\/i0.wp.com\/www.pfarrei-due-wo.de\/wp-content\/uploads\/2022\/01\/IMG-20220115-WA0000.jpg?w=246&#038;h=328&#038;ssl=1\" srcset=\"https:\/\/i0.wp.com\/www.pfarrei-due-wo.de\/wp-content\/uploads\/2022\/01\/IMG-20220115-WA0000.jpg?w=768&amp;ssl=1 768w, https:\/\/i0.wp.com\/www.pfarrei-due-wo.de\/wp-content\/uploads\/2022\/01\/IMG-20220115-WA0000.jpg?resize=225%2C300&amp;ssl=1 225w\" width=\"246\" height=\"328\" loading=\"lazy\" data-original-width=\"246\" data-original-height=\"328\" itemprop=\"http:\/\/schema.org\/image\" title=\"Aufr\u00e4umen des Weihnachtsschmucks\" alt=\"Aufr\u00e4umen des Weihnachtsschmucks\" style=\"width: 246px; height: 328px;\" \/> <\/a> <\/div> <\/div> <!-- close group --> <\/div> <!-- close row --> <div class=\"gallery-row\" style=\"width: 750px; height: 499px;\" data-original-width=\"750\" data-original-height=\"499\" > <div class=\"gallery-group images-1\" style=\"width: 375px; height: 499px;\" data-original-width=\"375\" data-original-height=\"499\" > <div class=\"tiled-gallery-item tiled-gallery-item-large\" itemprop=\"associatedMedia\" itemscope itemtype=\"http:\/\/schema.org\/ImageObject\"> <a href=\"https:\/\/www.pfarrei-due-wo.de\/?attachment_id=7049\" border=\"0\" itemprop=\"url\"> <meta itemprop=\"width\" content=\"371\"> <meta itemprop=\"height\" content=\"495\"> <img decoding=\"async\" class=\"\" data-attachment-id=\"7049\" data-orig-file=\"https:\/\/www.pfarrei-due-wo.de\/wp-content\/uploads\/2022\/01\/IMG-20220115-WA0011.jpg\" data-orig-size=\"768,1024\" data-comments-opened=\"\" data-image-meta=\"{&quot;aperture&quot;:&quot;0&quot;,&quot;credit&quot;:&quot;&quot;,&quot;camera&quot;:&quot;&quot;,&quot;caption&quot;:&quot;&quot;,&quot;created_timestamp&quot;:&quot;0&quot;,&quot;copyright&quot;:&quot;&quot;,&quot;focal_length&quot;:&quot;0&quot;,&quot;iso&quot;:&quot;0&quot;,&quot;shutter_speed&quot;:&quot;0&quot;,&quot;title&quot;:&quot;&quot;,&quot;orientation&quot;:&quot;0&quot;}\" data-image-title=\"Aufr\u00e4umen des Weihnachtsschmucks\" data-image-description=\"&lt;p&gt;Foto: G\u00fcnter Schie\u00dfl&lt;\/p&gt; \" data-medium-file=\"https:\/\/i0.wp.com\/www.pfarrei-due-wo.de\/wp-content\/uploads\/2022\/01\/IMG-20220115-WA0011.jpg?fit=225%2C300&#038;ssl=1\" data-large-file=\"https:\/\/i0.wp.com\/www.pfarrei-due-wo.de\/wp-content\/uploads\/2022\/01\/IMG-20220115-WA0011.jpg?fit=750%2C1000&#038;ssl=1\" src=\"https:\/\/i0.wp.com\/www.pfarrei-due-wo.de\/wp-content\/uploads\/2022\/01\/IMG-20220115-WA0011.jpg?w=371&#038;h=495&#038;ssl=1\" srcset=\"https:\/\/i0.wp.com\/www.pfarrei-due-wo.de\/wp-content\/uploads\/2022\/01\/IMG-20220115-WA0011.jpg?w=768&amp;ssl=1 768w, https:\/\/i0.wp.com\/www.pfarrei-due-wo.de\/wp-content\/uploads\/2022\/01\/IMG-20220115-WA0011.jpg?resize=225%2C300&amp;ssl=1 225w\" width=\"371\" height=\"495\" loading=\"lazy\" data-original-width=\"371\" data-original-height=\"495\" itemprop=\"http:\/\/schema.org\/image\" title=\"Aufr\u00e4umen des Weihnachtsschmucks\" alt=\"Aufr\u00e4umen des Weihnachtsschmucks\" style=\"width: 371px; height: 495px;\" \/> <\/a> <\/div> <\/div> <!-- close group --> <div class=\"gallery-group images-1\" style=\"width: 375px; height: 499px;\" data-original-width=\"375\" data-original-height=\"499\" > <div class=\"tiled-gallery-item tiled-gallery-item-large\" itemprop=\"associatedMedia\" itemscope itemtype=\"http:\/\/schema.org\/ImageObject\"> <a href=\"https:\/\/www.pfarrei-due-wo.de\/?attachment_id=7047\" border=\"0\" itemprop=\"url\"> <meta itemprop=\"width\" content=\"371\"> <meta itemprop=\"height\" content=\"495\"> <img decoding=\"async\" class=\"\" data-attachment-id=\"7047\" data-orig-file=\"https:\/\/www.pfarrei-due-wo.de\/wp-content\/uploads\/2022\/01\/IMG-20220115-WA0007.jpg\" data-orig-size=\"768,1024\" data-comments-opened=\"\" data-image-meta=\"{&quot;aperture&quot;:&quot;0&quot;,&quot;credit&quot;:&quot;&quot;,&quot;camera&quot;:&quot;&quot;,&quot;caption&quot;:&quot;&quot;,&quot;created_timestamp&quot;:&quot;0&quot;,&quot;copyright&quot;:&quot;&quot;,&quot;focal_length&quot;:&quot;0&quot;,&quot;iso&quot;:&quot;0&quot;,&quot;shutter_speed&quot;:&quot;0&quot;,&quot;title&quot;:&quot;&quot;,&quot;orientation&quot;:&quot;0&quot;}\" data-image-title=\"Aufr\u00e4umen des Weihnachtsschmucks\" data-image-description=\"&lt;p&gt;Foto: G\u00fcnter Schie\u00dfl&lt;\/p&gt; \" data-medium-file=\"https:\/\/i0.wp.com\/www.pfarrei-due-wo.de\/wp-content\/uploads\/2022\/01\/IMG-20220115-WA0007.jpg?fit=225%2C300&#038;ssl=1\" data-large-file=\"https:\/\/i0.wp.com\/www.pfarrei-due-wo.de\/wp-content\/uploads\/2022\/01\/IMG-20220115-WA0007.jpg?fit=750%2C1000&#038;ssl=1\" src=\"https:\/\/i0.wp.com\/www.pfarrei-due-wo.de\/wp-content\/uploads\/2022\/01\/IMG-20220115-WA0007.jpg?w=371&#038;h=495&#038;ssl=1\" srcset=\"https:\/\/i0.wp.com\/www.pfarrei-due-wo.de\/wp-content\/uploads\/2022\/01\/IMG-20220115-WA0007.jpg?w=768&amp;ssl=1 768w, https:\/\/i0.wp.com\/www.pfarrei-due-wo.de\/wp-content\/uploads\/2022\/01\/IMG-20220115-WA0007.jpg?resize=225%2C300&amp;ssl=1 225w\" width=\"371\" height=\"495\" loading=\"lazy\" data-original-width=\"371\" data-original-height=\"495\" itemprop=\"http:\/\/schema.org\/image\" title=\"Aufr\u00e4umen des Weihnachtsschmucks\" alt=\"Aufr\u00e4umen des Weihnachtsschmucks\" style=\"width: 371px; height: 495px;\" \/> <\/a> <\/div> <\/div> <!-- close group --> <\/div> <!-- close row --> <\/div>\n","protected":false},"excerpt":{"rendered":"<p>Zu jedem Fest geh\u00f6rt auch der Tag, an dem alles wieder aufger\u00e4umt werden muss. Und da ist von Weihnachten doch so einiges \u00fcbrig, was wieder in Kartons und Schr\u00e4nke verpackt &hellip; <\/p>\n","protected":false},"author":4,"featured_media":7048,"comment_status":"closed","ping_status":"closed","sticky":false,"template":"","format":"standard","meta":{"jetpack_post_was_ever_published":false,"_jetpack_newsletter_access":"","_jetpack_dont_email_post_to_subs":false,"_jetpack_newsletter_tier_id":0,"_jetpack_memberships_contains_paywalled_content":false,"_jetpack_memberships_contains_paid_content":false,"footnotes":"","jetpack_publicize_message":"","jetpack_publicize_feature_enabled":true,"jetpack_social_post_already_shared":true,"jetpack_social_options":{"image_generator_settings":{"template":"highway","default_image_id":0,"font":"","enabled":false},"version":2}},"categories":[6],"tags":[],"class_list":["post-7081","post","type-post","status-publish","format-standard","has-post-thumbnail","hentry","category-pfarrei-erleben"],"jetpack_publicize_connections":[],"jetpack_featured_media_url":"https:\/\/i0.wp.com\/www.pfarrei-due-wo.de\/wp-content\/uploads\/2022\/01\/IMG-20220115-WA0010.jpg?fit=768%2C1024&ssl=1","jetpack_sharing_enabled":true,"jetpack_shortlink":"https:\/\/wp.me\/p8HCtc-1Qd","jetpack-related-posts":[{"id":4432,"url":"https:\/\/www.pfarrei-due-wo.de\/?p=4432","url_meta":{"origin":7081,"position":0},"title":"Ostern 2020 &#8211; ein unvergessliches Fest","author":"Matthias Heimler","date":"12. April 2020","format":false,"excerpt":"Unvergessliche Feierlichkeiten Die Osterfeierlichkeiten im Jahr 2020 waren besonders ungew\u00f6hnlich und sind daher wahrscheinlich unvergesslich. S\u00e4mtliche Gottesdienste fanden ohne die Teilnahme der \u00d6ffentlichkeit statt. Der Grund ist allen bewusst: Der Kontakt zu anderen Menschen kann ein aggressives Virus \u00fcbertragen, das in nicht wenigen F\u00e4llen lebensbedrohlich ist. Wir m\u00fcssen auf Abstand\u2026","rel":"","context":"In &quot;Gottesdienste&quot;","block_context":{"text":"Gottesdienste","link":"https:\/\/www.pfarrei-due-wo.de\/?cat=2"},"img":{"alt_text":"","src":"https:\/\/i0.wp.com\/www.pfarrei-due-wo.de\/wp-content\/uploads\/2020\/04\/20200411_203803-scaled.jpg?fit=1200%2C900&ssl=1&resize=350%2C200","width":350,"height":200,"srcset":"https:\/\/i0.wp.com\/www.pfarrei-due-wo.de\/wp-content\/uploads\/2020\/04\/20200411_203803-scaled.jpg?fit=1200%2C900&ssl=1&resize=350%2C200 1x, https:\/\/i0.wp.com\/www.pfarrei-due-wo.de\/wp-content\/uploads\/2020\/04\/20200411_203803-scaled.jpg?fit=1200%2C900&ssl=1&resize=525%2C300 1.5x, https:\/\/i0.wp.com\/www.pfarrei-due-wo.de\/wp-content\/uploads\/2020\/04\/20200411_203803-scaled.jpg?fit=1200%2C900&ssl=1&resize=700%2C400 2x, https:\/\/i0.wp.com\/www.pfarrei-due-wo.de\/wp-content\/uploads\/2020\/04\/20200411_203803-scaled.jpg?fit=1200%2C900&ssl=1&resize=1050%2C600 3x"},"classes":[]},{"id":6483,"url":"https:\/\/www.pfarrei-due-wo.de\/?p=6483","url_meta":{"origin":7081,"position":1},"title":"KAB h\u00e4lt Jahreshauptversammlung und ehrt Mitglieder","author":"Matthias Heimler","date":"31. Juli 2021","format":false,"excerpt":"\u201eMan m\u00fcsste mal wieder quatsch machen, lustig pfeifen, einfach verreisen\u201c, mit diesem Zitat frei nach Thomas Knodel er\u00f6ffnete Frau Weigert die Jahreshauptversammlung der KAB D\u00fcrnsricht-Wolfring am Samstag, 31.07.2021. Es nahmen 24 Mitglieder teil. Der Verein z\u00e4hlt aktuell 134 Mitglieder. Ein Mitglied ist verstorben und vier sind aus dem Verein ausgetreten.\u2026","rel":"","context":"In &quot;Bildungsveranstaltung&quot;","block_context":{"text":"Bildungsveranstaltung","link":"https:\/\/www.pfarrei-due-wo.de\/?cat=7"},"img":{"alt_text":"","src":"https:\/\/i0.wp.com\/www.pfarrei-due-wo.de\/wp-content\/uploads\/2021\/09\/20210731_1947411-scaled.jpg?fit=1200%2C675&ssl=1&resize=350%2C200","width":350,"height":200,"srcset":"https:\/\/i0.wp.com\/www.pfarrei-due-wo.de\/wp-content\/uploads\/2021\/09\/20210731_1947411-scaled.jpg?fit=1200%2C675&ssl=1&resize=350%2C200 1x, https:\/\/i0.wp.com\/www.pfarrei-due-wo.de\/wp-content\/uploads\/2021\/09\/20210731_1947411-scaled.jpg?fit=1200%2C675&ssl=1&resize=525%2C300 1.5x, https:\/\/i0.wp.com\/www.pfarrei-due-wo.de\/wp-content\/uploads\/2021\/09\/20210731_1947411-scaled.jpg?fit=1200%2C675&ssl=1&resize=700%2C400 2x, https:\/\/i0.wp.com\/www.pfarrei-due-wo.de\/wp-content\/uploads\/2021\/09\/20210731_1947411-scaled.jpg?fit=1200%2C675&ssl=1&resize=1050%2C600 3x"},"classes":[]},{"id":9895,"url":"https:\/\/www.pfarrei-due-wo.de\/?p=9895","url_meta":{"origin":7081,"position":2},"title":"Mit dem Herrn auf dem Weg &#8211; Fronleichnam in der Pfarrei","author":"Matthias Heimler","date":"9. Juni 2023","format":false,"excerpt":"Die Fronleichnamsprozession mit dem Allerheiligsten durch die Stra\u00dfen des Dorfes geh\u00f6rt zum H\u00f6hepunkt des Fronleichnamsfestes. Die Vorbereitungen daf\u00fcr beginnen schon Tage vorher. Viele Kr\u00e4fte sind n\u00f6tig, damit am Fronleichnamstag alles funktioniert und bereit ist. Das beginnt beim traditionellen Aufstellen der Birkenb\u00e4ume in der Kirche und reicht bis zum Einkauf und\u2026","rel":"","context":"In &quot;Gottesdienste&quot;","block_context":{"text":"Gottesdienste","link":"https:\/\/www.pfarrei-due-wo.de\/?cat=2"},"img":{"alt_text":"","src":"https:\/\/i0.wp.com\/www.pfarrei-due-wo.de\/wp-content\/uploads\/2023\/06\/2023.06.08-008-scaled.jpg?fit=1200%2C800&ssl=1&resize=350%2C200","width":350,"height":200,"srcset":"https:\/\/i0.wp.com\/www.pfarrei-due-wo.de\/wp-content\/uploads\/2023\/06\/2023.06.08-008-scaled.jpg?fit=1200%2C800&ssl=1&resize=350%2C200 1x, https:\/\/i0.wp.com\/www.pfarrei-due-wo.de\/wp-content\/uploads\/2023\/06\/2023.06.08-008-scaled.jpg?fit=1200%2C800&ssl=1&resize=525%2C300 1.5x, https:\/\/i0.wp.com\/www.pfarrei-due-wo.de\/wp-content\/uploads\/2023\/06\/2023.06.08-008-scaled.jpg?fit=1200%2C800&ssl=1&resize=700%2C400 2x, https:\/\/i0.wp.com\/www.pfarrei-due-wo.de\/wp-content\/uploads\/2023\/06\/2023.06.08-008-scaled.jpg?fit=1200%2C800&ssl=1&resize=1050%2C600 3x"},"classes":[]},{"id":5309,"url":"https:\/\/www.pfarrei-due-wo.de\/?p=5309","url_meta":{"origin":7081,"position":3},"title":"Albertus-Magnus-Fest &#8211; Pfarrpatron gefeiert","author":"Matthias Heimler","date":"15. November 2020","format":false,"excerpt":"In diesem Jahr fiel der Gedenktag des Heiligen Albert auf einen Sonntag. Eine gute Gelegenheit, um im Sonntagsgottesdienst die Feier des Namenspatrons der Pfarrkirche und der Pfarrei zu begehen. \u00a0 Albert der Gro\u00dfe, ein bewegender Heiliger Der Einladung folgte eine stattliche Anzahl von Gl\u00e4ubigen, darunter die Erstkommunionkinder. Besonders ihnen erkl\u00e4rte\u2026","rel":"","context":"In &quot;Erstkommunion&quot;","block_context":{"text":"Erstkommunion","link":"https:\/\/www.pfarrei-due-wo.de\/?cat=10"},"img":{"alt_text":"","src":"https:\/\/i0.wp.com\/www.pfarrei-due-wo.de\/wp-content\/uploads\/2020\/11\/20201115_102321-scaled.jpg?fit=1200%2C900&ssl=1&resize=350%2C200","width":350,"height":200,"srcset":"https:\/\/i0.wp.com\/www.pfarrei-due-wo.de\/wp-content\/uploads\/2020\/11\/20201115_102321-scaled.jpg?fit=1200%2C900&ssl=1&resize=350%2C200 1x, https:\/\/i0.wp.com\/www.pfarrei-due-wo.de\/wp-content\/uploads\/2020\/11\/20201115_102321-scaled.jpg?fit=1200%2C900&ssl=1&resize=525%2C300 1.5x, https:\/\/i0.wp.com\/www.pfarrei-due-wo.de\/wp-content\/uploads\/2020\/11\/20201115_102321-scaled.jpg?fit=1200%2C900&ssl=1&resize=700%2C400 2x, https:\/\/i0.wp.com\/www.pfarrei-due-wo.de\/wp-content\/uploads\/2020\/11\/20201115_102321-scaled.jpg?fit=1200%2C900&ssl=1&resize=1050%2C600 3x"},"classes":[]},{"id":4065,"url":"https:\/\/www.pfarrei-due-wo.de\/?p=4065","url_meta":{"origin":7081,"position":4},"title":"Sternsinger unterwegs f\u00fcr Frieden im Libanon und weltweit","author":"Florian Schiessl","date":"8. Januar 2020","format":false,"excerpt":"Die Sternsinger in der Pfarrei D\u00fcrnsricht-Wolfring und der Expositur H\u00f6gling waren auch in diesem Jahr wieder unterwegs um Spenden f\u00fcr Kinder in Not zu sammeln. Ein besonderes Augenmerk lag in diesem Jahr auf dem Libanon. Dort kommt ein gro\u00dfer Teil des gesammelten Geldes den Kindern zu Gute. Wie genau das\u2026","rel":"","context":"In &quot;Jugend&quot;","block_context":{"text":"Jugend","link":"https:\/\/www.pfarrei-due-wo.de\/?cat=9"},"img":{"alt_text":"","src":"https:\/\/i0.wp.com\/www.pfarrei-due-wo.de\/wp-content\/uploads\/2020\/01\/DSC_0350-scaled.jpg?fit=1200%2C800&ssl=1&resize=350%2C200","width":350,"height":200,"srcset":"https:\/\/i0.wp.com\/www.pfarrei-due-wo.de\/wp-content\/uploads\/2020\/01\/DSC_0350-scaled.jpg?fit=1200%2C800&ssl=1&resize=350%2C200 1x, https:\/\/i0.wp.com\/www.pfarrei-due-wo.de\/wp-content\/uploads\/2020\/01\/DSC_0350-scaled.jpg?fit=1200%2C800&ssl=1&resize=525%2C300 1.5x, https:\/\/i0.wp.com\/www.pfarrei-due-wo.de\/wp-content\/uploads\/2020\/01\/DSC_0350-scaled.jpg?fit=1200%2C800&ssl=1&resize=700%2C400 2x, https:\/\/i0.wp.com\/www.pfarrei-due-wo.de\/wp-content\/uploads\/2020\/01\/DSC_0350-scaled.jpg?fit=1200%2C800&ssl=1&resize=1050%2C600 3x"},"classes":[]},{"id":9090,"url":"https:\/\/www.pfarrei-due-wo.de\/?p=9090","url_meta":{"origin":7081,"position":5},"title":"Jahreshauptversammlung der KAB mit Vortrag zum Thema &#8222;Gesund leben&#8220;","author":"Matthias Heimler","date":"25. Februar 2023","format":false,"excerpt":"Zur Jahreshauptversammlung mit Vortrag waren die Mitglieder der KAB eingeladen. Viele kamen und waren fasziniert vom spannenden Vortrag von Ulrike Rauch. Bei der 70. Jahreshauptversammlung der KAB begr\u00fc\u00dfte Johanna Weigert die Mitglieder und leitete die Versammlung. Nach Gru\u00dfworten von Pfarrer Hoch und B\u00fcrgermeister Christian \u00a0Ziegler gab Andrea Bauer einen R\u00fcckblick\u2026","rel":"","context":"In &quot;Bildungsveranstaltung&quot;","block_context":{"text":"Bildungsveranstaltung","link":"https:\/\/www.pfarrei-due-wo.de\/?cat=7"},"img":{"alt_text":"","src":"https:\/\/i0.wp.com\/www.pfarrei-due-wo.de\/wp-content\/uploads\/2023\/03\/IMG-20230228-WA0005.jpg?fit=1200%2C900&ssl=1&resize=350%2C200","width":350,"height":200,"srcset":"https:\/\/i0.wp.com\/www.pfarrei-due-wo.de\/wp-content\/uploads\/2023\/03\/IMG-20230228-WA0005.jpg?fit=1200%2C900&ssl=1&resize=350%2C200 1x, https:\/\/i0.wp.com\/www.pfarrei-due-wo.de\/wp-content\/uploads\/2023\/03\/IMG-20230228-WA0005.jpg?fit=1200%2C900&ssl=1&resize=525%2C300 1.5x, https:\/\/i0.wp.com\/www.pfarrei-due-wo.de\/wp-content\/uploads\/2023\/03\/IMG-20230228-WA0005.jpg?fit=1200%2C900&ssl=1&resize=700%2C400 2x, https:\/\/i0.wp.com\/www.pfarrei-due-wo.de\/wp-content\/uploads\/2023\/03\/IMG-20230228-WA0005.jpg?fit=1200%2C900&ssl=1&resize=1050%2C600 3x"},"classes":[]}],"publishpress_future_action":{"enabled":false,"date":"2026-05-06 20:31:22","action":"change-status","newStatus":"draft","terms":[],"taxonomy":"category","extraData":[]},"publishpress_future_workflow_manual_trigger":{"enabledWorkflows":[]},"_links":{"self":[{"href":"https:\/\/www.pfarrei-due-wo.de\/index.php?rest_route=\/wp\/v2\/posts\/7081","targetHints":{"allow":["GET"]}}],"collection":[{"href":"https:\/\/www.pfarrei-due-wo.de\/index.php?rest_route=\/wp\/v2\/posts"}],"about":[{"href":"https:\/\/www.pfarrei-due-wo.de\/index.php?rest_route=\/wp\/v2\/types\/post"}],"author":[{"embeddable":true,"href":"https:\/\/www.pfarrei-due-wo.de\/index.php?rest_route=\/wp\/v2\/users\/4"}],"replies":[{"embeddable":true,"href":"https:\/\/www.pfarrei-due-wo.de\/index.php?rest_route=%2Fwp%2Fv2%2Fcomments&post=7081"}],"version-history":[{"count":1,"href":"https:\/\/www.pfarrei-due-wo.de\/index.php?rest_route=\/wp\/v2\/posts\/7081\/revisions"}],"predecessor-version":[{"id":7082,"href":"https:\/\/www.pfarrei-due-wo.de\/index.php?rest_route=\/wp\/v2\/posts\/7081\/revisions\/7082"}],"wp:featuredmedia":[{"embeddable":true,"href":"https:\/\/www.pfarrei-due-wo.de\/index.php?rest_route=\/wp\/v2\/media\/7048"}],"wp:attachment":[{"href":"https:\/\/www.pfarrei-due-wo.de\/index.php?rest_route=%2Fwp%2Fv2%2Fmedia&parent=7081"}],"wp:term":[{"taxonomy":"category","embeddable":true,"href":"https:\/\/www.pfarrei-due-wo.de\/index.php?rest_route=%2Fwp%2Fv2%2Fcategories&post=7081"},{"taxonomy":"post_tag","embeddable":true,"href":"https:\/\/www.pfarrei-due-wo.de\/index.php?rest_route=%2Fwp%2Fv2%2Ftags&post=7081"}],"curies":[{"name":"wp","href":"https:\/\/api.w.org\/{rel}","templated":true}]}}