{"id":7003,"date":"2022-01-06T14:56:27","date_gmt":"2022-01-06T13:56:27","guid":{"rendered":"https:\/\/www.pfarrei-due-wo.de\/?p=7003"},"modified":"2022-01-13T16:06:34","modified_gmt":"2022-01-13T15:06:34","slug":"dreikoenigstag-staerkt-solidaritaet","status":"publish","type":"post","link":"https:\/\/www.pfarrei-due-wo.de\/?p=7003","title":{"rendered":"Dreik\u00f6nigstag st\u00e4rkt Solidarit\u00e4t"},"content":{"rendered":"<p>Der Dreik\u00f6nigstag erinnert an den Besuch der Weisen aus dem Osten an der Krippe in Bethlehem. An diesem Feiertag war es wieder Zeit f\u00fcr &#8222;Angeberwissen&#8220;, einer Aktion des Familiengottesdienstteams. Kinder erkl\u00e4rten f\u00fcr Kinder und Erwachsene, was der Dreik\u00f6nigstag bedeutet.<\/p>\n<p>Die Erz\u00e4hlung aus dem Matth\u00e4usevangelium, so Pfarrer Hoch in seiner Predigt, enthalte gar nicht so viele Details \u00fcber den Hohen Besuch. Es erz\u00e4hlt nur, dass &#8222;Sterndeuter aus dem Osten nach Jerusalem kamen&#8220; (Mt 2,1), um den &#8222;neugeborenen K\u00f6nig&#8220; zu sehen und ihm zu huldigen (Mt 2,2).<\/p>\n<p>Viele Informationen legte im Lauf der Geschichte der Volksglaube dazu. So wei\u00df der Volksmund, dass es drei K\u00f6nige waren, welche die Namen Caspar, Melchior und Balthasar trugen. Manche Krippendarstellungen stellen die drei Besucher in den drei Altern des Menschen dar: ein greiser, ein erwachsener und ein junger K\u00f6nig.<\/p>\n<p>Manche Darstellung kennt auch eine unr\u00fchmliche Darstellung. Manche Krippenfiguren zeigen eine (zumindest im heutigen Sinn) rassistisch anmutende Darstellung. Aber das sei weder im Sinne der Sternsinger noch im Sinne der Botschaft des Matth\u00e4us-Evangeliums. Denn darin werde besonders darauf abgehoben, dass in dem Kind von Bethlehem Gottes Sohn ALLEN V\u00f6lkern erschienen sei.<\/p>\n<p>Mit dem Dreik\u00f6nigstag verbindet die Pfarrei auch die Sternsingeraktion des Kindermissionswerkes. Neben den vielen Spenden, die auch in diesem Jahr gegeben werden, legte die B\u00e4ckerei Karl-Ludwig Hiltner einen gro\u00dfen Spendenbaustein dazu. 1200 EUR kamen beim Verkauf von 400 &#8222;Stollen-B\u00e4umchen&#8220; zusammen.<\/p>\n<p>Gemeinsam mit der Familie Hiltner und dem Pfarrgemeinderat wurde beim Gottesdienst in der Pfarrkirche das Geld \u00fcbergeben. Jeweils 600 EUR werden an das Kindermissionswerk und an das Caritas Baby Hospital in Bethlehem weitergeleitet. &#8222;Wir hoffen, dass wir mit unserer kleinen Aktion unseren Beitrag geben k\u00f6nnen, dass es Kindern besser geht&#8220;, so Karl-Ludwig Hiltner, dem diese &#8222;kleinen Hilfen&#8220; ein gro\u00dfes Anliegen sind.<\/p>\n<p>Mit der Segnung von Weihwasser, Kreide und Weihrauch ging der Gottesdienst zu Ende, den die Band Charisma musikalisch gestaltet hatte.<\/p>\n<p>&nbsp;<\/p>\n<div class=\"tiled-gallery type-rectangular tiled-gallery-unresized\" data-original-width=\"750\" data-carousel-extra='{&quot;blog_id&quot;:1,&quot;permalink&quot;:&quot;https:\\\/\\\/www.pfarrei-due-wo.de\\\/?p=7003&quot;,&quot;likes_blog_id&quot;:128606674}' itemscope itemtype=\"http:\/\/schema.org\/ImageGallery\" > <div class=\"gallery-row\" style=\"width: 750px; height: 335px;\" data-original-width=\"750\" data-original-height=\"335\" > <div class=\"gallery-group images-1\" style=\"width: 501px; height: 335px;\" data-original-width=\"501\" data-original-height=\"335\" > <div class=\"tiled-gallery-item tiled-gallery-item-large\" itemprop=\"associatedMedia\" itemscope itemtype=\"http:\/\/schema.org\/ImageObject\"> <a href=\"https:\/\/www.pfarrei-due-wo.de\/?attachment_id=7001\" border=\"0\" itemprop=\"url\"> <meta itemprop=\"width\" content=\"497\"> <meta itemprop=\"height\" content=\"331\"> <img decoding=\"async\" class=\"\" data-attachment-id=\"7001\" data-orig-file=\"https:\/\/www.pfarrei-due-wo.de\/wp-content\/uploads\/2022\/01\/2022.01.06-03-scaled.jpg\" data-orig-size=\"2560,1707\" data-comments-opened=\"\" data-image-meta=\"{&quot;aperture&quot;:&quot;4&quot;,&quot;credit&quot;:&quot;&quot;,&quot;camera&quot;:&quot;Canon EOS 700D&quot;,&quot;caption&quot;:&quot;&quot;,&quot;created_timestamp&quot;:&quot;1641463691&quot;,&quot;copyright&quot;:&quot;&quot;,&quot;focal_length&quot;:&quot;32&quot;,&quot;iso&quot;:&quot;640&quot;,&quot;shutter_speed&quot;:&quot;0.02&quot;,&quot;title&quot;:&quot;&quot;,&quot;orientation&quot;:&quot;1&quot;}\" data-image-title=\"Angeberwissen &amp;#8211; eine Aktion des Familiengottesdienstteams\" data-image-description=\"&lt;p&gt;Foto: Johann Heimler&lt;\/p&gt; \" data-medium-file=\"https:\/\/i0.wp.com\/www.pfarrei-due-wo.de\/wp-content\/uploads\/2022\/01\/2022.01.06-03-scaled.jpg?fit=300%2C200&#038;ssl=1\" data-large-file=\"https:\/\/i0.wp.com\/www.pfarrei-due-wo.de\/wp-content\/uploads\/2022\/01\/2022.01.06-03-scaled.jpg?fit=750%2C500&#038;ssl=1\" src=\"https:\/\/i0.wp.com\/www.pfarrei-due-wo.de\/wp-content\/uploads\/2022\/01\/2022.01.06-03-scaled.jpg?w=497&#038;h=331&#038;ssl=1\" srcset=\"https:\/\/i0.wp.com\/www.pfarrei-due-wo.de\/wp-content\/uploads\/2022\/01\/2022.01.06-03-scaled.jpg?w=2560&amp;ssl=1 2560w, https:\/\/i0.wp.com\/www.pfarrei-due-wo.de\/wp-content\/uploads\/2022\/01\/2022.01.06-03-scaled.jpg?resize=300%2C200&amp;ssl=1 300w, https:\/\/i0.wp.com\/www.pfarrei-due-wo.de\/wp-content\/uploads\/2022\/01\/2022.01.06-03-scaled.jpg?resize=1024%2C683&amp;ssl=1 1024w, https:\/\/i0.wp.com\/www.pfarrei-due-wo.de\/wp-content\/uploads\/2022\/01\/2022.01.06-03-scaled.jpg?resize=768%2C512&amp;ssl=1 768w, https:\/\/i0.wp.com\/www.pfarrei-due-wo.de\/wp-content\/uploads\/2022\/01\/2022.01.06-03-scaled.jpg?resize=1536%2C1024&amp;ssl=1 1536w, https:\/\/i0.wp.com\/www.pfarrei-due-wo.de\/wp-content\/uploads\/2022\/01\/2022.01.06-03-scaled.jpg?resize=2048%2C1366&amp;ssl=1 2048w, https:\/\/i0.wp.com\/www.pfarrei-due-wo.de\/wp-content\/uploads\/2022\/01\/2022.01.06-03-scaled.jpg?w=2250&amp;ssl=1 2250w\" width=\"497\" height=\"331\" loading=\"lazy\" data-original-width=\"497\" data-original-height=\"331\" itemprop=\"http:\/\/schema.org\/image\" title=\"Angeberwissen - eine Aktion des Familiengottesdienstteams\" alt=\"Angeberwissen - eine Aktion des Familiengottesdienstteams\" style=\"width: 497px; height: 331px;\" \/> <\/a> <\/div> <\/div> <!-- close group --> <div class=\"gallery-group images-2\" style=\"width: 249px; height: 335px;\" data-original-width=\"249\" data-original-height=\"335\" > <div class=\"tiled-gallery-item tiled-gallery-item-small\" itemprop=\"associatedMedia\" itemscope itemtype=\"http:\/\/schema.org\/ImageObject\"> <a href=\"https:\/\/www.pfarrei-due-wo.de\/?attachment_id=7005\" border=\"0\" itemprop=\"url\"> <meta itemprop=\"width\" content=\"245\"> <meta itemprop=\"height\" content=\"164\"> <img decoding=\"async\" class=\"\" data-attachment-id=\"7005\" data-orig-file=\"https:\/\/www.pfarrei-due-wo.de\/wp-content\/uploads\/2022\/01\/2022.01.06-08-scaled.jpg\" data-orig-size=\"2560,1707\" data-comments-opened=\"\" data-image-meta=\"{&quot;aperture&quot;:&quot;5&quot;,&quot;credit&quot;:&quot;&quot;,&quot;camera&quot;:&quot;Canon EOS 700D&quot;,&quot;caption&quot;:&quot;&quot;,&quot;created_timestamp&quot;:&quot;1641466932&quot;,&quot;copyright&quot;:&quot;&quot;,&quot;focal_length&quot;:&quot;53&quot;,&quot;iso&quot;:&quot;1250&quot;,&quot;shutter_speed&quot;:&quot;0.016666666666667&quot;,&quot;title&quot;:&quot;&quot;,&quot;orientation&quot;:&quot;1&quot;}\" data-image-title=\"Segnung von Wasser, Weihrauch und Kreide\" data-image-description=\"&lt;p&gt;Foto: Johann Heimler&lt;\/p&gt; \" data-medium-file=\"https:\/\/i0.wp.com\/www.pfarrei-due-wo.de\/wp-content\/uploads\/2022\/01\/2022.01.06-08-scaled.jpg?fit=300%2C200&#038;ssl=1\" data-large-file=\"https:\/\/i0.wp.com\/www.pfarrei-due-wo.de\/wp-content\/uploads\/2022\/01\/2022.01.06-08-scaled.jpg?fit=750%2C500&#038;ssl=1\" src=\"https:\/\/i0.wp.com\/www.pfarrei-due-wo.de\/wp-content\/uploads\/2022\/01\/2022.01.06-08-scaled.jpg?w=245&#038;h=164&#038;ssl=1\" srcset=\"https:\/\/i0.wp.com\/www.pfarrei-due-wo.de\/wp-content\/uploads\/2022\/01\/2022.01.06-08-scaled.jpg?w=2560&amp;ssl=1 2560w, https:\/\/i0.wp.com\/www.pfarrei-due-wo.de\/wp-content\/uploads\/2022\/01\/2022.01.06-08-scaled.jpg?resize=300%2C200&amp;ssl=1 300w, https:\/\/i0.wp.com\/www.pfarrei-due-wo.de\/wp-content\/uploads\/2022\/01\/2022.01.06-08-scaled.jpg?resize=1024%2C683&amp;ssl=1 1024w, https:\/\/i0.wp.com\/www.pfarrei-due-wo.de\/wp-content\/uploads\/2022\/01\/2022.01.06-08-scaled.jpg?resize=768%2C512&amp;ssl=1 768w, https:\/\/i0.wp.com\/www.pfarrei-due-wo.de\/wp-content\/uploads\/2022\/01\/2022.01.06-08-scaled.jpg?resize=1536%2C1024&amp;ssl=1 1536w, https:\/\/i0.wp.com\/www.pfarrei-due-wo.de\/wp-content\/uploads\/2022\/01\/2022.01.06-08-scaled.jpg?resize=2048%2C1365&amp;ssl=1 2048w, https:\/\/i0.wp.com\/www.pfarrei-due-wo.de\/wp-content\/uploads\/2022\/01\/2022.01.06-08-scaled.jpg?w=2250&amp;ssl=1 2250w\" width=\"245\" height=\"164\" loading=\"lazy\" data-original-width=\"245\" data-original-height=\"164\" itemprop=\"http:\/\/schema.org\/image\" title=\"Segnung von Wasser, Weihrauch und Kreide\" alt=\"Segnung von Wasser, Weihrauch und Kreide\" style=\"width: 245px; height: 164px;\" \/> <\/a> <\/div> <div class=\"tiled-gallery-item tiled-gallery-item-small\" itemprop=\"associatedMedia\" itemscope itemtype=\"http:\/\/schema.org\/ImageObject\"> <a href=\"https:\/\/www.pfarrei-due-wo.de\/?attachment_id=7004\" border=\"0\" itemprop=\"url\"> <meta itemprop=\"width\" content=\"245\"> <meta itemprop=\"height\" content=\"163\"> <img decoding=\"async\" class=\"\" data-attachment-id=\"7004\" data-orig-file=\"https:\/\/www.pfarrei-due-wo.de\/wp-content\/uploads\/2022\/01\/2022.01.06-06-scaled.jpg\" data-orig-size=\"2560,1707\" data-comments-opened=\"\" data-image-meta=\"{&quot;aperture&quot;:&quot;5&quot;,&quot;credit&quot;:&quot;&quot;,&quot;camera&quot;:&quot;Canon EOS 700D&quot;,&quot;caption&quot;:&quot;&quot;,&quot;created_timestamp&quot;:&quot;1641466729&quot;,&quot;copyright&quot;:&quot;&quot;,&quot;focal_length&quot;:&quot;53&quot;,&quot;iso&quot;:&quot;800&quot;,&quot;shutter_speed&quot;:&quot;0.016666666666667&quot;,&quot;title&quot;:&quot;&quot;,&quot;orientation&quot;:&quot;1&quot;}\" data-image-title=\"Spenden\u00fcbergabe Karl-Ludwig Hiltner\" data-image-description=\"&lt;p&gt;Foto: Johann Heimler&lt;\/p&gt; \" data-medium-file=\"https:\/\/i0.wp.com\/www.pfarrei-due-wo.de\/wp-content\/uploads\/2022\/01\/2022.01.06-06-scaled.jpg?fit=300%2C200&#038;ssl=1\" data-large-file=\"https:\/\/i0.wp.com\/www.pfarrei-due-wo.de\/wp-content\/uploads\/2022\/01\/2022.01.06-06-scaled.jpg?fit=750%2C500&#038;ssl=1\" src=\"https:\/\/i0.wp.com\/www.pfarrei-due-wo.de\/wp-content\/uploads\/2022\/01\/2022.01.06-06-scaled.jpg?w=245&#038;h=163&#038;ssl=1\" srcset=\"https:\/\/i0.wp.com\/www.pfarrei-due-wo.de\/wp-content\/uploads\/2022\/01\/2022.01.06-06-scaled.jpg?w=2560&amp;ssl=1 2560w, https:\/\/i0.wp.com\/www.pfarrei-due-wo.de\/wp-content\/uploads\/2022\/01\/2022.01.06-06-scaled.jpg?resize=300%2C200&amp;ssl=1 300w, https:\/\/i0.wp.com\/www.pfarrei-due-wo.de\/wp-content\/uploads\/2022\/01\/2022.01.06-06-scaled.jpg?resize=1024%2C683&amp;ssl=1 1024w, https:\/\/i0.wp.com\/www.pfarrei-due-wo.de\/wp-content\/uploads\/2022\/01\/2022.01.06-06-scaled.jpg?resize=768%2C512&amp;ssl=1 768w, https:\/\/i0.wp.com\/www.pfarrei-due-wo.de\/wp-content\/uploads\/2022\/01\/2022.01.06-06-scaled.jpg?resize=1536%2C1024&amp;ssl=1 1536w, https:\/\/i0.wp.com\/www.pfarrei-due-wo.de\/wp-content\/uploads\/2022\/01\/2022.01.06-06-scaled.jpg?resize=2048%2C1365&amp;ssl=1 2048w, https:\/\/i0.wp.com\/www.pfarrei-due-wo.de\/wp-content\/uploads\/2022\/01\/2022.01.06-06-scaled.jpg?w=2250&amp;ssl=1 2250w\" width=\"245\" height=\"163\" loading=\"lazy\" data-original-width=\"245\" data-original-height=\"163\" itemprop=\"http:\/\/schema.org\/image\" title=\"Spenden\u00fcbergabe Karl-Ludwig Hiltner\" alt=\"Spenden\u00fcbergabe Karl-Ludwig Hiltner\" style=\"width: 245px; height: 163px;\" \/> <\/a> <\/div> <\/div> <!-- close group --> <\/div> <!-- close row --> <div class=\"gallery-row\" style=\"width: 750px; height: 362px;\" data-original-width=\"750\" data-original-height=\"362\" > <div class=\"gallery-group images-2\" style=\"width: 269px; height: 362px;\" data-original-width=\"269\" data-original-height=\"362\" > <div class=\"tiled-gallery-item tiled-gallery-item-large\" itemprop=\"associatedMedia\" itemscope itemtype=\"http:\/\/schema.org\/ImageObject\"> <a href=\"https:\/\/www.pfarrei-due-wo.de\/?attachment_id=7000\" border=\"0\" itemprop=\"url\"> <meta itemprop=\"width\" content=\"265\"> <meta itemprop=\"height\" content=\"177\"> <img decoding=\"async\" class=\"\" data-attachment-id=\"7000\" data-orig-file=\"https:\/\/www.pfarrei-due-wo.de\/wp-content\/uploads\/2022\/01\/2022.01.06-01-scaled.jpg\" data-orig-size=\"2560,1707\" data-comments-opened=\"\" data-image-meta=\"{&quot;aperture&quot;:&quot;5.6&quot;,&quot;credit&quot;:&quot;&quot;,&quot;camera&quot;:&quot;Canon EOS 700D&quot;,&quot;caption&quot;:&quot;&quot;,&quot;created_timestamp&quot;:&quot;1641467524&quot;,&quot;copyright&quot;:&quot;&quot;,&quot;focal_length&quot;:&quot;18&quot;,&quot;iso&quot;:&quot;1600&quot;,&quot;shutter_speed&quot;:&quot;0.033333333333333&quot;,&quot;title&quot;:&quot;&quot;,&quot;orientation&quot;:&quot;1&quot;}\" data-image-title=\"Spenden\u00fcbergabe Karl-Ludwig Hiltner\" data-image-description=\"&lt;p&gt;Foto: Johann Heimler&lt;\/p&gt; \" data-medium-file=\"https:\/\/i0.wp.com\/www.pfarrei-due-wo.de\/wp-content\/uploads\/2022\/01\/2022.01.06-01-scaled.jpg?fit=300%2C200&#038;ssl=1\" data-large-file=\"https:\/\/i0.wp.com\/www.pfarrei-due-wo.de\/wp-content\/uploads\/2022\/01\/2022.01.06-01-scaled.jpg?fit=750%2C500&#038;ssl=1\" src=\"https:\/\/i0.wp.com\/www.pfarrei-due-wo.de\/wp-content\/uploads\/2022\/01\/2022.01.06-01-scaled.jpg?w=265&#038;h=177&#038;ssl=1\" srcset=\"https:\/\/i0.wp.com\/www.pfarrei-due-wo.de\/wp-content\/uploads\/2022\/01\/2022.01.06-01-scaled.jpg?w=2560&amp;ssl=1 2560w, https:\/\/i0.wp.com\/www.pfarrei-due-wo.de\/wp-content\/uploads\/2022\/01\/2022.01.06-01-scaled.jpg?resize=300%2C200&amp;ssl=1 300w, https:\/\/i0.wp.com\/www.pfarrei-due-wo.de\/wp-content\/uploads\/2022\/01\/2022.01.06-01-scaled.jpg?resize=1024%2C683&amp;ssl=1 1024w, https:\/\/i0.wp.com\/www.pfarrei-due-wo.de\/wp-content\/uploads\/2022\/01\/2022.01.06-01-scaled.jpg?resize=768%2C512&amp;ssl=1 768w, https:\/\/i0.wp.com\/www.pfarrei-due-wo.de\/wp-content\/uploads\/2022\/01\/2022.01.06-01-scaled.jpg?resize=1536%2C1024&amp;ssl=1 1536w, https:\/\/i0.wp.com\/www.pfarrei-due-wo.de\/wp-content\/uploads\/2022\/01\/2022.01.06-01-scaled.jpg?resize=2048%2C1366&amp;ssl=1 2048w, https:\/\/i0.wp.com\/www.pfarrei-due-wo.de\/wp-content\/uploads\/2022\/01\/2022.01.06-01-scaled.jpg?w=2250&amp;ssl=1 2250w\" width=\"265\" height=\"177\" loading=\"lazy\" data-original-width=\"265\" data-original-height=\"177\" itemprop=\"http:\/\/schema.org\/image\" title=\"Spenden\u00fcbergabe Karl-Ludwig Hiltner\" alt=\"Spenden\u00fcbergabe Karl-Ludwig Hiltner\" style=\"width: 265px; height: 177px;\" \/> <\/a> <\/div> <div class=\"tiled-gallery-item tiled-gallery-item-large\" itemprop=\"associatedMedia\" itemscope itemtype=\"http:\/\/schema.org\/ImageObject\"> <a href=\"https:\/\/www.pfarrei-due-wo.de\/?attachment_id=7002\" border=\"0\" itemprop=\"url\"> <meta itemprop=\"width\" content=\"265\"> <meta itemprop=\"height\" content=\"177\"> <img decoding=\"async\" class=\"\" data-attachment-id=\"7002\" data-orig-file=\"https:\/\/www.pfarrei-due-wo.de\/wp-content\/uploads\/2022\/01\/2022.01.06-04-scaled.jpg\" data-orig-size=\"2560,1706\" data-comments-opened=\"\" data-image-meta=\"{&quot;aperture&quot;:&quot;5.6&quot;,&quot;credit&quot;:&quot;&quot;,&quot;camera&quot;:&quot;Canon EOS 700D&quot;,&quot;caption&quot;:&quot;&quot;,&quot;created_timestamp&quot;:&quot;1641463963&quot;,&quot;copyright&quot;:&quot;&quot;,&quot;focal_length&quot;:&quot;26&quot;,&quot;iso&quot;:&quot;2000&quot;,&quot;shutter_speed&quot;:&quot;0.025&quot;,&quot;title&quot;:&quot;&quot;,&quot;orientation&quot;:&quot;1&quot;}\" data-image-title=\"Band Charisma\" data-image-description=\"&lt;p&gt;Foto: Johann Heimler&lt;\/p&gt; \" data-medium-file=\"https:\/\/i0.wp.com\/www.pfarrei-due-wo.de\/wp-content\/uploads\/2022\/01\/2022.01.06-04-scaled.jpg?fit=300%2C200&#038;ssl=1\" data-large-file=\"https:\/\/i0.wp.com\/www.pfarrei-due-wo.de\/wp-content\/uploads\/2022\/01\/2022.01.06-04-scaled.jpg?fit=750%2C500&#038;ssl=1\" src=\"https:\/\/i0.wp.com\/www.pfarrei-due-wo.de\/wp-content\/uploads\/2022\/01\/2022.01.06-04-scaled.jpg?w=265&#038;h=177&#038;ssl=1\" srcset=\"https:\/\/i0.wp.com\/www.pfarrei-due-wo.de\/wp-content\/uploads\/2022\/01\/2022.01.06-04-scaled.jpg?w=2560&amp;ssl=1 2560w, https:\/\/i0.wp.com\/www.pfarrei-due-wo.de\/wp-content\/uploads\/2022\/01\/2022.01.06-04-scaled.jpg?resize=300%2C200&amp;ssl=1 300w, https:\/\/i0.wp.com\/www.pfarrei-due-wo.de\/wp-content\/uploads\/2022\/01\/2022.01.06-04-scaled.jpg?resize=1024%2C683&amp;ssl=1 1024w, https:\/\/i0.wp.com\/www.pfarrei-due-wo.de\/wp-content\/uploads\/2022\/01\/2022.01.06-04-scaled.jpg?resize=768%2C512&amp;ssl=1 768w, https:\/\/i0.wp.com\/www.pfarrei-due-wo.de\/wp-content\/uploads\/2022\/01\/2022.01.06-04-scaled.jpg?resize=1536%2C1024&amp;ssl=1 1536w, https:\/\/i0.wp.com\/www.pfarrei-due-wo.de\/wp-content\/uploads\/2022\/01\/2022.01.06-04-scaled.jpg?resize=2048%2C1365&amp;ssl=1 2048w, https:\/\/i0.wp.com\/www.pfarrei-due-wo.de\/wp-content\/uploads\/2022\/01\/2022.01.06-04-scaled.jpg?w=2250&amp;ssl=1 2250w\" width=\"265\" height=\"177\" loading=\"lazy\" data-original-width=\"265\" data-original-height=\"177\" itemprop=\"http:\/\/schema.org\/image\" title=\"Band Charisma\" alt=\"Band Charisma\" style=\"width: 265px; height: 177px;\" \/> <\/a> <\/div> <\/div> <!-- close group --> <div class=\"gallery-group images-1\" style=\"width: 481px; height: 362px;\" data-original-width=\"481\" data-original-height=\"362\" > <div class=\"tiled-gallery-item tiled-gallery-item-large\" itemprop=\"associatedMedia\" itemscope itemtype=\"http:\/\/schema.org\/ImageObject\"> <a href=\"https:\/\/www.pfarrei-due-wo.de\/?attachment_id=7006\" border=\"0\" itemprop=\"url\"> <meta itemprop=\"width\" content=\"477\"> <meta itemprop=\"height\" content=\"358\"> <img decoding=\"async\" class=\"\" data-attachment-id=\"7006\" data-orig-file=\"https:\/\/www.pfarrei-due-wo.de\/wp-content\/uploads\/2022\/01\/IMG_6846-scaled.jpeg\" data-orig-size=\"2560,1920\" data-comments-opened=\"\" data-image-meta=\"{&quot;aperture&quot;:&quot;1.8&quot;,&quot;credit&quot;:&quot;&quot;,&quot;camera&quot;:&quot;iPhone 7&quot;,&quot;caption&quot;:&quot;&quot;,&quot;created_timestamp&quot;:&quot;1641408766&quot;,&quot;copyright&quot;:&quot;&quot;,&quot;focal_length&quot;:&quot;3.99&quot;,&quot;iso&quot;:&quot;64&quot;,&quot;shutter_speed&quot;:&quot;0.058823529411765&quot;,&quot;title&quot;:&quot;&quot;,&quot;orientation&quot;:&quot;1&quot;}\" data-image-title=\"Sternsinger in H\u00f6gling\" data-image-description=\"&lt;p&gt;Foto: Daniela Wiesgickl&lt;\/p&gt; \" data-medium-file=\"https:\/\/i0.wp.com\/www.pfarrei-due-wo.de\/wp-content\/uploads\/2022\/01\/IMG_6846-scaled.jpeg?fit=300%2C225&#038;ssl=1\" data-large-file=\"https:\/\/i0.wp.com\/www.pfarrei-due-wo.de\/wp-content\/uploads\/2022\/01\/IMG_6846-scaled.jpeg?fit=750%2C563&#038;ssl=1\" src=\"https:\/\/i0.wp.com\/www.pfarrei-due-wo.de\/wp-content\/uploads\/2022\/01\/IMG_6846-scaled.jpeg?w=477&#038;h=358&#038;ssl=1\" srcset=\"https:\/\/i0.wp.com\/www.pfarrei-due-wo.de\/wp-content\/uploads\/2022\/01\/IMG_6846-scaled.jpeg?w=2560&amp;ssl=1 2560w, https:\/\/i0.wp.com\/www.pfarrei-due-wo.de\/wp-content\/uploads\/2022\/01\/IMG_6846-scaled.jpeg?resize=300%2C225&amp;ssl=1 300w, https:\/\/i0.wp.com\/www.pfarrei-due-wo.de\/wp-content\/uploads\/2022\/01\/IMG_6846-scaled.jpeg?resize=1024%2C768&amp;ssl=1 1024w, https:\/\/i0.wp.com\/www.pfarrei-due-wo.de\/wp-content\/uploads\/2022\/01\/IMG_6846-scaled.jpeg?resize=768%2C576&amp;ssl=1 768w, https:\/\/i0.wp.com\/www.pfarrei-due-wo.de\/wp-content\/uploads\/2022\/01\/IMG_6846-scaled.jpeg?resize=1536%2C1152&amp;ssl=1 1536w, https:\/\/i0.wp.com\/www.pfarrei-due-wo.de\/wp-content\/uploads\/2022\/01\/IMG_6846-scaled.jpeg?resize=2048%2C1536&amp;ssl=1 2048w, https:\/\/i0.wp.com\/www.pfarrei-due-wo.de\/wp-content\/uploads\/2022\/01\/IMG_6846-scaled.jpeg?w=2250&amp;ssl=1 2250w\" width=\"477\" height=\"358\" loading=\"lazy\" data-original-width=\"477\" data-original-height=\"358\" itemprop=\"http:\/\/schema.org\/image\" title=\"Sternsinger in H\u00f6gling\" alt=\"Sternsinger in H\u00f6gling\" style=\"width: 477px; height: 358px;\" \/> <\/a> <\/div> <\/div> <!-- close group --> <\/div> <!-- close row --> <\/div>\n<p>&nbsp;<\/p>\n<p>&nbsp;<\/p>\n","protected":false},"excerpt":{"rendered":"<p>Der Dreik\u00f6nigstag erinnert an den Besuch der Weisen aus dem Osten an der Krippe in Bethlehem. An diesem Feiertag war es wieder Zeit f\u00fcr &#8222;Angeberwissen&#8220;, einer Aktion des Familiengottesdienstteams. Kinder &hellip; <\/p>\n","protected":false},"author":4,"featured_media":7005,"comment_status":"closed","ping_status":"closed","sticky":false,"template":"","format":"standard","meta":{"jetpack_post_was_ever_published":false,"_jetpack_newsletter_access":"","_jetpack_dont_email_post_to_subs":false,"_jetpack_newsletter_tier_id":0,"_jetpack_memberships_contains_paywalled_content":false,"_jetpack_memberships_contains_paid_content":false,"footnotes":"","jetpack_publicize_message":"","jetpack_publicize_feature_enabled":true,"jetpack_social_post_already_shared":true,"jetpack_social_options":{"image_generator_settings":{"template":"highway","default_image_id":0,"font":"","enabled":false},"version":2}},"categories":[2,9,12,6],"tags":[],"class_list":["post-7003","post","type-post","status-publish","format-standard","has-post-thumbnail","hentry","category-gottesdienste","category-jugend","category-kinder","category-pfarrei-erleben"],"jetpack_publicize_connections":[],"jetpack_featured_media_url":"https:\/\/i0.wp.com\/www.pfarrei-due-wo.de\/wp-content\/uploads\/2022\/01\/2022.01.06-08-scaled.jpg?fit=2560%2C1707&ssl=1","jetpack_sharing_enabled":true,"jetpack_shortlink":"https:\/\/wp.me\/p8HCtc-1OX","jetpack-related-posts":[{"id":5271,"url":"https:\/\/www.pfarrei-due-wo.de\/?p=5271","url_meta":{"origin":7003,"position":0},"title":"Sternsingeraktion unter Corona-Bedingungen","author":"Matthias Heimler","date":"9. November 2020","format":false,"excerpt":"Die Sternsingeraktion ist eine der gr\u00f6\u00dften Hilfsaktionen von Kindern f\u00fcr Kinder. Das Sternsingen geht auf die Sterndeuter aus dem Osten zur\u00fcck, die man wegen der drei Gaben von Gold, Weihrauch und Myrrhe als die \"Heiligen Drei K\u00f6nige\" bezeichnet. Jedes Jahr beteiligen sich um die 300.000 Kinder und Jugendliche deutschlandweit an\u2026","rel":"","context":"In &quot;Jugend&quot;","block_context":{"text":"Jugend","link":"https:\/\/www.pfarrei-due-wo.de\/?cat=9"},"img":{"alt_text":"","src":"https:\/\/i0.wp.com\/www.pfarrei-due-wo.de\/wp-content\/uploads\/2020\/11\/20201029_152648-scaled.jpg?fit=1200%2C900&ssl=1&resize=350%2C200","width":350,"height":200,"srcset":"https:\/\/i0.wp.com\/www.pfarrei-due-wo.de\/wp-content\/uploads\/2020\/11\/20201029_152648-scaled.jpg?fit=1200%2C900&ssl=1&resize=350%2C200 1x, https:\/\/i0.wp.com\/www.pfarrei-due-wo.de\/wp-content\/uploads\/2020\/11\/20201029_152648-scaled.jpg?fit=1200%2C900&ssl=1&resize=525%2C300 1.5x, https:\/\/i0.wp.com\/www.pfarrei-due-wo.de\/wp-content\/uploads\/2020\/11\/20201029_152648-scaled.jpg?fit=1200%2C900&ssl=1&resize=700%2C400 2x, https:\/\/i0.wp.com\/www.pfarrei-due-wo.de\/wp-content\/uploads\/2020\/11\/20201029_152648-scaled.jpg?fit=1200%2C900&ssl=1&resize=1050%2C600 3x"},"classes":[]},{"id":10945,"url":"https:\/\/www.pfarrei-due-wo.de\/?p=10945","url_meta":{"origin":7003,"position":1},"title":"Geistreich dem Glauben auf der Spur &#8211; Firmung 2023","author":"Florian Schiessl","date":"3. November 2023","format":false,"excerpt":"Als sich das Firmteam im Oktober 2022 zum ersten Mal traf, um den Firmkurs 22\/23 vorzubereiten, stand schnell das Thema fest! Man wollte sich mit den Jugendlichen auf einen Weg begeben \u2013 einer Spur folgen. Das Motto des Firmkurses war dann auch: \u201eGeistreich dem Glauben auf der Spur\u201c! Die n\u00e4chste\u2026","rel":"","context":"In &quot;Pfarrei erleben&quot;","block_context":{"text":"Pfarrei erleben","link":"https:\/\/www.pfarrei-due-wo.de\/?cat=6"},"img":{"alt_text":"","src":"https:\/\/i0.wp.com\/www.pfarrei-due-wo.de\/wp-content\/uploads\/2023\/11\/9D6A7629-1.jpg?fit=1200%2C800&ssl=1&resize=350%2C200","width":350,"height":200,"srcset":"https:\/\/i0.wp.com\/www.pfarrei-due-wo.de\/wp-content\/uploads\/2023\/11\/9D6A7629-1.jpg?fit=1200%2C800&ssl=1&resize=350%2C200 1x, https:\/\/i0.wp.com\/www.pfarrei-due-wo.de\/wp-content\/uploads\/2023\/11\/9D6A7629-1.jpg?fit=1200%2C800&ssl=1&resize=525%2C300 1.5x, https:\/\/i0.wp.com\/www.pfarrei-due-wo.de\/wp-content\/uploads\/2023\/11\/9D6A7629-1.jpg?fit=1200%2C800&ssl=1&resize=700%2C400 2x, https:\/\/i0.wp.com\/www.pfarrei-due-wo.de\/wp-content\/uploads\/2023\/11\/9D6A7629-1.jpg?fit=1200%2C800&ssl=1&resize=1050%2C600 3x"},"classes":[]},{"id":11210,"url":"https:\/\/www.pfarrei-due-wo.de\/?p=11210","url_meta":{"origin":7003,"position":2},"title":"Auf dem Weg zur Krippe","author":"Florian Schiessl","date":"21. Dezember 2023","format":false,"excerpt":"Dieses Jahr wurden die Kinder an drei Adventssonntagen zum Familiengottesdienst eingeladen, bei dem sich die hl. drei K\u00f6nige, die Hirten und die Engel auf den Weg zur Krippe machten. Die Weisen aus dem Morgenland erz\u00e4hlten den Kindern am ersten Advent, dass Sie einen weiten Weg vor sich haben und sich\u2026","rel":"","context":"In &quot;Gottesdienste&quot;","block_context":{"text":"Gottesdienste","link":"https:\/\/www.pfarrei-due-wo.de\/?cat=2"},"img":{"alt_text":"","src":"https:\/\/i0.wp.com\/www.pfarrei-due-wo.de\/wp-content\/uploads\/2023\/12\/PHOTO-2023-12-21-06-46-15-3.jpg?fit=900%2C1200&ssl=1&resize=350%2C200","width":350,"height":200,"srcset":"https:\/\/i0.wp.com\/www.pfarrei-due-wo.de\/wp-content\/uploads\/2023\/12\/PHOTO-2023-12-21-06-46-15-3.jpg?fit=900%2C1200&ssl=1&resize=350%2C200 1x, https:\/\/i0.wp.com\/www.pfarrei-due-wo.de\/wp-content\/uploads\/2023\/12\/PHOTO-2023-12-21-06-46-15-3.jpg?fit=900%2C1200&ssl=1&resize=525%2C300 1.5x, https:\/\/i0.wp.com\/www.pfarrei-due-wo.de\/wp-content\/uploads\/2023\/12\/PHOTO-2023-12-21-06-46-15-3.jpg?fit=900%2C1200&ssl=1&resize=700%2C400 2x"},"classes":[]},{"id":8239,"url":"https:\/\/www.pfarrei-due-wo.de\/?p=8239","url_meta":{"origin":7003,"position":3},"title":"Projektgruppe &#8222;Schutzkonzept&#8220; schlie\u00dft Arbeit erfolgreich ab","author":"Matthias Heimler","date":"21. Oktober 2022","format":false,"excerpt":"Der Auftrag zur Entwicklung eines Schutzkonzeptes f\u00fcr die Kinder- und Jugendarbeit wurde von der Di\u00f6zese Regensburg bereits Ende 2017 an alle Pfarreien im Bistum erteilt. Innerhalb von drei Jahren sollten alle Pfarreien selbst\u00e4ndig ein auf die jeweilige Situation abgestimmtes Schutzkonzept entwickeln. Die Dreijahresfrist wurde wegen der Corona-Pandemie auf Ende 2022\u2026","rel":"","context":"In &quot;Jugend&quot;","block_context":{"text":"Jugend","link":"https:\/\/www.pfarrei-due-wo.de\/?cat=9"},"img":{"alt_text":"","src":"https:\/\/i0.wp.com\/www.pfarrei-due-wo.de\/wp-content\/uploads\/2022\/10\/20221006_210923-scaled-e1666692321175.jpg?fit=1200%2C917&ssl=1&resize=350%2C200","width":350,"height":200,"srcset":"https:\/\/i0.wp.com\/www.pfarrei-due-wo.de\/wp-content\/uploads\/2022\/10\/20221006_210923-scaled-e1666692321175.jpg?fit=1200%2C917&ssl=1&resize=350%2C200 1x, https:\/\/i0.wp.com\/www.pfarrei-due-wo.de\/wp-content\/uploads\/2022\/10\/20221006_210923-scaled-e1666692321175.jpg?fit=1200%2C917&ssl=1&resize=525%2C300 1.5x, https:\/\/i0.wp.com\/www.pfarrei-due-wo.de\/wp-content\/uploads\/2022\/10\/20221006_210923-scaled-e1666692321175.jpg?fit=1200%2C917&ssl=1&resize=700%2C400 2x, https:\/\/i0.wp.com\/www.pfarrei-due-wo.de\/wp-content\/uploads\/2022\/10\/20221006_210923-scaled-e1666692321175.jpg?fit=1200%2C917&ssl=1&resize=1050%2C600 3x"},"classes":[]},{"id":10017,"url":"https:\/\/www.pfarrei-due-wo.de\/?p=10017","url_meta":{"origin":7003,"position":4},"title":"68 Ministranten machen N\u00fcrnberg unsicher","author":"Matthias Heimler","date":"25. Juni 2023","format":false,"excerpt":"Jedes Jahr steht ein Ausflug auf dem Jahresprogramm der Ministranten der Pfarrei. Dieses Jahr ging es f\u00fcr einen Tag nach N\u00fcrnberg. Fast alle Minis lie\u00dfen es sich nicht nehmen, beim gemeinsamen Ausflug in diesem Jahr dabei zu sein. Fr\u00fchmorgens wurden die 68 Minis in den verschiedenen Ortschaften der Pfarrei vom\u2026","rel":"","context":"In &quot;Jugend&quot;","block_context":{"text":"Jugend","link":"https:\/\/www.pfarrei-due-wo.de\/?cat=9"},"img":{"alt_text":"","src":"https:\/\/i0.wp.com\/www.pfarrei-due-wo.de\/wp-content\/uploads\/2023\/06\/IMG-20230624-WA0006.jpg?fit=1200%2C900&ssl=1&resize=350%2C200","width":350,"height":200,"srcset":"https:\/\/i0.wp.com\/www.pfarrei-due-wo.de\/wp-content\/uploads\/2023\/06\/IMG-20230624-WA0006.jpg?fit=1200%2C900&ssl=1&resize=350%2C200 1x, https:\/\/i0.wp.com\/www.pfarrei-due-wo.de\/wp-content\/uploads\/2023\/06\/IMG-20230624-WA0006.jpg?fit=1200%2C900&ssl=1&resize=525%2C300 1.5x, https:\/\/i0.wp.com\/www.pfarrei-due-wo.de\/wp-content\/uploads\/2023\/06\/IMG-20230624-WA0006.jpg?fit=1200%2C900&ssl=1&resize=700%2C400 2x, https:\/\/i0.wp.com\/www.pfarrei-due-wo.de\/wp-content\/uploads\/2023\/06\/IMG-20230624-WA0006.jpg?fit=1200%2C900&ssl=1&resize=1050%2C600 3x"},"classes":[]},{"id":10372,"url":"https:\/\/www.pfarrei-due-wo.de\/?p=10372","url_meta":{"origin":7003,"position":5},"title":"Nachprimiz mit P. Vinzenz Schlosser","author":"Matthias Heimler","date":"16. Juli 2023","format":false,"excerpt":"Die Feier der Nachprimiz von P. Vinzenz Schlosser lockte viele Gl\u00e4ubige in die Pfarrkirche. Mit dem Segen war die Feier nicht zu Ende. Der festliche Kirchenzug mit Jugendblaskapelle, Fahnenabordnungen und Vereinen setzte sich am Feuerwehrhaus D\u00fcrnsricht in Bewegung, um den Neupriester P. Vinzenz Schlosser CP und die Konzelebranten des Festgottesdienstes\u2026","rel":"","context":"In &quot;Gottesdienste&quot;","block_context":{"text":"Gottesdienste","link":"https:\/\/www.pfarrei-due-wo.de\/?cat=2"},"img":{"alt_text":"","src":"https:\/\/i0.wp.com\/www.pfarrei-due-wo.de\/wp-content\/uploads\/2023\/07\/2023.07.16-57-scaled.jpg?fit=1200%2C800&ssl=1&resize=350%2C200","width":350,"height":200,"srcset":"https:\/\/i0.wp.com\/www.pfarrei-due-wo.de\/wp-content\/uploads\/2023\/07\/2023.07.16-57-scaled.jpg?fit=1200%2C800&ssl=1&resize=350%2C200 1x, https:\/\/i0.wp.com\/www.pfarrei-due-wo.de\/wp-content\/uploads\/2023\/07\/2023.07.16-57-scaled.jpg?fit=1200%2C800&ssl=1&resize=525%2C300 1.5x, https:\/\/i0.wp.com\/www.pfarrei-due-wo.de\/wp-content\/uploads\/2023\/07\/2023.07.16-57-scaled.jpg?fit=1200%2C800&ssl=1&resize=700%2C400 2x, https:\/\/i0.wp.com\/www.pfarrei-due-wo.de\/wp-content\/uploads\/2023\/07\/2023.07.16-57-scaled.jpg?fit=1200%2C800&ssl=1&resize=1050%2C600 3x"},"classes":[]}],"publishpress_future_action":{"enabled":false,"date":"2026-05-06 19:08:17","action":"change-status","newStatus":"draft","terms":[],"taxonomy":"category","extraData":[]},"publishpress_future_workflow_manual_trigger":{"enabledWorkflows":[]},"_links":{"self":[{"href":"https:\/\/www.pfarrei-due-wo.de\/index.php?rest_route=\/wp\/v2\/posts\/7003","targetHints":{"allow":["GET"]}}],"collection":[{"href":"https:\/\/www.pfarrei-due-wo.de\/index.php?rest_route=\/wp\/v2\/posts"}],"about":[{"href":"https:\/\/www.pfarrei-due-wo.de\/index.php?rest_route=\/wp\/v2\/types\/post"}],"author":[{"embeddable":true,"href":"https:\/\/www.pfarrei-due-wo.de\/index.php?rest_route=\/wp\/v2\/users\/4"}],"replies":[{"embeddable":true,"href":"https:\/\/www.pfarrei-due-wo.de\/index.php?rest_route=%2Fwp%2Fv2%2Fcomments&post=7003"}],"version-history":[{"count":1,"href":"https:\/\/www.pfarrei-due-wo.de\/index.php?rest_route=\/wp\/v2\/posts\/7003\/revisions"}],"predecessor-version":[{"id":7007,"href":"https:\/\/www.pfarrei-due-wo.de\/index.php?rest_route=\/wp\/v2\/posts\/7003\/revisions\/7007"}],"wp:featuredmedia":[{"embeddable":true,"href":"https:\/\/www.pfarrei-due-wo.de\/index.php?rest_route=\/wp\/v2\/media\/7005"}],"wp:attachment":[{"href":"https:\/\/www.pfarrei-due-wo.de\/index.php?rest_route=%2Fwp%2Fv2%2Fmedia&parent=7003"}],"wp:term":[{"taxonomy":"category","embeddable":true,"href":"https:\/\/www.pfarrei-due-wo.de\/index.php?rest_route=%2Fwp%2Fv2%2Fcategories&post=7003"},{"taxonomy":"post_tag","embeddable":true,"href":"https:\/\/www.pfarrei-due-wo.de\/index.php?rest_route=%2Fwp%2Fv2%2Ftags&post=7003"}],"curies":[{"name":"wp","href":"https:\/\/api.w.org\/{rel}","templated":true}]}}