{"id":6809,"date":"2021-11-14T20:19:53","date_gmt":"2021-11-14T19:19:53","guid":{"rendered":"https:\/\/www.pfarrei-due-wo.de\/?p=6809"},"modified":"2022-01-13T16:06:34","modified_gmt":"2022-01-13T15:06:34","slug":"75-jahre-kirchenchor-duernsricht-wolfring","status":"publish","type":"post","link":"https:\/\/www.pfarrei-due-wo.de\/?p=6809","title":{"rendered":"75 Jahre Kirchenchor D\u00fcrnsricht-Wolfring"},"content":{"rendered":"<p>Ganz im Sinne von Beethovens wohl ber\u00fchmtester Melodie, der \u201eOde an die Freude\u201c, hat es sich der Kirchenchor D\u00fcrnsricht-Wolfring nicht nehmen lassen, sein Jubil\u00e4um unter dem Motto: \u201e\u2026singt ein Lied der Freude, ihr habt Grund zur Dankbarkeit\u2026\u201c zu feiern.<\/p>\n<p>Musikalischer H\u00f6hepunkt war der Festgottesdienst zum Patrozinium St. Albertus Magnus, den der Kirchenchor unter anderem mit Teilen der Messe gestaltete, die vor 75 Jahren zum ersten Mal erklang. Pfarrer Hoch fand warme und lobende Worte f\u00fcr die langj\u00e4hrigen Leistungen, die die Chors\u00e4nger zu den liturgischen Festen im Kirchenjahr (Weihnachts- und Osterfestkreis, Prozessionen, Patrozinien, Kirchweih\u2026) oder zu mehr pers\u00f6nlichen Anl\u00e4ssen (Hochzeiten, Beerdigungen\u2026) erbrachten. Er sprach seinen Dank daf\u00fcr aus, dass die S\u00e4nger ihre Zeit und ihr Talent immer wieder zur Verf\u00fcgung stellen.<\/p>\n<p>Nach dem Gottesdienst fand die Feier im Gasthof Auerbach ihre Fortsetzung mit einem k\u00f6stlichen Mittagessen. Anschlie\u00dfend war es an der Zeit, verdiente Chors\u00e4nger zu ehren: von 10 bis 68 Jahren reicht die Palette der Zugeh\u00f6rigkeit zum Chor.<\/p>\n<p>Weiterhin wurden auch S\u00e4nger, die in den letzten sieben Jahren aufgeh\u00f6rt hatten, mit einer Dankesurkunde und einem kleinen Pr\u00e4sent verabschiedet.<\/p>\n<p>Bei einem gem\u00fctlichen Kaffeetrinken in entspannter Atmosph\u00e4re klang die Feier aus.<\/p>\n<p style=\"text-align: right;\">Martina Neubauer<\/p>\n<p>&nbsp;<\/p>\n<div class=\"tiled-gallery type-rectangular tiled-gallery-unresized\" data-original-width=\"750\" data-carousel-extra='{&quot;blog_id&quot;:1,&quot;permalink&quot;:&quot;https:\\\/\\\/www.pfarrei-due-wo.de\\\/?p=6809&quot;,&quot;likes_blog_id&quot;:128606674}' itemscope itemtype=\"http:\/\/schema.org\/ImageGallery\" > <div class=\"gallery-row\" style=\"width: 750px; height: 341px;\" data-original-width=\"750\" data-original-height=\"341\" > <div class=\"gallery-group images-1\" style=\"width: 510px; height: 341px;\" data-original-width=\"510\" data-original-height=\"341\" > <div class=\"tiled-gallery-item tiled-gallery-item-large\" itemprop=\"associatedMedia\" itemscope itemtype=\"http:\/\/schema.org\/ImageObject\"> <a href=\"https:\/\/www.pfarrei-due-wo.de\/?attachment_id=6811\" border=\"0\" itemprop=\"url\"> <meta itemprop=\"width\" content=\"506\"> <meta itemprop=\"height\" content=\"337\"> <img decoding=\"async\" class=\"\" data-attachment-id=\"6811\" data-orig-file=\"https:\/\/www.pfarrei-due-wo.de\/wp-content\/uploads\/2021\/11\/2021.11.14-Chor-05-scaled.jpg\" data-orig-size=\"2560,1707\" data-comments-opened=\"\" data-image-meta=\"{&quot;aperture&quot;:&quot;4&quot;,&quot;credit&quot;:&quot;&quot;,&quot;camera&quot;:&quot;Canon EOS 700D&quot;,&quot;caption&quot;:&quot;&quot;,&quot;created_timestamp&quot;:&quot;1636885455&quot;,&quot;copyright&quot;:&quot;&quot;,&quot;focal_length&quot;:&quot;22&quot;,&quot;iso&quot;:&quot;400&quot;,&quot;shutter_speed&quot;:&quot;0.016666666666667&quot;,&quot;title&quot;:&quot;&quot;,&quot;orientation&quot;:&quot;1&quot;}\" data-image-title=\"75 Jahre Kirchenchor D\u00fcrnsricht-Wolfring\" data-image-description=\"&lt;p&gt;Foto: Johann Heimler&lt;\/p&gt; \" data-medium-file=\"https:\/\/i0.wp.com\/www.pfarrei-due-wo.de\/wp-content\/uploads\/2021\/11\/2021.11.14-Chor-05-scaled.jpg?fit=300%2C200&#038;ssl=1\" data-large-file=\"https:\/\/i0.wp.com\/www.pfarrei-due-wo.de\/wp-content\/uploads\/2021\/11\/2021.11.14-Chor-05-scaled.jpg?fit=750%2C500&#038;ssl=1\" src=\"https:\/\/i0.wp.com\/www.pfarrei-due-wo.de\/wp-content\/uploads\/2021\/11\/2021.11.14-Chor-05-scaled.jpg?w=506&#038;h=337&#038;ssl=1\" srcset=\"https:\/\/i0.wp.com\/www.pfarrei-due-wo.de\/wp-content\/uploads\/2021\/11\/2021.11.14-Chor-05-scaled.jpg?w=2560&amp;ssl=1 2560w, https:\/\/i0.wp.com\/www.pfarrei-due-wo.de\/wp-content\/uploads\/2021\/11\/2021.11.14-Chor-05-scaled.jpg?resize=300%2C200&amp;ssl=1 300w, https:\/\/i0.wp.com\/www.pfarrei-due-wo.de\/wp-content\/uploads\/2021\/11\/2021.11.14-Chor-05-scaled.jpg?resize=1024%2C683&amp;ssl=1 1024w, https:\/\/i0.wp.com\/www.pfarrei-due-wo.de\/wp-content\/uploads\/2021\/11\/2021.11.14-Chor-05-scaled.jpg?resize=768%2C512&amp;ssl=1 768w, https:\/\/i0.wp.com\/www.pfarrei-due-wo.de\/wp-content\/uploads\/2021\/11\/2021.11.14-Chor-05-scaled.jpg?resize=1536%2C1024&amp;ssl=1 1536w, https:\/\/i0.wp.com\/www.pfarrei-due-wo.de\/wp-content\/uploads\/2021\/11\/2021.11.14-Chor-05-scaled.jpg?resize=2048%2C1365&amp;ssl=1 2048w, https:\/\/i0.wp.com\/www.pfarrei-due-wo.de\/wp-content\/uploads\/2021\/11\/2021.11.14-Chor-05-scaled.jpg?w=2250&amp;ssl=1 2250w\" width=\"506\" height=\"337\" loading=\"lazy\" data-original-width=\"506\" data-original-height=\"337\" itemprop=\"http:\/\/schema.org\/image\" title=\"75 Jahre Kirchenchor D\u00fcrnsricht-Wolfring\" alt=\"75 Jahre Kirchenchor D\u00fcrnsricht-Wolfring\" style=\"width: 506px; height: 337px;\" \/> <\/a> <\/div> <\/div> <!-- close group --> <div class=\"gallery-group images-2\" style=\"width: 240px; height: 341px;\" data-original-width=\"240\" data-original-height=\"341\" > <div class=\"tiled-gallery-item tiled-gallery-item-small\" itemprop=\"associatedMedia\" itemscope itemtype=\"http:\/\/schema.org\/ImageObject\"> <a href=\"https:\/\/www.pfarrei-due-wo.de\/?attachment_id=6813\" border=\"0\" itemprop=\"url\"> <meta itemprop=\"width\" content=\"236\"> <meta itemprop=\"height\" content=\"158\"> <img decoding=\"async\" class=\"\" data-attachment-id=\"6813\" data-orig-file=\"https:\/\/www.pfarrei-due-wo.de\/wp-content\/uploads\/2021\/11\/2021.11.14-Chor-31-scaled.jpg\" data-orig-size=\"2560,1707\" data-comments-opened=\"\" data-image-meta=\"{&quot;aperture&quot;:&quot;4&quot;,&quot;credit&quot;:&quot;&quot;,&quot;camera&quot;:&quot;Canon EOS 700D&quot;,&quot;caption&quot;:&quot;&quot;,&quot;created_timestamp&quot;:&quot;1636897936&quot;,&quot;copyright&quot;:&quot;&quot;,&quot;focal_length&quot;:&quot;26&quot;,&quot;iso&quot;:&quot;400&quot;,&quot;shutter_speed&quot;:&quot;0.016666666666667&quot;,&quot;title&quot;:&quot;&quot;,&quot;orientation&quot;:&quot;1&quot;}\" data-image-title=\"75 Jahre Kirchenchor D\u00fcrnsricht-Wolfring\" data-image-description=\"&lt;p&gt;Foto: Johann Heimler&lt;\/p&gt; \" data-medium-file=\"https:\/\/i0.wp.com\/www.pfarrei-due-wo.de\/wp-content\/uploads\/2021\/11\/2021.11.14-Chor-31-scaled.jpg?fit=300%2C200&#038;ssl=1\" data-large-file=\"https:\/\/i0.wp.com\/www.pfarrei-due-wo.de\/wp-content\/uploads\/2021\/11\/2021.11.14-Chor-31-scaled.jpg?fit=750%2C500&#038;ssl=1\" src=\"https:\/\/i0.wp.com\/www.pfarrei-due-wo.de\/wp-content\/uploads\/2021\/11\/2021.11.14-Chor-31-scaled.jpg?w=236&#038;h=158&#038;ssl=1\" srcset=\"https:\/\/i0.wp.com\/www.pfarrei-due-wo.de\/wp-content\/uploads\/2021\/11\/2021.11.14-Chor-31-scaled.jpg?w=2560&amp;ssl=1 2560w, https:\/\/i0.wp.com\/www.pfarrei-due-wo.de\/wp-content\/uploads\/2021\/11\/2021.11.14-Chor-31-scaled.jpg?resize=300%2C200&amp;ssl=1 300w, https:\/\/i0.wp.com\/www.pfarrei-due-wo.de\/wp-content\/uploads\/2021\/11\/2021.11.14-Chor-31-scaled.jpg?resize=1024%2C683&amp;ssl=1 1024w, https:\/\/i0.wp.com\/www.pfarrei-due-wo.de\/wp-content\/uploads\/2021\/11\/2021.11.14-Chor-31-scaled.jpg?resize=768%2C512&amp;ssl=1 768w, https:\/\/i0.wp.com\/www.pfarrei-due-wo.de\/wp-content\/uploads\/2021\/11\/2021.11.14-Chor-31-scaled.jpg?resize=1536%2C1024&amp;ssl=1 1536w, https:\/\/i0.wp.com\/www.pfarrei-due-wo.de\/wp-content\/uploads\/2021\/11\/2021.11.14-Chor-31-scaled.jpg?resize=2048%2C1365&amp;ssl=1 2048w, https:\/\/i0.wp.com\/www.pfarrei-due-wo.de\/wp-content\/uploads\/2021\/11\/2021.11.14-Chor-31-scaled.jpg?w=2250&amp;ssl=1 2250w\" width=\"236\" height=\"158\" loading=\"lazy\" data-original-width=\"236\" data-original-height=\"158\" itemprop=\"http:\/\/schema.org\/image\" title=\"75 Jahre Kirchenchor D\u00fcrnsricht-Wolfring\" alt=\"75 Jahre Kirchenchor D\u00fcrnsricht-Wolfring\" style=\"width: 236px; height: 158px;\" \/> <\/a> <\/div> <div class=\"tiled-gallery-item tiled-gallery-item-small\" itemprop=\"associatedMedia\" itemscope itemtype=\"http:\/\/schema.org\/ImageObject\"> <a href=\"https:\/\/www.pfarrei-due-wo.de\/?attachment_id=6815\" border=\"0\" itemprop=\"url\"> <meta itemprop=\"width\" content=\"236\"> <meta itemprop=\"height\" content=\"175\"> <img decoding=\"async\" class=\"\" data-attachment-id=\"6815\" data-orig-file=\"https:\/\/www.pfarrei-due-wo.de\/wp-content\/uploads\/2021\/11\/2021.11.14-Chor-58-scaled-e1637404598445.jpg\" data-orig-size=\"1740,1292\" data-comments-opened=\"\" data-image-meta=\"{&quot;aperture&quot;:&quot;4&quot;,&quot;credit&quot;:&quot;&quot;,&quot;camera&quot;:&quot;Canon EOS 700D&quot;,&quot;caption&quot;:&quot;&quot;,&quot;created_timestamp&quot;:&quot;1636898809&quot;,&quot;copyright&quot;:&quot;&quot;,&quot;focal_length&quot;:&quot;30&quot;,&quot;iso&quot;:&quot;1250&quot;,&quot;shutter_speed&quot;:&quot;0.016666666666667&quot;,&quot;title&quot;:&quot;&quot;,&quot;orientation&quot;:&quot;1&quot;}\" data-image-title=\"75 Jahre Kirchenchor D\u00fcrnsricht-Wolfring\" data-image-description=\"&lt;p&gt;Foto: Johann Heimler&lt;\/p&gt; \" data-medium-file=\"https:\/\/i0.wp.com\/www.pfarrei-due-wo.de\/wp-content\/uploads\/2021\/11\/2021.11.14-Chor-58-scaled-e1637404598445.jpg?fit=300%2C223&#038;ssl=1\" data-large-file=\"https:\/\/i0.wp.com\/www.pfarrei-due-wo.de\/wp-content\/uploads\/2021\/11\/2021.11.14-Chor-58-scaled-e1637404598445.jpg?fit=750%2C557&#038;ssl=1\" src=\"https:\/\/i0.wp.com\/www.pfarrei-due-wo.de\/wp-content\/uploads\/2021\/11\/2021.11.14-Chor-58-scaled-e1637404598445.jpg?w=236&#038;h=175&#038;ssl=1\" srcset=\"https:\/\/i0.wp.com\/www.pfarrei-due-wo.de\/wp-content\/uploads\/2021\/11\/2021.11.14-Chor-58-scaled-e1637404598445.jpg?w=1740&amp;ssl=1 1740w, https:\/\/i0.wp.com\/www.pfarrei-due-wo.de\/wp-content\/uploads\/2021\/11\/2021.11.14-Chor-58-scaled-e1637404598445.jpg?resize=300%2C223&amp;ssl=1 300w, https:\/\/i0.wp.com\/www.pfarrei-due-wo.de\/wp-content\/uploads\/2021\/11\/2021.11.14-Chor-58-scaled-e1637404598445.jpg?resize=1024%2C760&amp;ssl=1 1024w, https:\/\/i0.wp.com\/www.pfarrei-due-wo.de\/wp-content\/uploads\/2021\/11\/2021.11.14-Chor-58-scaled-e1637404598445.jpg?resize=768%2C570&amp;ssl=1 768w, https:\/\/i0.wp.com\/www.pfarrei-due-wo.de\/wp-content\/uploads\/2021\/11\/2021.11.14-Chor-58-scaled-e1637404598445.jpg?resize=1536%2C1141&amp;ssl=1 1536w\" width=\"236\" height=\"175\" loading=\"lazy\" data-original-width=\"236\" data-original-height=\"175\" itemprop=\"http:\/\/schema.org\/image\" title=\"75 Jahre Kirchenchor D\u00fcrnsricht-Wolfring\" alt=\"75 Jahre Kirchenchor D\u00fcrnsricht-Wolfring\" style=\"width: 236px; height: 175px;\" \/> <\/a> <\/div> <\/div> <!-- close group --> <\/div> <!-- close row --> <div class=\"gallery-row\" style=\"width: 750px; height: 384px;\" data-original-width=\"750\" data-original-height=\"384\" > <div class=\"gallery-group images-1\" style=\"width: 750px; height: 384px;\" data-original-width=\"750\" data-original-height=\"384\" > <div class=\"tiled-gallery-item tiled-gallery-item-large\" itemprop=\"associatedMedia\" itemscope itemtype=\"http:\/\/schema.org\/ImageObject\"> <a href=\"https:\/\/www.pfarrei-due-wo.de\/?attachment_id=6810\" border=\"0\" itemprop=\"url\"> <meta itemprop=\"width\" content=\"746\"> <meta itemprop=\"height\" content=\"380\"> <img decoding=\"async\" class=\"\" data-attachment-id=\"6810\" data-orig-file=\"https:\/\/www.pfarrei-due-wo.de\/wp-content\/uploads\/2021\/11\/2021.11.14-Chor-68-b-scaled-e1637404142577.jpg\" data-orig-size=\"2534,1292\" data-comments-opened=\"\" data-image-meta=\"{&quot;aperture&quot;:&quot;5.6&quot;,&quot;credit&quot;:&quot;&quot;,&quot;camera&quot;:&quot;Canon EOS 700D&quot;,&quot;caption&quot;:&quot;&quot;,&quot;created_timestamp&quot;:&quot;1636899338&quot;,&quot;copyright&quot;:&quot;&quot;,&quot;focal_length&quot;:&quot;20&quot;,&quot;iso&quot;:&quot;250&quot;,&quot;shutter_speed&quot;:&quot;0.033333333333333&quot;,&quot;title&quot;:&quot;&quot;,&quot;orientation&quot;:&quot;1&quot;}\" data-image-title=\"75 Jahre Kirchenchor D\u00fcrnsricht-Wolfring\" data-image-description=\"&lt;p&gt;Foto: Johann Heimler&lt;\/p&gt; \" data-medium-file=\"https:\/\/i0.wp.com\/www.pfarrei-due-wo.de\/wp-content\/uploads\/2021\/11\/2021.11.14-Chor-68-b-scaled-e1637404142577.jpg?fit=300%2C153&#038;ssl=1\" data-large-file=\"https:\/\/i0.wp.com\/www.pfarrei-due-wo.de\/wp-content\/uploads\/2021\/11\/2021.11.14-Chor-68-b-scaled-e1637404142577.jpg?fit=750%2C382&#038;ssl=1\" src=\"https:\/\/i0.wp.com\/www.pfarrei-due-wo.de\/wp-content\/uploads\/2021\/11\/2021.11.14-Chor-68-b-scaled-e1637404142577.jpg?w=746&#038;h=380&#038;ssl=1\" srcset=\"https:\/\/i0.wp.com\/www.pfarrei-due-wo.de\/wp-content\/uploads\/2021\/11\/2021.11.14-Chor-68-b-scaled-e1637404142577.jpg?w=2534&amp;ssl=1 2534w, https:\/\/i0.wp.com\/www.pfarrei-due-wo.de\/wp-content\/uploads\/2021\/11\/2021.11.14-Chor-68-b-scaled-e1637404142577.jpg?resize=300%2C153&amp;ssl=1 300w, https:\/\/i0.wp.com\/www.pfarrei-due-wo.de\/wp-content\/uploads\/2021\/11\/2021.11.14-Chor-68-b-scaled-e1637404142577.jpg?resize=1024%2C522&amp;ssl=1 1024w, https:\/\/i0.wp.com\/www.pfarrei-due-wo.de\/wp-content\/uploads\/2021\/11\/2021.11.14-Chor-68-b-scaled-e1637404142577.jpg?resize=768%2C392&amp;ssl=1 768w, https:\/\/i0.wp.com\/www.pfarrei-due-wo.de\/wp-content\/uploads\/2021\/11\/2021.11.14-Chor-68-b-scaled-e1637404142577.jpg?resize=1536%2C783&amp;ssl=1 1536w, https:\/\/i0.wp.com\/www.pfarrei-due-wo.de\/wp-content\/uploads\/2021\/11\/2021.11.14-Chor-68-b-scaled-e1637404142577.jpg?resize=2048%2C1044&amp;ssl=1 2048w, https:\/\/i0.wp.com\/www.pfarrei-due-wo.de\/wp-content\/uploads\/2021\/11\/2021.11.14-Chor-68-b-scaled-e1637404142577.jpg?w=2250&amp;ssl=1 2250w\" width=\"746\" height=\"380\" loading=\"lazy\" data-original-width=\"746\" data-original-height=\"380\" itemprop=\"http:\/\/schema.org\/image\" title=\"75 Jahre Kirchenchor D\u00fcrnsricht-Wolfring\" alt=\"75 Jahre Kirchenchor D\u00fcrnsricht-Wolfring\" style=\"width: 746px; height: 380px;\" \/> <\/a> <\/div> <\/div> <!-- close group --> <\/div> <!-- close row --> <\/div>\n","protected":false},"excerpt":{"rendered":"<p>Ganz im Sinne von Beethovens wohl ber\u00fchmtester Melodie, der \u201eOde an die Freude\u201c, hat es sich der Kirchenchor D\u00fcrnsricht-Wolfring nicht nehmen lassen, sein Jubil\u00e4um unter dem Motto: \u201e\u2026singt ein Lied &hellip; <\/p>\n","protected":false},"author":4,"featured_media":6810,"comment_status":"closed","ping_status":"closed","sticky":false,"template":"","format":"standard","meta":{"jetpack_post_was_ever_published":false,"_jetpack_newsletter_access":"","_jetpack_dont_email_post_to_subs":false,"_jetpack_newsletter_tier_id":0,"_jetpack_memberships_contains_paywalled_content":false,"_jetpack_memberships_contains_paid_content":false,"footnotes":"","jetpack_publicize_message":"","jetpack_publicize_feature_enabled":true,"jetpack_social_post_already_shared":true,"jetpack_social_options":{"image_generator_settings":{"template":"highway","default_image_id":0,"font":"","enabled":false},"version":2}},"categories":[2,11,6],"tags":[],"class_list":["post-6809","post","type-post","status-publish","format-standard","has-post-thumbnail","hentry","category-gottesdienste","category-musik","category-pfarrei-erleben"],"jetpack_publicize_connections":[],"jetpack_featured_media_url":"https:\/\/i0.wp.com\/www.pfarrei-due-wo.de\/wp-content\/uploads\/2021\/11\/2021.11.14-Chor-68-b-scaled-e1637404142577.jpg?fit=2534%2C1292&ssl=1","jetpack_sharing_enabled":true,"jetpack_shortlink":"https:\/\/wp.me\/p8HCtc-1LP","jetpack-related-posts":[{"id":6667,"url":"https:\/\/www.pfarrei-due-wo.de\/?p=6667","url_meta":{"origin":6809,"position":0},"title":"Kirchenmusikalische Ehrungen","author":"Matthias Heimler","date":"13. September 2021","format":false,"excerpt":"Die Kirchenmusik in der Pfarrei lebt von den vielen Menschen, die sich hier engagieren und einbringen. Immer wieder d\u00fcrfen Gottesdienstbesucher erfahren, dass die Musik Gottesdienste zu einem Fest werden l\u00e4sst. Von der Orgelbegleitung bei den Sonntags- und Werktagsgottesdiensten, bei Taufen und Hochzeiten, bis hin zu den musikalischen Beitr\u00e4gen der Kirchench\u00f6re\u2026","rel":"","context":"In &quot;Musik&quot;","block_context":{"text":"Musik","link":"https:\/\/www.pfarrei-due-wo.de\/?cat=11"},"img":{"alt_text":"","src":"https:\/\/i0.wp.com\/www.pfarrei-due-wo.de\/wp-content\/uploads\/2021\/10\/20210912_134403-scaled.jpg?fit=1200%2C900&ssl=1&resize=350%2C200","width":350,"height":200,"srcset":"https:\/\/i0.wp.com\/www.pfarrei-due-wo.de\/wp-content\/uploads\/2021\/10\/20210912_134403-scaled.jpg?fit=1200%2C900&ssl=1&resize=350%2C200 1x, https:\/\/i0.wp.com\/www.pfarrei-due-wo.de\/wp-content\/uploads\/2021\/10\/20210912_134403-scaled.jpg?fit=1200%2C900&ssl=1&resize=525%2C300 1.5x, https:\/\/i0.wp.com\/www.pfarrei-due-wo.de\/wp-content\/uploads\/2021\/10\/20210912_134403-scaled.jpg?fit=1200%2C900&ssl=1&resize=700%2C400 2x, https:\/\/i0.wp.com\/www.pfarrei-due-wo.de\/wp-content\/uploads\/2021\/10\/20210912_134403-scaled.jpg?fit=1200%2C900&ssl=1&resize=1050%2C600 3x"},"classes":[]},{"id":8420,"url":"https:\/\/www.pfarrei-due-wo.de\/?p=8420","url_meta":{"origin":6809,"position":1},"title":"Namenstag der Pfarrkirche gefeiert","author":"Matthias Heimler","date":"16. November 2022","format":false,"excerpt":"Der Gedenktag des Heiligen Albertus Magnus (15.11.) ist f\u00fcr die Pfarrei D\u00fcrnsricht-Wolfring ein besonderer Tag. Der heilige Dominikanerm\u00f6nch und Wissenschaftler, der im 13. Jahrhundert lebte, ist n\u00e4mlich der Namenspatron der Pfarrkirche. Schon am Nachmittag beginnt die Patronatsfeier der Pfarrkirche, das Patrozinium, mit der Aussetzung des Allerheiligsten und der sogenannten \"Ewigen\u2026","rel":"","context":"In &quot;Erstkommunion&quot;","block_context":{"text":"Erstkommunion","link":"https:\/\/www.pfarrei-due-wo.de\/?cat=10"},"img":{"alt_text":"","src":"https:\/\/i0.wp.com\/www.pfarrei-due-wo.de\/wp-content\/uploads\/2022\/11\/IMG-20221116-WA0005.jpg?fit=1200%2C900&ssl=1&resize=350%2C200","width":350,"height":200,"srcset":"https:\/\/i0.wp.com\/www.pfarrei-due-wo.de\/wp-content\/uploads\/2022\/11\/IMG-20221116-WA0005.jpg?fit=1200%2C900&ssl=1&resize=350%2C200 1x, https:\/\/i0.wp.com\/www.pfarrei-due-wo.de\/wp-content\/uploads\/2022\/11\/IMG-20221116-WA0005.jpg?fit=1200%2C900&ssl=1&resize=525%2C300 1.5x, https:\/\/i0.wp.com\/www.pfarrei-due-wo.de\/wp-content\/uploads\/2022\/11\/IMG-20221116-WA0005.jpg?fit=1200%2C900&ssl=1&resize=700%2C400 2x, https:\/\/i0.wp.com\/www.pfarrei-due-wo.de\/wp-content\/uploads\/2022\/11\/IMG-20221116-WA0005.jpg?fit=1200%2C900&ssl=1&resize=1050%2C600 3x"},"classes":[]},{"id":7435,"url":"https:\/\/www.pfarrei-due-wo.de\/?p=7435","url_meta":{"origin":6809,"position":2},"title":"Ostern in der Pfarrei","author":"Matthias Heimler","date":"17. April 2022","format":false,"excerpt":"Die Feier der Osternacht beging die Pfarrgemeinde D\u00fcrnsricht-Wolfring-H\u00f6gling in den fr\u00fchen Morgestunden des Ostertages, um 5.00 Uhr, der Tradition folgend noch vor Sonnenaufgang. Zahlreiche Gottesdienstbesucher lie\u00dfen sich von der fr\u00fchen Uhrzeit nicht abschrecken und versammelten sich in der Pfarrkirche St. Albertus Magnus. Die wichtigste Feier des Jahres begann mit der\u2026","rel":"","context":"In &quot;Gottesdienste&quot;","block_context":{"text":"Gottesdienste","link":"https:\/\/www.pfarrei-due-wo.de\/?cat=2"},"img":{"alt_text":"","src":"https:\/\/i0.wp.com\/www.pfarrei-due-wo.de\/wp-content\/uploads\/2022\/04\/2022.04.17-O-04-scaled.jpg?fit=1200%2C800&ssl=1&resize=350%2C200","width":350,"height":200,"srcset":"https:\/\/i0.wp.com\/www.pfarrei-due-wo.de\/wp-content\/uploads\/2022\/04\/2022.04.17-O-04-scaled.jpg?fit=1200%2C800&ssl=1&resize=350%2C200 1x, https:\/\/i0.wp.com\/www.pfarrei-due-wo.de\/wp-content\/uploads\/2022\/04\/2022.04.17-O-04-scaled.jpg?fit=1200%2C800&ssl=1&resize=525%2C300 1.5x, https:\/\/i0.wp.com\/www.pfarrei-due-wo.de\/wp-content\/uploads\/2022\/04\/2022.04.17-O-04-scaled.jpg?fit=1200%2C800&ssl=1&resize=700%2C400 2x, https:\/\/i0.wp.com\/www.pfarrei-due-wo.de\/wp-content\/uploads\/2022\/04\/2022.04.17-O-04-scaled.jpg?fit=1200%2C800&ssl=1&resize=1050%2C600 3x"},"classes":[]},{"id":5056,"url":"https:\/\/www.pfarrei-due-wo.de\/?p=5056","url_meta":{"origin":6809,"position":3},"title":"Erntedank &#8211; in diesem Jahr erst recht!","author":"Matthias Heimler","date":"6. Oktober 2020","format":false,"excerpt":"Der diesj\u00e4hrige Erntedankgottesdienst der Pfarrei D\u00fcrnsricht-Wolfring fand auf dem Kirchplatz unter freiem Himmel statt. Gerade in einem Pandemiejahr wie in diesem, stellte Pfarrer Michael Hoch eingangs fest, biete es sich an, noch einmal bewusst \"Danke!\" zu sagen. Im Mittelpunkt des Erntedankgottesdienstes, der von Mitgliedern des Katholischen Landvolks vorbereitet wurde, stand\u2026","rel":"","context":"In &quot;Gottesdienste&quot;","block_context":{"text":"Gottesdienste","link":"https:\/\/www.pfarrei-due-wo.de\/?cat=2"},"img":{"alt_text":"","src":"https:\/\/i0.wp.com\/www.pfarrei-due-wo.de\/wp-content\/uploads\/2020\/10\/Erntealtar-2020-scaled.jpg?fit=1200%2C660&ssl=1&resize=350%2C200","width":350,"height":200,"srcset":"https:\/\/i0.wp.com\/www.pfarrei-due-wo.de\/wp-content\/uploads\/2020\/10\/Erntealtar-2020-scaled.jpg?fit=1200%2C660&ssl=1&resize=350%2C200 1x, https:\/\/i0.wp.com\/www.pfarrei-due-wo.de\/wp-content\/uploads\/2020\/10\/Erntealtar-2020-scaled.jpg?fit=1200%2C660&ssl=1&resize=525%2C300 1.5x, https:\/\/i0.wp.com\/www.pfarrei-due-wo.de\/wp-content\/uploads\/2020\/10\/Erntealtar-2020-scaled.jpg?fit=1200%2C660&ssl=1&resize=700%2C400 2x, https:\/\/i0.wp.com\/www.pfarrei-due-wo.de\/wp-content\/uploads\/2020\/10\/Erntealtar-2020-scaled.jpg?fit=1200%2C660&ssl=1&resize=1050%2C600 3x"},"classes":[]},{"id":9944,"url":"https:\/\/www.pfarrei-due-wo.de\/?p=9944","url_meta":{"origin":6809,"position":4},"title":"Beeindruckendes Konzert mit Wolfgang Kraus und den Kirchench\u00f6ren","author":"Matthias Heimler","date":"18. Juni 2023","format":false,"excerpt":"Aus dem Gemeinschaftswerk zwischen dem Organisten Wolfgang Kraus und den Kirchench\u00f6ren D\u00fcrnsricht-Wolfring, Schmidgaden und Rottendorf wurde ein einmaliges H\u00f6rerlebnis. Mit Werken aus verschiedenen Jahrhunderten begeisterte Wolfgang Kraus an der Orgel in bekannt gro\u00dfartiger Weise ein gro\u00dfes Publikum. Zu Ehren und in Erinnerung an den k\u00fcrzlich verstorbenen Chors\u00e4nger und Sprecher des\u2026","rel":"","context":"In &quot;Musik&quot;","block_context":{"text":"Musik","link":"https:\/\/www.pfarrei-due-wo.de\/?cat=11"},"img":{"alt_text":"","src":"https:\/\/i0.wp.com\/www.pfarrei-due-wo.de\/wp-content\/uploads\/2023\/06\/20230618_180908-scaled.jpg?resize=350%2C200","width":350,"height":200,"srcset":"https:\/\/i0.wp.com\/www.pfarrei-due-wo.de\/wp-content\/uploads\/2023\/06\/20230618_180908-scaled.jpg?resize=350%2C200 1x, https:\/\/i0.wp.com\/www.pfarrei-due-wo.de\/wp-content\/uploads\/2023\/06\/20230618_180908-scaled.jpg?resize=525%2C300 1.5x, https:\/\/i0.wp.com\/www.pfarrei-due-wo.de\/wp-content\/uploads\/2023\/06\/20230618_180908-scaled.jpg?resize=700%2C400 2x, https:\/\/i0.wp.com\/www.pfarrei-due-wo.de\/wp-content\/uploads\/2023\/06\/20230618_180908-scaled.jpg?resize=1050%2C600 3x, https:\/\/i0.wp.com\/www.pfarrei-due-wo.de\/wp-content\/uploads\/2023\/06\/20230618_180908-scaled.jpg?resize=1400%2C800 4x"},"classes":[]},{"id":13436,"url":"https:\/\/www.pfarrei-due-wo.de\/?p=13436","url_meta":{"origin":6809,"position":5},"title":"Weihnachten in der Pfarrei St. Albertus-Magnus","author":"Florian Schiessl","date":"25. Dezember 2025","format":false,"excerpt":"Mit der Krippenfeier in der Pfarrkirche begannen die Weihnachtsfeierlichkeiten in der Pfarrei St. Albertus-Magnus. Das Familiengottesdienst Team unter der Leitung von Heidi Neidl studierte in der Adventszeit ein Musical Krippenspiel ein, das die Kinder der Grundschule in der \u00fcberf\u00fcllten Kirche auff\u00fchrten. Evangelium, F\u00fcrbitten und Weihnachtslieder umrahmten die Feier. Die Kollekte\u2026","rel":"","context":"In &quot;Gottesdienste&quot;","block_context":{"text":"Gottesdienste","link":"https:\/\/www.pfarrei-due-wo.de\/?cat=2"},"img":{"alt_text":"","src":"https:\/\/i0.wp.com\/www.pfarrei-due-wo.de\/wp-content\/uploads\/2025\/12\/PHOTO-2025-12-25-00-25-10-15.jpg?fit=900%2C1200&ssl=1&resize=350%2C200","width":350,"height":200,"srcset":"https:\/\/i0.wp.com\/www.pfarrei-due-wo.de\/wp-content\/uploads\/2025\/12\/PHOTO-2025-12-25-00-25-10-15.jpg?fit=900%2C1200&ssl=1&resize=350%2C200 1x, https:\/\/i0.wp.com\/www.pfarrei-due-wo.de\/wp-content\/uploads\/2025\/12\/PHOTO-2025-12-25-00-25-10-15.jpg?fit=900%2C1200&ssl=1&resize=525%2C300 1.5x, https:\/\/i0.wp.com\/www.pfarrei-due-wo.de\/wp-content\/uploads\/2025\/12\/PHOTO-2025-12-25-00-25-10-15.jpg?fit=900%2C1200&ssl=1&resize=700%2C400 2x"},"classes":[]}],"publishpress_future_action":{"enabled":false,"date":"2026-05-07 15:23:05","action":"change-status","newStatus":"draft","terms":[],"taxonomy":"category","extraData":[]},"publishpress_future_workflow_manual_trigger":{"enabledWorkflows":[]},"_links":{"self":[{"href":"https:\/\/www.pfarrei-due-wo.de\/index.php?rest_route=\/wp\/v2\/posts\/6809","targetHints":{"allow":["GET"]}}],"collection":[{"href":"https:\/\/www.pfarrei-due-wo.de\/index.php?rest_route=\/wp\/v2\/posts"}],"about":[{"href":"https:\/\/www.pfarrei-due-wo.de\/index.php?rest_route=\/wp\/v2\/types\/post"}],"author":[{"embeddable":true,"href":"https:\/\/www.pfarrei-due-wo.de\/index.php?rest_route=\/wp\/v2\/users\/4"}],"replies":[{"embeddable":true,"href":"https:\/\/www.pfarrei-due-wo.de\/index.php?rest_route=%2Fwp%2Fv2%2Fcomments&post=6809"}],"version-history":[{"count":2,"href":"https:\/\/www.pfarrei-due-wo.de\/index.php?rest_route=\/wp\/v2\/posts\/6809\/revisions"}],"predecessor-version":[{"id":6816,"href":"https:\/\/www.pfarrei-due-wo.de\/index.php?rest_route=\/wp\/v2\/posts\/6809\/revisions\/6816"}],"wp:featuredmedia":[{"embeddable":true,"href":"https:\/\/www.pfarrei-due-wo.de\/index.php?rest_route=\/wp\/v2\/media\/6810"}],"wp:attachment":[{"href":"https:\/\/www.pfarrei-due-wo.de\/index.php?rest_route=%2Fwp%2Fv2%2Fmedia&parent=6809"}],"wp:term":[{"taxonomy":"category","embeddable":true,"href":"https:\/\/www.pfarrei-due-wo.de\/index.php?rest_route=%2Fwp%2Fv2%2Fcategories&post=6809"},{"taxonomy":"post_tag","embeddable":true,"href":"https:\/\/www.pfarrei-due-wo.de\/index.php?rest_route=%2Fwp%2Fv2%2Ftags&post=6809"}],"curies":[{"name":"wp","href":"https:\/\/api.w.org\/{rel}","templated":true}]}}