{"id":5284,"date":"2020-11-08T14:41:22","date_gmt":"2020-11-08T13:41:22","guid":{"rendered":"http:\/\/www.pfarrei-due-wo.de\/?p=5284"},"modified":"2022-01-13T16:06:36","modified_gmt":"2022-01-13T15:06:36","slug":"live-uebertragung-der-sonntagsgottesdienste","status":"publish","type":"post","link":"https:\/\/www.pfarrei-due-wo.de\/?p=5284","title":{"rendered":"Live-\u00dcbertragung der Sonntagsgottesdienste"},"content":{"rendered":"<p>Nun ist die Technik \u00fcberall eingerichtet: Die Live-\u00dcbertragung unserer Sonntagsgottesdienste in der Pfarrkirche und in der Filialkirche St. Michael funktioniert.<\/p>\n<p>Dank des Theatervereins Fensterbach und den Mitglieder der Pfarrkirchenverwaltung ist die Live-\u00dcbertragung der Sonntagsgottesdienste (inkl. Vorabendgottesdienste) ins Jugendheim bzw. in die Sporthalle m\u00f6glich. Beides funktioniert sehr gut und wird von den Gl\u00e4ubigen gut angenommen. &#8222;Der gro\u00dfe Vorteil ist, dass man hier nicht nur live teilnehmen kann, sondern dort auch die Kommunion ausgeteilt wird&#8220;, so Pfarrgemeinderatssprecherin Sandra Schieder, eine Mitinitiatorin dieser Idee.<\/p>\n<p>&nbsp;<\/p>\n<h4>Viele helfen mit<\/h4>\n<p>Durch die Mithilfe vieler Freiwilliger aus Pfarrgemeinderat, Ortsaussch\u00fcssen, Lektoren und Kommunionhelfern stehen in der Sporthalle bzw. im Jugendheim zus\u00e4tzliche Ordner und Kommunionhelfer zur Verf\u00fcgung, die bei Fragen gerne behilfich sind. Nat\u00fcrlich gelten auch im Jugendheim und der Sporthalle die f\u00fcr Gottesdienste \u00fcblichen Hygiene-Regeln (Abstand halten, Mund-Nase-Bedeckung tragen bis zum Platz).<\/p>\n<p>&nbsp;<\/p>\n<h4>Jeder bekommt einen Platz<\/h4>\n<p>Ein besonderer Nebeneffekt: In den Kirchen ist wegen der offenen Heizsysteme ein Beheizen w\u00e4hrend des Gottesdienstes laut Vorgabe der Di\u00f6zese nicht m\u00f6glich. Daf\u00fcr sind Sporthalle und Jugendheim durchgehend angenehm temperiert. Einfach ausprobieren. Bei der zus\u00e4tzlichen Anzahl von Sitzpl\u00e4tzen bekommt jeder einen Platz.<\/p>\n<div class=\"tiled-gallery type-square tiled-gallery-unresized\" data-original-width=\"750\" data-carousel-extra='{&quot;blog_id&quot;:1,&quot;permalink&quot;:&quot;https:\\\/\\\/www.pfarrei-due-wo.de\\\/?p=5284&quot;,&quot;likes_blog_id&quot;:128606674}' itemscope itemtype=\"http:\/\/schema.org\/ImageGallery\" > <div class=\"gallery-row\" style=\"width: 750px; height: 375px;\" data-original-width=\"750\" data-original-height=\"375\" > <div class=\"gallery-group\" style=\"width: 375px; height: 375px;\" data-original-width=\"375\" data-original-height=\"375\" > <div class=\"tiled-gallery-item \" itemprop=\"associatedMedia\" itemscope itemtype=\"http:\/\/schema.org\/ImageObject\"> <a href=\"https:\/\/www.pfarrei-due-wo.de\/?attachment_id=5287\" border=\"0\" itemprop=\"url\"> <meta itemprop=\"width\" content=\"371\"> <meta itemprop=\"height\" content=\"371\"> <img decoding=\"async\" class=\"\" data-attachment-id=\"5287\" data-orig-file=\"https:\/\/www.pfarrei-due-wo.de\/wp-content\/uploads\/2020\/11\/IMG-20201013-WA0001.jpg\" data-orig-size=\"1200,1600\" data-comments-opened=\"\" data-image-meta=\"{&quot;aperture&quot;:&quot;0&quot;,&quot;credit&quot;:&quot;&quot;,&quot;camera&quot;:&quot;&quot;,&quot;caption&quot;:&quot;&quot;,&quot;created_timestamp&quot;:&quot;0&quot;,&quot;copyright&quot;:&quot;&quot;,&quot;focal_length&quot;:&quot;0&quot;,&quot;iso&quot;:&quot;0&quot;,&quot;shutter_speed&quot;:&quot;0&quot;,&quot;title&quot;:&quot;&quot;,&quot;orientation&quot;:&quot;0&quot;}\" data-image-title=\"Gottesdienst-\u00dcbertragung ins Jugendheim\" data-image-description=\"&lt;p&gt;Foto: Silvia Schleicher&lt;\/p&gt; \" data-medium-file=\"https:\/\/i0.wp.com\/www.pfarrei-due-wo.de\/wp-content\/uploads\/2020\/11\/IMG-20201013-WA0001.jpg?fit=225%2C300&#038;ssl=1\" data-large-file=\"https:\/\/i0.wp.com\/www.pfarrei-due-wo.de\/wp-content\/uploads\/2020\/11\/IMG-20201013-WA0001.jpg?fit=750%2C1000&#038;ssl=1\" src=\"https:\/\/i0.wp.com\/www.pfarrei-due-wo.de\/wp-content\/uploads\/2020\/11\/IMG-20201013-WA0001.jpg?w=371&#038;h=371&#038;crop=1&#038;ssl=1\" srcset=\"https:\/\/i0.wp.com\/www.pfarrei-due-wo.de\/wp-content\/uploads\/2020\/11\/IMG-20201013-WA0001.jpg?resize=150%2C150&amp;ssl=1 150w, https:\/\/i0.wp.com\/www.pfarrei-due-wo.de\/wp-content\/uploads\/2020\/11\/IMG-20201013-WA0001.jpg?zoom=2&amp;resize=371%2C371&amp;ssl=1 742w, https:\/\/i0.wp.com\/www.pfarrei-due-wo.de\/wp-content\/uploads\/2020\/11\/IMG-20201013-WA0001.jpg?zoom=3&amp;resize=371%2C371&amp;ssl=1 1113w\" width=\"371\" height=\"371\" loading=\"lazy\" data-original-width=\"371\" data-original-height=\"371\" itemprop=\"http:\/\/schema.org\/image\" title=\"Gottesdienst-\u00dcbertragung ins Jugendheim\" alt=\"Gottesdienst-\u00dcbertragung ins Jugendheim\" style=\"width: 371px; height: 371px;\" \/> <\/a> <\/div> <\/div> <div class=\"gallery-group\" style=\"width: 375px; height: 375px;\" data-original-width=\"375\" data-original-height=\"375\" > <div class=\"tiled-gallery-item \" itemprop=\"associatedMedia\" itemscope itemtype=\"http:\/\/schema.org\/ImageObject\"> <a href=\"https:\/\/www.pfarrei-due-wo.de\/?attachment_id=5285\" border=\"0\" itemprop=\"url\"> <meta itemprop=\"width\" content=\"371\"> <meta itemprop=\"height\" content=\"371\"> <img decoding=\"async\" class=\"\" data-attachment-id=\"5285\" data-orig-file=\"https:\/\/www.pfarrei-due-wo.de\/wp-content\/uploads\/2020\/11\/IMG-20201108-WA0000.jpg\" data-orig-size=\"1024,768\" data-comments-opened=\"\" data-image-meta=\"{&quot;aperture&quot;:&quot;0&quot;,&quot;credit&quot;:&quot;&quot;,&quot;camera&quot;:&quot;&quot;,&quot;caption&quot;:&quot;&quot;,&quot;created_timestamp&quot;:&quot;0&quot;,&quot;copyright&quot;:&quot;&quot;,&quot;focal_length&quot;:&quot;0&quot;,&quot;iso&quot;:&quot;0&quot;,&quot;shutter_speed&quot;:&quot;0&quot;,&quot;title&quot;:&quot;&quot;,&quot;orientation&quot;:&quot;0&quot;}\" data-image-title=\"Gottesdienst-\u00dcbertragung in die Sporthalle\" data-image-description=\"&lt;p&gt;Foto: G\u00fcnter Schie\u00dfl&lt;\/p&gt; \" data-medium-file=\"https:\/\/i0.wp.com\/www.pfarrei-due-wo.de\/wp-content\/uploads\/2020\/11\/IMG-20201108-WA0000.jpg?fit=300%2C225&#038;ssl=1\" data-large-file=\"https:\/\/i0.wp.com\/www.pfarrei-due-wo.de\/wp-content\/uploads\/2020\/11\/IMG-20201108-WA0000.jpg?fit=750%2C563&#038;ssl=1\" src=\"https:\/\/i0.wp.com\/www.pfarrei-due-wo.de\/wp-content\/uploads\/2020\/11\/IMG-20201108-WA0000.jpg?w=371&#038;h=371&#038;crop=1&#038;ssl=1\" srcset=\"https:\/\/i0.wp.com\/www.pfarrei-due-wo.de\/wp-content\/uploads\/2020\/11\/IMG-20201108-WA0000.jpg?resize=150%2C150&amp;ssl=1 150w, https:\/\/i0.wp.com\/www.pfarrei-due-wo.de\/wp-content\/uploads\/2020\/11\/IMG-20201108-WA0000.jpg?zoom=2&amp;resize=371%2C371&amp;ssl=1 742w\" width=\"371\" height=\"371\" loading=\"lazy\" data-original-width=\"371\" data-original-height=\"371\" itemprop=\"http:\/\/schema.org\/image\" title=\"Gottesdienst-\u00dcbertragung in die Sporthalle\" alt=\"Gottesdienst-\u00dcbertragung in die Sporthalle\" style=\"width: 371px; height: 371px;\" \/> <\/a> <\/div> <\/div> <\/div> <\/div>\n","protected":false},"excerpt":{"rendered":"<p>Nun ist die Technik \u00fcberall eingerichtet: Die Live-\u00dcbertragung unserer Sonntagsgottesdienste in der Pfarrkirche und in der Filialkirche St. Michael funktioniert. Dank des Theatervereins Fensterbach und den Mitglieder der Pfarrkirchenverwaltung ist &hellip; <\/p>\n","protected":false},"author":4,"featured_media":5350,"comment_status":"closed","ping_status":"closed","sticky":false,"template":"","format":"standard","meta":{"jetpack_post_was_ever_published":false,"_jetpack_newsletter_access":"","_jetpack_dont_email_post_to_subs":false,"_jetpack_newsletter_tier_id":0,"_jetpack_memberships_contains_paywalled_content":false,"_jetpack_memberships_contains_paid_content":false,"footnotes":"","jetpack_publicize_message":"","jetpack_publicize_feature_enabled":true,"jetpack_social_post_already_shared":true,"jetpack_social_options":{"image_generator_settings":{"template":"highway","default_image_id":0,"font":"","enabled":false},"version":2}},"categories":[2,6],"tags":[],"class_list":["post-5284","post","type-post","status-publish","format-standard","has-post-thumbnail","hentry","category-gottesdienste","category-pfarrei-erleben"],"jetpack_publicize_connections":[],"jetpack_featured_media_url":"https:\/\/i0.wp.com\/www.pfarrei-due-wo.de\/wp-content\/uploads\/2020\/11\/IMG-20201115-WA0001_bearb.jpg?fit=1024%2C768&ssl=1","jetpack_sharing_enabled":true,"jetpack_shortlink":"https:\/\/wp.me\/p8HCtc-1ne","jetpack-related-posts":[{"id":8483,"url":"https:\/\/www.pfarrei-due-wo.de\/?p=8483","url_meta":{"origin":5284,"position":0},"title":"Familiengottesdienste im Advent","author":"Matthias Heimler","date":"27. November 2022","format":false,"excerpt":"Die Adventszeit ist eine besondere Zeit der Vorbereitung. Das Weihnachtsfest wirft sein Licht voraus und macht auch die Sonntagsgottesdienste zu etwas Besonderem. Lange vor dem Advent hat sich das Familiengottesdienst-Team der Pfarrei getroffen, um die Familiengottesdienste im Advent 2022 zu planen. Mit den Hirtinnen Simone und Paula machen sich die\u2026","rel":"","context":"In &quot;Gottesdienste&quot;","block_context":{"text":"Gottesdienste","link":"https:\/\/www.pfarrei-due-wo.de\/?cat=2"},"img":{"alt_text":"","src":"https:\/\/i0.wp.com\/www.pfarrei-due-wo.de\/wp-content\/uploads\/2022\/12\/2022.12.18-07-scaled.jpg?fit=1200%2C800&ssl=1&resize=350%2C200","width":350,"height":200,"srcset":"https:\/\/i0.wp.com\/www.pfarrei-due-wo.de\/wp-content\/uploads\/2022\/12\/2022.12.18-07-scaled.jpg?fit=1200%2C800&ssl=1&resize=350%2C200 1x, https:\/\/i0.wp.com\/www.pfarrei-due-wo.de\/wp-content\/uploads\/2022\/12\/2022.12.18-07-scaled.jpg?fit=1200%2C800&ssl=1&resize=525%2C300 1.5x, https:\/\/i0.wp.com\/www.pfarrei-due-wo.de\/wp-content\/uploads\/2022\/12\/2022.12.18-07-scaled.jpg?fit=1200%2C800&ssl=1&resize=700%2C400 2x, https:\/\/i0.wp.com\/www.pfarrei-due-wo.de\/wp-content\/uploads\/2022\/12\/2022.12.18-07-scaled.jpg?fit=1200%2C800&ssl=1&resize=1050%2C600 3x"},"classes":[]},{"id":13136,"url":"https:\/\/www.pfarrei-due-wo.de\/?p=13136","url_meta":{"origin":5284,"position":1},"title":"Vortrag \u00fcber die digitale Patientenakte","author":"Anna-Lena Dittrich","date":"30. Oktober 2025","format":false,"excerpt":"Der KAB-Kreisverband hatte die Mitglieder aller Ortsvereine zu einem Vortrag \u00fcber die digitale Patientenakte ins Jugendheim nach Wolfring eingeladen. Der Di\u00f6zesansekret\u00e4r der KAB Herr Markus Nickl konnte 34 Mitglieder der unterschiedlichen Ortsvereine begr\u00fc\u00dfen. Ab Oktober sind alle Leistungserbringer verpflichtet, die elektronische Patientenakte zu nutzen. Herr Nickl informierte die Zuh\u00f6rer, dass\u2026","rel":"","context":"In &quot;Bildungsveranstaltung&quot;","block_context":{"text":"Bildungsveranstaltung","link":"https:\/\/www.pfarrei-due-wo.de\/?cat=7"},"img":{"alt_text":"","src":"https:\/\/i0.wp.com\/www.pfarrei-due-wo.de\/wp-content\/uploads\/2025\/10\/KAB-Vortrag-Patientenakte.jpg?fit=1200%2C900&ssl=1&resize=350%2C200","width":350,"height":200,"srcset":"https:\/\/i0.wp.com\/www.pfarrei-due-wo.de\/wp-content\/uploads\/2025\/10\/KAB-Vortrag-Patientenakte.jpg?fit=1200%2C900&ssl=1&resize=350%2C200 1x, https:\/\/i0.wp.com\/www.pfarrei-due-wo.de\/wp-content\/uploads\/2025\/10\/KAB-Vortrag-Patientenakte.jpg?fit=1200%2C900&ssl=1&resize=525%2C300 1.5x, https:\/\/i0.wp.com\/www.pfarrei-due-wo.de\/wp-content\/uploads\/2025\/10\/KAB-Vortrag-Patientenakte.jpg?fit=1200%2C900&ssl=1&resize=700%2C400 2x, https:\/\/i0.wp.com\/www.pfarrei-due-wo.de\/wp-content\/uploads\/2025\/10\/KAB-Vortrag-Patientenakte.jpg?fit=1200%2C900&ssl=1&resize=1050%2C600 3x"},"classes":[]},{"id":7858,"url":"https:\/\/www.pfarrei-due-wo.de\/?p=7858","url_meta":{"origin":5284,"position":2},"title":"KAB &#8211; Heiterer Sommerabend mit Richard Gabler","author":"Matthias Heimler","date":"1. August 2022","format":false,"excerpt":"Es war spannend: Was wird f\u00fcr die Abendgestaltung mehr Anziehungskraft haben, das EM \u2013 Finale des Frauenfu\u00dfballs oder die Buchvorstellung im Jugendheim in Wolfring? Trotz dieser starken Konkurrenz f\u00fcllte sich der Saal im Jugendheim \u00fcberraschend gut. Frau Johanna Weigert begr\u00fc\u00dfte Herrn Richard Gabler und B\u00fcrgermeister Christian Ziegler mit Sohn Louis\u2026","rel":"","context":"In &quot;Bildungsveranstaltung&quot;","block_context":{"text":"Bildungsveranstaltung","link":"https:\/\/www.pfarrei-due-wo.de\/?cat=7"},"img":{"alt_text":"","src":"https:\/\/i0.wp.com\/www.pfarrei-due-wo.de\/wp-content\/uploads\/2022\/08\/IMG_6302-scaled.jpeg?fit=1200%2C900&ssl=1&resize=350%2C200","width":350,"height":200,"srcset":"https:\/\/i0.wp.com\/www.pfarrei-due-wo.de\/wp-content\/uploads\/2022\/08\/IMG_6302-scaled.jpeg?fit=1200%2C900&ssl=1&resize=350%2C200 1x, https:\/\/i0.wp.com\/www.pfarrei-due-wo.de\/wp-content\/uploads\/2022\/08\/IMG_6302-scaled.jpeg?fit=1200%2C900&ssl=1&resize=525%2C300 1.5x, https:\/\/i0.wp.com\/www.pfarrei-due-wo.de\/wp-content\/uploads\/2022\/08\/IMG_6302-scaled.jpeg?fit=1200%2C900&ssl=1&resize=700%2C400 2x, https:\/\/i0.wp.com\/www.pfarrei-due-wo.de\/wp-content\/uploads\/2022\/08\/IMG_6302-scaled.jpeg?fit=1200%2C900&ssl=1&resize=1050%2C600 3x"},"classes":[]},{"id":6522,"url":"https:\/\/www.pfarrei-due-wo.de\/?p=6522","url_meta":{"origin":5284,"position":3},"title":"Vertrau mir, ich bin da! &#8211; Erstkommunion in der Pfarrei gefeiert","author":"Matthias Heimler","date":"2. August 2021","format":false,"excerpt":"Am ersten Sonntag in den Sommerferien feierten 22 Kinder in der Pfarrei D\u00fcrnsricht-Wolfring-H\u00f6gling ihre erste Heilige Kommunion. Die Begegnung mit Jesus pr\u00e4gt unser Leben und Feiern als Christen und schenkt Vertrauen ins Leben. Der festliche Gottesdienst stand unter dem Leitwort \"Vertrau mir, ich bin da!\". Die musikalische Gestaltung \u00fcbernahm die\u2026","rel":"","context":"In &quot;Erstkommunion&quot;","block_context":{"text":"Erstkommunion","link":"https:\/\/www.pfarrei-due-wo.de\/?cat=10"},"img":{"alt_text":"","src":"https:\/\/i0.wp.com\/www.pfarrei-due-wo.de\/wp-content\/uploads\/2021\/09\/DJ1A7686-scaled.jpg?fit=1200%2C800&ssl=1&resize=350%2C200","width":350,"height":200,"srcset":"https:\/\/i0.wp.com\/www.pfarrei-due-wo.de\/wp-content\/uploads\/2021\/09\/DJ1A7686-scaled.jpg?fit=1200%2C800&ssl=1&resize=350%2C200 1x, https:\/\/i0.wp.com\/www.pfarrei-due-wo.de\/wp-content\/uploads\/2021\/09\/DJ1A7686-scaled.jpg?fit=1200%2C800&ssl=1&resize=525%2C300 1.5x, https:\/\/i0.wp.com\/www.pfarrei-due-wo.de\/wp-content\/uploads\/2021\/09\/DJ1A7686-scaled.jpg?fit=1200%2C800&ssl=1&resize=700%2C400 2x, https:\/\/i0.wp.com\/www.pfarrei-due-wo.de\/wp-content\/uploads\/2021\/09\/DJ1A7686-scaled.jpg?fit=1200%2C800&ssl=1&resize=1050%2C600 3x"},"classes":[]},{"id":5309,"url":"https:\/\/www.pfarrei-due-wo.de\/?p=5309","url_meta":{"origin":5284,"position":4},"title":"Albertus-Magnus-Fest &#8211; Pfarrpatron gefeiert","author":"Matthias Heimler","date":"15. November 2020","format":false,"excerpt":"In diesem Jahr fiel der Gedenktag des Heiligen Albert auf einen Sonntag. Eine gute Gelegenheit, um im Sonntagsgottesdienst die Feier des Namenspatrons der Pfarrkirche und der Pfarrei zu begehen. \u00a0 Albert der Gro\u00dfe, ein bewegender Heiliger Der Einladung folgte eine stattliche Anzahl von Gl\u00e4ubigen, darunter die Erstkommunionkinder. Besonders ihnen erkl\u00e4rte\u2026","rel":"","context":"In &quot;Erstkommunion&quot;","block_context":{"text":"Erstkommunion","link":"https:\/\/www.pfarrei-due-wo.de\/?cat=10"},"img":{"alt_text":"","src":"https:\/\/i0.wp.com\/www.pfarrei-due-wo.de\/wp-content\/uploads\/2020\/11\/20201115_102321-scaled.jpg?fit=1200%2C900&ssl=1&resize=350%2C200","width":350,"height":200,"srcset":"https:\/\/i0.wp.com\/www.pfarrei-due-wo.de\/wp-content\/uploads\/2020\/11\/20201115_102321-scaled.jpg?fit=1200%2C900&ssl=1&resize=350%2C200 1x, https:\/\/i0.wp.com\/www.pfarrei-due-wo.de\/wp-content\/uploads\/2020\/11\/20201115_102321-scaled.jpg?fit=1200%2C900&ssl=1&resize=525%2C300 1.5x, https:\/\/i0.wp.com\/www.pfarrei-due-wo.de\/wp-content\/uploads\/2020\/11\/20201115_102321-scaled.jpg?fit=1200%2C900&ssl=1&resize=700%2C400 2x, https:\/\/i0.wp.com\/www.pfarrei-due-wo.de\/wp-content\/uploads\/2020\/11\/20201115_102321-scaled.jpg?fit=1200%2C900&ssl=1&resize=1050%2C600 3x"},"classes":[]},{"id":9060,"url":"https:\/\/www.pfarrei-due-wo.de\/?p=9060","url_meta":{"origin":5284,"position":5},"title":"Mit der KAB Papierblumen f\u00fcr Pambuschen gebastelt","author":"Matthias Heimler","date":"28. Februar 2023","format":false,"excerpt":"Die ersten Vorbereitungen f\u00fcr die Kar- und Ostertage laufen. Papierblumen schm\u00fccken Palmbuschen. In der ersten Fastenwoche kamen insgesamt 14 Frauen ins Jugendheim zum Papierblumenbasteln. Das hat schon Tradition in der Pfarrei und in der KAB, der Ortsgruppe der Katholischen Arbeitnehmerbewegung. Innerhalb von drei Stunden wurden 400 Papierblumen gebunden, die in\u2026","rel":"","context":"In &quot;Pfarrei erleben&quot;","block_context":{"text":"Pfarrei erleben","link":"https:\/\/www.pfarrei-due-wo.de\/?cat=6"},"img":{"alt_text":"","src":"https:\/\/i0.wp.com\/www.pfarrei-due-wo.de\/wp-content\/uploads\/2023\/03\/20230227_153505-scaled-e1677656063625.jpg?fit=1200%2C812&ssl=1&resize=350%2C200","width":350,"height":200,"srcset":"https:\/\/i0.wp.com\/www.pfarrei-due-wo.de\/wp-content\/uploads\/2023\/03\/20230227_153505-scaled-e1677656063625.jpg?fit=1200%2C812&ssl=1&resize=350%2C200 1x, https:\/\/i0.wp.com\/www.pfarrei-due-wo.de\/wp-content\/uploads\/2023\/03\/20230227_153505-scaled-e1677656063625.jpg?fit=1200%2C812&ssl=1&resize=525%2C300 1.5x, https:\/\/i0.wp.com\/www.pfarrei-due-wo.de\/wp-content\/uploads\/2023\/03\/20230227_153505-scaled-e1677656063625.jpg?fit=1200%2C812&ssl=1&resize=700%2C400 2x, https:\/\/i0.wp.com\/www.pfarrei-due-wo.de\/wp-content\/uploads\/2023\/03\/20230227_153505-scaled-e1677656063625.jpg?fit=1200%2C812&ssl=1&resize=1050%2C600 3x"},"classes":[]}],"publishpress_future_action":{"enabled":false,"date":"2026-05-07 02:24:05","action":"change-status","newStatus":"draft","terms":[],"taxonomy":"category","extraData":[]},"publishpress_future_workflow_manual_trigger":{"enabledWorkflows":[]},"_links":{"self":[{"href":"https:\/\/www.pfarrei-due-wo.de\/index.php?rest_route=\/wp\/v2\/posts\/5284","targetHints":{"allow":["GET"]}}],"collection":[{"href":"https:\/\/www.pfarrei-due-wo.de\/index.php?rest_route=\/wp\/v2\/posts"}],"about":[{"href":"https:\/\/www.pfarrei-due-wo.de\/index.php?rest_route=\/wp\/v2\/types\/post"}],"author":[{"embeddable":true,"href":"https:\/\/www.pfarrei-due-wo.de\/index.php?rest_route=\/wp\/v2\/users\/4"}],"replies":[{"embeddable":true,"href":"https:\/\/www.pfarrei-due-wo.de\/index.php?rest_route=%2Fwp%2Fv2%2Fcomments&post=5284"}],"version-history":[{"count":3,"href":"https:\/\/www.pfarrei-due-wo.de\/index.php?rest_route=\/wp\/v2\/posts\/5284\/revisions"}],"predecessor-version":[{"id":5290,"href":"https:\/\/www.pfarrei-due-wo.de\/index.php?rest_route=\/wp\/v2\/posts\/5284\/revisions\/5290"}],"wp:featuredmedia":[{"embeddable":true,"href":"https:\/\/www.pfarrei-due-wo.de\/index.php?rest_route=\/wp\/v2\/media\/5350"}],"wp:attachment":[{"href":"https:\/\/www.pfarrei-due-wo.de\/index.php?rest_route=%2Fwp%2Fv2%2Fmedia&parent=5284"}],"wp:term":[{"taxonomy":"category","embeddable":true,"href":"https:\/\/www.pfarrei-due-wo.de\/index.php?rest_route=%2Fwp%2Fv2%2Fcategories&post=5284"},{"taxonomy":"post_tag","embeddable":true,"href":"https:\/\/www.pfarrei-due-wo.de\/index.php?rest_route=%2Fwp%2Fv2%2Ftags&post=5284"}],"curies":[{"name":"wp","href":"https:\/\/api.w.org\/{rel}","templated":true}]}}