{"id":5259,"date":"2020-11-05T11:33:10","date_gmt":"2020-11-05T10:33:10","guid":{"rendered":"http:\/\/www.pfarrei-due-wo.de\/?p=5259"},"modified":"2022-01-13T16:06:36","modified_gmt":"2022-01-13T15:06:36","slug":"kuechen-hochmuth-stiftet-neues-messgwand","status":"publish","type":"post","link":"https:\/\/www.pfarrei-due-wo.de\/?p=5259","title":{"rendered":"K\u00fcchen Hochmuth stiftet neues Messgwand"},"content":{"rendered":"<p>Das K\u00fcchenhaus Hochmuth hat der Pfarrkirchenstiftung zu Allerseelen ein neues schwarzes Messgewand gestiftet. Der Inhaber des K\u00fcchenstudios, Simon Hochmuth, war selbst jahrelang Ministrant in der Pfarrkirche St. Albertus Magnus in D\u00fcrnsricht und hat seit dieser Zeit eine besondere Verbindung zu<\/p>\n<p>diesem Gotteshaus. Angesprochen von Kirchenpfleger G\u00fcnter Schie\u00dfl war er sofort bereit, ein neues Messgewand zu spendieren und kam selbst zur \u00dcbergabe.<\/p>\n<p><img data-recalc-dims=\"1\" loading=\"lazy\" decoding=\"async\" data-attachment-id=\"5260\" data-permalink=\"https:\/\/www.pfarrei-due-wo.de\/?attachment_id=5260\" data-orig-file=\"https:\/\/i0.wp.com\/www.pfarrei-due-wo.de\/wp-content\/uploads\/2020\/11\/20201023_160138_bearb-scaled.jpg?fit=1920%2C2560&amp;ssl=1\" data-orig-size=\"1920,2560\" data-comments-opened=\"0\" data-image-meta=\"{&quot;aperture&quot;:&quot;1.7&quot;,&quot;credit&quot;:&quot;&quot;,&quot;camera&quot;:&quot;SM-G935F&quot;,&quot;caption&quot;:&quot;&quot;,&quot;created_timestamp&quot;:&quot;1603468898&quot;,&quot;copyright&quot;:&quot;&quot;,&quot;focal_length&quot;:&quot;4.2&quot;,&quot;iso&quot;:&quot;250&quot;,&quot;shutter_speed&quot;:&quot;0.04&quot;,&quot;title&quot;:&quot;&quot;,&quot;orientation&quot;:&quot;1&quot;}\" data-image-title=\"Messgewandspende\" data-image-description=\"&lt;p&gt;Foto: Michael Hoch&lt;\/p&gt;\n\" data-image-caption=\"\" data-large-file=\"https:\/\/i0.wp.com\/www.pfarrei-due-wo.de\/wp-content\/uploads\/2020\/11\/20201023_160138_bearb-scaled.jpg?fit=750%2C1000&amp;ssl=1\" class=\"wp-image-5260 alignleft\" src=\"https:\/\/i0.wp.com\/www.pfarrei-due-wo.de\/wp-content\/uploads\/2020\/11\/20201023_160138_bearb.jpg?resize=237%2C316&#038;ssl=1\" alt=\"\" width=\"237\" height=\"316\" srcset=\"https:\/\/i0.wp.com\/www.pfarrei-due-wo.de\/wp-content\/uploads\/2020\/11\/20201023_160138_bearb-scaled.jpg?resize=225%2C300&amp;ssl=1 225w, https:\/\/i0.wp.com\/www.pfarrei-due-wo.de\/wp-content\/uploads\/2020\/11\/20201023_160138_bearb-scaled.jpg?resize=768%2C1024&amp;ssl=1 768w, https:\/\/i0.wp.com\/www.pfarrei-due-wo.de\/wp-content\/uploads\/2020\/11\/20201023_160138_bearb-scaled.jpg?resize=1152%2C1536&amp;ssl=1 1152w, https:\/\/i0.wp.com\/www.pfarrei-due-wo.de\/wp-content\/uploads\/2020\/11\/20201023_160138_bearb-scaled.jpg?resize=1536%2C2048&amp;ssl=1 1536w, https:\/\/i0.wp.com\/www.pfarrei-due-wo.de\/wp-content\/uploads\/2020\/11\/20201023_160138_bearb-scaled.jpg?w=1920&amp;ssl=1 1920w\" sizes=\"auto, (max-width: 237px) 100vw, 237px\" \/><\/p>\n<p>Nach der Renovierung der Sakristei der Pfarrkirche im Jahr 2020 werden und wurden nun die Messgew\u00e4nder, wo es notwendig ist, erneuert. F\u00fcr Requiem und Beerdigung stehen jetzt zwei schwarze Messgew\u00e4nder und ein schwarzer Rauchmantel zur Verf\u00fcgung. Simon Hochmuth spendete das Hauptzelebrantengewand im Wert von 1.600 \u20ac. Bei der \u00dcbergabe des neuen Gewandes dankte Pfarrer Hoch und Kirchenpfleger Schie\u00dfl dem Spender sehr herzlich. &#8222;Sein Gewand&#8220; findet hier eine gute Verwendung!<\/p>\n<p>Pfarrer Hoch informierte, dass die Gew\u00e4nder im Kloster Thyrnau gefertigt wurden. Die Stickerei hat eine besondere Bedeutung: Der Heilige Albert hat das &#8222;Wissen seiner Zeit und den christlichen Glauben in Einklang gebracht&#8220;, so hei\u00dft es im Tagesgebet vom Gedenktag des Hl. Albert des Gro\u00dfen. Die drei Quadrate auf dem Messgewand versuchen dieses Bem\u00fchen des gro\u00dfen Heiligen zu symbolisieren.<\/p>\n<p>&nbsp;<\/p>\n<blockquote>\n<h4>HINTERGRUND<br \/>\nAus einer Ansprache Papst Johannes Paul II. in K\u00f6ln<\/h4>\n<p>Werfen wir kurz einen Blick auf die geistesgeschichtliche Lage der Zeit Alberts: Ihr Kennzeichen ist das zunehmende Bekanntwerden des aristotelischen Schrifttums und der arabischen Wissenschaft. Das christliche Abendland hatte bis dahin die Tradition der christlichen Sp\u00e4tantike wiederbelebt und wissenschaftlich weiterentwickelt. Jetzt tritt ihm eine umfassende nichtchristliche Welterkl\u00e4rung entgegen, die sich nur auf profane Rationalit\u00e4t st\u00fctzt. Viele christliche Denker, darunter sehr bedeutende, sahen in diesem Anspruch vor allem eine Gefahr. Sie glaubten, die geschichtliche Identit\u00e4t der christlichen Traditionen dagegen sch\u00fctzen zu m\u00fcssen; denn es gab auch radikale Einzelne und Gruppen, die einen ungel\u00f6sten Widerstreit zwischen dieser wissenschaftlichen Rationalit\u00e4t und der Glaubenswahrheit erblickten und sich zugunsten dieser &#8222;Wissenschaftlichkeit&#8220; entschieden.<\/p>\n<p>Zwischen diesen Extremen geht Albert den mittleren Weg: Der Wahrheitsanspruch rational begr\u00fcndeter Wissenschaft wird anerkannt; ja, sie wird inhaltlich \u00fcbernommen, erg\u00e4nzt, korrigiert und weiterentwickelt in ihrer eigenst\u00e4ndigen Rationalit\u00e4t. Eben dadurch wird sie zum Eigentum der christlichen Welt. Diese findet so ihr Weltverst\u00e4ndnis ungemein bereichert, aber sie mu\u00df kein Wesenselement ihrer Tradition oder gar die Glaubensgrundlage aufgeben. Denn zwischen einer Vernunft, welche durch ihre gottgegebene Natur auf Wahrheit angelegt und zur Erkenntnis der Wahrheit bef\u00e4higt ist, und dem Glauben, der sich der gleichen g\u00f6ttlichen Quelle aller Wahrheit verdankt, kann es keinen grunds\u00e4tzlichen Konflikt geben.<\/p>\n<p>Der Glaube best\u00e4tigt gerade das Eigenrecht der nat\u00fcrlichen Vernunft. Er setzt es voraus; denn seine Annahme setzt jene Freiheit voraus, die nur dem Vernunftwesen eigen ist. Damit zeigt sich zugleich, da\u00df Glaube und Wissenschaft verschiedenen Erkenntnisordnungen zugeh\u00f6ren, die nicht ineinander \u00fcberf\u00fchrbar sind.<\/p>\n<p>Dann aber erweist sich: Die Vernunft kann nicht alles aus sich selbst, sie ist endlich. Sie mu\u00df durch eine Vielzahl einzelner Erkenntnisse fortschreiten, sie ist in einer Mehrheit von einzelnen Wissenschaften verfa\u00dft. Die Einheit von Welt und Wahrheit mit ihrem Ursprung kann sie nur in je besonderen Wissensweisen erfassen: Auch die Philosophie und die Theologie sind als Wissenschaften endliche Bem\u00fchungen, welche die Einheit der Wahrheit nur in der Unterschiedlichkeit, also in einem offenen Ordnungsgef\u00fcge darstellen k\u00f6nnen.<\/p>\n<p style=\"text-align: right;\"><em>Papst Johannes Paul II. am Albertus-Grab, Ansprache an Wissenschaftler und Studenten am 700. Todestag des Hl. Albertus\u00a0 Magnus, dem 15. November 1980 im K\u00f6lner Dom<\/em><\/p>\n<\/blockquote>\n","protected":false},"excerpt":{"rendered":"<p>Das K\u00fcchenhaus Hochmuth hat der Pfarrkirchenstiftung zu Allerseelen ein neues schwarzes Messgewand gestiftet. Der Inhaber des K\u00fcchenstudios, Simon Hochmuth, war selbst jahrelang Ministrant in der Pfarrkirche St. Albertus Magnus in &hellip; <\/p>\n","protected":false},"author":4,"featured_media":5189,"comment_status":"closed","ping_status":"closed","sticky":false,"template":"","format":"standard","meta":{"jetpack_post_was_ever_published":false,"_jetpack_newsletter_access":"","_jetpack_dont_email_post_to_subs":false,"_jetpack_newsletter_tier_id":0,"_jetpack_memberships_contains_paywalled_content":false,"_jetpack_memberships_contains_paid_content":false,"footnotes":"","jetpack_publicize_message":"","jetpack_publicize_feature_enabled":true,"jetpack_social_post_already_shared":true,"jetpack_social_options":{"image_generator_settings":{"template":"highway","default_image_id":0,"font":"","enabled":false},"version":2}},"categories":[6],"tags":[],"class_list":["post-5259","post","type-post","status-publish","format-standard","has-post-thumbnail","hentry","category-pfarrei-erleben"],"jetpack_publicize_connections":[],"jetpack_featured_media_url":"https:\/\/i0.wp.com\/www.pfarrei-due-wo.de\/wp-content\/uploads\/2020\/11\/20201102_191009-scaled.jpg?fit=2560%2C1920&ssl=1","jetpack_sharing_enabled":true,"jetpack_shortlink":"https:\/\/wp.me\/p8HCtc-1mP","jetpack-related-posts":[{"id":13396,"url":"https:\/\/www.pfarrei-due-wo.de\/?p=13396","url_meta":{"origin":5259,"position":0},"title":"In der l\u00e4ngsten Nacht des Jahres ein Licht angez\u00fcndet!","author":"Florian Schiessl","date":"23. Dezember 2025","format":false,"excerpt":"Die Pfarrei St. Albertus-Magnus D\u00fcrnsricht lud am 4. Advent zum Altbayerischen Weihnachtssingen in die Pfarrkirche ein. Alle Kerzen am Adventskranz waren entz\u00fcndet Und im Altarraum nahmen die Geschwister Winterer mit Anton aus Schwarzenfeld, Barbara und Martin aus Schmidgaden und die Wernberger Stubenmusik Platz. Die besinnlichen Texte sprach Anderl Ebnet aus\u2026","rel":"","context":"In &quot;Musik&quot;","block_context":{"text":"Musik","link":"https:\/\/www.pfarrei-due-wo.de\/?cat=11"},"img":{"alt_text":"","src":"https:\/\/i0.wp.com\/www.pfarrei-due-wo.de\/wp-content\/uploads\/2025\/12\/image0-1-scaled.jpeg?fit=1200%2C900&ssl=1&resize=350%2C200","width":350,"height":200,"srcset":"https:\/\/i0.wp.com\/www.pfarrei-due-wo.de\/wp-content\/uploads\/2025\/12\/image0-1-scaled.jpeg?fit=1200%2C900&ssl=1&resize=350%2C200 1x, https:\/\/i0.wp.com\/www.pfarrei-due-wo.de\/wp-content\/uploads\/2025\/12\/image0-1-scaled.jpeg?fit=1200%2C900&ssl=1&resize=525%2C300 1.5x, https:\/\/i0.wp.com\/www.pfarrei-due-wo.de\/wp-content\/uploads\/2025\/12\/image0-1-scaled.jpeg?fit=1200%2C900&ssl=1&resize=700%2C400 2x, https:\/\/i0.wp.com\/www.pfarrei-due-wo.de\/wp-content\/uploads\/2025\/12\/image0-1-scaled.jpeg?fit=1200%2C900&ssl=1&resize=1050%2C600 3x"},"classes":[]},{"id":12273,"url":"https:\/\/www.pfarrei-due-wo.de\/?p=12273","url_meta":{"origin":5259,"position":1},"title":"Hoher Besuch in D\u00fcrnsricht","author":"Florian Schiessl","date":"5. Januar 2025","format":false,"excerpt":"Besuche wie dieser, sind im Pfarrdorf D\u00fcrnsricht eher die Seltenheit. Am Kirchenportal der Pfarrkirche St.Albertus-Magnus empfingen Pfarrer Georg Praun und Kirchenpfleger G\u00fcnter Schie\u00dfl den hohen Gast aus Regensburg \u00a0Bischof Dr. Rudolf Voderholzer. Dieser kam zu einem Krippenbesuch in die Pfarrei. Im Kirchenraum wurde der Bischof von den Gl\u00e4ubigen mit dem\u2026","rel":"","context":"In &quot;Pfarrei erleben&quot;","block_context":{"text":"Pfarrei erleben","link":"https:\/\/www.pfarrei-due-wo.de\/?cat=6"},"img":{"alt_text":"","src":"https:\/\/i0.wp.com\/www.pfarrei-due-wo.de\/wp-content\/uploads\/2025\/01\/20250103_143435-2-1.jpg?fit=1200%2C879&ssl=1&resize=350%2C200","width":350,"height":200,"srcset":"https:\/\/i0.wp.com\/www.pfarrei-due-wo.de\/wp-content\/uploads\/2025\/01\/20250103_143435-2-1.jpg?fit=1200%2C879&ssl=1&resize=350%2C200 1x, https:\/\/i0.wp.com\/www.pfarrei-due-wo.de\/wp-content\/uploads\/2025\/01\/20250103_143435-2-1.jpg?fit=1200%2C879&ssl=1&resize=525%2C300 1.5x, https:\/\/i0.wp.com\/www.pfarrei-due-wo.de\/wp-content\/uploads\/2025\/01\/20250103_143435-2-1.jpg?fit=1200%2C879&ssl=1&resize=700%2C400 2x, https:\/\/i0.wp.com\/www.pfarrei-due-wo.de\/wp-content\/uploads\/2025\/01\/20250103_143435-2-1.jpg?fit=1200%2C879&ssl=1&resize=1050%2C600 3x"},"classes":[]},{"id":13105,"url":"https:\/\/www.pfarrei-due-wo.de\/?p=13105","url_meta":{"origin":5259,"position":2},"title":"Amtseinf\u00fchrung von Pfarrer Celestine Thazhuppil","author":"Florian Schiessl","date":"22. Oktober 2025","format":false,"excerpt":"Der neue Pfarrer der Pfarrei St. Albertus-Magnus ist feierlich in sein Amt eingef\u00fchrt worden. Alle Vereine der Pfarrei mit ihren Fahnenabordnungen trafen sich zum Kirchenzug am Feuerwehrhaus. Angef\u00fchrt von der JBK zog man zur Pfarrkirche St. Albertus-Magnus. Mit im Kirchenzug gingen neben Pfarrer Celestine noch weiter 18 Geistliche und 65\u2026","rel":"","context":"In &quot;Gottesdienste&quot;","block_context":{"text":"Gottesdienste","link":"https:\/\/www.pfarrei-due-wo.de\/?cat=2"},"img":{"alt_text":"","src":"https:\/\/i0.wp.com\/www.pfarrei-due-wo.de\/wp-content\/uploads\/2025\/10\/PHOTO-2025-10-18-13-53-00.jpg?fit=1200%2C900&ssl=1&resize=350%2C200","width":350,"height":200,"srcset":"https:\/\/i0.wp.com\/www.pfarrei-due-wo.de\/wp-content\/uploads\/2025\/10\/PHOTO-2025-10-18-13-53-00.jpg?fit=1200%2C900&ssl=1&resize=350%2C200 1x, https:\/\/i0.wp.com\/www.pfarrei-due-wo.de\/wp-content\/uploads\/2025\/10\/PHOTO-2025-10-18-13-53-00.jpg?fit=1200%2C900&ssl=1&resize=525%2C300 1.5x, https:\/\/i0.wp.com\/www.pfarrei-due-wo.de\/wp-content\/uploads\/2025\/10\/PHOTO-2025-10-18-13-53-00.jpg?fit=1200%2C900&ssl=1&resize=700%2C400 2x, https:\/\/i0.wp.com\/www.pfarrei-due-wo.de\/wp-content\/uploads\/2025\/10\/PHOTO-2025-10-18-13-53-00.jpg?fit=1200%2C900&ssl=1&resize=1050%2C600 3x"},"classes":[]},{"id":13217,"url":"https:\/\/www.pfarrei-due-wo.de\/?p=13217","url_meta":{"origin":5259,"position":3},"title":"Neue Visitenkarte f\u00fcr die Pfarrei St. Albertus-Magnus","author":"Florian Schiessl","date":"9. November 2025","format":false,"excerpt":"Auf Initiative des damaligen Pfarrers Georg Praun, der im Rahmen der Pastoralen Reform 2034 Pfarrkirche, Pfarrhaus und Albertus-Magnus-Saal als eine Einheit sah wurde die Idee geboren am Eingangsbereich des Pfarrhauses einen Text anzubringen mit der Aufschrift Pfarrzentrum D\u00fcrnsricht St. Albertus Magnus In den Sitzungen der Pfarrkirchenverwaltung wurden die M\u00f6glichkeiten ausgelotet\u2026","rel":"","context":"In &quot;Pfarrei erleben&quot;","block_context":{"text":"Pfarrei erleben","link":"https:\/\/www.pfarrei-due-wo.de\/?cat=6"},"img":{"alt_text":"","src":"https:\/\/i0.wp.com\/www.pfarrei-due-wo.de\/wp-content\/uploads\/2025\/11\/image0-scaled.jpeg?fit=1200%2C900&ssl=1&resize=350%2C200","width":350,"height":200,"srcset":"https:\/\/i0.wp.com\/www.pfarrei-due-wo.de\/wp-content\/uploads\/2025\/11\/image0-scaled.jpeg?fit=1200%2C900&ssl=1&resize=350%2C200 1x, https:\/\/i0.wp.com\/www.pfarrei-due-wo.de\/wp-content\/uploads\/2025\/11\/image0-scaled.jpeg?fit=1200%2C900&ssl=1&resize=525%2C300 1.5x, https:\/\/i0.wp.com\/www.pfarrei-due-wo.de\/wp-content\/uploads\/2025\/11\/image0-scaled.jpeg?fit=1200%2C900&ssl=1&resize=700%2C400 2x, https:\/\/i0.wp.com\/www.pfarrei-due-wo.de\/wp-content\/uploads\/2025\/11\/image0-scaled.jpeg?fit=1200%2C900&ssl=1&resize=1050%2C600 3x"},"classes":[]},{"id":7241,"url":"https:\/\/www.pfarrei-due-wo.de\/?p=7241","url_meta":{"origin":5259,"position":4},"title":"Fastentuch von Markus Pleyer f\u00fcr die Pfarrkirche","author":"Matthias Heimler","date":"6. M\u00e4rz 2022","format":false,"excerpt":"F\u00fcr die Fastenzeit beauftragte Pfarrer Michael Hoch und die Pfarrkirchenverwaltung den Fensterbacher Maler Markus Pleyer, ein Christusbild f\u00fcr die Pfarrkirche zu gestalten. Dazu sollte eine 12 mal 5 Meter gro\u00dfe Baumwollleinwand bemalt werden. Markus Pleyer stellte sich nach anf\u00e4nglichem Z\u00f6gern dieser \u201eHerkulesaufgabe\u201c: \u201eAls ich \u00fcberlegte, wie ein Christusbild in dieser\u2026","rel":"","context":"In &quot;Pfarrei erleben&quot;","block_context":{"text":"Pfarrei erleben","link":"https:\/\/www.pfarrei-due-wo.de\/?cat=6"},"img":{"alt_text":"","src":"https:\/\/i0.wp.com\/www.pfarrei-due-wo.de\/wp-content\/uploads\/2022\/03\/2022-Fastentuch-Foto-fuer-Zeitung.jpg?fit=768%2C1024&ssl=1&resize=350%2C200","width":350,"height":200,"srcset":"https:\/\/i0.wp.com\/www.pfarrei-due-wo.de\/wp-content\/uploads\/2022\/03\/2022-Fastentuch-Foto-fuer-Zeitung.jpg?fit=768%2C1024&ssl=1&resize=350%2C200 1x, https:\/\/i0.wp.com\/www.pfarrei-due-wo.de\/wp-content\/uploads\/2022\/03\/2022-Fastentuch-Foto-fuer-Zeitung.jpg?fit=768%2C1024&ssl=1&resize=525%2C300 1.5x, https:\/\/i0.wp.com\/www.pfarrei-due-wo.de\/wp-content\/uploads\/2022\/03\/2022-Fastentuch-Foto-fuer-Zeitung.jpg?fit=768%2C1024&ssl=1&resize=700%2C400 2x"},"classes":[]},{"id":5309,"url":"https:\/\/www.pfarrei-due-wo.de\/?p=5309","url_meta":{"origin":5259,"position":5},"title":"Albertus-Magnus-Fest &#8211; Pfarrpatron gefeiert","author":"Matthias Heimler","date":"15. November 2020","format":false,"excerpt":"In diesem Jahr fiel der Gedenktag des Heiligen Albert auf einen Sonntag. Eine gute Gelegenheit, um im Sonntagsgottesdienst die Feier des Namenspatrons der Pfarrkirche und der Pfarrei zu begehen. \u00a0 Albert der Gro\u00dfe, ein bewegender Heiliger Der Einladung folgte eine stattliche Anzahl von Gl\u00e4ubigen, darunter die Erstkommunionkinder. Besonders ihnen erkl\u00e4rte\u2026","rel":"","context":"In &quot;Erstkommunion&quot;","block_context":{"text":"Erstkommunion","link":"https:\/\/www.pfarrei-due-wo.de\/?cat=10"},"img":{"alt_text":"","src":"https:\/\/i0.wp.com\/www.pfarrei-due-wo.de\/wp-content\/uploads\/2020\/11\/20201115_102321-scaled.jpg?fit=1200%2C900&ssl=1&resize=350%2C200","width":350,"height":200,"srcset":"https:\/\/i0.wp.com\/www.pfarrei-due-wo.de\/wp-content\/uploads\/2020\/11\/20201115_102321-scaled.jpg?fit=1200%2C900&ssl=1&resize=350%2C200 1x, https:\/\/i0.wp.com\/www.pfarrei-due-wo.de\/wp-content\/uploads\/2020\/11\/20201115_102321-scaled.jpg?fit=1200%2C900&ssl=1&resize=525%2C300 1.5x, https:\/\/i0.wp.com\/www.pfarrei-due-wo.de\/wp-content\/uploads\/2020\/11\/20201115_102321-scaled.jpg?fit=1200%2C900&ssl=1&resize=700%2C400 2x, https:\/\/i0.wp.com\/www.pfarrei-due-wo.de\/wp-content\/uploads\/2020\/11\/20201115_102321-scaled.jpg?fit=1200%2C900&ssl=1&resize=1050%2C600 3x"},"classes":[]}],"publishpress_future_action":{"enabled":false,"date":"2026-05-03 21:14:25","action":"change-status","newStatus":"draft","terms":[],"taxonomy":"category","extraData":[]},"publishpress_future_workflow_manual_trigger":{"enabledWorkflows":[]},"_links":{"self":[{"href":"https:\/\/www.pfarrei-due-wo.de\/index.php?rest_route=\/wp\/v2\/posts\/5259","targetHints":{"allow":["GET"]}}],"collection":[{"href":"https:\/\/www.pfarrei-due-wo.de\/index.php?rest_route=\/wp\/v2\/posts"}],"about":[{"href":"https:\/\/www.pfarrei-due-wo.de\/index.php?rest_route=\/wp\/v2\/types\/post"}],"author":[{"embeddable":true,"href":"https:\/\/www.pfarrei-due-wo.de\/index.php?rest_route=\/wp\/v2\/users\/4"}],"replies":[{"embeddable":true,"href":"https:\/\/www.pfarrei-due-wo.de\/index.php?rest_route=%2Fwp%2Fv2%2Fcomments&post=5259"}],"version-history":[{"count":4,"href":"https:\/\/www.pfarrei-due-wo.de\/index.php?rest_route=\/wp\/v2\/posts\/5259\/revisions"}],"predecessor-version":[{"id":5264,"href":"https:\/\/www.pfarrei-due-wo.de\/index.php?rest_route=\/wp\/v2\/posts\/5259\/revisions\/5264"}],"wp:featuredmedia":[{"embeddable":true,"href":"https:\/\/www.pfarrei-due-wo.de\/index.php?rest_route=\/wp\/v2\/media\/5189"}],"wp:attachment":[{"href":"https:\/\/www.pfarrei-due-wo.de\/index.php?rest_route=%2Fwp%2Fv2%2Fmedia&parent=5259"}],"wp:term":[{"taxonomy":"category","embeddable":true,"href":"https:\/\/www.pfarrei-due-wo.de\/index.php?rest_route=%2Fwp%2Fv2%2Fcategories&post=5259"},{"taxonomy":"post_tag","embeddable":true,"href":"https:\/\/www.pfarrei-due-wo.de\/index.php?rest_route=%2Fwp%2Fv2%2Ftags&post=5259"}],"curies":[{"name":"wp","href":"https:\/\/api.w.org\/{rel}","templated":true}]}}