{"id":5062,"date":"2020-10-06T18:30:06","date_gmt":"2020-10-06T16:30:06","guid":{"rendered":"http:\/\/www.pfarrei-due-wo.de\/?p=5062"},"modified":"2022-01-13T16:06:37","modified_gmt":"2022-01-13T15:06:37","slug":"erzaehl-uns-mehr-von-gott-erstkommunion-gefeiert","status":"publish","type":"post","link":"https:\/\/www.pfarrei-due-wo.de\/?p=5062","title":{"rendered":"Erz\u00e4hl&#8216; uns mehr von Gott &#8211; Erstkommunion gefeiert"},"content":{"rendered":"<p>Reichlich sp\u00e4t im Kirchenjahr &#8211; den Corona-Beschr\u00e4nkungen geschuldet &#8211; konnte nun im September in der Pfarrei D\u00fcrnsricht-Wolfring mit Expositur H\u00f6gling Erstkommunion gefeiert werden. 28 Erstkommunionkinder, die mittlerweile die vierte Grundschulklasse besuchen, kamen mit ihren Eltern und Familien zusammen und erlebten einen sch\u00f6n gestalteten Gottesdienst, bei dem sie zum ersten Mal vom &#8222;Brot des Lebens&#8220;, dem Leib Christi essen durften.<\/p>\n<p>Durch die Vorbereitungszeit konnten die Kinder die Bedeutung der eucharistischen Gaben von Brot und Wein als Leib und Blut Christi erkennen und verstehen. Dieses Brot ist der Leib des Herrn, dem sie bei der Kommunion aufs Engste verbunden sind.<\/p>\n<p>In der Bibelstelle der &#8222;Pilgerfahrt der Familie Jesu nach Jerusalem&#8220; begegneten die Kinder dem 12-j\u00e4hrigen Jesus, der die \u00c4ltesten im Tempel mit seinem Wissen und seiner Verst\u00e4ndigkeit \u00fcber den Glauben an Gott zum Staunen brachte. &#8222;Erz\u00e4hl uns mehr, mehr, mehr&#8220; &#8211; so sangen die Kinder beim Gottesdienst mit gro\u00dfer Begeisterung, unterst\u00fctzt von der Band Charisma und der Organistin Martina Neubauer, und dr\u00fcckten damit ihren Wunsch aus, mehr von Jesus zu h\u00f6ren und zu lernen.<\/p>\n<p>Nachdem die Erstkommunion in zwei Gottesdiensten um 9.00 Uhr und um 11.00 Uhr gefeiert wurde, konnten sich alle Kommunionkinder mit ihren Eltern am Abend des Erstkommuniontages zur Dankandacht in der Pfarrkirche versammeln.<\/p>\n<p>Ein gemeinsamer Ausflug durfte nat\u00fcrlich nicht fehlen &#8211; selbstverst\u00e4ndlich unter Einhaltung der derzeig g\u00fcltigen Hygiene Regeln. Gemeinsame Eucharistiefeier, Schiffahrt durch den Donaudurchbruch, Besichtigung der Asamkirche in Weltenburg und der Besuch der Greifvogelschau in Riedenburg standen auf dem Programm.<\/p>\n<div class=\"tiled-gallery type-rectangular tiled-gallery-unresized\" data-original-width=\"750\" data-carousel-extra='{&quot;blog_id&quot;:1,&quot;permalink&quot;:&quot;https:\\\/\\\/www.pfarrei-due-wo.de\\\/?p=5062&quot;,&quot;likes_blog_id&quot;:128606674}' itemscope itemtype=\"http:\/\/schema.org\/ImageGallery\" > <div class=\"gallery-row\" style=\"width: 750px; height: 346px;\" data-original-width=\"750\" data-original-height=\"346\" > <div class=\"gallery-group images-1\" style=\"width: 518px; height: 346px;\" data-original-width=\"518\" data-original-height=\"346\" > <div class=\"tiled-gallery-item tiled-gallery-item-large\" itemprop=\"associatedMedia\" itemscope itemtype=\"http:\/\/schema.org\/ImageObject\"> <a href=\"https:\/\/www.pfarrei-due-wo.de\/?attachment_id=5066\" border=\"0\" itemprop=\"url\"> <meta itemprop=\"width\" content=\"514\"> <meta itemprop=\"height\" content=\"342\"> <img decoding=\"async\" class=\"\" data-attachment-id=\"5066\" data-orig-file=\"https:\/\/www.pfarrei-due-wo.de\/wp-content\/uploads\/2020\/10\/2020-Erstkom.-06_bearb-scaled.jpg\" data-orig-size=\"2560,1707\" data-comments-opened=\"\" data-image-meta=\"{&quot;aperture&quot;:&quot;5.6&quot;,&quot;credit&quot;:&quot;&quot;,&quot;camera&quot;:&quot;Canon EOS 700D&quot;,&quot;caption&quot;:&quot;&quot;,&quot;created_timestamp&quot;:&quot;1600591981&quot;,&quot;copyright&quot;:&quot;&quot;,&quot;focal_length&quot;:&quot;24&quot;,&quot;iso&quot;:&quot;250&quot;,&quot;shutter_speed&quot;:&quot;0.033333333333333&quot;,&quot;title&quot;:&quot;&quot;,&quot;orientation&quot;:&quot;1&quot;}\" data-image-title=\"Erstkommuniongottesdienst 2020\" data-image-description=\"&lt;p&gt;Foto: Hans Heimler&lt;\/p&gt; \" data-medium-file=\"https:\/\/i0.wp.com\/www.pfarrei-due-wo.de\/wp-content\/uploads\/2020\/10\/2020-Erstkom.-06_bearb-scaled.jpg?fit=300%2C200&#038;ssl=1\" data-large-file=\"https:\/\/i0.wp.com\/www.pfarrei-due-wo.de\/wp-content\/uploads\/2020\/10\/2020-Erstkom.-06_bearb-scaled.jpg?fit=750%2C500&#038;ssl=1\" src=\"https:\/\/i0.wp.com\/www.pfarrei-due-wo.de\/wp-content\/uploads\/2020\/10\/2020-Erstkom.-06_bearb-scaled.jpg?w=514&#038;h=342&#038;ssl=1\" srcset=\"https:\/\/i0.wp.com\/www.pfarrei-due-wo.de\/wp-content\/uploads\/2020\/10\/2020-Erstkom.-06_bearb-scaled.jpg?w=2560&amp;ssl=1 2560w, https:\/\/i0.wp.com\/www.pfarrei-due-wo.de\/wp-content\/uploads\/2020\/10\/2020-Erstkom.-06_bearb-scaled.jpg?resize=300%2C200&amp;ssl=1 300w, https:\/\/i0.wp.com\/www.pfarrei-due-wo.de\/wp-content\/uploads\/2020\/10\/2020-Erstkom.-06_bearb-scaled.jpg?resize=1024%2C683&amp;ssl=1 1024w, https:\/\/i0.wp.com\/www.pfarrei-due-wo.de\/wp-content\/uploads\/2020\/10\/2020-Erstkom.-06_bearb-scaled.jpg?resize=768%2C512&amp;ssl=1 768w, https:\/\/i0.wp.com\/www.pfarrei-due-wo.de\/wp-content\/uploads\/2020\/10\/2020-Erstkom.-06_bearb-scaled.jpg?resize=1536%2C1024&amp;ssl=1 1536w, https:\/\/i0.wp.com\/www.pfarrei-due-wo.de\/wp-content\/uploads\/2020\/10\/2020-Erstkom.-06_bearb-scaled.jpg?resize=2048%2C1365&amp;ssl=1 2048w, https:\/\/i0.wp.com\/www.pfarrei-due-wo.de\/wp-content\/uploads\/2020\/10\/2020-Erstkom.-06_bearb-scaled.jpg?w=2250&amp;ssl=1 2250w\" width=\"514\" height=\"342\" loading=\"lazy\" data-original-width=\"514\" data-original-height=\"342\" itemprop=\"http:\/\/schema.org\/image\" title=\"Erstkommuniongottesdienst 2020\" alt=\"Erstkommuniongottesdienst 2020\" style=\"width: 514px; height: 342px;\" \/> <\/a> <\/div> <\/div> <!-- close group --> <div class=\"gallery-group images-1\" style=\"width: 232px; height: 346px;\" data-original-width=\"232\" data-original-height=\"346\" > <div class=\"tiled-gallery-item tiled-gallery-item-small\" itemprop=\"associatedMedia\" itemscope itemtype=\"http:\/\/schema.org\/ImageObject\"> <a href=\"https:\/\/www.pfarrei-due-wo.de\/?attachment_id=5067\" border=\"0\" itemprop=\"url\"> <meta itemprop=\"width\" content=\"228\"> <meta itemprop=\"height\" content=\"342\"> <img decoding=\"async\" class=\"\" data-attachment-id=\"5067\" data-orig-file=\"https:\/\/www.pfarrei-due-wo.de\/wp-content\/uploads\/2020\/10\/2020-Erstkom.-07-a_bearb.jpg\" data-orig-size=\"1463,2194\" data-comments-opened=\"\" data-image-meta=\"{&quot;aperture&quot;:&quot;4&quot;,&quot;credit&quot;:&quot;&quot;,&quot;camera&quot;:&quot;Canon EOS 700D&quot;,&quot;caption&quot;:&quot;&quot;,&quot;created_timestamp&quot;:&quot;1600593682&quot;,&quot;copyright&quot;:&quot;&quot;,&quot;focal_length&quot;:&quot;25&quot;,&quot;iso&quot;:&quot;320&quot;,&quot;shutter_speed&quot;:&quot;0.033333333333333&quot;,&quot;title&quot;:&quot;&quot;,&quot;orientation&quot;:&quot;1&quot;}\" data-image-title=\"Erstkommunion 2020\" data-image-description=\"&lt;p&gt;Foto: Hans Heimler&lt;\/p&gt; \" data-medium-file=\"https:\/\/i0.wp.com\/www.pfarrei-due-wo.de\/wp-content\/uploads\/2020\/10\/2020-Erstkom.-07-a_bearb.jpg?fit=200%2C300&#038;ssl=1\" data-large-file=\"https:\/\/i0.wp.com\/www.pfarrei-due-wo.de\/wp-content\/uploads\/2020\/10\/2020-Erstkom.-07-a_bearb.jpg?fit=683%2C1024&#038;ssl=1\" src=\"https:\/\/i0.wp.com\/www.pfarrei-due-wo.de\/wp-content\/uploads\/2020\/10\/2020-Erstkom.-07-a_bearb.jpg?w=228&#038;h=342&#038;ssl=1\" srcset=\"https:\/\/i0.wp.com\/www.pfarrei-due-wo.de\/wp-content\/uploads\/2020\/10\/2020-Erstkom.-07-a_bearb.jpg?w=1463&amp;ssl=1 1463w, https:\/\/i0.wp.com\/www.pfarrei-due-wo.de\/wp-content\/uploads\/2020\/10\/2020-Erstkom.-07-a_bearb.jpg?resize=200%2C300&amp;ssl=1 200w, https:\/\/i0.wp.com\/www.pfarrei-due-wo.de\/wp-content\/uploads\/2020\/10\/2020-Erstkom.-07-a_bearb.jpg?resize=683%2C1024&amp;ssl=1 683w, https:\/\/i0.wp.com\/www.pfarrei-due-wo.de\/wp-content\/uploads\/2020\/10\/2020-Erstkom.-07-a_bearb.jpg?resize=768%2C1152&amp;ssl=1 768w, https:\/\/i0.wp.com\/www.pfarrei-due-wo.de\/wp-content\/uploads\/2020\/10\/2020-Erstkom.-07-a_bearb.jpg?resize=1024%2C1536&amp;ssl=1 1024w, https:\/\/i0.wp.com\/www.pfarrei-due-wo.de\/wp-content\/uploads\/2020\/10\/2020-Erstkom.-07-a_bearb.jpg?resize=1366%2C2048&amp;ssl=1 1366w\" width=\"228\" height=\"342\" loading=\"lazy\" data-original-width=\"228\" data-original-height=\"342\" itemprop=\"http:\/\/schema.org\/image\" title=\"Erstkommunion 2020\" alt=\"Erstkommunion 2020\" style=\"width: 228px; height: 342px;\" \/> <\/a> <\/div> <\/div> <!-- close group --> <\/div> <!-- close row --> <div class=\"gallery-row\" style=\"width: 750px; height: 501px;\" data-original-width=\"750\" data-original-height=\"501\" > <div class=\"gallery-group images-2\" style=\"width: 373px; height: 501px;\" data-original-width=\"373\" data-original-height=\"501\" > <div class=\"tiled-gallery-item tiled-gallery-item-large\" itemprop=\"associatedMedia\" itemscope itemtype=\"http:\/\/schema.org\/ImageObject\"> <a href=\"https:\/\/www.pfarrei-due-wo.de\/?attachment_id=5068\" border=\"0\" itemprop=\"url\"> <meta itemprop=\"width\" content=\"369\"> <meta itemprop=\"height\" content=\"247\"> <img decoding=\"async\" class=\"\" data-attachment-id=\"5068\" data-orig-file=\"https:\/\/www.pfarrei-due-wo.de\/wp-content\/uploads\/2020\/10\/2020-Erstkom.-08-b_bearb.jpg\" data-orig-size=\"2194,1463\" data-comments-opened=\"\" data-image-meta=\"{&quot;aperture&quot;:&quot;4.5&quot;,&quot;credit&quot;:&quot;&quot;,&quot;camera&quot;:&quot;Canon EOS 700D&quot;,&quot;caption&quot;:&quot;&quot;,&quot;created_timestamp&quot;:&quot;1600593704&quot;,&quot;copyright&quot;:&quot;&quot;,&quot;focal_length&quot;:&quot;30&quot;,&quot;iso&quot;:&quot;500&quot;,&quot;shutter_speed&quot;:&quot;0.025&quot;,&quot;title&quot;:&quot;&quot;,&quot;orientation&quot;:&quot;1&quot;}\" data-image-title=\"Erstkommunion 2020\" data-image-description=\"&lt;p&gt;Foto: Hans Heimler&lt;\/p&gt; \" data-medium-file=\"https:\/\/i0.wp.com\/www.pfarrei-due-wo.de\/wp-content\/uploads\/2020\/10\/2020-Erstkom.-08-b_bearb.jpg?fit=300%2C200&#038;ssl=1\" data-large-file=\"https:\/\/i0.wp.com\/www.pfarrei-due-wo.de\/wp-content\/uploads\/2020\/10\/2020-Erstkom.-08-b_bearb.jpg?fit=750%2C500&#038;ssl=1\" src=\"https:\/\/i0.wp.com\/www.pfarrei-due-wo.de\/wp-content\/uploads\/2020\/10\/2020-Erstkom.-08-b_bearb.jpg?w=369&#038;h=247&#038;ssl=1\" srcset=\"https:\/\/i0.wp.com\/www.pfarrei-due-wo.de\/wp-content\/uploads\/2020\/10\/2020-Erstkom.-08-b_bearb.jpg?w=2194&amp;ssl=1 2194w, https:\/\/i0.wp.com\/www.pfarrei-due-wo.de\/wp-content\/uploads\/2020\/10\/2020-Erstkom.-08-b_bearb.jpg?resize=300%2C200&amp;ssl=1 300w, https:\/\/i0.wp.com\/www.pfarrei-due-wo.de\/wp-content\/uploads\/2020\/10\/2020-Erstkom.-08-b_bearb.jpg?resize=1024%2C683&amp;ssl=1 1024w, https:\/\/i0.wp.com\/www.pfarrei-due-wo.de\/wp-content\/uploads\/2020\/10\/2020-Erstkom.-08-b_bearb.jpg?resize=768%2C512&amp;ssl=1 768w, https:\/\/i0.wp.com\/www.pfarrei-due-wo.de\/wp-content\/uploads\/2020\/10\/2020-Erstkom.-08-b_bearb.jpg?resize=1536%2C1024&amp;ssl=1 1536w, https:\/\/i0.wp.com\/www.pfarrei-due-wo.de\/wp-content\/uploads\/2020\/10\/2020-Erstkom.-08-b_bearb.jpg?resize=2048%2C1366&amp;ssl=1 2048w\" width=\"369\" height=\"247\" loading=\"lazy\" data-original-width=\"369\" data-original-height=\"247\" itemprop=\"http:\/\/schema.org\/image\" title=\"Erstkommunion 2020\" alt=\"Erstkommunion 2020\" style=\"width: 369px; height: 247px;\" \/> <\/a> <\/div> <div class=\"tiled-gallery-item tiled-gallery-item-large\" itemprop=\"associatedMedia\" itemscope itemtype=\"http:\/\/schema.org\/ImageObject\"> <a href=\"https:\/\/www.pfarrei-due-wo.de\/?attachment_id=5065\" border=\"0\" itemprop=\"url\"> <meta itemprop=\"width\" content=\"369\"> <meta itemprop=\"height\" content=\"246\"> <img decoding=\"async\" class=\"\" data-attachment-id=\"5065\" data-orig-file=\"https:\/\/www.pfarrei-due-wo.de\/wp-content\/uploads\/2020\/10\/2020-Erstkom.-03_bearb-scaled.jpg\" data-orig-size=\"2560,1707\" data-comments-opened=\"\" data-image-meta=\"{&quot;aperture&quot;:&quot;4.5&quot;,&quot;credit&quot;:&quot;&quot;,&quot;camera&quot;:&quot;Canon EOS 700D&quot;,&quot;caption&quot;:&quot;&quot;,&quot;created_timestamp&quot;:&quot;1600588884&quot;,&quot;copyright&quot;:&quot;&quot;,&quot;focal_length&quot;:&quot;31&quot;,&quot;iso&quot;:&quot;250&quot;,&quot;shutter_speed&quot;:&quot;0.025&quot;,&quot;title&quot;:&quot;&quot;,&quot;orientation&quot;:&quot;1&quot;}\" data-image-title=\"Erstkommunion 2020\" data-image-description=\"&lt;p&gt;Foto: Hans Heimler&lt;\/p&gt; \" data-medium-file=\"https:\/\/i0.wp.com\/www.pfarrei-due-wo.de\/wp-content\/uploads\/2020\/10\/2020-Erstkom.-03_bearb-scaled.jpg?fit=300%2C200&#038;ssl=1\" data-large-file=\"https:\/\/i0.wp.com\/www.pfarrei-due-wo.de\/wp-content\/uploads\/2020\/10\/2020-Erstkom.-03_bearb-scaled.jpg?fit=750%2C500&#038;ssl=1\" src=\"https:\/\/i0.wp.com\/www.pfarrei-due-wo.de\/wp-content\/uploads\/2020\/10\/2020-Erstkom.-03_bearb-scaled.jpg?w=369&#038;h=246&#038;ssl=1\" srcset=\"https:\/\/i0.wp.com\/www.pfarrei-due-wo.de\/wp-content\/uploads\/2020\/10\/2020-Erstkom.-03_bearb-scaled.jpg?w=2560&amp;ssl=1 2560w, https:\/\/i0.wp.com\/www.pfarrei-due-wo.de\/wp-content\/uploads\/2020\/10\/2020-Erstkom.-03_bearb-scaled.jpg?resize=300%2C200&amp;ssl=1 300w, https:\/\/i0.wp.com\/www.pfarrei-due-wo.de\/wp-content\/uploads\/2020\/10\/2020-Erstkom.-03_bearb-scaled.jpg?resize=1024%2C683&amp;ssl=1 1024w, https:\/\/i0.wp.com\/www.pfarrei-due-wo.de\/wp-content\/uploads\/2020\/10\/2020-Erstkom.-03_bearb-scaled.jpg?resize=768%2C512&amp;ssl=1 768w, https:\/\/i0.wp.com\/www.pfarrei-due-wo.de\/wp-content\/uploads\/2020\/10\/2020-Erstkom.-03_bearb-scaled.jpg?resize=1536%2C1024&amp;ssl=1 1536w, https:\/\/i0.wp.com\/www.pfarrei-due-wo.de\/wp-content\/uploads\/2020\/10\/2020-Erstkom.-03_bearb-scaled.jpg?resize=2048%2C1365&amp;ssl=1 2048w, https:\/\/i0.wp.com\/www.pfarrei-due-wo.de\/wp-content\/uploads\/2020\/10\/2020-Erstkom.-03_bearb-scaled.jpg?w=2250&amp;ssl=1 2250w\" width=\"369\" height=\"246\" loading=\"lazy\" data-original-width=\"369\" data-original-height=\"246\" itemprop=\"http:\/\/schema.org\/image\" title=\"Erstkommunion 2020\" alt=\"Erstkommunion 2020\" style=\"width: 369px; height: 246px;\" \/> <\/a> <\/div> <\/div> <!-- close group --> <div class=\"gallery-group images-1\" style=\"width: 377px; height: 501px;\" data-original-width=\"377\" data-original-height=\"501\" > <div class=\"tiled-gallery-item tiled-gallery-item-large\" itemprop=\"associatedMedia\" itemscope itemtype=\"http:\/\/schema.org\/ImageObject\"> <a href=\"https:\/\/www.pfarrei-due-wo.de\/?attachment_id=5069\" border=\"0\" itemprop=\"url\"> <meta itemprop=\"width\" content=\"373\"> <meta itemprop=\"height\" content=\"497\"> <img decoding=\"async\" class=\"\" data-attachment-id=\"5069\" data-orig-file=\"https:\/\/www.pfarrei-due-wo.de\/wp-content\/uploads\/2020\/10\/Foto-23.09.20-09-10-20_bearb-scaled.jpg\" data-orig-size=\"1920,2560\" data-comments-opened=\"\" data-image-meta=\"{&quot;aperture&quot;:&quot;1.8&quot;,&quot;credit&quot;:&quot;&quot;,&quot;camera&quot;:&quot;iPhone 8&quot;,&quot;caption&quot;:&quot;&quot;,&quot;created_timestamp&quot;:&quot;1600852221&quot;,&quot;copyright&quot;:&quot;&quot;,&quot;focal_length&quot;:&quot;3.99&quot;,&quot;iso&quot;:&quot;80&quot;,&quot;shutter_speed&quot;:&quot;0.2&quot;,&quot;title&quot;:&quot;&quot;,&quot;orientation&quot;:&quot;1&quot;}\" data-image-title=\"Erstkommunionausflug 2020\" data-image-description=\"&lt;p&gt;Foto: Kathrin Schwarz&lt;\/p&gt; \" data-medium-file=\"https:\/\/i0.wp.com\/www.pfarrei-due-wo.de\/wp-content\/uploads\/2020\/10\/Foto-23.09.20-09-10-20_bearb-scaled.jpg?fit=225%2C300&#038;ssl=1\" data-large-file=\"https:\/\/i0.wp.com\/www.pfarrei-due-wo.de\/wp-content\/uploads\/2020\/10\/Foto-23.09.20-09-10-20_bearb-scaled.jpg?fit=750%2C1000&#038;ssl=1\" src=\"https:\/\/i0.wp.com\/www.pfarrei-due-wo.de\/wp-content\/uploads\/2020\/10\/Foto-23.09.20-09-10-20_bearb-scaled.jpg?w=373&#038;h=497&#038;ssl=1\" srcset=\"https:\/\/i0.wp.com\/www.pfarrei-due-wo.de\/wp-content\/uploads\/2020\/10\/Foto-23.09.20-09-10-20_bearb-scaled.jpg?w=1920&amp;ssl=1 1920w, https:\/\/i0.wp.com\/www.pfarrei-due-wo.de\/wp-content\/uploads\/2020\/10\/Foto-23.09.20-09-10-20_bearb-scaled.jpg?resize=225%2C300&amp;ssl=1 225w, https:\/\/i0.wp.com\/www.pfarrei-due-wo.de\/wp-content\/uploads\/2020\/10\/Foto-23.09.20-09-10-20_bearb-scaled.jpg?resize=768%2C1024&amp;ssl=1 768w, https:\/\/i0.wp.com\/www.pfarrei-due-wo.de\/wp-content\/uploads\/2020\/10\/Foto-23.09.20-09-10-20_bearb-scaled.jpg?resize=1152%2C1536&amp;ssl=1 1152w, https:\/\/i0.wp.com\/www.pfarrei-due-wo.de\/wp-content\/uploads\/2020\/10\/Foto-23.09.20-09-10-20_bearb-scaled.jpg?resize=1536%2C2048&amp;ssl=1 1536w\" width=\"373\" height=\"497\" loading=\"lazy\" data-original-width=\"373\" data-original-height=\"497\" itemprop=\"http:\/\/schema.org\/image\" title=\"Erstkommunionausflug 2020\" alt=\"Erstkommunionausflug 2020\" style=\"width: 373px; height: 497px;\" \/> <\/a> <\/div> <\/div> <!-- close group --> <\/div> <!-- close row --> <div class=\"gallery-row\" style=\"width: 750px; height: 360px;\" data-original-width=\"750\" data-original-height=\"360\" > <div class=\"gallery-group images-1\" style=\"width: 479px; height: 360px;\" data-original-width=\"479\" data-original-height=\"360\" > <div class=\"tiled-gallery-item tiled-gallery-item-large\" itemprop=\"associatedMedia\" itemscope itemtype=\"http:\/\/schema.org\/ImageObject\"> <a href=\"https:\/\/www.pfarrei-due-wo.de\/?attachment_id=5071\" border=\"0\" itemprop=\"url\"> <meta itemprop=\"width\" content=\"475\"> <meta itemprop=\"height\" content=\"356\"> <img decoding=\"async\" class=\"\" data-attachment-id=\"5071\" data-orig-file=\"https:\/\/www.pfarrei-due-wo.de\/wp-content\/uploads\/2020\/10\/Foto-23.09.20-12-00-27_bearb-scaled.jpg\" data-orig-size=\"2560,1920\" data-comments-opened=\"\" data-image-meta=\"{&quot;aperture&quot;:&quot;1.8&quot;,&quot;credit&quot;:&quot;&quot;,&quot;camera&quot;:&quot;iPhone 8&quot;,&quot;caption&quot;:&quot;&quot;,&quot;created_timestamp&quot;:&quot;1600862428&quot;,&quot;copyright&quot;:&quot;&quot;,&quot;focal_length&quot;:&quot;3.99&quot;,&quot;iso&quot;:&quot;40&quot;,&quot;shutter_speed&quot;:&quot;0.0083333333333333&quot;,&quot;title&quot;:&quot;&quot;,&quot;orientation&quot;:&quot;1&quot;}\" data-image-title=\"Erstkommunionausflug 2020\" data-image-description=\"&lt;p&gt;Foto: Kathrin Schwarz&lt;\/p&gt; \" data-medium-file=\"https:\/\/i0.wp.com\/www.pfarrei-due-wo.de\/wp-content\/uploads\/2020\/10\/Foto-23.09.20-12-00-27_bearb-scaled.jpg?fit=300%2C225&#038;ssl=1\" data-large-file=\"https:\/\/i0.wp.com\/www.pfarrei-due-wo.de\/wp-content\/uploads\/2020\/10\/Foto-23.09.20-12-00-27_bearb-scaled.jpg?fit=750%2C563&#038;ssl=1\" src=\"https:\/\/i0.wp.com\/www.pfarrei-due-wo.de\/wp-content\/uploads\/2020\/10\/Foto-23.09.20-12-00-27_bearb-scaled.jpg?w=475&#038;h=356&#038;ssl=1\" srcset=\"https:\/\/i0.wp.com\/www.pfarrei-due-wo.de\/wp-content\/uploads\/2020\/10\/Foto-23.09.20-12-00-27_bearb-scaled.jpg?w=2560&amp;ssl=1 2560w, https:\/\/i0.wp.com\/www.pfarrei-due-wo.de\/wp-content\/uploads\/2020\/10\/Foto-23.09.20-12-00-27_bearb-scaled.jpg?resize=300%2C225&amp;ssl=1 300w, https:\/\/i0.wp.com\/www.pfarrei-due-wo.de\/wp-content\/uploads\/2020\/10\/Foto-23.09.20-12-00-27_bearb-scaled.jpg?resize=1024%2C768&amp;ssl=1 1024w, https:\/\/i0.wp.com\/www.pfarrei-due-wo.de\/wp-content\/uploads\/2020\/10\/Foto-23.09.20-12-00-27_bearb-scaled.jpg?resize=768%2C576&amp;ssl=1 768w, https:\/\/i0.wp.com\/www.pfarrei-due-wo.de\/wp-content\/uploads\/2020\/10\/Foto-23.09.20-12-00-27_bearb-scaled.jpg?resize=1536%2C1152&amp;ssl=1 1536w, https:\/\/i0.wp.com\/www.pfarrei-due-wo.de\/wp-content\/uploads\/2020\/10\/Foto-23.09.20-12-00-27_bearb-scaled.jpg?resize=2048%2C1536&amp;ssl=1 2048w, https:\/\/i0.wp.com\/www.pfarrei-due-wo.de\/wp-content\/uploads\/2020\/10\/Foto-23.09.20-12-00-27_bearb-scaled.jpg?w=2250&amp;ssl=1 2250w\" width=\"475\" height=\"356\" loading=\"lazy\" data-original-width=\"475\" data-original-height=\"356\" itemprop=\"http:\/\/schema.org\/image\" title=\"Erstkommunionausflug 2020\" alt=\"Erstkommunionausflug 2020\" style=\"width: 475px; height: 356px;\" \/> <\/a> <\/div> <\/div> <!-- close group --> <div class=\"gallery-group images-1\" style=\"width: 271px; height: 360px;\" data-original-width=\"271\" data-original-height=\"360\" > <div class=\"tiled-gallery-item tiled-gallery-item-large\" itemprop=\"associatedMedia\" itemscope itemtype=\"http:\/\/schema.org\/ImageObject\"> <a href=\"https:\/\/www.pfarrei-due-wo.de\/?attachment_id=5070\" border=\"0\" itemprop=\"url\"> <meta itemprop=\"width\" content=\"267\"> <meta itemprop=\"height\" content=\"356\"> <img decoding=\"async\" class=\"\" data-attachment-id=\"5070\" data-orig-file=\"https:\/\/www.pfarrei-due-wo.de\/wp-content\/uploads\/2020\/10\/Foto-23.09.20-15-17-32_bearb-scaled.jpg\" data-orig-size=\"1920,2560\" data-comments-opened=\"\" data-image-meta=\"{&quot;aperture&quot;:&quot;1.8&quot;,&quot;credit&quot;:&quot;&quot;,&quot;camera&quot;:&quot;iPhone 8&quot;,&quot;caption&quot;:&quot;&quot;,&quot;created_timestamp&quot;:&quot;1600874252&quot;,&quot;copyright&quot;:&quot;&quot;,&quot;focal_length&quot;:&quot;3.99&quot;,&quot;iso&quot;:&quot;20&quot;,&quot;shutter_speed&quot;:&quot;0.0013966480446927&quot;,&quot;title&quot;:&quot;&quot;,&quot;orientation&quot;:&quot;1&quot;}\" data-image-title=\"Erstkommunionausflug 2020\" data-image-description=\"&lt;p&gt;Foto: Kathrin Schwarz&lt;\/p&gt; \" data-medium-file=\"https:\/\/i0.wp.com\/www.pfarrei-due-wo.de\/wp-content\/uploads\/2020\/10\/Foto-23.09.20-15-17-32_bearb-scaled.jpg?fit=225%2C300&#038;ssl=1\" data-large-file=\"https:\/\/i0.wp.com\/www.pfarrei-due-wo.de\/wp-content\/uploads\/2020\/10\/Foto-23.09.20-15-17-32_bearb-scaled.jpg?fit=750%2C1000&#038;ssl=1\" src=\"https:\/\/i0.wp.com\/www.pfarrei-due-wo.de\/wp-content\/uploads\/2020\/10\/Foto-23.09.20-15-17-32_bearb-scaled.jpg?w=267&#038;h=356&#038;ssl=1\" srcset=\"https:\/\/i0.wp.com\/www.pfarrei-due-wo.de\/wp-content\/uploads\/2020\/10\/Foto-23.09.20-15-17-32_bearb-scaled.jpg?w=1920&amp;ssl=1 1920w, https:\/\/i0.wp.com\/www.pfarrei-due-wo.de\/wp-content\/uploads\/2020\/10\/Foto-23.09.20-15-17-32_bearb-scaled.jpg?resize=225%2C300&amp;ssl=1 225w, https:\/\/i0.wp.com\/www.pfarrei-due-wo.de\/wp-content\/uploads\/2020\/10\/Foto-23.09.20-15-17-32_bearb-scaled.jpg?resize=768%2C1024&amp;ssl=1 768w, https:\/\/i0.wp.com\/www.pfarrei-due-wo.de\/wp-content\/uploads\/2020\/10\/Foto-23.09.20-15-17-32_bearb-scaled.jpg?resize=1152%2C1536&amp;ssl=1 1152w, https:\/\/i0.wp.com\/www.pfarrei-due-wo.de\/wp-content\/uploads\/2020\/10\/Foto-23.09.20-15-17-32_bearb-scaled.jpg?resize=1536%2C2048&amp;ssl=1 1536w\" width=\"267\" height=\"356\" loading=\"lazy\" data-original-width=\"267\" data-original-height=\"356\" itemprop=\"http:\/\/schema.org\/image\" title=\"Erstkommunionausflug 2020\" alt=\"Erstkommunionausflug 2020\" style=\"width: 267px; height: 356px;\" \/> <\/a> <\/div> <\/div> <!-- close group --> <\/div> <!-- close row --> <\/div>\n","protected":false},"excerpt":{"rendered":"<p>Reichlich sp\u00e4t im Kirchenjahr &#8211; den Corona-Beschr\u00e4nkungen geschuldet &#8211; konnte nun im September in der Pfarrei D\u00fcrnsricht-Wolfring mit Expositur H\u00f6gling Erstkommunion gefeiert werden. 28 Erstkommunionkinder, die mittlerweile die vierte Grundschulklasse &hellip; <\/p>\n","protected":false},"author":4,"featured_media":5073,"comment_status":"closed","ping_status":"closed","sticky":false,"template":"","format":"standard","meta":{"jetpack_post_was_ever_published":false,"_jetpack_newsletter_access":"","_jetpack_dont_email_post_to_subs":false,"_jetpack_newsletter_tier_id":0,"_jetpack_memberships_contains_paywalled_content":false,"_jetpack_memberships_contains_paid_content":false,"footnotes":"","jetpack_publicize_message":"","jetpack_publicize_feature_enabled":true,"jetpack_social_post_already_shared":true,"jetpack_social_options":{"image_generator_settings":{"template":"highway","default_image_id":0,"font":"","enabled":false},"version":2}},"categories":[10,2,12,6],"tags":[],"class_list":["post-5062","post","type-post","status-publish","format-standard","has-post-thumbnail","hentry","category-erstkommunion","category-gottesdienste","category-kinder","category-pfarrei-erleben"],"jetpack_publicize_connections":[],"jetpack_featured_media_url":"https:\/\/i0.wp.com\/www.pfarrei-due-wo.de\/wp-content\/uploads\/2020\/10\/2020-Erstkom.-05_bearb-scaled.jpg?fit=2560%2C1707&ssl=1","jetpack_sharing_enabled":true,"jetpack_shortlink":"https:\/\/wp.me\/p8HCtc-1jE","jetpack-related-posts":[{"id":9515,"url":"https:\/\/www.pfarrei-due-wo.de\/?p=9515","url_meta":{"origin":5062,"position":0},"title":"Offene Augen, weites Herz &#8211; 14 Kinder feiern Erstkommunion","author":"Matthias Heimler","date":"23. April 2023","format":false,"excerpt":"Trotz des regnerischen Wetters hatten die Erstkommunionkinder gro\u00dfe Freude: Der Tag der Erstkommunion, auf den sie sich lange vorbereiteten, war endlich gekommen. In Weggottesdiensten, Tischgruppenstunden und Gottesdiensten konnten sich die Kinder der dritten Jahrgangsstufe im Lauf eines halben Jahres n\u00e4her mit der Person Jesus besch\u00e4ftigen, ihn noch n\u00e4her kennenlernen und\u2026","rel":"","context":"In &quot;Erstkommunion&quot;","block_context":{"text":"Erstkommunion","link":"https:\/\/www.pfarrei-due-wo.de\/?cat=10"},"img":{"alt_text":"","src":"https:\/\/i0.wp.com\/www.pfarrei-due-wo.de\/wp-content\/uploads\/2023\/04\/DJ1A9905-scaled.jpg?fit=1200%2C800&ssl=1&resize=350%2C200","width":350,"height":200,"srcset":"https:\/\/i0.wp.com\/www.pfarrei-due-wo.de\/wp-content\/uploads\/2023\/04\/DJ1A9905-scaled.jpg?fit=1200%2C800&ssl=1&resize=350%2C200 1x, https:\/\/i0.wp.com\/www.pfarrei-due-wo.de\/wp-content\/uploads\/2023\/04\/DJ1A9905-scaled.jpg?fit=1200%2C800&ssl=1&resize=525%2C300 1.5x, https:\/\/i0.wp.com\/www.pfarrei-due-wo.de\/wp-content\/uploads\/2023\/04\/DJ1A9905-scaled.jpg?fit=1200%2C800&ssl=1&resize=700%2C400 2x, https:\/\/i0.wp.com\/www.pfarrei-due-wo.de\/wp-content\/uploads\/2023\/04\/DJ1A9905-scaled.jpg?fit=1200%2C800&ssl=1&resize=1050%2C600 3x"},"classes":[]},{"id":7522,"url":"https:\/\/www.pfarrei-due-wo.de\/?p=7522","url_meta":{"origin":5062,"position":1},"title":"Bei mir bist du gro\u00df &#8211; Erstkommunion von 22 Kindern gefeiert","author":"Matthias Heimler","date":"8. Mai 2022","format":false,"excerpt":"Bei strahlendem Sonnenschein zogen die 22 Erstkommunionkinder der Pfarrei in die gut besuchte Pfarrkirche St. Albertus Magnus ein, um dort zu ersten Mal den Leib Christi zu empfangen. Nach einer intensiven Zeit der Vorbereitung durch Weggottesdienste, Tischgruppenstunden der Eltern und Unterricht in der Schule, freuten sich die M\u00e4dchen und Buben\u2026","rel":"","context":"In &quot;Erstkommunion&quot;","block_context":{"text":"Erstkommunion","link":"https:\/\/www.pfarrei-due-wo.de\/?cat=10"},"img":{"alt_text":"","src":"https:\/\/i0.wp.com\/www.pfarrei-due-wo.de\/wp-content\/uploads\/2022\/05\/0007496-scaled.jpg?fit=1200%2C800&ssl=1&resize=350%2C200","width":350,"height":200,"srcset":"https:\/\/i0.wp.com\/www.pfarrei-due-wo.de\/wp-content\/uploads\/2022\/05\/0007496-scaled.jpg?fit=1200%2C800&ssl=1&resize=350%2C200 1x, https:\/\/i0.wp.com\/www.pfarrei-due-wo.de\/wp-content\/uploads\/2022\/05\/0007496-scaled.jpg?fit=1200%2C800&ssl=1&resize=525%2C300 1.5x, https:\/\/i0.wp.com\/www.pfarrei-due-wo.de\/wp-content\/uploads\/2022\/05\/0007496-scaled.jpg?fit=1200%2C800&ssl=1&resize=700%2C400 2x, https:\/\/i0.wp.com\/www.pfarrei-due-wo.de\/wp-content\/uploads\/2022\/05\/0007496-scaled.jpg?fit=1200%2C800&ssl=1&resize=1050%2C600 3x"},"classes":[]},{"id":7083,"url":"https:\/\/www.pfarrei-due-wo.de\/?p=7083","url_meta":{"origin":5062,"position":2},"title":"22 Erstkommunionkinder stellen sich vor","author":"Matthias Heimler","date":"23. Januar 2022","format":false,"excerpt":"Die Erstkommunionvorbereitung wurde in den letzten beiden Jahren immer wieder von Corona-Beschr\u00e4nkungen unterbrochen. Umso sch\u00f6ner, dass der Vorstellungsgottesdienst der 22 Erstkommunionkinder der Pfarrei in diesem Jahr wie geplant stattfinden konnte. \"Bei mir bist du gro\u00df\", lautet das Motto der Vorbereitungszeit auf die Sakramente Erstbeichte und Erstkommunion. Gro\u00df sein, das bezieht\u2026","rel":"","context":"In &quot;Erstkommunion&quot;","block_context":{"text":"Erstkommunion","link":"https:\/\/www.pfarrei-due-wo.de\/?cat=10"},"img":{"alt_text":"","src":"https:\/\/i0.wp.com\/www.pfarrei-due-wo.de\/wp-content\/uploads\/2022\/02\/20220123_105521_bearb-scaled.jpg?fit=1200%2C900&ssl=1&resize=350%2C200","width":350,"height":200,"srcset":"https:\/\/i0.wp.com\/www.pfarrei-due-wo.de\/wp-content\/uploads\/2022\/02\/20220123_105521_bearb-scaled.jpg?fit=1200%2C900&ssl=1&resize=350%2C200 1x, https:\/\/i0.wp.com\/www.pfarrei-due-wo.de\/wp-content\/uploads\/2022\/02\/20220123_105521_bearb-scaled.jpg?fit=1200%2C900&ssl=1&resize=525%2C300 1.5x, https:\/\/i0.wp.com\/www.pfarrei-due-wo.de\/wp-content\/uploads\/2022\/02\/20220123_105521_bearb-scaled.jpg?fit=1200%2C900&ssl=1&resize=700%2C400 2x, https:\/\/i0.wp.com\/www.pfarrei-due-wo.de\/wp-content\/uploads\/2022\/02\/20220123_105521_bearb-scaled.jpg?fit=1200%2C900&ssl=1&resize=1050%2C600 3x"},"classes":[]},{"id":4780,"url":"https:\/\/www.pfarrei-due-wo.de\/?p=4780","url_meta":{"origin":5062,"position":3},"title":"Fronleichnam &#8211; Fest des heiligsten Leibes und Blutes Christi","author":"Florian Schiessl","date":"12. Juni 2020","format":false,"excerpt":"Das Fronleichnamsfest wird in der Pfarrei D\u00fcrnsricht-Wolfring-H\u00f6gling unter normalen Umst\u00e4nden mit einem gemeinsamen Gottesdienst und einer feierlichen Prozession begangen. In diesem besonderen Jahr fand die Feier, die ansonsten mit viel Blumenschmuck, Bl\u00e4sermusik, Chorliedern und zahlreichen Fahnenabordnungen begangen wird, in einem schlichteren Rahmen statt. An allen Orten der Pfarrei waren die\u2026","rel":"","context":"In &quot;Gottesdienste&quot;","block_context":{"text":"Gottesdienste","link":"https:\/\/www.pfarrei-due-wo.de\/?cat=2"},"img":{"alt_text":"","src":"https:\/\/i0.wp.com\/www.pfarrei-due-wo.de\/wp-content\/uploads\/2020\/06\/james-coleman-_HzRfyw7BuA-unsplash-scaled.jpg?fit=1200%2C800&ssl=1&resize=350%2C200","width":350,"height":200,"srcset":"https:\/\/i0.wp.com\/www.pfarrei-due-wo.de\/wp-content\/uploads\/2020\/06\/james-coleman-_HzRfyw7BuA-unsplash-scaled.jpg?fit=1200%2C800&ssl=1&resize=350%2C200 1x, https:\/\/i0.wp.com\/www.pfarrei-due-wo.de\/wp-content\/uploads\/2020\/06\/james-coleman-_HzRfyw7BuA-unsplash-scaled.jpg?fit=1200%2C800&ssl=1&resize=525%2C300 1.5x, https:\/\/i0.wp.com\/www.pfarrei-due-wo.de\/wp-content\/uploads\/2020\/06\/james-coleman-_HzRfyw7BuA-unsplash-scaled.jpg?fit=1200%2C800&ssl=1&resize=700%2C400 2x, https:\/\/i0.wp.com\/www.pfarrei-due-wo.de\/wp-content\/uploads\/2020\/06\/james-coleman-_HzRfyw7BuA-unsplash-scaled.jpg?fit=1200%2C800&ssl=1&resize=1050%2C600 3x"},"classes":[]},{"id":4992,"url":"https:\/\/www.pfarrei-due-wo.de\/?p=4992","url_meta":{"origin":5062,"position":4},"title":"Erstkommunionkreuze gesegnet und \u00fcberreicht","author":"Matthias Heimler","date":"19. September 2020","format":false,"excerpt":"Eine Woche vor der Feier der Erstkommunion brachten die Kinder ihre selbstgestalteten Holzkreuze mit in die Kirche, um sie segnen zu lassen. In Zusammenarbeit mit dem Holzbildhauer Christian Hiller, erstellten die Erstkommunionkinder ihre Kreuze selbst. Richtige Kunstwerke wurden aus den rohen Baumscheiben, die nun als feingeschliffenes Kreuz die Kinder daran\u2026","rel":"","context":"In &quot;Erstkommunion&quot;","block_context":{"text":"Erstkommunion","link":"https:\/\/www.pfarrei-due-wo.de\/?cat=10"},"img":{"alt_text":"","src":"https:\/\/i0.wp.com\/www.pfarrei-due-wo.de\/wp-content\/uploads\/2020\/09\/Foto-13.09.20-09-56-26_bearb.jpg?fit=1200%2C900&ssl=1&resize=350%2C200","width":350,"height":200,"srcset":"https:\/\/i0.wp.com\/www.pfarrei-due-wo.de\/wp-content\/uploads\/2020\/09\/Foto-13.09.20-09-56-26_bearb.jpg?fit=1200%2C900&ssl=1&resize=350%2C200 1x, https:\/\/i0.wp.com\/www.pfarrei-due-wo.de\/wp-content\/uploads\/2020\/09\/Foto-13.09.20-09-56-26_bearb.jpg?fit=1200%2C900&ssl=1&resize=525%2C300 1.5x, https:\/\/i0.wp.com\/www.pfarrei-due-wo.de\/wp-content\/uploads\/2020\/09\/Foto-13.09.20-09-56-26_bearb.jpg?fit=1200%2C900&ssl=1&resize=700%2C400 2x, https:\/\/i0.wp.com\/www.pfarrei-due-wo.de\/wp-content\/uploads\/2020\/09\/Foto-13.09.20-09-56-26_bearb.jpg?fit=1200%2C900&ssl=1&resize=1050%2C600 3x"},"classes":[]},{"id":11694,"url":"https:\/\/www.pfarrei-due-wo.de\/?p=11694","url_meta":{"origin":5062,"position":5},"title":"Ich bin das Licht der Welt &#8211; Erstkommunion 2024","author":"Florian Schiessl","date":"12. Mai 2024","format":false,"excerpt":"Das Motto der Erstkommunion stand unter dem Leitwort Jesu: Ich bin das Licht der Welt. So war die Kirche geschm\u00fcckt mit einem Leuchtturm, wobei Boote, versehen mit den Namen der Kinder ganz dicht dran, in den Wellen des Meeres schwammen. Zwanzig Kinder durften das erste Mal an den Tisch des\u2026","rel":"","context":"In &quot;Erstkommunion&quot;","block_context":{"text":"Erstkommunion","link":"https:\/\/www.pfarrei-due-wo.de\/?cat=10"},"img":{"alt_text":"","src":"https:\/\/i0.wp.com\/www.pfarrei-due-wo.de\/wp-content\/uploads\/2024\/05\/IMG-20240507-WA0042.jpg?fit=1200%2C900&ssl=1&resize=350%2C200","width":350,"height":200,"srcset":"https:\/\/i0.wp.com\/www.pfarrei-due-wo.de\/wp-content\/uploads\/2024\/05\/IMG-20240507-WA0042.jpg?fit=1200%2C900&ssl=1&resize=350%2C200 1x, https:\/\/i0.wp.com\/www.pfarrei-due-wo.de\/wp-content\/uploads\/2024\/05\/IMG-20240507-WA0042.jpg?fit=1200%2C900&ssl=1&resize=525%2C300 1.5x, https:\/\/i0.wp.com\/www.pfarrei-due-wo.de\/wp-content\/uploads\/2024\/05\/IMG-20240507-WA0042.jpg?fit=1200%2C900&ssl=1&resize=700%2C400 2x, https:\/\/i0.wp.com\/www.pfarrei-due-wo.de\/wp-content\/uploads\/2024\/05\/IMG-20240507-WA0042.jpg?fit=1200%2C900&ssl=1&resize=1050%2C600 3x"},"classes":[]}],"publishpress_future_action":{"enabled":false,"date":"2026-05-08 14:26:46","action":"change-status","newStatus":"draft","terms":[],"taxonomy":"category","extraData":[]},"publishpress_future_workflow_manual_trigger":{"enabledWorkflows":[]},"_links":{"self":[{"href":"https:\/\/www.pfarrei-due-wo.de\/index.php?rest_route=\/wp\/v2\/posts\/5062","targetHints":{"allow":["GET"]}}],"collection":[{"href":"https:\/\/www.pfarrei-due-wo.de\/index.php?rest_route=\/wp\/v2\/posts"}],"about":[{"href":"https:\/\/www.pfarrei-due-wo.de\/index.php?rest_route=\/wp\/v2\/types\/post"}],"author":[{"embeddable":true,"href":"https:\/\/www.pfarrei-due-wo.de\/index.php?rest_route=\/wp\/v2\/users\/4"}],"replies":[{"embeddable":true,"href":"https:\/\/www.pfarrei-due-wo.de\/index.php?rest_route=%2Fwp%2Fv2%2Fcomments&post=5062"}],"version-history":[{"count":4,"href":"https:\/\/www.pfarrei-due-wo.de\/index.php?rest_route=\/wp\/v2\/posts\/5062\/revisions"}],"predecessor-version":[{"id":5075,"href":"https:\/\/www.pfarrei-due-wo.de\/index.php?rest_route=\/wp\/v2\/posts\/5062\/revisions\/5075"}],"wp:featuredmedia":[{"embeddable":true,"href":"https:\/\/www.pfarrei-due-wo.de\/index.php?rest_route=\/wp\/v2\/media\/5073"}],"wp:attachment":[{"href":"https:\/\/www.pfarrei-due-wo.de\/index.php?rest_route=%2Fwp%2Fv2%2Fmedia&parent=5062"}],"wp:term":[{"taxonomy":"category","embeddable":true,"href":"https:\/\/www.pfarrei-due-wo.de\/index.php?rest_route=%2Fwp%2Fv2%2Fcategories&post=5062"},{"taxonomy":"post_tag","embeddable":true,"href":"https:\/\/www.pfarrei-due-wo.de\/index.php?rest_route=%2Fwp%2Fv2%2Ftags&post=5062"}],"curies":[{"name":"wp","href":"https:\/\/api.w.org\/{rel}","templated":true}]}}