{"id":5056,"date":"2020-10-06T18:06:52","date_gmt":"2020-10-06T16:06:52","guid":{"rendered":"http:\/\/www.pfarrei-due-wo.de\/?p=5056"},"modified":"2022-01-13T16:06:37","modified_gmt":"2022-01-13T15:06:37","slug":"erntedank-in-diesem-jahr-erst-recht","status":"publish","type":"post","link":"https:\/\/www.pfarrei-due-wo.de\/?p=5056","title":{"rendered":"Erntedank &#8211; in diesem Jahr erst recht!"},"content":{"rendered":"<p>Der diesj\u00e4hrige Erntedankgottesdienst der Pfarrei D\u00fcrnsricht-Wolfring fand auf dem Kirchplatz unter freiem Himmel statt. Gerade in einem Pandemiejahr wie in diesem, stellte Pfarrer Michael Hoch eingangs fest, biete es sich an, noch einmal bewusst &#8222;Danke!&#8220; zu sagen.<\/p>\n<p>Im Mittelpunkt des Erntedankgottesdienstes, der von Mitgliedern des Katholischen Landvolks vorbereitet wurde, stand die Erntekrone, die in den Wochen zuvor eigenh\u00e4ndig gebunden und geschm\u00fcckt wurde. Wie viel Symbolik in so einer Erntekrone steckt, wurde von den Kindern des Familiengottesdienstteams n\u00e4her erkl\u00e4rt: Die vier Streben der Erntekrone stehen f\u00fcr Sorge, Hoffnung, Dank und Glaube &#8211; der Kranz verk\u00f6rpert die Ewigkeit ohne Anfang und Ende.<\/p>\n<p>Musikalisch gestaltet wurde der Gottesdienst vom Kirchenchor der Pfarrei D\u00fcrnsricht-Wolfring unter der Leitung von Martina Neubauer. Der Obst- und Gartenbauverein D\u00fcrnsricht gestaltete traditionell den Erntedankaltar in der Pfarrkirche St. Albertus Magnus.<\/p>\n<p>Als Mitgebsel am Ende des Gottesdienstes hatten Mitglieder des Katholischen Landvolks kleine \u00c4hrenstr\u00e4u\u00dfe vorbereitet. Wer wollte, konnte sich gebundene \u00c4hren mit nach Hause nehmen.<\/p>\n<p>Auch in der Expositur H\u00f6gling fand der Erntedankgottesdienst unter freiem Himmel statt.<\/p>\n<p style=\"text-align: right;\">Sandra Schatz<\/p>\n<div class=\"tiled-gallery type-rectangular tiled-gallery-unresized\" data-original-width=\"750\" data-carousel-extra='{&quot;blog_id&quot;:1,&quot;permalink&quot;:&quot;https:\\\/\\\/www.pfarrei-due-wo.de\\\/?p=5056&quot;,&quot;likes_blog_id&quot;:128606674}' itemscope itemtype=\"http:\/\/schema.org\/ImageGallery\" > <div class=\"gallery-row\" style=\"width: 750px; height: 588px;\" data-original-width=\"750\" data-original-height=\"588\" > <div class=\"gallery-group images-1\" style=\"width: 474px; height: 588px;\" data-original-width=\"474\" data-original-height=\"588\" > <div class=\"tiled-gallery-item tiled-gallery-item-large\" itemprop=\"associatedMedia\" itemscope itemtype=\"http:\/\/schema.org\/ImageObject\"> <a href=\"https:\/\/www.pfarrei-due-wo.de\/?attachment_id=5060\" border=\"0\" itemprop=\"url\"> <meta itemprop=\"width\" content=\"470\"> <meta itemprop=\"height\" content=\"584\"> <img decoding=\"async\" class=\"\" data-attachment-id=\"5060\" data-orig-file=\"https:\/\/www.pfarrei-due-wo.de\/wp-content\/uploads\/2020\/10\/Erntekrone-2020-scaled.jpg\" data-orig-size=\"2059,2560\" data-comments-opened=\"\" data-image-meta=\"{&quot;aperture&quot;:&quot;2.2&quot;,&quot;credit&quot;:&quot;&quot;,&quot;camera&quot;:&quot;iPhone 6s&quot;,&quot;caption&quot;:&quot;&quot;,&quot;created_timestamp&quot;:&quot;1601803411&quot;,&quot;copyright&quot;:&quot;&quot;,&quot;focal_length&quot;:&quot;4.15&quot;,&quot;iso&quot;:&quot;200&quot;,&quot;shutter_speed&quot;:&quot;0.03030303030303&quot;,&quot;title&quot;:&quot;&quot;,&quot;orientation&quot;:&quot;0&quot;}\" data-image-title=\"Erntekrone 2020\" data-image-description=\"&lt;p&gt;Foto: Sandra Schatz&lt;\/p&gt; \" data-medium-file=\"https:\/\/i0.wp.com\/www.pfarrei-due-wo.de\/wp-content\/uploads\/2020\/10\/Erntekrone-2020-scaled.jpg?fit=241%2C300&#038;ssl=1\" data-large-file=\"https:\/\/i0.wp.com\/www.pfarrei-due-wo.de\/wp-content\/uploads\/2020\/10\/Erntekrone-2020-scaled.jpg?fit=750%2C933&#038;ssl=1\" src=\"https:\/\/i0.wp.com\/www.pfarrei-due-wo.de\/wp-content\/uploads\/2020\/10\/Erntekrone-2020-scaled.jpg?w=470&#038;h=584&#038;ssl=1\" srcset=\"https:\/\/i0.wp.com\/www.pfarrei-due-wo.de\/wp-content\/uploads\/2020\/10\/Erntekrone-2020-scaled.jpg?w=2059&amp;ssl=1 2059w, https:\/\/i0.wp.com\/www.pfarrei-due-wo.de\/wp-content\/uploads\/2020\/10\/Erntekrone-2020-scaled.jpg?resize=241%2C300&amp;ssl=1 241w, https:\/\/i0.wp.com\/www.pfarrei-due-wo.de\/wp-content\/uploads\/2020\/10\/Erntekrone-2020-scaled.jpg?resize=823%2C1024&amp;ssl=1 823w, https:\/\/i0.wp.com\/www.pfarrei-due-wo.de\/wp-content\/uploads\/2020\/10\/Erntekrone-2020-scaled.jpg?resize=768%2C955&amp;ssl=1 768w, https:\/\/i0.wp.com\/www.pfarrei-due-wo.de\/wp-content\/uploads\/2020\/10\/Erntekrone-2020-scaled.jpg?resize=1235%2C1536&amp;ssl=1 1235w, https:\/\/i0.wp.com\/www.pfarrei-due-wo.de\/wp-content\/uploads\/2020\/10\/Erntekrone-2020-scaled.jpg?resize=1647%2C2048&amp;ssl=1 1647w, https:\/\/i0.wp.com\/www.pfarrei-due-wo.de\/wp-content\/uploads\/2020\/10\/Erntekrone-2020-scaled.jpg?w=1500&amp;ssl=1 1500w\" width=\"470\" height=\"584\" loading=\"lazy\" data-original-width=\"470\" data-original-height=\"584\" itemprop=\"http:\/\/schema.org\/image\" title=\"Erntekrone 2020\" alt=\"Erntekrone 2020\" style=\"width: 470px; height: 584px;\" \/> <\/a> <\/div> <\/div> <!-- close group --> <div class=\"gallery-group images-2\" style=\"width: 276px; height: 588px;\" data-original-width=\"276\" data-original-height=\"588\" > <div class=\"tiled-gallery-item tiled-gallery-item-large\" itemprop=\"associatedMedia\" itemscope itemtype=\"http:\/\/schema.org\/ImageObject\"> <a href=\"https:\/\/www.pfarrei-due-wo.de\/?attachment_id=5058\" border=\"0\" itemprop=\"url\"> <meta itemprop=\"width\" content=\"272\"> <meta itemprop=\"height\" content=\"299\"> <img decoding=\"async\" class=\"\" data-attachment-id=\"5058\" data-orig-file=\"https:\/\/www.pfarrei-due-wo.de\/wp-content\/uploads\/2020\/10\/Erntedank-I-scaled.jpg\" data-orig-size=\"2331,2560\" data-comments-opened=\"\" data-image-meta=\"{&quot;aperture&quot;:&quot;2.2&quot;,&quot;credit&quot;:&quot;&quot;,&quot;camera&quot;:&quot;iPhone 6s&quot;,&quot;caption&quot;:&quot;&quot;,&quot;created_timestamp&quot;:&quot;1601806511&quot;,&quot;copyright&quot;:&quot;&quot;,&quot;focal_length&quot;:&quot;4.15&quot;,&quot;iso&quot;:&quot;25&quot;,&quot;shutter_speed&quot;:&quot;0.0032258064516129&quot;,&quot;title&quot;:&quot;&quot;,&quot;orientation&quot;:&quot;0&quot;}\" data-image-title=\"Erntedankgottesdienst 2020\" data-image-description=\"&lt;p&gt;Foto: Sandra Schatz&lt;\/p&gt; \" data-medium-file=\"https:\/\/i0.wp.com\/www.pfarrei-due-wo.de\/wp-content\/uploads\/2020\/10\/Erntedank-I-scaled.jpg?fit=273%2C300&#038;ssl=1\" data-large-file=\"https:\/\/i0.wp.com\/www.pfarrei-due-wo.de\/wp-content\/uploads\/2020\/10\/Erntedank-I-scaled.jpg?fit=750%2C824&#038;ssl=1\" src=\"https:\/\/i0.wp.com\/www.pfarrei-due-wo.de\/wp-content\/uploads\/2020\/10\/Erntedank-I-scaled.jpg?w=272&#038;h=299&#038;ssl=1\" srcset=\"https:\/\/i0.wp.com\/www.pfarrei-due-wo.de\/wp-content\/uploads\/2020\/10\/Erntedank-I-scaled.jpg?w=2331&amp;ssl=1 2331w, https:\/\/i0.wp.com\/www.pfarrei-due-wo.de\/wp-content\/uploads\/2020\/10\/Erntedank-I-scaled.jpg?resize=273%2C300&amp;ssl=1 273w, https:\/\/i0.wp.com\/www.pfarrei-due-wo.de\/wp-content\/uploads\/2020\/10\/Erntedank-I-scaled.jpg?resize=932%2C1024&amp;ssl=1 932w, https:\/\/i0.wp.com\/www.pfarrei-due-wo.de\/wp-content\/uploads\/2020\/10\/Erntedank-I-scaled.jpg?resize=768%2C844&amp;ssl=1 768w, https:\/\/i0.wp.com\/www.pfarrei-due-wo.de\/wp-content\/uploads\/2020\/10\/Erntedank-I-scaled.jpg?resize=1398%2C1536&amp;ssl=1 1398w, https:\/\/i0.wp.com\/www.pfarrei-due-wo.de\/wp-content\/uploads\/2020\/10\/Erntedank-I-scaled.jpg?resize=1864%2C2048&amp;ssl=1 1864w, https:\/\/i0.wp.com\/www.pfarrei-due-wo.de\/wp-content\/uploads\/2020\/10\/Erntedank-I-scaled.jpg?w=1500&amp;ssl=1 1500w, https:\/\/i0.wp.com\/www.pfarrei-due-wo.de\/wp-content\/uploads\/2020\/10\/Erntedank-I-scaled.jpg?w=2250&amp;ssl=1 2250w\" width=\"272\" height=\"299\" loading=\"lazy\" data-original-width=\"272\" data-original-height=\"299\" itemprop=\"http:\/\/schema.org\/image\" title=\"Erntedankgottesdienst 2020\" alt=\"Erntedankgottesdienst 2020\" style=\"width: 272px; height: 299px;\" \/> <\/a> <\/div> <div class=\"tiled-gallery-item tiled-gallery-item-large\" itemprop=\"associatedMedia\" itemscope itemtype=\"http:\/\/schema.org\/ImageObject\"> <a href=\"https:\/\/www.pfarrei-due-wo.de\/?attachment_id=5059\" border=\"0\" itemprop=\"url\"> <meta itemprop=\"width\" content=\"272\"> <meta itemprop=\"height\" content=\"281\"> <img decoding=\"async\" class=\"\" data-attachment-id=\"5059\" data-orig-file=\"https:\/\/www.pfarrei-due-wo.de\/wp-content\/uploads\/2020\/10\/Erntedank-II..jpg\" data-orig-size=\"2467,2547\" data-comments-opened=\"\" data-image-meta=\"{&quot;aperture&quot;:&quot;2.2&quot;,&quot;credit&quot;:&quot;&quot;,&quot;camera&quot;:&quot;iPhone 6s&quot;,&quot;caption&quot;:&quot;&quot;,&quot;created_timestamp&quot;:&quot;1601807222&quot;,&quot;copyright&quot;:&quot;&quot;,&quot;focal_length&quot;:&quot;4.15&quot;,&quot;iso&quot;:&quot;25&quot;,&quot;shutter_speed&quot;:&quot;0.0020408163265306&quot;,&quot;title&quot;:&quot;&quot;,&quot;orientation&quot;:&quot;0&quot;}\" data-image-title=\"Erntedankgottesdienst 2020\" data-image-description=\"&lt;p&gt;Foto: Sandra Schatz&lt;\/p&gt; \" data-medium-file=\"https:\/\/i0.wp.com\/www.pfarrei-due-wo.de\/wp-content\/uploads\/2020\/10\/Erntedank-II..jpg?fit=291%2C300&#038;ssl=1\" data-large-file=\"https:\/\/i0.wp.com\/www.pfarrei-due-wo.de\/wp-content\/uploads\/2020\/10\/Erntedank-II..jpg?fit=750%2C774&#038;ssl=1\" src=\"https:\/\/i0.wp.com\/www.pfarrei-due-wo.de\/wp-content\/uploads\/2020\/10\/Erntedank-II..jpg?w=272&#038;h=281&#038;ssl=1\" srcset=\"https:\/\/i0.wp.com\/www.pfarrei-due-wo.de\/wp-content\/uploads\/2020\/10\/Erntedank-II..jpg?w=2467&amp;ssl=1 2467w, https:\/\/i0.wp.com\/www.pfarrei-due-wo.de\/wp-content\/uploads\/2020\/10\/Erntedank-II..jpg?resize=291%2C300&amp;ssl=1 291w, https:\/\/i0.wp.com\/www.pfarrei-due-wo.de\/wp-content\/uploads\/2020\/10\/Erntedank-II..jpg?resize=992%2C1024&amp;ssl=1 992w, https:\/\/i0.wp.com\/www.pfarrei-due-wo.de\/wp-content\/uploads\/2020\/10\/Erntedank-II..jpg?resize=768%2C793&amp;ssl=1 768w, https:\/\/i0.wp.com\/www.pfarrei-due-wo.de\/wp-content\/uploads\/2020\/10\/Erntedank-II..jpg?resize=1488%2C1536&amp;ssl=1 1488w, https:\/\/i0.wp.com\/www.pfarrei-due-wo.de\/wp-content\/uploads\/2020\/10\/Erntedank-II..jpg?resize=1984%2C2048&amp;ssl=1 1984w, https:\/\/i0.wp.com\/www.pfarrei-due-wo.de\/wp-content\/uploads\/2020\/10\/Erntedank-II..jpg?w=2250&amp;ssl=1 2250w\" width=\"272\" height=\"281\" loading=\"lazy\" data-original-width=\"272\" data-original-height=\"281\" itemprop=\"http:\/\/schema.org\/image\" title=\"Erntedankgottesdienst 2020\" alt=\"Erntedankgottesdienst 2020\" style=\"width: 272px; height: 281px;\" \/> <\/a> <\/div> <\/div> <!-- close group --> <\/div> <!-- close row --> <div class=\"gallery-row\" style=\"width: 750px; height: 564px;\" data-original-width=\"750\" data-original-height=\"564\" > <div class=\"gallery-group images-1\" style=\"width: 750px; height: 564px;\" data-original-width=\"750\" data-original-height=\"564\" > <div class=\"tiled-gallery-item tiled-gallery-item-large\" itemprop=\"associatedMedia\" itemscope itemtype=\"http:\/\/schema.org\/ImageObject\"> <a href=\"https:\/\/www.pfarrei-due-wo.de\/?attachment_id=5078\" border=\"0\" itemprop=\"url\"> <meta itemprop=\"width\" content=\"746\"> <meta itemprop=\"height\" content=\"560\"> <img decoding=\"async\" class=\"\" data-attachment-id=\"5078\" data-orig-file=\"https:\/\/www.pfarrei-due-wo.de\/wp-content\/uploads\/2020\/10\/Erntedank-Kinder-I-scaled.jpg\" data-orig-size=\"2560,1920\" data-comments-opened=\"\" data-image-meta=\"{&quot;aperture&quot;:&quot;2.2&quot;,&quot;credit&quot;:&quot;&quot;,&quot;camera&quot;:&quot;iPhone 6s&quot;,&quot;caption&quot;:&quot;&quot;,&quot;created_timestamp&quot;:&quot;1601806825&quot;,&quot;copyright&quot;:&quot;&quot;,&quot;focal_length&quot;:&quot;4.15&quot;,&quot;iso&quot;:&quot;25&quot;,&quot;shutter_speed&quot;:&quot;0.0018083182640145&quot;,&quot;title&quot;:&quot;&quot;,&quot;orientation&quot;:&quot;0&quot;}\" data-image-title=\"Erntedankgottesdienst 2020\" data-image-description=\"&lt;p&gt;Foto: Sandra Schatz&lt;\/p&gt; \" data-medium-file=\"https:\/\/i0.wp.com\/www.pfarrei-due-wo.de\/wp-content\/uploads\/2020\/10\/Erntedank-Kinder-I-scaled.jpg?fit=300%2C225&#038;ssl=1\" data-large-file=\"https:\/\/i0.wp.com\/www.pfarrei-due-wo.de\/wp-content\/uploads\/2020\/10\/Erntedank-Kinder-I-scaled.jpg?fit=750%2C563&#038;ssl=1\" src=\"https:\/\/i0.wp.com\/www.pfarrei-due-wo.de\/wp-content\/uploads\/2020\/10\/Erntedank-Kinder-I-scaled.jpg?w=746&#038;h=560&#038;ssl=1\" srcset=\"https:\/\/i0.wp.com\/www.pfarrei-due-wo.de\/wp-content\/uploads\/2020\/10\/Erntedank-Kinder-I-scaled.jpg?w=2560&amp;ssl=1 2560w, https:\/\/i0.wp.com\/www.pfarrei-due-wo.de\/wp-content\/uploads\/2020\/10\/Erntedank-Kinder-I-scaled.jpg?resize=300%2C225&amp;ssl=1 300w, https:\/\/i0.wp.com\/www.pfarrei-due-wo.de\/wp-content\/uploads\/2020\/10\/Erntedank-Kinder-I-scaled.jpg?resize=1024%2C768&amp;ssl=1 1024w, https:\/\/i0.wp.com\/www.pfarrei-due-wo.de\/wp-content\/uploads\/2020\/10\/Erntedank-Kinder-I-scaled.jpg?resize=768%2C576&amp;ssl=1 768w, https:\/\/i0.wp.com\/www.pfarrei-due-wo.de\/wp-content\/uploads\/2020\/10\/Erntedank-Kinder-I-scaled.jpg?resize=1536%2C1152&amp;ssl=1 1536w, https:\/\/i0.wp.com\/www.pfarrei-due-wo.de\/wp-content\/uploads\/2020\/10\/Erntedank-Kinder-I-scaled.jpg?resize=2048%2C1536&amp;ssl=1 2048w, https:\/\/i0.wp.com\/www.pfarrei-due-wo.de\/wp-content\/uploads\/2020\/10\/Erntedank-Kinder-I-scaled.jpg?w=2250&amp;ssl=1 2250w\" width=\"746\" height=\"560\" loading=\"lazy\" data-original-width=\"746\" data-original-height=\"560\" itemprop=\"http:\/\/schema.org\/image\" title=\"Erntedankgottesdienst 2020\" alt=\"Erntedankgottesdienst 2020\" style=\"width: 746px; height: 560px;\" \/> <\/a> <\/div> <\/div> <!-- close group --> <\/div> <!-- close row --> <\/div>\n","protected":false},"excerpt":{"rendered":"<p>Der diesj\u00e4hrige Erntedankgottesdienst der Pfarrei D\u00fcrnsricht-Wolfring fand auf dem Kirchplatz unter freiem Himmel statt. Gerade in einem Pandemiejahr wie in diesem, stellte Pfarrer Michael Hoch eingangs fest, biete es sich &hellip; <\/p>\n","protected":false},"author":4,"featured_media":5057,"comment_status":"closed","ping_status":"closed","sticky":false,"template":"","format":"standard","meta":{"jetpack_post_was_ever_published":false,"_jetpack_newsletter_access":"","_jetpack_dont_email_post_to_subs":false,"_jetpack_newsletter_tier_id":0,"_jetpack_memberships_contains_paywalled_content":false,"_jetpack_memberships_contains_paid_content":false,"footnotes":"","jetpack_publicize_message":"","jetpack_publicize_feature_enabled":true,"jetpack_social_post_already_shared":true,"jetpack_social_options":{"image_generator_settings":{"template":"highway","default_image_id":0,"font":"","enabled":false},"version":2}},"categories":[2,12,6],"tags":[],"class_list":["post-5056","post","type-post","status-publish","format-standard","has-post-thumbnail","hentry","category-gottesdienste","category-kinder","category-pfarrei-erleben"],"jetpack_publicize_connections":[],"jetpack_featured_media_url":"https:\/\/i0.wp.com\/www.pfarrei-due-wo.de\/wp-content\/uploads\/2020\/10\/Erntealtar-2020-scaled.jpg?fit=2560%2C1409&ssl=1","jetpack_sharing_enabled":true,"jetpack_shortlink":"https:\/\/wp.me\/p8HCtc-1jy","jetpack-related-posts":[{"id":7313,"url":"https:\/\/www.pfarrei-due-wo.de\/?p=7313","url_meta":{"origin":5056,"position":0},"title":"Konstituierende Sitzung des Pfarrgemeinderates","author":"Matthias Heimler","date":"31. M\u00e4rz 2022","format":false,"excerpt":"Am 31. M\u00e4rz 2022 fand die konstituierende Sitzung des neu gew\u00e4hlten Pfarrgemeinderates D\u00fcrnsricht-Wolfring-H\u00f6gling statt. Im R\u00fcckblick auf die Wahl wurde von allen Ratsmitgliedern hervorgehoben, dass sie sich freuen und dankbar sind, dass viele Gl\u00e4ubige der Pfarrei sie gew\u00e4hlt und best\u00e4rkt haben. \"Die doch sehr gute Wahlbeteiligung gibt uns einen Schwung\u2026","rel":"","context":"In &quot;Pfarrei erleben&quot;","block_context":{"text":"Pfarrei erleben","link":"https:\/\/www.pfarrei-due-wo.de\/?cat=6"},"img":{"alt_text":"","src":"https:\/\/i0.wp.com\/www.pfarrei-due-wo.de\/wp-content\/uploads\/2022\/04\/IMG-20220331-WA0008_bearb2.jpg?fit=1024%2C768&ssl=1&resize=350%2C200","width":350,"height":200,"srcset":"https:\/\/i0.wp.com\/www.pfarrei-due-wo.de\/wp-content\/uploads\/2022\/04\/IMG-20220331-WA0008_bearb2.jpg?fit=1024%2C768&ssl=1&resize=350%2C200 1x, https:\/\/i0.wp.com\/www.pfarrei-due-wo.de\/wp-content\/uploads\/2022\/04\/IMG-20220331-WA0008_bearb2.jpg?fit=1024%2C768&ssl=1&resize=525%2C300 1.5x, https:\/\/i0.wp.com\/www.pfarrei-due-wo.de\/wp-content\/uploads\/2022\/04\/IMG-20220331-WA0008_bearb2.jpg?fit=1024%2C768&ssl=1&resize=700%2C400 2x"},"classes":[]},{"id":4595,"url":"https:\/\/www.pfarrei-due-wo.de\/?p=4595","url_meta":{"origin":5056,"position":1},"title":"In den Anliegen der Pfarrangeh\u00f6rigen","author":"Matthias Heimler","date":"1. Mai 2020","format":false,"excerpt":"Der traditionelle Bittgang der Pfarrei D\u00fcrnsricht-Wolfring-H\u00f6gling wird seit 1856 begangen. Seit einigen Jahrzehnten ist der 1. Mai der j\u00e4hrliche Termin - der Festtag Mariens, der \"Schutzfrau Bayerns\". Der Weg f\u00fchrt jedes Jahr \u00fcber die Ortschaften D\u00fcrnsricht, Kn\u00f6lling, Wolfring, Jeding, H\u00f6gling, durch den Amberger Forst auf den Mariahilfberg, um dabei die\u2026","rel":"","context":"In &quot;Pfarrei erleben&quot;","block_context":{"text":"Pfarrei erleben","link":"https:\/\/www.pfarrei-due-wo.de\/?cat=6"},"img":{"alt_text":"","src":"https:\/\/i0.wp.com\/www.pfarrei-due-wo.de\/wp-content\/uploads\/2020\/05\/20200501_125834-scaled.jpg?fit=1200%2C900&ssl=1&resize=350%2C200","width":350,"height":200,"srcset":"https:\/\/i0.wp.com\/www.pfarrei-due-wo.de\/wp-content\/uploads\/2020\/05\/20200501_125834-scaled.jpg?fit=1200%2C900&ssl=1&resize=350%2C200 1x, https:\/\/i0.wp.com\/www.pfarrei-due-wo.de\/wp-content\/uploads\/2020\/05\/20200501_125834-scaled.jpg?fit=1200%2C900&ssl=1&resize=525%2C300 1.5x, https:\/\/i0.wp.com\/www.pfarrei-due-wo.de\/wp-content\/uploads\/2020\/05\/20200501_125834-scaled.jpg?fit=1200%2C900&ssl=1&resize=700%2C400 2x, https:\/\/i0.wp.com\/www.pfarrei-due-wo.de\/wp-content\/uploads\/2020\/05\/20200501_125834-scaled.jpg?fit=1200%2C900&ssl=1&resize=1050%2C600 3x"},"classes":[]},{"id":12701,"url":"https:\/\/www.pfarrei-due-wo.de\/?p=12701","url_meta":{"origin":5056,"position":2},"title":"Bittgang zum Flurkreuz mit Segnung des neuen Kreuzes","author":"Anna-Lena Dittrich","date":"5. Juni 2025","format":false,"excerpt":"Seit Jahrzehnten pilgern Gl\u00e4ubige der Pfarrei D\u00fcrnsricht-Wolfring beim allj\u00e4hrlichen Bittgang zum Flurkreuz, das 1968 von der Teilnehmergemeinschaft der Flurbereinigung aufgestellt wurde, und feiern dort inmitten der Natur einen Gottesdienst. Nun wurde das Kreuz nach einer umfassenden Erneuerung feierlich von Pfarrer Heinrich Rosner gesegnet. \u201eFlurkreuze wie dieses sind Zeichen des Glaubens.\u2026","rel":"","context":"In &quot;Gottesdienste&quot;","block_context":{"text":"Gottesdienste","link":"https:\/\/www.pfarrei-due-wo.de\/?cat=2"},"img":{"alt_text":"","src":"https:\/\/i0.wp.com\/www.pfarrei-due-wo.de\/wp-content\/uploads\/2025\/06\/Flurkreuz-2025-2-scaled.jpg?fit=900%2C1200&ssl=1&resize=350%2C200","width":350,"height":200,"srcset":"https:\/\/i0.wp.com\/www.pfarrei-due-wo.de\/wp-content\/uploads\/2025\/06\/Flurkreuz-2025-2-scaled.jpg?fit=900%2C1200&ssl=1&resize=350%2C200 1x, https:\/\/i0.wp.com\/www.pfarrei-due-wo.de\/wp-content\/uploads\/2025\/06\/Flurkreuz-2025-2-scaled.jpg?fit=900%2C1200&ssl=1&resize=525%2C300 1.5x, https:\/\/i0.wp.com\/www.pfarrei-due-wo.de\/wp-content\/uploads\/2025\/06\/Flurkreuz-2025-2-scaled.jpg?fit=900%2C1200&ssl=1&resize=700%2C400 2x"},"classes":[]},{"id":5265,"url":"https:\/\/www.pfarrei-due-wo.de\/?p=5265","url_meta":{"origin":5056,"position":3},"title":"Allerheiligen &#038; Allerseelen","author":"Matthias Heimler","date":"5. November 2020","format":false,"excerpt":"Die Feier des Verstorbenengedenkens an Allerheiligen bzw. an Allerseelen geh\u00f6rt zum festen Jahresablauf in vielen Familien. In diesem Jahr wurde die Feier allerdings erschwert durch die Beschr\u00e4nkungen zur Verhinderung einer weiteren Ausbreitung des Corona-Virus. Auch in der Pfarrei D\u00fcrnsricht-Wolfring haben sich die Verantwortlichen im Pfarrgemeinderat und den Ortsaussch\u00fcssen beraten, wie\u2026","rel":"","context":"In &quot;Gottesdienste&quot;","block_context":{"text":"Gottesdienste","link":"https:\/\/www.pfarrei-due-wo.de\/?cat=2"},"img":{"alt_text":"","src":"https:\/\/i0.wp.com\/www.pfarrei-due-wo.de\/wp-content\/uploads\/2020\/11\/20201101_134016-scaled.jpg?fit=1200%2C900&ssl=1&resize=350%2C200","width":350,"height":200,"srcset":"https:\/\/i0.wp.com\/www.pfarrei-due-wo.de\/wp-content\/uploads\/2020\/11\/20201101_134016-scaled.jpg?fit=1200%2C900&ssl=1&resize=350%2C200 1x, https:\/\/i0.wp.com\/www.pfarrei-due-wo.de\/wp-content\/uploads\/2020\/11\/20201101_134016-scaled.jpg?fit=1200%2C900&ssl=1&resize=525%2C300 1.5x, https:\/\/i0.wp.com\/www.pfarrei-due-wo.de\/wp-content\/uploads\/2020\/11\/20201101_134016-scaled.jpg?fit=1200%2C900&ssl=1&resize=700%2C400 2x, https:\/\/i0.wp.com\/www.pfarrei-due-wo.de\/wp-content\/uploads\/2020\/11\/20201101_134016-scaled.jpg?fit=1200%2C900&ssl=1&resize=1050%2C600 3x"},"classes":[]},{"id":5997,"url":"https:\/\/www.pfarrei-due-wo.de\/?p=5997","url_meta":{"origin":5056,"position":4},"title":"Bittgang vor Christi Himmelfahrt","author":"Matthias Heimler","date":"14. Mai 2021","format":false,"excerpt":"Der traditionelle \"Bittgang zum Flurkreuz\" am Dienstag vor Christi Himmelfahrt konnte in diesem Jahr erfreulicherweise stattfinden - selbstverst\u00e4ndlich unter Einhaltung der Masken- und Abstandspflicht. Einige Gl\u00e4ubige schlossen sich trotz Regenwolke und Starkwind an und zogen betend ans Flurkreuz zwischen Kn\u00f6lling und Wolfring, wo gemeinsam Eucharistie gefeiert wurde. Der Gottesdienst brachte\u2026","rel":"","context":"In &quot;Gottesdienste&quot;","block_context":{"text":"Gottesdienste","link":"https:\/\/www.pfarrei-due-wo.de\/?cat=2"},"img":{"alt_text":"","src":"https:\/\/i0.wp.com\/www.pfarrei-due-wo.de\/wp-content\/uploads\/2021\/05\/20210511_184814-scaled.jpg?fit=1200%2C900&ssl=1&resize=350%2C200","width":350,"height":200,"srcset":"https:\/\/i0.wp.com\/www.pfarrei-due-wo.de\/wp-content\/uploads\/2021\/05\/20210511_184814-scaled.jpg?fit=1200%2C900&ssl=1&resize=350%2C200 1x, https:\/\/i0.wp.com\/www.pfarrei-due-wo.de\/wp-content\/uploads\/2021\/05\/20210511_184814-scaled.jpg?fit=1200%2C900&ssl=1&resize=525%2C300 1.5x, https:\/\/i0.wp.com\/www.pfarrei-due-wo.de\/wp-content\/uploads\/2021\/05\/20210511_184814-scaled.jpg?fit=1200%2C900&ssl=1&resize=700%2C400 2x, https:\/\/i0.wp.com\/www.pfarrei-due-wo.de\/wp-content\/uploads\/2021\/05\/20210511_184814-scaled.jpg?fit=1200%2C900&ssl=1&resize=1050%2C600 3x"},"classes":[]},{"id":12064,"url":"https:\/\/www.pfarrei-due-wo.de\/?p=12064","url_meta":{"origin":5056,"position":5},"title":"Pfarrei St. Albertus-Magnus gedenkt aller Heiligen","author":"Florian Schiessl","date":"5. November 2024","format":false,"excerpt":"Reger Besuch herrschte wieder auf den Friedh\u00f6fen von D\u00fcrnsricht, Wolfring und H\u00f6gling, als der Allerheiligentag begangen wurde. Pfarrer Georg Praun hob in seiner Festpredigt hervor, welcher entscheidende Unterschied herrscht zwischen den Heiligen der Kirche und anderen Menschen, die geehrt werden, wie z.B. Komponisten oder ranghohen Politikern. Der Allerheiligentag ist kein\u2026","rel":"","context":"In &quot;Gottesdienste&quot;","block_context":{"text":"Gottesdienste","link":"https:\/\/www.pfarrei-due-wo.de\/?cat=2"},"img":{"alt_text":"","src":"https:\/\/i0.wp.com\/www.pfarrei-due-wo.de\/wp-content\/uploads\/2024\/11\/IMG_1057-1-scaled.jpg?fit=1200%2C900&ssl=1&resize=350%2C200","width":350,"height":200,"srcset":"https:\/\/i0.wp.com\/www.pfarrei-due-wo.de\/wp-content\/uploads\/2024\/11\/IMG_1057-1-scaled.jpg?fit=1200%2C900&ssl=1&resize=350%2C200 1x, https:\/\/i0.wp.com\/www.pfarrei-due-wo.de\/wp-content\/uploads\/2024\/11\/IMG_1057-1-scaled.jpg?fit=1200%2C900&ssl=1&resize=525%2C300 1.5x, https:\/\/i0.wp.com\/www.pfarrei-due-wo.de\/wp-content\/uploads\/2024\/11\/IMG_1057-1-scaled.jpg?fit=1200%2C900&ssl=1&resize=700%2C400 2x, https:\/\/i0.wp.com\/www.pfarrei-due-wo.de\/wp-content\/uploads\/2024\/11\/IMG_1057-1-scaled.jpg?fit=1200%2C900&ssl=1&resize=1050%2C600 3x"},"classes":[]}],"publishpress_future_action":{"enabled":false,"date":"2026-05-07 05:28:03","action":"change-status","newStatus":"draft","terms":[],"taxonomy":"category","extraData":[]},"publishpress_future_workflow_manual_trigger":{"enabledWorkflows":[]},"_links":{"self":[{"href":"https:\/\/www.pfarrei-due-wo.de\/index.php?rest_route=\/wp\/v2\/posts\/5056","targetHints":{"allow":["GET"]}}],"collection":[{"href":"https:\/\/www.pfarrei-due-wo.de\/index.php?rest_route=\/wp\/v2\/posts"}],"about":[{"href":"https:\/\/www.pfarrei-due-wo.de\/index.php?rest_route=\/wp\/v2\/types\/post"}],"author":[{"embeddable":true,"href":"https:\/\/www.pfarrei-due-wo.de\/index.php?rest_route=\/wp\/v2\/users\/4"}],"replies":[{"embeddable":true,"href":"https:\/\/www.pfarrei-due-wo.de\/index.php?rest_route=%2Fwp%2Fv2%2Fcomments&post=5056"}],"version-history":[{"count":6,"href":"https:\/\/www.pfarrei-due-wo.de\/index.php?rest_route=\/wp\/v2\/posts\/5056\/revisions"}],"predecessor-version":[{"id":5084,"href":"https:\/\/www.pfarrei-due-wo.de\/index.php?rest_route=\/wp\/v2\/posts\/5056\/revisions\/5084"}],"wp:featuredmedia":[{"embeddable":true,"href":"https:\/\/www.pfarrei-due-wo.de\/index.php?rest_route=\/wp\/v2\/media\/5057"}],"wp:attachment":[{"href":"https:\/\/www.pfarrei-due-wo.de\/index.php?rest_route=%2Fwp%2Fv2%2Fmedia&parent=5056"}],"wp:term":[{"taxonomy":"category","embeddable":true,"href":"https:\/\/www.pfarrei-due-wo.de\/index.php?rest_route=%2Fwp%2Fv2%2Fcategories&post=5056"},{"taxonomy":"post_tag","embeddable":true,"href":"https:\/\/www.pfarrei-due-wo.de\/index.php?rest_route=%2Fwp%2Fv2%2Ftags&post=5056"}],"curies":[{"name":"wp","href":"https:\/\/api.w.org\/{rel}","templated":true}]}}