{"id":4417,"date":"2020-04-10T18:37:13","date_gmt":"2020-04-10T16:37:13","guid":{"rendered":"http:\/\/www.pfarrei-due-wo.de\/?p=4417"},"modified":"2022-01-13T16:06:37","modified_gmt":"2022-01-13T15:06:37","slug":"4417","status":"publish","type":"post","link":"https:\/\/www.pfarrei-due-wo.de\/?p=4417","title":{"rendered":"Liturgie vom Leiden und Sterben Jesu"},"content":{"rendered":"<h3>Gro\u00dfe Liturgie<\/h3>\n<p>Am Karfreitagnachmittag fand der zweite Teil der gro\u00dfen, dreigliedrigen Feier von Ostern statt. Mit den Elementen <span style=\"color: #800080;\"><a style=\"color: #800080;\" href=\"https:\/\/www.erzabtei-beuron.de\/schott\/register\/fastenzeit\/schott_anz\/index.html?file=fastenzeit%2Fkarwoche%2Fkarfreitag%2Fregister.htm\" target=\"_blank\" rel=\"noopener noreferrer\">&#8222;Wortgottesdienst&#8220;, &#8222;Gro\u00dfe F\u00fcrbitten&#8220;, &#8222;Kreuzverehrung&#8220; und &#8222;Kommunion&#8220;<\/a><\/span> feierte eine kleine Gemeinde in der Pfarrkirche &#8211; stellvertretend f\u00fcr die ganze Pfarrei &#8211; diese besondere Liturgie des Jahres.<\/p>\n<p>&nbsp;<\/p>\n<h3>Das Werk vollbracht<\/h3>\n<p>Das Johannesevangelium schildert die letzten Stunden Jesu nicht nur unter dem Blickwinkel eines Berichterstatters, sondern er komponiert diesen Weg ans Kreuz zu einem Weg der Verherrlichung. Jesus stirbt nicht nur am Kreuz, sondern vollbringt ein Werk. Das wird in seinen letzten Worten deutlich: &#8222;Es ist vollbracht&#8220;. Jesus folgt seinem Auftrag, seinem Werk, das ihm der Vater aufgetragen hat: die Welt vom ewigen Tod zu erl\u00f6sen. Damit wird das Kreuzzeichen zum Erl\u00f6sungszeichen.<\/p>\n<p>&nbsp;<\/p>\n<h3>Kirche soll von dieser Erl\u00f6sung Zeugnis geben<\/h3>\n<p>Als Gemeinde Christi liegt es an uns, von diesem Liebeswerk Jesu Zeugnis zu geben. Im Johannesevangelium hei\u00dft es: &#8222;Und er neigte das Haupt und \u00fcbergab den Geist.&#8220; (Joh 19,30)\u00a0 Die Kirche soll in seinem Geist die Frohe Botschaft der Rettung, der Barmherzigkeit und der Liebe verk\u00fcnden. Vielleicht ist das gerade in Zeiten der Krise die letzte, tr\u00f6stende und aufrichtende Botschaft.<\/p>\n<p>&nbsp;<\/p>\n<div class=\"tiled-gallery type-rectangular tiled-gallery-unresized\" data-original-width=\"750\" data-carousel-extra='{&quot;blog_id&quot;:1,&quot;permalink&quot;:&quot;https:\\\/\\\/www.pfarrei-due-wo.de\\\/?p=4417&quot;,&quot;likes_blog_id&quot;:128606674}' itemscope itemtype=\"http:\/\/schema.org\/ImageGallery\" > <div class=\"gallery-row\" style=\"width: 750px; height: 369px;\" data-original-width=\"750\" data-original-height=\"369\" > <div class=\"gallery-group images-1\" style=\"width: 491px; height: 369px;\" data-original-width=\"491\" data-original-height=\"369\" > <div class=\"tiled-gallery-item tiled-gallery-item-large\" itemprop=\"associatedMedia\" itemscope itemtype=\"http:\/\/schema.org\/ImageObject\"> <a href=\"https:\/\/www.pfarrei-due-wo.de\/?attachment_id=4402\" border=\"0\" itemprop=\"url\"> <meta itemprop=\"width\" content=\"487\"> <meta itemprop=\"height\" content=\"365\"> <img decoding=\"async\" class=\"\" data-attachment-id=\"4402\" data-orig-file=\"https:\/\/www.pfarrei-due-wo.de\/wp-content\/uploads\/2020\/04\/20200410_144312-scaled.jpg\" data-orig-size=\"2560,1920\" data-comments-opened=\"\" data-image-meta=\"{&quot;aperture&quot;:&quot;1.7&quot;,&quot;credit&quot;:&quot;&quot;,&quot;camera&quot;:&quot;SM-G935F&quot;,&quot;caption&quot;:&quot;&quot;,&quot;created_timestamp&quot;:&quot;1586529792&quot;,&quot;copyright&quot;:&quot;&quot;,&quot;focal_length&quot;:&quot;4.2&quot;,&quot;iso&quot;:&quot;80&quot;,&quot;shutter_speed&quot;:&quot;0.01&quot;,&quot;title&quot;:&quot;&quot;,&quot;orientation&quot;:&quot;1&quot;}\" data-image-title=\"Karfreitag 2020\" data-image-description=\"&lt;p&gt;Foto: Michael Hoch&lt;\/p&gt; \" data-medium-file=\"https:\/\/i0.wp.com\/www.pfarrei-due-wo.de\/wp-content\/uploads\/2020\/04\/20200410_144312-scaled.jpg?fit=300%2C225&#038;ssl=1\" data-large-file=\"https:\/\/i0.wp.com\/www.pfarrei-due-wo.de\/wp-content\/uploads\/2020\/04\/20200410_144312-scaled.jpg?fit=750%2C563&#038;ssl=1\" src=\"https:\/\/i0.wp.com\/www.pfarrei-due-wo.de\/wp-content\/uploads\/2020\/04\/20200410_144312-scaled.jpg?w=487&#038;h=365&#038;ssl=1\" srcset=\"https:\/\/i0.wp.com\/www.pfarrei-due-wo.de\/wp-content\/uploads\/2020\/04\/20200410_144312-scaled.jpg?w=2560&amp;ssl=1 2560w, https:\/\/i0.wp.com\/www.pfarrei-due-wo.de\/wp-content\/uploads\/2020\/04\/20200410_144312-scaled.jpg?resize=300%2C225&amp;ssl=1 300w, https:\/\/i0.wp.com\/www.pfarrei-due-wo.de\/wp-content\/uploads\/2020\/04\/20200410_144312-scaled.jpg?resize=1024%2C768&amp;ssl=1 1024w, https:\/\/i0.wp.com\/www.pfarrei-due-wo.de\/wp-content\/uploads\/2020\/04\/20200410_144312-scaled.jpg?resize=768%2C576&amp;ssl=1 768w, https:\/\/i0.wp.com\/www.pfarrei-due-wo.de\/wp-content\/uploads\/2020\/04\/20200410_144312-scaled.jpg?resize=1536%2C1152&amp;ssl=1 1536w, https:\/\/i0.wp.com\/www.pfarrei-due-wo.de\/wp-content\/uploads\/2020\/04\/20200410_144312-scaled.jpg?resize=2048%2C1536&amp;ssl=1 2048w, https:\/\/i0.wp.com\/www.pfarrei-due-wo.de\/wp-content\/uploads\/2020\/04\/20200410_144312-scaled.jpg?w=2250&amp;ssl=1 2250w\" width=\"487\" height=\"365\" loading=\"lazy\" data-original-width=\"487\" data-original-height=\"365\" itemprop=\"http:\/\/schema.org\/image\" title=\"Karfreitag 2020\" alt=\"Karfreitag 2020\" style=\"width: 487px; height: 365px;\" \/> <\/a> <\/div> <\/div> <!-- close group --> <div class=\"gallery-group images-2\" style=\"width: 259px; height: 369px;\" data-original-width=\"259\" data-original-height=\"369\" > <div class=\"tiled-gallery-item tiled-gallery-item-large\" itemprop=\"associatedMedia\" itemscope itemtype=\"http:\/\/schema.org\/ImageObject\"> <a href=\"https:\/\/www.pfarrei-due-wo.de\/?attachment_id=4401\" border=\"0\" itemprop=\"url\"> <meta itemprop=\"width\" content=\"255\"> <meta itemprop=\"height\" content=\"191\"> <img decoding=\"async\" class=\"\" data-attachment-id=\"4401\" data-orig-file=\"https:\/\/www.pfarrei-due-wo.de\/wp-content\/uploads\/2020\/04\/20200410_162121-scaled.jpg\" data-orig-size=\"2560,1920\" data-comments-opened=\"\" data-image-meta=\"{&quot;aperture&quot;:&quot;1.7&quot;,&quot;credit&quot;:&quot;&quot;,&quot;camera&quot;:&quot;SM-G935F&quot;,&quot;caption&quot;:&quot;&quot;,&quot;created_timestamp&quot;:&quot;1586535681&quot;,&quot;copyright&quot;:&quot;&quot;,&quot;focal_length&quot;:&quot;4.2&quot;,&quot;iso&quot;:&quot;64&quot;,&quot;shutter_speed&quot;:&quot;0.02&quot;,&quot;title&quot;:&quot;&quot;,&quot;orientation&quot;:&quot;1&quot;}\" data-image-title=\"Karfreitag 2020\" data-image-description=\"&lt;p&gt;Foto: Michael Hoch&lt;\/p&gt; \" data-medium-file=\"https:\/\/i0.wp.com\/www.pfarrei-due-wo.de\/wp-content\/uploads\/2020\/04\/20200410_162121-scaled.jpg?fit=300%2C225&#038;ssl=1\" data-large-file=\"https:\/\/i0.wp.com\/www.pfarrei-due-wo.de\/wp-content\/uploads\/2020\/04\/20200410_162121-scaled.jpg?fit=750%2C563&#038;ssl=1\" src=\"https:\/\/i0.wp.com\/www.pfarrei-due-wo.de\/wp-content\/uploads\/2020\/04\/20200410_162121-scaled.jpg?w=255&#038;h=191&#038;ssl=1\" srcset=\"https:\/\/i0.wp.com\/www.pfarrei-due-wo.de\/wp-content\/uploads\/2020\/04\/20200410_162121-scaled.jpg?w=2560&amp;ssl=1 2560w, https:\/\/i0.wp.com\/www.pfarrei-due-wo.de\/wp-content\/uploads\/2020\/04\/20200410_162121-scaled.jpg?resize=300%2C225&amp;ssl=1 300w, https:\/\/i0.wp.com\/www.pfarrei-due-wo.de\/wp-content\/uploads\/2020\/04\/20200410_162121-scaled.jpg?resize=1024%2C768&amp;ssl=1 1024w, https:\/\/i0.wp.com\/www.pfarrei-due-wo.de\/wp-content\/uploads\/2020\/04\/20200410_162121-scaled.jpg?resize=768%2C576&amp;ssl=1 768w, https:\/\/i0.wp.com\/www.pfarrei-due-wo.de\/wp-content\/uploads\/2020\/04\/20200410_162121-scaled.jpg?resize=1536%2C1152&amp;ssl=1 1536w, https:\/\/i0.wp.com\/www.pfarrei-due-wo.de\/wp-content\/uploads\/2020\/04\/20200410_162121-scaled.jpg?resize=2048%2C1536&amp;ssl=1 2048w, https:\/\/i0.wp.com\/www.pfarrei-due-wo.de\/wp-content\/uploads\/2020\/04\/20200410_162121-scaled.jpg?w=2250&amp;ssl=1 2250w\" width=\"255\" height=\"191\" loading=\"lazy\" data-original-width=\"255\" data-original-height=\"191\" itemprop=\"http:\/\/schema.org\/image\" title=\"Karfreitag 2020\" alt=\"Karfreitag 2020\" style=\"width: 255px; height: 191px;\" \/> <\/a> <\/div> <div class=\"tiled-gallery-item tiled-gallery-item-large\" itemprop=\"associatedMedia\" itemscope itemtype=\"http:\/\/schema.org\/ImageObject\"> <a href=\"https:\/\/www.pfarrei-due-wo.de\/?attachment_id=4421\" border=\"0\" itemprop=\"url\"> <meta itemprop=\"width\" content=\"255\"> <meta itemprop=\"height\" content=\"170\"> <img decoding=\"async\" class=\"\" data-attachment-id=\"4421\" data-orig-file=\"https:\/\/www.pfarrei-due-wo.de\/wp-content\/uploads\/2020\/04\/IMG-20200410-WA0007.jpg\" data-orig-size=\"861,574\" data-comments-opened=\"\" data-image-meta=\"{&quot;aperture&quot;:&quot;0&quot;,&quot;credit&quot;:&quot;&quot;,&quot;camera&quot;:&quot;&quot;,&quot;caption&quot;:&quot;&quot;,&quot;created_timestamp&quot;:&quot;0&quot;,&quot;copyright&quot;:&quot;&quot;,&quot;focal_length&quot;:&quot;0&quot;,&quot;iso&quot;:&quot;0&quot;,&quot;shutter_speed&quot;:&quot;0&quot;,&quot;title&quot;:&quot;&quot;,&quot;orientation&quot;:&quot;0&quot;}\" data-image-title=\"Karfreitag 2020\" data-image-description=\"&lt;p&gt;Foto: Florian Schie\u00dfl&lt;\/p&gt; \" data-medium-file=\"https:\/\/i0.wp.com\/www.pfarrei-due-wo.de\/wp-content\/uploads\/2020\/04\/IMG-20200410-WA0007.jpg?fit=300%2C200&#038;ssl=1\" data-large-file=\"https:\/\/i0.wp.com\/www.pfarrei-due-wo.de\/wp-content\/uploads\/2020\/04\/IMG-20200410-WA0007.jpg?fit=750%2C500&#038;ssl=1\" src=\"https:\/\/i0.wp.com\/www.pfarrei-due-wo.de\/wp-content\/uploads\/2020\/04\/IMG-20200410-WA0007.jpg?w=255&#038;h=170&#038;ssl=1\" srcset=\"https:\/\/i0.wp.com\/www.pfarrei-due-wo.de\/wp-content\/uploads\/2020\/04\/IMG-20200410-WA0007.jpg?w=861&amp;ssl=1 861w, https:\/\/i0.wp.com\/www.pfarrei-due-wo.de\/wp-content\/uploads\/2020\/04\/IMG-20200410-WA0007.jpg?resize=300%2C200&amp;ssl=1 300w, https:\/\/i0.wp.com\/www.pfarrei-due-wo.de\/wp-content\/uploads\/2020\/04\/IMG-20200410-WA0007.jpg?resize=768%2C512&amp;ssl=1 768w\" width=\"255\" height=\"170\" loading=\"lazy\" data-original-width=\"255\" data-original-height=\"170\" itemprop=\"http:\/\/schema.org\/image\" title=\"Karfreitag 2020\" alt=\"Karfreitag 2020\" style=\"width: 255px; height: 170px;\" \/> <\/a> <\/div> <\/div> <!-- close group --> <\/div> <!-- close row --> <div class=\"gallery-row\" style=\"width: 750px; height: 251px;\" data-original-width=\"750\" data-original-height=\"251\" > <div class=\"gallery-group images-1\" style=\"width: 375px; height: 251px;\" data-original-width=\"375\" data-original-height=\"251\" > <div class=\"tiled-gallery-item tiled-gallery-item-large\" itemprop=\"associatedMedia\" itemscope itemtype=\"http:\/\/schema.org\/ImageObject\"> <a href=\"https:\/\/www.pfarrei-due-wo.de\/?attachment_id=4422\" border=\"0\" itemprop=\"url\"> <meta itemprop=\"width\" content=\"371\"> <meta itemprop=\"height\" content=\"247\"> <img decoding=\"async\" class=\"\" data-attachment-id=\"4422\" data-orig-file=\"https:\/\/www.pfarrei-due-wo.de\/wp-content\/uploads\/2020\/04\/IMG-20200410-WA0008.jpg\" data-orig-size=\"1024,683\" data-comments-opened=\"\" data-image-meta=\"{&quot;aperture&quot;:&quot;0&quot;,&quot;credit&quot;:&quot;&quot;,&quot;camera&quot;:&quot;&quot;,&quot;caption&quot;:&quot;&quot;,&quot;created_timestamp&quot;:&quot;0&quot;,&quot;copyright&quot;:&quot;&quot;,&quot;focal_length&quot;:&quot;0&quot;,&quot;iso&quot;:&quot;0&quot;,&quot;shutter_speed&quot;:&quot;0&quot;,&quot;title&quot;:&quot;&quot;,&quot;orientation&quot;:&quot;0&quot;}\" data-image-title=\"Karfreitag 2020\" data-image-description=\"&lt;p&gt;Foto: Florian Schie\u00dfl&lt;\/p&gt; \" data-medium-file=\"https:\/\/i0.wp.com\/www.pfarrei-due-wo.de\/wp-content\/uploads\/2020\/04\/IMG-20200410-WA0008.jpg?fit=300%2C200&#038;ssl=1\" data-large-file=\"https:\/\/i0.wp.com\/www.pfarrei-due-wo.de\/wp-content\/uploads\/2020\/04\/IMG-20200410-WA0008.jpg?fit=750%2C500&#038;ssl=1\" src=\"https:\/\/i0.wp.com\/www.pfarrei-due-wo.de\/wp-content\/uploads\/2020\/04\/IMG-20200410-WA0008.jpg?w=371&#038;h=247&#038;ssl=1\" srcset=\"https:\/\/i0.wp.com\/www.pfarrei-due-wo.de\/wp-content\/uploads\/2020\/04\/IMG-20200410-WA0008.jpg?w=1024&amp;ssl=1 1024w, https:\/\/i0.wp.com\/www.pfarrei-due-wo.de\/wp-content\/uploads\/2020\/04\/IMG-20200410-WA0008.jpg?resize=300%2C200&amp;ssl=1 300w, https:\/\/i0.wp.com\/www.pfarrei-due-wo.de\/wp-content\/uploads\/2020\/04\/IMG-20200410-WA0008.jpg?resize=768%2C512&amp;ssl=1 768w\" width=\"371\" height=\"247\" loading=\"lazy\" data-original-width=\"371\" data-original-height=\"247\" itemprop=\"http:\/\/schema.org\/image\" title=\"Karfreitag 2020\" alt=\"Karfreitag 2020\" style=\"width: 371px; height: 247px;\" \/> <\/a> <\/div> <\/div> <!-- close group --> <div class=\"gallery-group images-1\" style=\"width: 375px; height: 251px;\" data-original-width=\"375\" data-original-height=\"251\" > <div class=\"tiled-gallery-item tiled-gallery-item-large\" itemprop=\"associatedMedia\" itemscope itemtype=\"http:\/\/schema.org\/ImageObject\"> <a href=\"https:\/\/www.pfarrei-due-wo.de\/?attachment_id=4425\" border=\"0\" itemprop=\"url\"> <meta itemprop=\"width\" content=\"371\"> <meta itemprop=\"height\" content=\"247\"> <img decoding=\"async\" class=\"\" data-attachment-id=\"4425\" data-orig-file=\"https:\/\/www.pfarrei-due-wo.de\/wp-content\/uploads\/2020\/04\/IMG-20200410-WA0016.jpg\" data-orig-size=\"1024,683\" data-comments-opened=\"\" data-image-meta=\"{&quot;aperture&quot;:&quot;0&quot;,&quot;credit&quot;:&quot;&quot;,&quot;camera&quot;:&quot;&quot;,&quot;caption&quot;:&quot;&quot;,&quot;created_timestamp&quot;:&quot;0&quot;,&quot;copyright&quot;:&quot;&quot;,&quot;focal_length&quot;:&quot;0&quot;,&quot;iso&quot;:&quot;0&quot;,&quot;shutter_speed&quot;:&quot;0&quot;,&quot;title&quot;:&quot;&quot;,&quot;orientation&quot;:&quot;0&quot;}\" data-image-title=\"Karfreitag 2020\" data-image-description=\"&lt;p&gt;Foto: Florian Schie\u00dfl&lt;\/p&gt; \" data-medium-file=\"https:\/\/i0.wp.com\/www.pfarrei-due-wo.de\/wp-content\/uploads\/2020\/04\/IMG-20200410-WA0016.jpg?fit=300%2C200&#038;ssl=1\" data-large-file=\"https:\/\/i0.wp.com\/www.pfarrei-due-wo.de\/wp-content\/uploads\/2020\/04\/IMG-20200410-WA0016.jpg?fit=750%2C500&#038;ssl=1\" src=\"https:\/\/i0.wp.com\/www.pfarrei-due-wo.de\/wp-content\/uploads\/2020\/04\/IMG-20200410-WA0016.jpg?w=371&#038;h=247&#038;ssl=1\" srcset=\"https:\/\/i0.wp.com\/www.pfarrei-due-wo.de\/wp-content\/uploads\/2020\/04\/IMG-20200410-WA0016.jpg?w=1024&amp;ssl=1 1024w, https:\/\/i0.wp.com\/www.pfarrei-due-wo.de\/wp-content\/uploads\/2020\/04\/IMG-20200410-WA0016.jpg?resize=300%2C200&amp;ssl=1 300w, https:\/\/i0.wp.com\/www.pfarrei-due-wo.de\/wp-content\/uploads\/2020\/04\/IMG-20200410-WA0016.jpg?resize=768%2C512&amp;ssl=1 768w\" width=\"371\" height=\"247\" loading=\"lazy\" data-original-width=\"371\" data-original-height=\"247\" itemprop=\"http:\/\/schema.org\/image\" title=\"Karfreitag 2020\" alt=\"Karfreitag 2020\" style=\"width: 371px; height: 247px;\" \/> <\/a> <\/div> <\/div> <!-- close group --> <\/div> <!-- close row --> <\/div>\n","protected":false},"excerpt":{"rendered":"<p>Gro\u00dfe Liturgie Am Karfreitagnachmittag fand der zweite Teil der gro\u00dfen, dreigliedrigen Feier von Ostern statt. Mit den Elementen &#8222;Wortgottesdienst&#8220;, &#8222;Gro\u00dfe F\u00fcrbitten&#8220;, &#8222;Kreuzverehrung&#8220; und &#8222;Kommunion&#8220; feierte eine kleine Gemeinde in der &hellip; <\/p>\n","protected":false},"author":4,"featured_media":4400,"comment_status":"closed","ping_status":"closed","sticky":false,"template":"","format":"standard","meta":{"jetpack_post_was_ever_published":false,"_jetpack_newsletter_access":"","_jetpack_dont_email_post_to_subs":false,"_jetpack_newsletter_tier_id":0,"_jetpack_memberships_contains_paywalled_content":false,"_jetpack_memberships_contains_paid_content":false,"footnotes":"","jetpack_publicize_message":"","jetpack_publicize_feature_enabled":true,"jetpack_social_post_already_shared":true,"jetpack_social_options":{"image_generator_settings":{"template":"highway","default_image_id":0,"font":"","enabled":false},"version":2}},"categories":[2,6],"tags":[],"class_list":["post-4417","post","type-post","status-publish","format-standard","has-post-thumbnail","hentry","category-gottesdienste","category-pfarrei-erleben"],"jetpack_publicize_connections":[],"jetpack_featured_media_url":"https:\/\/i0.wp.com\/www.pfarrei-due-wo.de\/wp-content\/uploads\/2020\/04\/20200410_161504-scaled.jpg?fit=2560%2C1920&ssl=1","jetpack_sharing_enabled":true,"jetpack_shortlink":"https:\/\/wp.me\/s8HCtc-4417","jetpack-related-posts":[{"id":7408,"url":"https:\/\/www.pfarrei-due-wo.de\/?p=7408","url_meta":{"origin":4417,"position":0},"title":"Das Kreuz ist unser gr\u00f6\u00dftes Gl\u00fcck &#8211; Karfreitag","author":"Matthias Heimler","date":"15. April 2022","format":false,"excerpt":"Zur Liturgie vom Leiden und Sterben Jesu versammelten sich die Gl\u00e4ubigen zur Sterbestunde Jesu in der Pfarrkirche St. Albertus Magnus. Mit dem Einzug knieten alle nieder und gedachten im stillen Gebet der gro\u00dfen Liebestat Jesu: seines Sterbens am Kreuz. Die Lesungen aus dem Alten und Neuen Testament warfen jeweils ein\u2026","rel":"","context":"In &quot;Gottesdienste&quot;","block_context":{"text":"Gottesdienste","link":"https:\/\/www.pfarrei-due-wo.de\/?cat=2"},"img":{"alt_text":"","src":"https:\/\/i0.wp.com\/www.pfarrei-due-wo.de\/wp-content\/uploads\/2022\/04\/2022.04.15-KF-08-scaled.jpg?fit=1200%2C800&ssl=1&resize=350%2C200","width":350,"height":200,"srcset":"https:\/\/i0.wp.com\/www.pfarrei-due-wo.de\/wp-content\/uploads\/2022\/04\/2022.04.15-KF-08-scaled.jpg?fit=1200%2C800&ssl=1&resize=350%2C200 1x, https:\/\/i0.wp.com\/www.pfarrei-due-wo.de\/wp-content\/uploads\/2022\/04\/2022.04.15-KF-08-scaled.jpg?fit=1200%2C800&ssl=1&resize=525%2C300 1.5x, https:\/\/i0.wp.com\/www.pfarrei-due-wo.de\/wp-content\/uploads\/2022\/04\/2022.04.15-KF-08-scaled.jpg?fit=1200%2C800&ssl=1&resize=700%2C400 2x, https:\/\/i0.wp.com\/www.pfarrei-due-wo.de\/wp-content\/uploads\/2022\/04\/2022.04.15-KF-08-scaled.jpg?fit=1200%2C800&ssl=1&resize=1050%2C600 3x"},"classes":[]},{"id":7389,"url":"https:\/\/www.pfarrei-due-wo.de\/?p=7389","url_meta":{"origin":4417,"position":1},"title":"Messe vom letzten Abendmahl &#8211; Gr\u00fcndonnerstag gefeiert","author":"Matthias Heimler","date":"14. April 2022","format":false,"excerpt":"Am Gr\u00fcndonnerstag konnte Pfarrer Hoch zahlreiche Gl\u00e4ubige zur Messe vom letzten Abendmahl begr\u00fc\u00dfen. \"In den letzten beiden Jahren wurde uns bewusst, dass das gemeinsame Feiern der \u00f6sterlichen Tage nichts Nebens\u00e4chliches, sondern etwas Kostbares ist\", so begr\u00fc\u00dfte Pfarrer Hoch die Mitfeiernden. Sowohl die Ministranten, als auch die S\u00e4ngerinnen und S\u00e4nger vom\u2026","rel":"","context":"In &quot;Gottesdienste&quot;","block_context":{"text":"Gottesdienste","link":"https:\/\/www.pfarrei-due-wo.de\/?cat=2"},"img":{"alt_text":"","src":"https:\/\/i0.wp.com\/www.pfarrei-due-wo.de\/wp-content\/uploads\/2022\/04\/DSC_0488-scaled.jpg?fit=1200%2C800&ssl=1&resize=350%2C200","width":350,"height":200,"srcset":"https:\/\/i0.wp.com\/www.pfarrei-due-wo.de\/wp-content\/uploads\/2022\/04\/DSC_0488-scaled.jpg?fit=1200%2C800&ssl=1&resize=350%2C200 1x, https:\/\/i0.wp.com\/www.pfarrei-due-wo.de\/wp-content\/uploads\/2022\/04\/DSC_0488-scaled.jpg?fit=1200%2C800&ssl=1&resize=525%2C300 1.5x, https:\/\/i0.wp.com\/www.pfarrei-due-wo.de\/wp-content\/uploads\/2022\/04\/DSC_0488-scaled.jpg?fit=1200%2C800&ssl=1&resize=700%2C400 2x, https:\/\/i0.wp.com\/www.pfarrei-due-wo.de\/wp-content\/uploads\/2022\/04\/DSC_0488-scaled.jpg?fit=1200%2C800&ssl=1&resize=1050%2C600 3x"},"classes":[]},{"id":7435,"url":"https:\/\/www.pfarrei-due-wo.de\/?p=7435","url_meta":{"origin":4417,"position":2},"title":"Ostern in der Pfarrei","author":"Matthias Heimler","date":"17. April 2022","format":false,"excerpt":"Die Feier der Osternacht beging die Pfarrgemeinde D\u00fcrnsricht-Wolfring-H\u00f6gling in den fr\u00fchen Morgestunden des Ostertages, um 5.00 Uhr, der Tradition folgend noch vor Sonnenaufgang. Zahlreiche Gottesdienstbesucher lie\u00dfen sich von der fr\u00fchen Uhrzeit nicht abschrecken und versammelten sich in der Pfarrkirche St. Albertus Magnus. Die wichtigste Feier des Jahres begann mit der\u2026","rel":"","context":"In &quot;Gottesdienste&quot;","block_context":{"text":"Gottesdienste","link":"https:\/\/www.pfarrei-due-wo.de\/?cat=2"},"img":{"alt_text":"","src":"https:\/\/i0.wp.com\/www.pfarrei-due-wo.de\/wp-content\/uploads\/2022\/04\/2022.04.17-O-04-scaled.jpg?fit=1200%2C800&ssl=1&resize=350%2C200","width":350,"height":200,"srcset":"https:\/\/i0.wp.com\/www.pfarrei-due-wo.de\/wp-content\/uploads\/2022\/04\/2022.04.17-O-04-scaled.jpg?fit=1200%2C800&ssl=1&resize=350%2C200 1x, https:\/\/i0.wp.com\/www.pfarrei-due-wo.de\/wp-content\/uploads\/2022\/04\/2022.04.17-O-04-scaled.jpg?fit=1200%2C800&ssl=1&resize=525%2C300 1.5x, https:\/\/i0.wp.com\/www.pfarrei-due-wo.de\/wp-content\/uploads\/2022\/04\/2022.04.17-O-04-scaled.jpg?fit=1200%2C800&ssl=1&resize=700%2C400 2x, https:\/\/i0.wp.com\/www.pfarrei-due-wo.de\/wp-content\/uploads\/2022\/04\/2022.04.17-O-04-scaled.jpg?fit=1200%2C800&ssl=1&resize=1050%2C600 3x"},"classes":[]},{"id":5893,"url":"https:\/\/www.pfarrei-due-wo.de\/?p=5893","url_meta":{"origin":4417,"position":3},"title":"Gut, dass es das Kreuz Jesu gibt &#8211; Karfreitag gefeiert","author":"Matthias Heimler","date":"3. April 2021","format":false,"excerpt":"Karfreitagsliturgie live \u00fcbertragen Die Liturgie um 15.00 Uhr, zur Sterbestunde Jesu, z\u00e4hlt zum H\u00f6hepunkt des Karfreitags. Zur Feier des Leidens uns Sterbens Jesu kamen zahlreiche Gl\u00e4ubige zur Pfarrkirche in D\u00fcrnsricht zusammen. Ordner begr\u00fc\u00dften die Gottesdienstbesucher und halfen ihnen dabei, die Hygienebestimmungen gut einzuhalten. Wie schon an Weihnachten und am Gr\u00fcndonnerstag,\u2026","rel":"","context":"In &quot;Gottesdienste&quot;","block_context":{"text":"Gottesdienste","link":"https:\/\/www.pfarrei-due-wo.de\/?cat=2"},"img":{"alt_text":"","src":"https:\/\/i0.wp.com\/www.pfarrei-due-wo.de\/wp-content\/uploads\/2021\/04\/IMG-20210402-WA0013-1.jpg?fit=1200%2C900&ssl=1&resize=350%2C200","width":350,"height":200,"srcset":"https:\/\/i0.wp.com\/www.pfarrei-due-wo.de\/wp-content\/uploads\/2021\/04\/IMG-20210402-WA0013-1.jpg?fit=1200%2C900&ssl=1&resize=350%2C200 1x, https:\/\/i0.wp.com\/www.pfarrei-due-wo.de\/wp-content\/uploads\/2021\/04\/IMG-20210402-WA0013-1.jpg?fit=1200%2C900&ssl=1&resize=525%2C300 1.5x, https:\/\/i0.wp.com\/www.pfarrei-due-wo.de\/wp-content\/uploads\/2021\/04\/IMG-20210402-WA0013-1.jpg?fit=1200%2C900&ssl=1&resize=700%2C400 2x, https:\/\/i0.wp.com\/www.pfarrei-due-wo.de\/wp-content\/uploads\/2021\/04\/IMG-20210402-WA0013-1.jpg?fit=1200%2C900&ssl=1&resize=1050%2C600 3x"},"classes":[]},{"id":9283,"url":"https:\/\/www.pfarrei-due-wo.de\/?p=9283","url_meta":{"origin":4417,"position":4},"title":"Nichts weniger als die Erl\u00f6sung &#8211; Karfreitag in der Pfarrei","author":"Matthias Heimler","date":"7. April 2023","format":false,"excerpt":"Die Liturgie vom Leiden und Sterben des Herrn begann um 15.00 Uhr in der Pfarrkirche. Viele Gl\u00e4ubige kamen, um mitzufeiern. \"Gehen wir hin zum Thron der Gnade\" - so schreibt der Apostel Paulus im Brief an die Hebr\u00e4er - \"damit wir Erbarmen und Gnade finden und so Hilfe erlangen zur\u2026","rel":"","context":"In &quot;Gottesdienste&quot;","block_context":{"text":"Gottesdienste","link":"https:\/\/www.pfarrei-due-wo.de\/?cat=2"},"img":{"alt_text":"","src":"https:\/\/i0.wp.com\/www.pfarrei-due-wo.de\/wp-content\/uploads\/2023\/04\/DSC_0794-scaled.jpg?fit=1200%2C800&ssl=1&resize=350%2C200","width":350,"height":200,"srcset":"https:\/\/i0.wp.com\/www.pfarrei-due-wo.de\/wp-content\/uploads\/2023\/04\/DSC_0794-scaled.jpg?fit=1200%2C800&ssl=1&resize=350%2C200 1x, https:\/\/i0.wp.com\/www.pfarrei-due-wo.de\/wp-content\/uploads\/2023\/04\/DSC_0794-scaled.jpg?fit=1200%2C800&ssl=1&resize=525%2C300 1.5x, https:\/\/i0.wp.com\/www.pfarrei-due-wo.de\/wp-content\/uploads\/2023\/04\/DSC_0794-scaled.jpg?fit=1200%2C800&ssl=1&resize=700%2C400 2x, https:\/\/i0.wp.com\/www.pfarrei-due-wo.de\/wp-content\/uploads\/2023\/04\/DSC_0794-scaled.jpg?fit=1200%2C800&ssl=1&resize=1050%2C600 3x"},"classes":[]},{"id":7501,"url":"https:\/\/www.pfarrei-due-wo.de\/?p=7501","url_meta":{"origin":4417,"position":5},"title":"Wieder Wallfahrt auf den Mariahilfberg","author":"Matthias Heimler","date":"1. Mai 2022","format":false,"excerpt":"Obwohl in den letzten beiden Pandemie-Jahren die Wallfahrt von Fensterbach nach Amberg nie ganz ausgefallen ist, war es doch f\u00fcr die Teilnehmer ein sch\u00f6nes Gef\u00fchl, wieder gemeinsam die 16,5 Kilometer betend und singend gemeinsam zu gehen. Einem alten Gel\u00fcbde folgend, aber mit den Bitten und Anliegen der Menschen von Heute\u2026","rel":"","context":"In &quot;Gottesdienste&quot;","block_context":{"text":"Gottesdienste","link":"https:\/\/www.pfarrei-due-wo.de\/?cat=2"},"img":{"alt_text":"","src":"https:\/\/i0.wp.com\/www.pfarrei-due-wo.de\/wp-content\/uploads\/2022\/05\/20220501_082034-scaled.jpg?fit=1200%2C900&ssl=1&resize=350%2C200","width":350,"height":200,"srcset":"https:\/\/i0.wp.com\/www.pfarrei-due-wo.de\/wp-content\/uploads\/2022\/05\/20220501_082034-scaled.jpg?fit=1200%2C900&ssl=1&resize=350%2C200 1x, https:\/\/i0.wp.com\/www.pfarrei-due-wo.de\/wp-content\/uploads\/2022\/05\/20220501_082034-scaled.jpg?fit=1200%2C900&ssl=1&resize=525%2C300 1.5x, https:\/\/i0.wp.com\/www.pfarrei-due-wo.de\/wp-content\/uploads\/2022\/05\/20220501_082034-scaled.jpg?fit=1200%2C900&ssl=1&resize=700%2C400 2x, https:\/\/i0.wp.com\/www.pfarrei-due-wo.de\/wp-content\/uploads\/2022\/05\/20220501_082034-scaled.jpg?fit=1200%2C900&ssl=1&resize=1050%2C600 3x"},"classes":[]}],"publishpress_future_action":{"enabled":false,"date":"2026-05-08 06:22:06","action":"change-status","newStatus":"draft","terms":[],"taxonomy":"category","extraData":[]},"publishpress_future_workflow_manual_trigger":{"enabledWorkflows":[]},"_links":{"self":[{"href":"https:\/\/www.pfarrei-due-wo.de\/index.php?rest_route=\/wp\/v2\/posts\/4417","targetHints":{"allow":["GET"]}}],"collection":[{"href":"https:\/\/www.pfarrei-due-wo.de\/index.php?rest_route=\/wp\/v2\/posts"}],"about":[{"href":"https:\/\/www.pfarrei-due-wo.de\/index.php?rest_route=\/wp\/v2\/types\/post"}],"author":[{"embeddable":true,"href":"https:\/\/www.pfarrei-due-wo.de\/index.php?rest_route=\/wp\/v2\/users\/4"}],"replies":[{"embeddable":true,"href":"https:\/\/www.pfarrei-due-wo.de\/index.php?rest_route=%2Fwp%2Fv2%2Fcomments&post=4417"}],"version-history":[{"count":4,"href":"https:\/\/www.pfarrei-due-wo.de\/index.php?rest_route=\/wp\/v2\/posts\/4417\/revisions"}],"predecessor-version":[{"id":4427,"href":"https:\/\/www.pfarrei-due-wo.de\/index.php?rest_route=\/wp\/v2\/posts\/4417\/revisions\/4427"}],"wp:featuredmedia":[{"embeddable":true,"href":"https:\/\/www.pfarrei-due-wo.de\/index.php?rest_route=\/wp\/v2\/media\/4400"}],"wp:attachment":[{"href":"https:\/\/www.pfarrei-due-wo.de\/index.php?rest_route=%2Fwp%2Fv2%2Fmedia&parent=4417"}],"wp:term":[{"taxonomy":"category","embeddable":true,"href":"https:\/\/www.pfarrei-due-wo.de\/index.php?rest_route=%2Fwp%2Fv2%2Fcategories&post=4417"},{"taxonomy":"post_tag","embeddable":true,"href":"https:\/\/www.pfarrei-due-wo.de\/index.php?rest_route=%2Fwp%2Fv2%2Ftags&post=4417"}],"curies":[{"name":"wp","href":"https:\/\/api.w.org\/{rel}","templated":true}]}}