{"id":4167,"date":"2020-02-02T20:39:44","date_gmt":"2020-02-02T19:39:44","guid":{"rendered":"http:\/\/www.pfarrei-due-wo.de\/?p=4167"},"modified":"2022-01-13T16:06:38","modified_gmt":"2022-01-13T15:06:38","slug":"rauschendes-fest-pfarrer-salzl-feiert-80sten-geburtstag","status":"publish","type":"post","link":"https:\/\/www.pfarrei-due-wo.de\/?p=4167","title":{"rendered":"Rauschendes Fest &#8211; Pfarrer Salzl feiert 80sten Geburtstag"},"content":{"rendered":"<p>Mit einem Benefizkonzert in der Pfarrkirche in Schmidgaden begann die Geburtstagsfeier von Pfr. Salzl, der seinen 80sten Geburtstag begehen konnte. Viele seiner musikalischen Freunde haben es sich nicht nehmen lassen, ein gewaltiges Konzert auf die Beine zu stellen. Den Erl\u00f6s erbat Pfarrer Salzl f\u00fcr soziale Projekte in der Oberpfalz.<\/p>\n<p>Im Anschluss wurde in der Schulaula in Schmidgaden weitergefeiert. Viele pers\u00f6nliche Gratulationen wurden ausgesprochen. Pfarrgemeinder\u00e4te aus Schmidgaden und Rottendorf haben dazu den Rahmen vorbildlich gestaltet.<\/p>\n","protected":false},"excerpt":{"rendered":"<p>Mit einem Benefizkonzert in der Pfarrkirche in Schmidgaden begann die Geburtstagsfeier von Pfr. Salzl, der seinen 80sten Geburtstag begehen konnte. Viele seiner musikalischen Freunde haben es sich nicht nehmen lassen, &hellip; <\/p>\n","protected":false},"author":4,"featured_media":4168,"comment_status":"closed","ping_status":"closed","sticky":false,"template":"","format":"standard","meta":{"jetpack_post_was_ever_published":false,"_jetpack_newsletter_access":"","_jetpack_dont_email_post_to_subs":false,"_jetpack_newsletter_tier_id":0,"_jetpack_memberships_contains_paywalled_content":false,"_jetpack_memberships_contains_paid_content":false,"footnotes":"","jetpack_publicize_message":"","jetpack_publicize_feature_enabled":true,"jetpack_social_post_already_shared":true,"jetpack_social_options":{"image_generator_settings":{"template":"highway","default_image_id":0,"font":"","enabled":false},"version":2}},"categories":[6],"tags":[],"class_list":["post-4167","post","type-post","status-publish","format-standard","has-post-thumbnail","hentry","category-pfarrei-erleben"],"jetpack_publicize_connections":[],"jetpack_featured_media_url":"https:\/\/i0.wp.com\/www.pfarrei-due-wo.de\/wp-content\/uploads\/2020\/02\/20200202_150819-scaled.jpg?fit=2560%2C1920&ssl=1","jetpack_sharing_enabled":true,"jetpack_shortlink":"https:\/\/wp.me\/p8HCtc-15d","jetpack-related-posts":[{"id":6704,"url":"https:\/\/www.pfarrei-due-wo.de\/?p=6704","url_meta":{"origin":4167,"position":0},"title":"Oktoberrosenkranz der Senioren","author":"Matthias Heimler","date":"26. Oktober 2021","format":false,"excerpt":"Die Pfarrei hatte die Senioren f\u00fcr Donnerstag, den 21. Oktober 2021, zum Oktoberrosenkranz eingeladen. Pfarrer Michael Hoch konnte unter den vielen Besuchern auch die beiden Geistlichen Hans Sch\u00e4chtl und Richard Salzl begr\u00fc\u00dfen. Gemeinsam betete man die weniger bekannten lichtreichen Geheimnisse: Jesus, der von Johannes getauft worden ist. Jesus, der sich\u2026","rel":"","context":"In &quot;Senioren&quot;","block_context":{"text":"Senioren","link":"https:\/\/www.pfarrei-due-wo.de\/?cat=5"},"img":{"alt_text":"","src":"https:\/\/i0.wp.com\/www.pfarrei-due-wo.de\/wp-content\/uploads\/2021\/10\/senioren_oktoberrosenkranz_1-scaled.jpg?fit=1200%2C571&ssl=1&resize=350%2C200","width":350,"height":200,"srcset":"https:\/\/i0.wp.com\/www.pfarrei-due-wo.de\/wp-content\/uploads\/2021\/10\/senioren_oktoberrosenkranz_1-scaled.jpg?fit=1200%2C571&ssl=1&resize=350%2C200 1x, https:\/\/i0.wp.com\/www.pfarrei-due-wo.de\/wp-content\/uploads\/2021\/10\/senioren_oktoberrosenkranz_1-scaled.jpg?fit=1200%2C571&ssl=1&resize=525%2C300 1.5x, https:\/\/i0.wp.com\/www.pfarrei-due-wo.de\/wp-content\/uploads\/2021\/10\/senioren_oktoberrosenkranz_1-scaled.jpg?fit=1200%2C571&ssl=1&resize=700%2C400 2x, https:\/\/i0.wp.com\/www.pfarrei-due-wo.de\/wp-content\/uploads\/2021\/10\/senioren_oktoberrosenkranz_1-scaled.jpg?fit=1200%2C571&ssl=1&resize=1050%2C600 3x"},"classes":[]},{"id":13396,"url":"https:\/\/www.pfarrei-due-wo.de\/?p=13396","url_meta":{"origin":4167,"position":1},"title":"In der l\u00e4ngsten Nacht des Jahres ein Licht angez\u00fcndet!","author":"Florian Schiessl","date":"23. Dezember 2025","format":false,"excerpt":"Die Pfarrei St. Albertus-Magnus D\u00fcrnsricht lud am 4. Advent zum Altbayerischen Weihnachtssingen in die Pfarrkirche ein. Alle Kerzen am Adventskranz waren entz\u00fcndet Und im Altarraum nahmen die Geschwister Winterer mit Anton aus Schwarzenfeld, Barbara und Martin aus Schmidgaden und die Wernberger Stubenmusik Platz. Die besinnlichen Texte sprach Anderl Ebnet aus\u2026","rel":"","context":"In &quot;Musik&quot;","block_context":{"text":"Musik","link":"https:\/\/www.pfarrei-due-wo.de\/?cat=11"},"img":{"alt_text":"","src":"https:\/\/i0.wp.com\/www.pfarrei-due-wo.de\/wp-content\/uploads\/2025\/12\/image0-1-scaled.jpeg?fit=1200%2C900&ssl=1&resize=350%2C200","width":350,"height":200,"srcset":"https:\/\/i0.wp.com\/www.pfarrei-due-wo.de\/wp-content\/uploads\/2025\/12\/image0-1-scaled.jpeg?fit=1200%2C900&ssl=1&resize=350%2C200 1x, https:\/\/i0.wp.com\/www.pfarrei-due-wo.de\/wp-content\/uploads\/2025\/12\/image0-1-scaled.jpeg?fit=1200%2C900&ssl=1&resize=525%2C300 1.5x, https:\/\/i0.wp.com\/www.pfarrei-due-wo.de\/wp-content\/uploads\/2025\/12\/image0-1-scaled.jpeg?fit=1200%2C900&ssl=1&resize=700%2C400 2x, https:\/\/i0.wp.com\/www.pfarrei-due-wo.de\/wp-content\/uploads\/2025\/12\/image0-1-scaled.jpeg?fit=1200%2C900&ssl=1&resize=1050%2C600 3x"},"classes":[]},{"id":13083,"url":"https:\/\/www.pfarrei-due-wo.de\/?p=13083","url_meta":{"origin":4167,"position":2},"title":"Ein Fest des Glaubens in D\u00fcrnsricht!","author":"Florian Schiessl","date":"12. Oktober 2025","format":false,"excerpt":"Am Samstag, den 4. Oktober 2025 durften 64 junge Christen aus der Pfarrei D\u00fcrnsricht, Wolfring und H\u00f6gling, sowie Schmidgaden, Rottendorf und Trisching das Sakrament der Firmung empfangen. Der gemeinsame Firmweg hin zur Firmung, stand in der Pfarrei unter dem Thema: Glaubensfenster! W\u00e4hrend des sechs Monate dauernden Firmweges wurde eine Scheibe\u2026","rel":"","context":"In &quot;Firmung&quot;","block_context":{"text":"Firmung","link":"https:\/\/www.pfarrei-due-wo.de\/?cat=3"},"img":{"alt_text":"","src":"https:\/\/i0.wp.com\/www.pfarrei-due-wo.de\/wp-content\/uploads\/2025\/10\/PHOTO-2025-10-10-11-16-19-1.jpg?fit=1200%2C797&ssl=1&resize=350%2C200","width":350,"height":200,"srcset":"https:\/\/i0.wp.com\/www.pfarrei-due-wo.de\/wp-content\/uploads\/2025\/10\/PHOTO-2025-10-10-11-16-19-1.jpg?fit=1200%2C797&ssl=1&resize=350%2C200 1x, https:\/\/i0.wp.com\/www.pfarrei-due-wo.de\/wp-content\/uploads\/2025\/10\/PHOTO-2025-10-10-11-16-19-1.jpg?fit=1200%2C797&ssl=1&resize=525%2C300 1.5x, https:\/\/i0.wp.com\/www.pfarrei-due-wo.de\/wp-content\/uploads\/2025\/10\/PHOTO-2025-10-10-11-16-19-1.jpg?fit=1200%2C797&ssl=1&resize=700%2C400 2x, https:\/\/i0.wp.com\/www.pfarrei-due-wo.de\/wp-content\/uploads\/2025\/10\/PHOTO-2025-10-10-11-16-19-1.jpg?fit=1200%2C797&ssl=1&resize=1050%2C600 3x"},"classes":[]},{"id":9944,"url":"https:\/\/www.pfarrei-due-wo.de\/?p=9944","url_meta":{"origin":4167,"position":3},"title":"Beeindruckendes Konzert mit Wolfgang Kraus und den Kirchench\u00f6ren","author":"Matthias Heimler","date":"18. Juni 2023","format":false,"excerpt":"Aus dem Gemeinschaftswerk zwischen dem Organisten Wolfgang Kraus und den Kirchench\u00f6ren D\u00fcrnsricht-Wolfring, Schmidgaden und Rottendorf wurde ein einmaliges H\u00f6rerlebnis. Mit Werken aus verschiedenen Jahrhunderten begeisterte Wolfgang Kraus an der Orgel in bekannt gro\u00dfartiger Weise ein gro\u00dfes Publikum. Zu Ehren und in Erinnerung an den k\u00fcrzlich verstorbenen Chors\u00e4nger und Sprecher des\u2026","rel":"","context":"In &quot;Musik&quot;","block_context":{"text":"Musik","link":"https:\/\/www.pfarrei-due-wo.de\/?cat=11"},"img":{"alt_text":"","src":"https:\/\/i0.wp.com\/www.pfarrei-due-wo.de\/wp-content\/uploads\/2023\/06\/20230618_180908-scaled.jpg?resize=350%2C200","width":350,"height":200,"srcset":"https:\/\/i0.wp.com\/www.pfarrei-due-wo.de\/wp-content\/uploads\/2023\/06\/20230618_180908-scaled.jpg?resize=350%2C200 1x, https:\/\/i0.wp.com\/www.pfarrei-due-wo.de\/wp-content\/uploads\/2023\/06\/20230618_180908-scaled.jpg?resize=525%2C300 1.5x, https:\/\/i0.wp.com\/www.pfarrei-due-wo.de\/wp-content\/uploads\/2023\/06\/20230618_180908-scaled.jpg?resize=700%2C400 2x, https:\/\/i0.wp.com\/www.pfarrei-due-wo.de\/wp-content\/uploads\/2023\/06\/20230618_180908-scaled.jpg?resize=1050%2C600 3x, https:\/\/i0.wp.com\/www.pfarrei-due-wo.de\/wp-content\/uploads\/2023\/06\/20230618_180908-scaled.jpg?resize=1400%2C800 4x"},"classes":[]},{"id":12317,"url":"https:\/\/www.pfarrei-due-wo.de\/?p=12317","url_meta":{"origin":4167,"position":4},"title":"Aktionen der Ministranten im Advent","author":"Anna-Lena Dittrich","date":"9. Januar 2025","format":false,"excerpt":"In der Adventszeit wurden viele Aktionen durchgef\u00fchrt. Begonnen haben wir mit einer gro\u00dfen Backaktion in der Schulk\u00fcche der Mittelschule in Schmidgaden. Dort wurde in flei\u00dfiger Handarbeit eine Vielzahl an leckeren und wundersch\u00f6n verzierte Pl\u00e4tzchen gebacken. Am Nikolaustag waren alle Ministranten zur Weihnachtsfeier ins Jugendheim eingeladen. Bei Kinderpunsch, Mandarinen, Lebkuchen und\u2026","rel":"","context":"In &quot;Jugend&quot;","block_context":{"text":"Jugend","link":"https:\/\/www.pfarrei-due-wo.de\/?cat=9"},"img":{"alt_text":"","src":"https:\/\/i0.wp.com\/www.pfarrei-due-wo.de\/wp-content\/uploads\/2025\/01\/Plaetzchen-4-24.jpg?fit=1200%2C898&ssl=1&resize=350%2C200","width":350,"height":200,"srcset":"https:\/\/i0.wp.com\/www.pfarrei-due-wo.de\/wp-content\/uploads\/2025\/01\/Plaetzchen-4-24.jpg?fit=1200%2C898&ssl=1&resize=350%2C200 1x, https:\/\/i0.wp.com\/www.pfarrei-due-wo.de\/wp-content\/uploads\/2025\/01\/Plaetzchen-4-24.jpg?fit=1200%2C898&ssl=1&resize=525%2C300 1.5x, https:\/\/i0.wp.com\/www.pfarrei-due-wo.de\/wp-content\/uploads\/2025\/01\/Plaetzchen-4-24.jpg?fit=1200%2C898&ssl=1&resize=700%2C400 2x, https:\/\/i0.wp.com\/www.pfarrei-due-wo.de\/wp-content\/uploads\/2025\/01\/Plaetzchen-4-24.jpg?fit=1200%2C898&ssl=1&resize=1050%2C600 3x"},"classes":[]},{"id":11179,"url":"https:\/\/www.pfarrei-due-wo.de\/?p=11179","url_meta":{"origin":4167,"position":5},"title":"Aktionen der Ministranten im Advent","author":"Anna-Lena Dittrich","date":"7. Januar 2024","format":false,"excerpt":"In der Adventszeit haben unsere Ministranten viele sch\u00f6ne Dinge gemacht und auch flei\u00dfig gearbeitet. Begonnen haben wir mit einer gro\u00dfen Pl\u00e4tzchenback Aktion in der Schulk\u00fcche in der Mittelschule in Schmidgaden. Mit dabei war fast die H\u00e4lfte aller Ministranten, die in flei\u00dfiger Handarbeit wirklich leckere und wundersch\u00f6n verziehrte Pl\u00e4tzchen gebacken haben.\u2026","rel":"","context":"In &quot;Jugend&quot;","block_context":{"text":"Jugend","link":"https:\/\/www.pfarrei-due-wo.de\/?cat=9"},"img":{"alt_text":"","src":"https:\/\/i0.wp.com\/www.pfarrei-due-wo.de\/wp-content\/uploads\/2023\/11\/Plaetzchen-10.jpg?fit=898%2C1200&ssl=1&resize=350%2C200","width":350,"height":200,"srcset":"https:\/\/i0.wp.com\/www.pfarrei-due-wo.de\/wp-content\/uploads\/2023\/11\/Plaetzchen-10.jpg?fit=898%2C1200&ssl=1&resize=350%2C200 1x, https:\/\/i0.wp.com\/www.pfarrei-due-wo.de\/wp-content\/uploads\/2023\/11\/Plaetzchen-10.jpg?fit=898%2C1200&ssl=1&resize=525%2C300 1.5x, https:\/\/i0.wp.com\/www.pfarrei-due-wo.de\/wp-content\/uploads\/2023\/11\/Plaetzchen-10.jpg?fit=898%2C1200&ssl=1&resize=700%2C400 2x"},"classes":[]}],"publishpress_future_action":{"enabled":false,"date":"2026-05-09 13:43:49","action":"change-status","newStatus":"draft","terms":[],"taxonomy":"category","extraData":[]},"publishpress_future_workflow_manual_trigger":{"enabledWorkflows":[]},"_links":{"self":[{"href":"https:\/\/www.pfarrei-due-wo.de\/index.php?rest_route=\/wp\/v2\/posts\/4167","targetHints":{"allow":["GET"]}}],"collection":[{"href":"https:\/\/www.pfarrei-due-wo.de\/index.php?rest_route=\/wp\/v2\/posts"}],"about":[{"href":"https:\/\/www.pfarrei-due-wo.de\/index.php?rest_route=\/wp\/v2\/types\/post"}],"author":[{"embeddable":true,"href":"https:\/\/www.pfarrei-due-wo.de\/index.php?rest_route=\/wp\/v2\/users\/4"}],"replies":[{"embeddable":true,"href":"https:\/\/www.pfarrei-due-wo.de\/index.php?rest_route=%2Fwp%2Fv2%2Fcomments&post=4167"}],"version-history":[{"count":1,"href":"https:\/\/www.pfarrei-due-wo.de\/index.php?rest_route=\/wp\/v2\/posts\/4167\/revisions"}],"predecessor-version":[{"id":4169,"href":"https:\/\/www.pfarrei-due-wo.de\/index.php?rest_route=\/wp\/v2\/posts\/4167\/revisions\/4169"}],"wp:featuredmedia":[{"embeddable":true,"href":"https:\/\/www.pfarrei-due-wo.de\/index.php?rest_route=\/wp\/v2\/media\/4168"}],"wp:attachment":[{"href":"https:\/\/www.pfarrei-due-wo.de\/index.php?rest_route=%2Fwp%2Fv2%2Fmedia&parent=4167"}],"wp:term":[{"taxonomy":"category","embeddable":true,"href":"https:\/\/www.pfarrei-due-wo.de\/index.php?rest_route=%2Fwp%2Fv2%2Fcategories&post=4167"},{"taxonomy":"post_tag","embeddable":true,"href":"https:\/\/www.pfarrei-due-wo.de\/index.php?rest_route=%2Fwp%2Fv2%2Ftags&post=4167"}],"curies":[{"name":"wp","href":"https:\/\/api.w.org\/{rel}","templated":true}]}}