{"id":4164,"date":"2020-02-13T22:25:22","date_gmt":"2020-02-13T21:25:22","guid":{"rendered":"http:\/\/www.pfarrei-due-wo.de\/?p=4164"},"modified":"2022-01-13T16:06:38","modified_gmt":"2022-01-13T15:06:38","slug":"grosse-visitation","status":"publish","type":"post","link":"https:\/\/www.pfarrei-due-wo.de\/?p=4164","title":{"rendered":"Gro\u00dfe Visitation"},"content":{"rendered":"<p>Zur sogenannten &#8222;Gro\u00dfen Visistation&#8220; war Regionaldekan Direktor Manfred Strigl in die Pfarrei D\u00fcrnsricht-Wolfring-H\u00f6gling gekommen. Zun\u00e4chst stand das Gespr\u00e4ch mit den Seelsorgern auf dem Programm, wo die pastoralen Entwicklungen der vergangenen 10 Jahre in den Blick genommen wurden. Zum gemeinsamen Gottesdienst in Wolfring kamen die Vertreter des Pfarrgemeinderates, der Ortsaussch\u00fcsse und der Kirchenverwaltungen dazu, die im Anschluss mit Regionaldekan Strigl ebenfalls \u00fcber die letzten 10 Jahre ins Gespr\u00e4ch kamen.<\/p>\n<p>Der kritische Blick auf die aktuelle Lage der Pfarrei soll &#8211; zumindest alle 10 Jahre &#8211; die Gremien zu einer Reflexion ihres Tuns einladen. Dar\u00fcber hinaus werden die abgegebenen Berichte, zusammen mit dem Bericht des Regionaldekans an den Bischof weitergeleitet, der seinerseits \u00fcber die Entwicklungen der Seelsorgestelle informiert sein soll.<\/p>\n","protected":false},"excerpt":{"rendered":"<p>Zur sogenannten &#8222;Gro\u00dfen Visistation&#8220; war Regionaldekan Direktor Manfred Strigl in die Pfarrei D\u00fcrnsricht-Wolfring-H\u00f6gling gekommen. Zun\u00e4chst stand das Gespr\u00e4ch mit den Seelsorgern auf dem Programm, wo die pastoralen Entwicklungen der vergangenen &hellip; <\/p>\n","protected":false},"author":4,"featured_media":4165,"comment_status":"closed","ping_status":"closed","sticky":false,"template":"","format":"standard","meta":{"jetpack_post_was_ever_published":false,"_jetpack_newsletter_access":"","_jetpack_dont_email_post_to_subs":false,"_jetpack_newsletter_tier_id":0,"_jetpack_memberships_contains_paywalled_content":false,"_jetpack_memberships_contains_paid_content":false,"footnotes":"","jetpack_publicize_message":"","jetpack_publicize_feature_enabled":true,"jetpack_social_post_already_shared":true,"jetpack_social_options":{"image_generator_settings":{"template":"highway","default_image_id":0,"font":"","enabled":false},"version":2}},"categories":[6],"tags":[],"class_list":["post-4164","post","type-post","status-publish","format-standard","has-post-thumbnail","hentry","category-pfarrei-erleben"],"jetpack_publicize_connections":[],"jetpack_featured_media_url":"https:\/\/i0.wp.com\/www.pfarrei-due-wo.de\/wp-content\/uploads\/2020\/02\/20200213_204640-scaled.jpg?fit=2560%2C1920&ssl=1","jetpack_sharing_enabled":true,"jetpack_shortlink":"https:\/\/wp.me\/p8HCtc-15a","jetpack-related-posts":[{"id":8266,"url":"https:\/\/www.pfarrei-due-wo.de\/?p=8266","url_meta":{"origin":4164,"position":0},"title":"Allerheiligen und Allerseelen bringt viele Menschen zusammen","author":"Matthias Heimler","date":"2. November 2022","format":false,"excerpt":"Die Festgottesdienste zum Hochfest Allerheiligen fanden mit musikalischer Unterst\u00fctzung der Kirchench\u00f6re der Pfarrei statt. Ihre Gestaltung lie\u00df den festlichen Charakter des Allerheiligenfestes sp\u00fcrbar werden. In H\u00f6gling sang der H\u00f6glinger Kirchenchor bei der Vorabendmesse, in Wolfring der Kirchenchor D\u00fcrnsricht-Wolfring. \"Allerheiligen ist das Osterfest des Herbstes\", so Pfr. Hoch bei der Hinf\u00fchrung\u2026","rel":"","context":"In &quot;Gottesdienste&quot;","block_context":{"text":"Gottesdienste","link":"https:\/\/www.pfarrei-due-wo.de\/?cat=2"},"img":{"alt_text":"","src":"https:\/\/i0.wp.com\/www.pfarrei-due-wo.de\/wp-content\/uploads\/2022\/11\/IMG_0212-scaled-e1667382699854.jpeg?fit=1200%2C948&ssl=1&resize=350%2C200","width":350,"height":200,"srcset":"https:\/\/i0.wp.com\/www.pfarrei-due-wo.de\/wp-content\/uploads\/2022\/11\/IMG_0212-scaled-e1667382699854.jpeg?fit=1200%2C948&ssl=1&resize=350%2C200 1x, https:\/\/i0.wp.com\/www.pfarrei-due-wo.de\/wp-content\/uploads\/2022\/11\/IMG_0212-scaled-e1667382699854.jpeg?fit=1200%2C948&ssl=1&resize=525%2C300 1.5x, https:\/\/i0.wp.com\/www.pfarrei-due-wo.de\/wp-content\/uploads\/2022\/11\/IMG_0212-scaled-e1667382699854.jpeg?fit=1200%2C948&ssl=1&resize=700%2C400 2x, https:\/\/i0.wp.com\/www.pfarrei-due-wo.de\/wp-content\/uploads\/2022\/11\/IMG_0212-scaled-e1667382699854.jpeg?fit=1200%2C948&ssl=1&resize=1050%2C600 3x"},"classes":[]},{"id":8081,"url":"https:\/\/www.pfarrei-due-wo.de\/?p=8081","url_meta":{"origin":4164,"position":1},"title":"275 Jahre Schutzengel-Bruderschaft in Wolfring","author":"Matthias Heimler","date":"25. September 2022","format":false,"excerpt":"275 Jahre gibt es die Schutzengelbruderschaft in Wolfring nachweislich. Zum Hauptfest kamen zahlreiche Gl\u00e4ubige und Bruderschaftsmitglieder zusammen, um gemeinsam Gottesdienst zu feiern und ihr Bruderschaftsgebet zu beten. Zum Festgottesdienst am Vormittag kam P. Thomas H\u00f6flich CP, dessen Nachprimiz in der Pfarrei im Sommer leider entfallen musste. Er erkl\u00e4rte sich spontan\u2026","rel":"","context":"In &quot;Gottesdienste&quot;","block_context":{"text":"Gottesdienste","link":"https:\/\/www.pfarrei-due-wo.de\/?cat=2"},"img":{"alt_text":"","src":"https:\/\/i0.wp.com\/www.pfarrei-due-wo.de\/wp-content\/uploads\/2022\/09\/2022.09.25-Br-31-scaled.jpg?fit=1200%2C800&ssl=1&resize=350%2C200","width":350,"height":200,"srcset":"https:\/\/i0.wp.com\/www.pfarrei-due-wo.de\/wp-content\/uploads\/2022\/09\/2022.09.25-Br-31-scaled.jpg?fit=1200%2C800&ssl=1&resize=350%2C200 1x, https:\/\/i0.wp.com\/www.pfarrei-due-wo.de\/wp-content\/uploads\/2022\/09\/2022.09.25-Br-31-scaled.jpg?fit=1200%2C800&ssl=1&resize=525%2C300 1.5x, https:\/\/i0.wp.com\/www.pfarrei-due-wo.de\/wp-content\/uploads\/2022\/09\/2022.09.25-Br-31-scaled.jpg?fit=1200%2C800&ssl=1&resize=700%2C400 2x, https:\/\/i0.wp.com\/www.pfarrei-due-wo.de\/wp-content\/uploads\/2022\/09\/2022.09.25-Br-31-scaled.jpg?fit=1200%2C800&ssl=1&resize=1050%2C600 3x"},"classes":[]},{"id":9666,"url":"https:\/\/www.pfarrei-due-wo.de\/?p=9666","url_meta":{"origin":4164,"position":2},"title":"Nahrung f\u00fcr K\u00f6rper und Seele &#8211; Flurprozession lenkt Blick auf den ganzen Menschen","author":"Matthias Heimler","date":"8. Mai 2023","format":false,"excerpt":"Die sogenannte gro\u00dfe Flurprozession findet jedes Jahr in einer anderen Ortschaft der Pfarrei statt. In diesem Jahr war die Ortschaft Wolfring dran. Der Sonntagsgottesdienst fand bei strahlendem Sonnenschein auf dem Dorfplatz in Wolfring statt. Die Vereine schickten Fahnenabordnungen und der Kirchenchor der Pfarrei und die Jugendblaskapelle gestalteten die Messe besonders\u2026","rel":"","context":"In &quot;Gottesdienste&quot;","block_context":{"text":"Gottesdienste","link":"https:\/\/www.pfarrei-due-wo.de\/?cat=2"},"img":{"alt_text":"","src":"https:\/\/i0.wp.com\/www.pfarrei-due-wo.de\/wp-content\/uploads\/2023\/05\/IMG-20230509-WA0002-e1683637728330.jpg?fit=1200%2C786&ssl=1&resize=350%2C200","width":350,"height":200,"srcset":"https:\/\/i0.wp.com\/www.pfarrei-due-wo.de\/wp-content\/uploads\/2023\/05\/IMG-20230509-WA0002-e1683637728330.jpg?fit=1200%2C786&ssl=1&resize=350%2C200 1x, https:\/\/i0.wp.com\/www.pfarrei-due-wo.de\/wp-content\/uploads\/2023\/05\/IMG-20230509-WA0002-e1683637728330.jpg?fit=1200%2C786&ssl=1&resize=525%2C300 1.5x, https:\/\/i0.wp.com\/www.pfarrei-due-wo.de\/wp-content\/uploads\/2023\/05\/IMG-20230509-WA0002-e1683637728330.jpg?fit=1200%2C786&ssl=1&resize=700%2C400 2x, https:\/\/i0.wp.com\/www.pfarrei-due-wo.de\/wp-content\/uploads\/2023\/05\/IMG-20230509-WA0002-e1683637728330.jpg?fit=1200%2C786&ssl=1&resize=1050%2C600 3x"},"classes":[]},{"id":10814,"url":"https:\/\/www.pfarrei-due-wo.de\/?p=10814","url_meta":{"origin":4164,"position":3},"title":"Bruderschaftsfest mit Lichterprozession","author":"Anna-Lena Dittrich","date":"26. September 2023","format":false,"excerpt":"Traditionell wurde in Wolfring das Bruderschaftsfest begangen. Mit einem feierlichen Festgottesdienst startete man in den Sonntag. Am Abend trafen sich die Gl\u00e4ubigen zu einer kurzen Andacht, bei der auch Ehrungen anl\u00e4sslich der 50j\u00e4hrigen Mitgliedschaft vorgenommen wurden. Auch 4 Kinder wurden neu in die Bruderschaft aufgenommen. Im Anschluss machte man sich\u2026","rel":"","context":"In &quot;Gottesdienste&quot;","block_context":{"text":"Gottesdienste","link":"https:\/\/www.pfarrei-due-wo.de\/?cat=2"},"img":{"alt_text":"","src":"https:\/\/i0.wp.com\/www.pfarrei-due-wo.de\/wp-content\/uploads\/2023\/09\/Licherprozession-Fensterbild.jpg?fit=1074%2C1094&ssl=1&resize=350%2C200","width":350,"height":200,"srcset":"https:\/\/i0.wp.com\/www.pfarrei-due-wo.de\/wp-content\/uploads\/2023\/09\/Licherprozession-Fensterbild.jpg?fit=1074%2C1094&ssl=1&resize=350%2C200 1x, https:\/\/i0.wp.com\/www.pfarrei-due-wo.de\/wp-content\/uploads\/2023\/09\/Licherprozession-Fensterbild.jpg?fit=1074%2C1094&ssl=1&resize=525%2C300 1.5x, https:\/\/i0.wp.com\/www.pfarrei-due-wo.de\/wp-content\/uploads\/2023\/09\/Licherprozession-Fensterbild.jpg?fit=1074%2C1094&ssl=1&resize=700%2C400 2x, https:\/\/i0.wp.com\/www.pfarrei-due-wo.de\/wp-content\/uploads\/2023\/09\/Licherprozession-Fensterbild.jpg?fit=1074%2C1094&ssl=1&resize=1050%2C600 3x"},"classes":[]},{"id":5265,"url":"https:\/\/www.pfarrei-due-wo.de\/?p=5265","url_meta":{"origin":4164,"position":4},"title":"Allerheiligen &#038; Allerseelen","author":"Matthias Heimler","date":"5. November 2020","format":false,"excerpt":"Die Feier des Verstorbenengedenkens an Allerheiligen bzw. an Allerseelen geh\u00f6rt zum festen Jahresablauf in vielen Familien. In diesem Jahr wurde die Feier allerdings erschwert durch die Beschr\u00e4nkungen zur Verhinderung einer weiteren Ausbreitung des Corona-Virus. Auch in der Pfarrei D\u00fcrnsricht-Wolfring haben sich die Verantwortlichen im Pfarrgemeinderat und den Ortsaussch\u00fcssen beraten, wie\u2026","rel":"","context":"In &quot;Gottesdienste&quot;","block_context":{"text":"Gottesdienste","link":"https:\/\/www.pfarrei-due-wo.de\/?cat=2"},"img":{"alt_text":"","src":"https:\/\/i0.wp.com\/www.pfarrei-due-wo.de\/wp-content\/uploads\/2020\/11\/20201101_134016-scaled.jpg?fit=1200%2C900&ssl=1&resize=350%2C200","width":350,"height":200,"srcset":"https:\/\/i0.wp.com\/www.pfarrei-due-wo.de\/wp-content\/uploads\/2020\/11\/20201101_134016-scaled.jpg?fit=1200%2C900&ssl=1&resize=350%2C200 1x, https:\/\/i0.wp.com\/www.pfarrei-due-wo.de\/wp-content\/uploads\/2020\/11\/20201101_134016-scaled.jpg?fit=1200%2C900&ssl=1&resize=525%2C300 1.5x, https:\/\/i0.wp.com\/www.pfarrei-due-wo.de\/wp-content\/uploads\/2020\/11\/20201101_134016-scaled.jpg?fit=1200%2C900&ssl=1&resize=700%2C400 2x, https:\/\/i0.wp.com\/www.pfarrei-due-wo.de\/wp-content\/uploads\/2020\/11\/20201101_134016-scaled.jpg?fit=1200%2C900&ssl=1&resize=1050%2C600 3x"},"classes":[]},{"id":13866,"url":"https:\/\/www.pfarrei-due-wo.de\/?p=13866","url_meta":{"origin":4164,"position":5},"title":"Verabschiedung langj\u00e4hriger PGR Mitglieder","author":"Florian Schiessl","date":"29. April 2026","format":false,"excerpt":"Beim Sonntagsgottesdienst am 19.04. wurden die ausgeschiedenen PGR-Mitglieder in der Pfarrkirche St. Albertus Magnus verabschiedet. Pfr. Celestine w\u00fcrdigte das Engagement und die Verantwortung, die die Mitglieder \u00fcber Jahre hinweg getragen haben. Jeder einzelne hat das Pfarrleben entscheidend mitgepr\u00e4gt und mitgestaltet und zu einem lebendigen Miteinander beigetragen. Vergelts Gott an Irene\u2026","rel":"","context":"In &quot;Gottesdienste&quot;","block_context":{"text":"Gottesdienste","link":"https:\/\/www.pfarrei-due-wo.de\/?cat=2"},"img":{"alt_text":"","src":"https:\/\/i0.wp.com\/www.pfarrei-due-wo.de\/wp-content\/uploads\/2026\/04\/Verabschiedung-PGR.jpg?fit=1182%2C1195&ssl=1&resize=350%2C200","width":350,"height":200,"srcset":"https:\/\/i0.wp.com\/www.pfarrei-due-wo.de\/wp-content\/uploads\/2026\/04\/Verabschiedung-PGR.jpg?fit=1182%2C1195&ssl=1&resize=350%2C200 1x, https:\/\/i0.wp.com\/www.pfarrei-due-wo.de\/wp-content\/uploads\/2026\/04\/Verabschiedung-PGR.jpg?fit=1182%2C1195&ssl=1&resize=525%2C300 1.5x, https:\/\/i0.wp.com\/www.pfarrei-due-wo.de\/wp-content\/uploads\/2026\/04\/Verabschiedung-PGR.jpg?fit=1182%2C1195&ssl=1&resize=700%2C400 2x, https:\/\/i0.wp.com\/www.pfarrei-due-wo.de\/wp-content\/uploads\/2026\/04\/Verabschiedung-PGR.jpg?fit=1182%2C1195&ssl=1&resize=1050%2C600 3x"},"classes":[]}],"publishpress_future_action":{"enabled":false,"date":"2026-05-08 08:31:38","action":"change-status","newStatus":"draft","terms":[],"taxonomy":"category","extraData":[]},"publishpress_future_workflow_manual_trigger":{"enabledWorkflows":[]},"_links":{"self":[{"href":"https:\/\/www.pfarrei-due-wo.de\/index.php?rest_route=\/wp\/v2\/posts\/4164","targetHints":{"allow":["GET"]}}],"collection":[{"href":"https:\/\/www.pfarrei-due-wo.de\/index.php?rest_route=\/wp\/v2\/posts"}],"about":[{"href":"https:\/\/www.pfarrei-due-wo.de\/index.php?rest_route=\/wp\/v2\/types\/post"}],"author":[{"embeddable":true,"href":"https:\/\/www.pfarrei-due-wo.de\/index.php?rest_route=\/wp\/v2\/users\/4"}],"replies":[{"embeddable":true,"href":"https:\/\/www.pfarrei-due-wo.de\/index.php?rest_route=%2Fwp%2Fv2%2Fcomments&post=4164"}],"version-history":[{"count":1,"href":"https:\/\/www.pfarrei-due-wo.de\/index.php?rest_route=\/wp\/v2\/posts\/4164\/revisions"}],"predecessor-version":[{"id":4166,"href":"https:\/\/www.pfarrei-due-wo.de\/index.php?rest_route=\/wp\/v2\/posts\/4164\/revisions\/4166"}],"wp:featuredmedia":[{"embeddable":true,"href":"https:\/\/www.pfarrei-due-wo.de\/index.php?rest_route=\/wp\/v2\/media\/4165"}],"wp:attachment":[{"href":"https:\/\/www.pfarrei-due-wo.de\/index.php?rest_route=%2Fwp%2Fv2%2Fmedia&parent=4164"}],"wp:term":[{"taxonomy":"category","embeddable":true,"href":"https:\/\/www.pfarrei-due-wo.de\/index.php?rest_route=%2Fwp%2Fv2%2Fcategories&post=4164"},{"taxonomy":"post_tag","embeddable":true,"href":"https:\/\/www.pfarrei-due-wo.de\/index.php?rest_route=%2Fwp%2Fv2%2Ftags&post=4164"}],"curies":[{"name":"wp","href":"https:\/\/api.w.org\/{rel}","templated":true}]}}