{"id":4145,"date":"2020-02-16T20:38:28","date_gmt":"2020-02-16T19:38:28","guid":{"rendered":"http:\/\/www.pfarrei-due-wo.de\/?p=4145"},"modified":"2022-01-13T16:06:38","modified_gmt":"2022-01-13T15:06:38","slug":"gottesdienst-fuer-verliebte","status":"publish","type":"post","link":"https:\/\/www.pfarrei-due-wo.de\/?p=4145","title":{"rendered":"Gottesdienst f\u00fcr Verliebte"},"content":{"rendered":"<p>Viele Paare, egal ob frisch verliebt oder schon lange verbunden, folgten der Einladung zum Gottesdienst am Valentinstag in die Pfarrkirche. Es sei ein Gl\u00fcck, wenn man den richtigen Partner f\u00fcrs Leben finde, betonte Pfarrer Mchael Hoch beim Gottesdienst. Das Vorbereitngsteam hatte das Gotteshaus geschm\u00fcckt und einen Chor auf die Beine gestellt, der den Gottesdienst musikalisch umrahmte. Die Paare bekamen gemeinsame Momente geschenkt, in denen sie sich gegenseitig in die Augen sahen, und dachten an gl\u00fcckliche Stunden, aber auch durchlebte schwere Zeiten. In diese Richtung gingen auch die zahlreichen Bilder, die die Paare an gemeinsame Erlebnisse erinnern sollten. Zum Abschluss erteilte Pfarrer Hoch den Paaren den Segen und lud alle zu einem Glas Sekt in den Albertus-Magnus-Saal ein.<\/p>\n<p style=\"text-align: right;\">Heinrich Niebauer<\/p>\n<p style=\"text-align: center;\"><img data-recalc-dims=\"1\" loading=\"lazy\" decoding=\"async\" data-attachment-id=\"4147\" data-permalink=\"https:\/\/www.pfarrei-due-wo.de\/?attachment_id=4147\" data-orig-file=\"https:\/\/i0.wp.com\/www.pfarrei-due-wo.de\/wp-content\/uploads\/2020\/02\/valentinstag_2-scaled.jpg?fit=1940%2C2560&amp;ssl=1\" data-orig-size=\"1940,2560\" data-comments-opened=\"0\" data-image-meta=\"{&quot;aperture&quot;:&quot;0&quot;,&quot;credit&quot;:&quot;&quot;,&quot;camera&quot;:&quot;&quot;,&quot;caption&quot;:&quot;&quot;,&quot;created_timestamp&quot;:&quot;0&quot;,&quot;copyright&quot;:&quot;&quot;,&quot;focal_length&quot;:&quot;0&quot;,&quot;iso&quot;:&quot;0&quot;,&quot;shutter_speed&quot;:&quot;0&quot;,&quot;title&quot;:&quot;&quot;,&quot;orientation&quot;:&quot;1&quot;}\" data-image-title=\"Gottesdienst zum Valtentinstag\" data-image-description=\"&lt;p&gt;Foto: Heinrich Niebauer&lt;\/p&gt;\n\" data-image-caption=\"\" data-large-file=\"https:\/\/i0.wp.com\/www.pfarrei-due-wo.de\/wp-content\/uploads\/2020\/02\/valentinstag_2-scaled.jpg?fit=750%2C990&amp;ssl=1\" class=\"aligncenter wp-image-4147\" src=\"https:\/\/i0.wp.com\/www.pfarrei-due-wo.de\/wp-content\/uploads\/2020\/02\/valentinstag_2.jpg?resize=500%2C660&#038;ssl=1\" alt=\"\" width=\"500\" height=\"660\" srcset=\"https:\/\/i0.wp.com\/www.pfarrei-due-wo.de\/wp-content\/uploads\/2020\/02\/valentinstag_2-scaled.jpg?resize=776%2C1024&amp;ssl=1 776w, https:\/\/i0.wp.com\/www.pfarrei-due-wo.de\/wp-content\/uploads\/2020\/02\/valentinstag_2-scaled.jpg?resize=227%2C300&amp;ssl=1 227w, https:\/\/i0.wp.com\/www.pfarrei-due-wo.de\/wp-content\/uploads\/2020\/02\/valentinstag_2-scaled.jpg?resize=768%2C1013&amp;ssl=1 768w, https:\/\/i0.wp.com\/www.pfarrei-due-wo.de\/wp-content\/uploads\/2020\/02\/valentinstag_2-scaled.jpg?resize=1164%2C1536&amp;ssl=1 1164w, https:\/\/i0.wp.com\/www.pfarrei-due-wo.de\/wp-content\/uploads\/2020\/02\/valentinstag_2-scaled.jpg?resize=1552%2C2048&amp;ssl=1 1552w, https:\/\/i0.wp.com\/www.pfarrei-due-wo.de\/wp-content\/uploads\/2020\/02\/valentinstag_2-scaled.jpg?w=1940&amp;ssl=1 1940w, https:\/\/i0.wp.com\/www.pfarrei-due-wo.de\/wp-content\/uploads\/2020\/02\/valentinstag_2-scaled.jpg?w=1500&amp;ssl=1 1500w\" sizes=\"auto, (max-width: 500px) 100vw, 500px\" \/><\/p>\n","protected":false},"excerpt":{"rendered":"<p>Viele Paare, egal ob frisch verliebt oder schon lange verbunden, folgten der Einladung zum Gottesdienst am Valentinstag in die Pfarrkirche. Es sei ein Gl\u00fcck, wenn man den richtigen Partner f\u00fcrs &hellip; <\/p>\n","protected":false},"author":4,"featured_media":4146,"comment_status":"closed","ping_status":"closed","sticky":false,"template":"","format":"standard","meta":{"jetpack_post_was_ever_published":false,"_jetpack_newsletter_access":"","_jetpack_dont_email_post_to_subs":false,"_jetpack_newsletter_tier_id":0,"_jetpack_memberships_contains_paywalled_content":false,"_jetpack_memberships_contains_paid_content":false,"footnotes":"","jetpack_publicize_message":"","jetpack_publicize_feature_enabled":true,"jetpack_social_post_already_shared":true,"jetpack_social_options":{"image_generator_settings":{"template":"highway","default_image_id":0,"font":"","enabled":false},"version":2}},"categories":[2],"tags":[],"class_list":["post-4145","post","type-post","status-publish","format-standard","has-post-thumbnail","hentry","category-gottesdienste"],"jetpack_publicize_connections":[],"jetpack_featured_media_url":"https:\/\/i0.wp.com\/www.pfarrei-due-wo.de\/wp-content\/uploads\/2020\/02\/valentinstag_1-scaled.jpg?fit=2560%2C1586&ssl=1","jetpack_sharing_enabled":true,"jetpack_shortlink":"https:\/\/wp.me\/p8HCtc-14R","jetpack-related-posts":[{"id":5164,"url":"https:\/\/www.pfarrei-due-wo.de\/?p=5164","url_meta":{"origin":4145,"position":0},"title":"Dankgottesdienst mit den Ehejubilaren","author":"Matthias Heimler","date":"24. Oktober 2020","format":false,"excerpt":"Auf Initiative des Pfarrgemeinderates lud die Pfarrei D\u00fcrnsricht-Wolfring-H\u00f6gling alle Ehejubilare dieses Jahres zum gemeinsamen Dankgottesdienst in die Pfarrkirche St. Albertus Magnus ein. Nachdem dieses Jahr die Feier des Ehejubil\u00e4ums im Regensburger Dom entfallen musste, war es f\u00fcr viele Paare eine willkommene Gelegenheit, ihr Ehejubil\u00e4um dennoch mit einem Dankgottesdienst in ihrer\u2026","rel":"","context":"In &quot;Gottesdienste&quot;","block_context":{"text":"Gottesdienste","link":"https:\/\/www.pfarrei-due-wo.de\/?cat=2"},"img":{"alt_text":"","src":"https:\/\/i0.wp.com\/www.pfarrei-due-wo.de\/wp-content\/uploads\/2020\/10\/2020.10.23-Jub-04_bearb.jpeg?fit=1200%2C800&ssl=1&resize=350%2C200","width":350,"height":200,"srcset":"https:\/\/i0.wp.com\/www.pfarrei-due-wo.de\/wp-content\/uploads\/2020\/10\/2020.10.23-Jub-04_bearb.jpeg?fit=1200%2C800&ssl=1&resize=350%2C200 1x, https:\/\/i0.wp.com\/www.pfarrei-due-wo.de\/wp-content\/uploads\/2020\/10\/2020.10.23-Jub-04_bearb.jpeg?fit=1200%2C800&ssl=1&resize=525%2C300 1.5x, https:\/\/i0.wp.com\/www.pfarrei-due-wo.de\/wp-content\/uploads\/2020\/10\/2020.10.23-Jub-04_bearb.jpeg?fit=1200%2C800&ssl=1&resize=700%2C400 2x, https:\/\/i0.wp.com\/www.pfarrei-due-wo.de\/wp-content\/uploads\/2020\/10\/2020.10.23-Jub-04_bearb.jpeg?fit=1200%2C800&ssl=1&resize=1050%2C600 3x"},"classes":[]},{"id":10200,"url":"https:\/\/www.pfarrei-due-wo.de\/?p=10200","url_meta":{"origin":4145,"position":1},"title":"Kirchweihfeier zum 60. Weihejubil\u00e4um","author":"Matthias Heimler","date":"2. Juli 2023","format":false,"excerpt":"Die Pfarrkirche St. Albertus Magnus wurde am 30. Juni 1963 von Bischof Graber geweiht. In diesem Jahr blickt die Kirche auf 60 Jahre zur\u00fcck. Die Vorbereitung der Feier der Jubil\u00e4umskirchweih wurde im Pfarrgemeinderat schon vor einem knappen Jahr begonnen. Es wurden Vorbereitungs-Teams zusammengestellt, die die Feierlichkeiten inhaltlich und organisatorisch planten.\u2026","rel":"","context":"In &quot;Gottesdienste&quot;","block_context":{"text":"Gottesdienste","link":"https:\/\/www.pfarrei-due-wo.de\/?cat=2"},"img":{"alt_text":"","src":"https:\/\/i0.wp.com\/www.pfarrei-due-wo.de\/wp-content\/uploads\/2023\/07\/2023.07.02-28-scaled.jpg?fit=1200%2C800&ssl=1&resize=350%2C200","width":350,"height":200,"srcset":"https:\/\/i0.wp.com\/www.pfarrei-due-wo.de\/wp-content\/uploads\/2023\/07\/2023.07.02-28-scaled.jpg?fit=1200%2C800&ssl=1&resize=350%2C200 1x, https:\/\/i0.wp.com\/www.pfarrei-due-wo.de\/wp-content\/uploads\/2023\/07\/2023.07.02-28-scaled.jpg?fit=1200%2C800&ssl=1&resize=525%2C300 1.5x, https:\/\/i0.wp.com\/www.pfarrei-due-wo.de\/wp-content\/uploads\/2023\/07\/2023.07.02-28-scaled.jpg?fit=1200%2C800&ssl=1&resize=700%2C400 2x, https:\/\/i0.wp.com\/www.pfarrei-due-wo.de\/wp-content\/uploads\/2023\/07\/2023.07.02-28-scaled.jpg?fit=1200%2C800&ssl=1&resize=1050%2C600 3x"},"classes":[]},{"id":6243,"url":"https:\/\/www.pfarrei-due-wo.de\/?p=6243","url_meta":{"origin":4145,"position":2},"title":"Ein Haus f\u00fcr Gott und Menschen &#8211; Kirchweihtag der Pfarrkirche","author":"Matthias Heimler","date":"6. Juli 2021","format":false,"excerpt":"Gottesdienst unter freiem Himmel Bei leicht bedecktem Himmel und sommerlichen Temperaturen fand der Kirchweihgottesdienst in diesem Jahr auf dem Platz vor der Kirche statt. Viele Gl\u00e4ubige waren der Einladung gefolgt und sind zum Familiengottesdienst gekommen, bei dem die Erstkommunionkinder ihre Kreuze und Kleider \u00fcberreicht bekommen haben. Auch die Kirwa-Paare und\u2026","rel":"","context":"In &quot;Gottesdienste&quot;","block_context":{"text":"Gottesdienste","link":"https:\/\/www.pfarrei-due-wo.de\/?cat=2"},"img":{"alt_text":"","src":"https:\/\/i0.wp.com\/www.pfarrei-due-wo.de\/wp-content\/uploads\/2021\/07\/IMG-20210704-WA0002.jpg?fit=1024%2C768&ssl=1&resize=350%2C200","width":350,"height":200,"srcset":"https:\/\/i0.wp.com\/www.pfarrei-due-wo.de\/wp-content\/uploads\/2021\/07\/IMG-20210704-WA0002.jpg?fit=1024%2C768&ssl=1&resize=350%2C200 1x, https:\/\/i0.wp.com\/www.pfarrei-due-wo.de\/wp-content\/uploads\/2021\/07\/IMG-20210704-WA0002.jpg?fit=1024%2C768&ssl=1&resize=525%2C300 1.5x, https:\/\/i0.wp.com\/www.pfarrei-due-wo.de\/wp-content\/uploads\/2021\/07\/IMG-20210704-WA0002.jpg?fit=1024%2C768&ssl=1&resize=700%2C400 2x"},"classes":[]},{"id":10446,"url":"https:\/\/www.pfarrei-due-wo.de\/?p=10446","url_meta":{"origin":4145,"position":3},"title":"Patrozinium zu St. Margareta in H\u00f6gling","author":"Matthias Heimler","date":"23. Juli 2023","format":false,"excerpt":"Allj\u00e4hrlich feiert H\u00f6gling Kirwa. Der Anlass ist aber eigentlich nicht der Weihetag der Kirche. Mit dem Namen der H\u00f6glinger Kirche ist die Feier im Juli jedes Jahr verbunden. Der Gedenktag der Heiligen Margareta ist n\u00e4mlich der Anlass, warum in H\u00f6gling drei Tage gefeiert wird. Alle Feiern kreisen um den Namenstag\u2026","rel":"","context":"In &quot;Gottesdienste&quot;","block_context":{"text":"Gottesdienste","link":"https:\/\/www.pfarrei-due-wo.de\/?cat=2"},"img":{"alt_text":"","src":"https:\/\/i0.wp.com\/www.pfarrei-due-wo.de\/wp-content\/uploads\/2023\/07\/2023.07.23-02-scaled.jpg?fit=1200%2C800&ssl=1&resize=350%2C200","width":350,"height":200,"srcset":"https:\/\/i0.wp.com\/www.pfarrei-due-wo.de\/wp-content\/uploads\/2023\/07\/2023.07.23-02-scaled.jpg?fit=1200%2C800&ssl=1&resize=350%2C200 1x, https:\/\/i0.wp.com\/www.pfarrei-due-wo.de\/wp-content\/uploads\/2023\/07\/2023.07.23-02-scaled.jpg?fit=1200%2C800&ssl=1&resize=525%2C300 1.5x, https:\/\/i0.wp.com\/www.pfarrei-due-wo.de\/wp-content\/uploads\/2023\/07\/2023.07.23-02-scaled.jpg?fit=1200%2C800&ssl=1&resize=700%2C400 2x, https:\/\/i0.wp.com\/www.pfarrei-due-wo.de\/wp-content\/uploads\/2023\/07\/2023.07.23-02-scaled.jpg?fit=1200%2C800&ssl=1&resize=1050%2C600 3x"},"classes":[]},{"id":13639,"url":"https:\/\/www.pfarrei-due-wo.de\/?p=13639","url_meta":{"origin":4145,"position":4},"title":"Ehejubil\u00e4umsgottesdienst 2026","author":"Florian Schiessl","date":"3. M\u00e4rz 2026","format":false,"excerpt":"Mit einem festlichen Gottesdienst wurden am Freitag, 20.02. zahlreiche Ehejubilare des Jahres 2026 geehrt, die auf viele gemeinsame Ehejahre zur\u00fcckblicken k\u00f6nnen. In der stimmungsvoll geschm\u00fcckten Pfarrkirche nahmen viele Ehejubilare gerne die Einladung an, um gemeinsam Danke zu sagen f\u00fcr gelebte Treue und gegenseitigem Respekt. Der Gottesdienst wurde zelebriert von Pfarrer\u2026","rel":"","context":"In &quot;Pfarrei erleben&quot;","block_context":{"text":"Pfarrei erleben","link":"https:\/\/www.pfarrei-due-wo.de\/?cat=6"},"img":{"alt_text":"","src":"","width":0,"height":0},"classes":[]},{"id":7891,"url":"https:\/\/www.pfarrei-due-wo.de\/?p=7891","url_meta":{"origin":4145,"position":5},"title":"Was Halt gibt im Leben &#8211; Firmlinge im Hochseilgarten","author":"Matthias Heimler","date":"1. August 2022","format":false,"excerpt":"\u201eWas gibt Halt im Leben?\u201c Diese Frage stellte Pfarrer Hoch in seiner Predigt den Firmlingen des letzten Firmkurses 2020\/21. Am Sonntag, 31.07.2022, traf sich dazu ein Teil der Firmlinge zum gemeinsamen Gottesdienst. Pfarrer Hoch stellte den sichtbaren Halt (Haken, Seil und Sturzhelm beim Klettern) und den unsichtbaren Halt, den der\u2026","rel":"","context":"In &quot;Firmung&quot;","block_context":{"text":"Firmung","link":"https:\/\/www.pfarrei-due-wo.de\/?cat=3"},"img":{"alt_text":"","src":"https:\/\/i0.wp.com\/www.pfarrei-due-wo.de\/wp-content\/uploads\/2022\/08\/IMG-20220731-WA0024.jpg?fit=1200%2C900&ssl=1&resize=350%2C200","width":350,"height":200,"srcset":"https:\/\/i0.wp.com\/www.pfarrei-due-wo.de\/wp-content\/uploads\/2022\/08\/IMG-20220731-WA0024.jpg?fit=1200%2C900&ssl=1&resize=350%2C200 1x, https:\/\/i0.wp.com\/www.pfarrei-due-wo.de\/wp-content\/uploads\/2022\/08\/IMG-20220731-WA0024.jpg?fit=1200%2C900&ssl=1&resize=525%2C300 1.5x, https:\/\/i0.wp.com\/www.pfarrei-due-wo.de\/wp-content\/uploads\/2022\/08\/IMG-20220731-WA0024.jpg?fit=1200%2C900&ssl=1&resize=700%2C400 2x, https:\/\/i0.wp.com\/www.pfarrei-due-wo.de\/wp-content\/uploads\/2022\/08\/IMG-20220731-WA0024.jpg?fit=1200%2C900&ssl=1&resize=1050%2C600 3x"},"classes":[]}],"publishpress_future_action":{"enabled":false,"date":"2026-05-08 08:29:48","action":"change-status","newStatus":"draft","terms":[],"taxonomy":"category","extraData":[]},"publishpress_future_workflow_manual_trigger":{"enabledWorkflows":[]},"_links":{"self":[{"href":"https:\/\/www.pfarrei-due-wo.de\/index.php?rest_route=\/wp\/v2\/posts\/4145","targetHints":{"allow":["GET"]}}],"collection":[{"href":"https:\/\/www.pfarrei-due-wo.de\/index.php?rest_route=\/wp\/v2\/posts"}],"about":[{"href":"https:\/\/www.pfarrei-due-wo.de\/index.php?rest_route=\/wp\/v2\/types\/post"}],"author":[{"embeddable":true,"href":"https:\/\/www.pfarrei-due-wo.de\/index.php?rest_route=\/wp\/v2\/users\/4"}],"replies":[{"embeddable":true,"href":"https:\/\/www.pfarrei-due-wo.de\/index.php?rest_route=%2Fwp%2Fv2%2Fcomments&post=4145"}],"version-history":[{"count":1,"href":"https:\/\/www.pfarrei-due-wo.de\/index.php?rest_route=\/wp\/v2\/posts\/4145\/revisions"}],"predecessor-version":[{"id":4148,"href":"https:\/\/www.pfarrei-due-wo.de\/index.php?rest_route=\/wp\/v2\/posts\/4145\/revisions\/4148"}],"wp:featuredmedia":[{"embeddable":true,"href":"https:\/\/www.pfarrei-due-wo.de\/index.php?rest_route=\/wp\/v2\/media\/4146"}],"wp:attachment":[{"href":"https:\/\/www.pfarrei-due-wo.de\/index.php?rest_route=%2Fwp%2Fv2%2Fmedia&parent=4145"}],"wp:term":[{"taxonomy":"category","embeddable":true,"href":"https:\/\/www.pfarrei-due-wo.de\/index.php?rest_route=%2Fwp%2Fv2%2Fcategories&post=4145"},{"taxonomy":"post_tag","embeddable":true,"href":"https:\/\/www.pfarrei-due-wo.de\/index.php?rest_route=%2Fwp%2Fv2%2Ftags&post=4145"}],"curies":[{"name":"wp","href":"https:\/\/api.w.org\/{rel}","templated":true}]}}