{"id":14036,"date":"2026-08-31T23:21:54","date_gmt":"2026-08-31T21:21:54","guid":{"rendered":"https:\/\/www.pfarrei-due-wo.de\/?p=14036"},"modified":"2026-08-31T23:22:54","modified_gmt":"2026-08-31T21:22:54","slug":"ministrantenfreizeit-am-chiemsee-2","status":"publish","type":"post","link":"https:\/\/www.pfarrei-due-wo.de\/?p=14036","title":{"rendered":"Ministrantenfreizeit am Chiemsee"},"content":{"rendered":"<p>Von 17.08. &#8211; 22.08.2026 waren 48 unserer Ministranten sowie 7 Betreuer und unser Pfarrer Celestine auf gro\u00dfer Fahrt am Chiemsee.<\/p>\n<p>Am Montag ging es nach einem Reisesegen durch Pfarrer Celestine ab nach M\u00fcnchen-Gr\u00fcnwald. Dort haben wir eine F\u00fchrung durch die Bavaria-Filmstudios bekommen, durften einen 4D-Film ansehen und sogar ein paar kleine Filme drehen. Danach ging es direkt weiter zu unserer Unterkunft im Jugendhaus Haslau bei Frasdorf am Chiemsee. Wir haben zuerst unsere Zimmer bezogen und das Haus erkundet und nach einem gemeinsamen Abendessen sind wir zusammen gesessen und haben den Abend mit Spielen und gem\u00fctlichem Beisammensein verbracht.<\/p>\n<p>Am Dienstag mussten wir fr\u00fch aufstehen, denn nach dem Fr\u00fchst\u00fcck ging es gleich mit dem Bus nach Salzburg\/Hallein zu den Salzwelten. Wir sind dort in 2 Gruppen mit einem Zug in das Bergwerk eingefahren und haben dort in verschiedenen Stationen viel \u00fcber den Salzabbau und seine Geschichte erfahren. Wir haben dort sogar zweimal unterirdisch die Landesgrenze zwischen Bayern und \u00d6sterreich \u00fcberquert und durften mit einem Schiff\u00a0 \u00fcber einen Salzsee fahren. Viel Spa\u00df hat uns auch das Rutschen im Bergwerk gemacht. Nach der F\u00fchrung hatten wir noch Zeit zum Einkaufen im Salzladen. Leider hat uns das Wetter einen Strich durch die Rechnung gemacht, sodass wir den Keltenberg nicht mehr besichtigen konnten. Wir haben uns stattdessen im Jugendhaus einen sch\u00f6nen Nachmittag mit Kuchen und gemeinsamer Freizeit gemacht. Abends haben wir den &#8222;Zahnb\u00fcrstenm\u00f6rder&#8220; durchs Haus geschickt, der uns allen bis zur Heimreise gro\u00dfen Spa\u00df gemacht und viele spannende Momente beschert hat.<\/p>\n<p>Mittwochs hatten wir richtig sch\u00f6nes Wetter, und sind mit dem Schiff auf die Fraueninsel im Chiemsee gefahren, um dort eine Schnitzeljagd zu machen. Danach ging es direkt weiter auf die Herreninsel zum gemeinsamen Picknick und zur Besichtigung des Schlosses sowie des K\u00f6nig-Ludwig-Museums. Abends haben wir am Jugendhaus miteinander gegrillt und einen sch\u00f6nen Sommerabend im Freien genossen.<\/p>\n<p>Am n\u00e4chsten Tag haben wir eine Spieleolympiade am Haus veranstaltet. In 6 Gruppen haben wir verschiedene Spiele an 6 Stationen absolviert und anschlie\u00dfend eine Siegerehrung durchgef\u00fchrt. Abends gab es einen Gottesdienst im Jugendhaus und nach Anbruch der Dunkelheit haben wir eine gruselige Nachtwanderung in Haslau gemacht, auf der wir einige unheimliche Gestalten getroffen haben, die uns richtig erschreckt haben.<\/p>\n<p>Freitags sind wir mit dem Bus zur Burg Hohenaschau gefahren. Dort befindet sich eine Falknerei, wo wir eine Flugshow mit verschiedenen Greifv\u00f6geln angesehen und viele interessante Dinge erfahren haben. Danach sind einige von uns zum Haus zur\u00fcckgewandert, der Rest ist mit dem Bus zur\u00fcckgefahren und hat unterwegs noch einen kurzen Halt zum einkaufen gemacht.<\/p>\n<p>An unserem letzten Tag haben wir nach einem gemeinsamen Fr\u00fchst\u00fcck das Haus ger\u00e4umt und sind unseren Heimweg angetreten. In Pentling haben wir einen Zwischenstop im McDonalds eingelegt und sind gegen 14 Uhr wieder alle gesund zu Hause angekommen.<\/p>\n<p>Trotz des phasenweise sehr schlechten Wetters haben wir alle zusammen eine sch\u00f6ne und abwechslungsreiche Woche am Chiemsee verbracht, haben neue Freundschaften geschlossen, alte wieder aufgefrischt und die gemeinsame Zeit miteinander genossen.<\/p>\n<p>Nat\u00fcrlich kann man so eine gro\u00dfe Fahrt nicht ohne Unterst\u00fctzung durchf\u00fchren darum wollen wir ein herzliches Vergelt\u00b4s Gott und vielen Dank sagen an:<\/p>\n<ul>\n<li>alle, die uns so gro\u00dfz\u00fcgig mit Lebensmitteln und Kuchen versorgt haben<\/li>\n<li>allen, die uns mit Rat und Tat bei der Planung und als Betreuer unterst\u00fctzt haben<\/li>\n<li>unseren Kirchenverwaltungen f\u00fcr die finanzielle Unterst\u00fctzung<\/li>\n<li>allen, die uns bei unseren Verkaufsaktionen (Kuchen, Bratw\u00fcrste, Adventsmarkt) unterst\u00fctzt und bei uns eingekauft haben und somit auch einen Beitrag f\u00fcr die Minikasse geleistet haben<\/li>\n<li>allen, die \u00fcbers Jahr in unsere Minikasse gespendet haben<\/li>\n<li>dem Busunternehmen Herbert f\u00fcr die gute und sichere Fahrt<\/li>\n<li>unseren gro\u00dfen Minis, die die Spieleolympiade und die Nachtwanderung geplant und durchgef\u00fchrt haben<\/li>\n<li>allen Minis, die uns so flei\u00dfig beim Kochen, Sp\u00fclen, Tisch decken, beim Haus saubermachen und Gep\u00e4ck verstauen geholfen haben<\/li>\n<li>und nat\u00fcrlich allen, die ich vergessen habe aufzuz\u00e4hlen \ud83d\ude09<\/li>\n<\/ul>\n<p><img data-recalc-dims=\"1\" loading=\"lazy\" decoding=\"async\" data-attachment-id=\"14055\" data-permalink=\"https:\/\/www.pfarrei-due-wo.de\/?attachment_id=14055\" data-orig-file=\"https:\/\/i0.wp.com\/www.pfarrei-due-wo.de\/wp-content\/uploads\/2026\/08\/d26d09bf-e906-4bdb-8a00-5d7b3f16dd88.jpeg?fit=1134%2C2016&amp;ssl=1\" data-orig-size=\"1134,2016\" data-comments-opened=\"0\" data-image-title=\"d26d09bf-e906-4bdb-8a00-5d7b3f16dd88\" data-image-description=\"\" data-image-caption=\"\" data-large-file=\"https:\/\/i0.wp.com\/www.pfarrei-due-wo.de\/wp-content\/uploads\/2026\/08\/d26d09bf-e906-4bdb-8a00-5d7b3f16dd88.jpeg?fit=750%2C1333&amp;ssl=1\" class=\"alignnone size-medium wp-image-14055\" src=\"https:\/\/i0.wp.com\/www.pfarrei-due-wo.de\/wp-content\/uploads\/2026\/08\/d26d09bf-e906-4bdb-8a00-5d7b3f16dd88.jpeg?resize=169%2C300&#038;ssl=1\" alt=\"\" width=\"169\" height=\"300\" srcset=\"https:\/\/i0.wp.com\/www.pfarrei-due-wo.de\/wp-content\/uploads\/2026\/08\/d26d09bf-e906-4bdb-8a00-5d7b3f16dd88.jpeg?resize=169%2C300&amp;ssl=1 169w, https:\/\/i0.wp.com\/www.pfarrei-due-wo.de\/wp-content\/uploads\/2026\/08\/d26d09bf-e906-4bdb-8a00-5d7b3f16dd88.jpeg?resize=768%2C1365&amp;ssl=1 768w, https:\/\/i0.wp.com\/www.pfarrei-due-wo.de\/wp-content\/uploads\/2026\/08\/d26d09bf-e906-4bdb-8a00-5d7b3f16dd88.jpeg?resize=864%2C1536&amp;ssl=1 864w, https:\/\/i0.wp.com\/www.pfarrei-due-wo.de\/wp-content\/uploads\/2026\/08\/d26d09bf-e906-4bdb-8a00-5d7b3f16dd88.jpeg?w=1134&amp;ssl=1 1134w\" sizes=\"auto, (max-width: 169px) 100vw, 169px\" \/> <img data-recalc-dims=\"1\" loading=\"lazy\" decoding=\"async\" data-attachment-id=\"14057\" data-permalink=\"https:\/\/www.pfarrei-due-wo.de\/?attachment_id=14057\" data-orig-file=\"https:\/\/i0.wp.com\/www.pfarrei-due-wo.de\/wp-content\/uploads\/2026\/08\/IMG_5176-scaled.jpeg?fit=2560%2C1920&amp;ssl=1\" data-orig-size=\"2560,1920\" data-comments-opened=\"0\" data-image-title=\"IMG_5176\" data-image-description=\"\" data-image-caption=\"\" data-large-file=\"https:\/\/i0.wp.com\/www.pfarrei-due-wo.de\/wp-content\/uploads\/2026\/08\/IMG_5176-scaled.jpeg?fit=750%2C563&amp;ssl=1\" class=\"alignnone size-medium wp-image-14057\" src=\"https:\/\/i0.wp.com\/www.pfarrei-due-wo.de\/wp-content\/uploads\/2026\/08\/IMG_5176.jpeg?resize=300%2C225&#038;ssl=1\" alt=\"\" width=\"300\" height=\"225\" srcset=\"https:\/\/i0.wp.com\/www.pfarrei-due-wo.de\/wp-content\/uploads\/2026\/08\/IMG_5176-scaled.jpeg?resize=300%2C225&amp;ssl=1 300w, https:\/\/i0.wp.com\/www.pfarrei-due-wo.de\/wp-content\/uploads\/2026\/08\/IMG_5176-scaled.jpeg?resize=768%2C576&amp;ssl=1 768w, https:\/\/i0.wp.com\/www.pfarrei-due-wo.de\/wp-content\/uploads\/2026\/08\/IMG_5176-scaled.jpeg?resize=1536%2C1152&amp;ssl=1 1536w, https:\/\/i0.wp.com\/www.pfarrei-due-wo.de\/wp-content\/uploads\/2026\/08\/IMG_5176-scaled.jpeg?resize=2048%2C1536&amp;ssl=1 2048w, https:\/\/i0.wp.com\/www.pfarrei-due-wo.de\/wp-content\/uploads\/2026\/08\/IMG_5176-scaled.jpeg?w=2250&amp;ssl=1 2250w\" sizes=\"auto, (max-width: 300px) 100vw, 300px\" \/> <img data-recalc-dims=\"1\" loading=\"lazy\" decoding=\"async\" data-attachment-id=\"14058\" data-permalink=\"https:\/\/www.pfarrei-due-wo.de\/?attachment_id=14058\" data-orig-file=\"https:\/\/i0.wp.com\/www.pfarrei-due-wo.de\/wp-content\/uploads\/2026\/08\/IMG_5184-scaled.jpeg?fit=2560%2C1920&amp;ssl=1\" data-orig-size=\"2560,1920\" data-comments-opened=\"0\" data-image-title=\"IMG_5184\" data-image-description=\"\" data-image-caption=\"\" data-large-file=\"https:\/\/i0.wp.com\/www.pfarrei-due-wo.de\/wp-content\/uploads\/2026\/08\/IMG_5184-scaled.jpeg?fit=750%2C563&amp;ssl=1\" class=\"alignnone size-medium wp-image-14058\" src=\"https:\/\/i0.wp.com\/www.pfarrei-due-wo.de\/wp-content\/uploads\/2026\/08\/IMG_5184.jpeg?resize=300%2C225&#038;ssl=1\" alt=\"\" width=\"300\" height=\"225\" srcset=\"https:\/\/i0.wp.com\/www.pfarrei-due-wo.de\/wp-content\/uploads\/2026\/08\/IMG_5184-scaled.jpeg?resize=300%2C225&amp;ssl=1 300w, https:\/\/i0.wp.com\/www.pfarrei-due-wo.de\/wp-content\/uploads\/2026\/08\/IMG_5184-scaled.jpeg?resize=768%2C576&amp;ssl=1 768w, https:\/\/i0.wp.com\/www.pfarrei-due-wo.de\/wp-content\/uploads\/2026\/08\/IMG_5184-scaled.jpeg?resize=1536%2C1152&amp;ssl=1 1536w, https:\/\/i0.wp.com\/www.pfarrei-due-wo.de\/wp-content\/uploads\/2026\/08\/IMG_5184-scaled.jpeg?resize=2048%2C1536&amp;ssl=1 2048w, https:\/\/i0.wp.com\/www.pfarrei-due-wo.de\/wp-content\/uploads\/2026\/08\/IMG_5184-scaled.jpeg?w=2250&amp;ssl=1 2250w\" sizes=\"auto, (max-width: 300px) 100vw, 300px\" \/> <img data-recalc-dims=\"1\" loading=\"lazy\" decoding=\"async\" data-attachment-id=\"14056\" data-permalink=\"https:\/\/www.pfarrei-due-wo.de\/?attachment_id=14056\" data-orig-file=\"https:\/\/i0.wp.com\/www.pfarrei-due-wo.de\/wp-content\/uploads\/2026\/08\/d50fff51-f342-47ee-92c9-b1ac6fdbda88.jpeg?fit=1200%2C1600&amp;ssl=1\" data-orig-size=\"1200,1600\" data-comments-opened=\"0\" data-image-title=\"d50fff51-f342-47ee-92c9-b1ac6fdbda88\" data-image-description=\"\" data-image-caption=\"\" data-large-file=\"https:\/\/i0.wp.com\/www.pfarrei-due-wo.de\/wp-content\/uploads\/2026\/08\/d50fff51-f342-47ee-92c9-b1ac6fdbda88.jpeg?fit=750%2C1000&amp;ssl=1\" class=\"alignnone size-medium wp-image-14056\" src=\"https:\/\/i0.wp.com\/www.pfarrei-due-wo.de\/wp-content\/uploads\/2026\/08\/d50fff51-f342-47ee-92c9-b1ac6fdbda88.jpeg?resize=225%2C300&#038;ssl=1\" alt=\"\" width=\"225\" height=\"300\" srcset=\"https:\/\/i0.wp.com\/www.pfarrei-due-wo.de\/wp-content\/uploads\/2026\/08\/d50fff51-f342-47ee-92c9-b1ac6fdbda88.jpeg?resize=225%2C300&amp;ssl=1 225w, https:\/\/i0.wp.com\/www.pfarrei-due-wo.de\/wp-content\/uploads\/2026\/08\/d50fff51-f342-47ee-92c9-b1ac6fdbda88.jpeg?resize=768%2C1024&amp;ssl=1 768w, https:\/\/i0.wp.com\/www.pfarrei-due-wo.de\/wp-content\/uploads\/2026\/08\/d50fff51-f342-47ee-92c9-b1ac6fdbda88.jpeg?resize=1152%2C1536&amp;ssl=1 1152w, https:\/\/i0.wp.com\/www.pfarrei-due-wo.de\/wp-content\/uploads\/2026\/08\/d50fff51-f342-47ee-92c9-b1ac6fdbda88.jpeg?w=1200&amp;ssl=1 1200w\" sizes=\"auto, (max-width: 225px) 100vw, 225px\" \/> <img data-recalc-dims=\"1\" loading=\"lazy\" decoding=\"async\" data-attachment-id=\"14059\" data-permalink=\"https:\/\/www.pfarrei-due-wo.de\/?attachment_id=14059\" data-orig-file=\"https:\/\/i0.wp.com\/www.pfarrei-due-wo.de\/wp-content\/uploads\/2026\/08\/IMG_5193-scaled.jpeg?fit=2560%2C1920&amp;ssl=1\" data-orig-size=\"2560,1920\" data-comments-opened=\"0\" data-image-title=\"IMG_5193\" data-image-description=\"\" data-image-caption=\"\" data-large-file=\"https:\/\/i0.wp.com\/www.pfarrei-due-wo.de\/wp-content\/uploads\/2026\/08\/IMG_5193-scaled.jpeg?fit=750%2C563&amp;ssl=1\" class=\"alignnone size-medium wp-image-14059\" src=\"https:\/\/i0.wp.com\/www.pfarrei-due-wo.de\/wp-content\/uploads\/2026\/08\/IMG_5193.jpeg?resize=300%2C225&#038;ssl=1\" alt=\"\" width=\"300\" height=\"225\" srcset=\"https:\/\/i0.wp.com\/www.pfarrei-due-wo.de\/wp-content\/uploads\/2026\/08\/IMG_5193-scaled.jpeg?resize=300%2C225&amp;ssl=1 300w, https:\/\/i0.wp.com\/www.pfarrei-due-wo.de\/wp-content\/uploads\/2026\/08\/IMG_5193-scaled.jpeg?resize=768%2C576&amp;ssl=1 768w, https:\/\/i0.wp.com\/www.pfarrei-due-wo.de\/wp-content\/uploads\/2026\/08\/IMG_5193-scaled.jpeg?resize=1536%2C1152&amp;ssl=1 1536w, https:\/\/i0.wp.com\/www.pfarrei-due-wo.de\/wp-content\/uploads\/2026\/08\/IMG_5193-scaled.jpeg?resize=2048%2C1536&amp;ssl=1 2048w, https:\/\/i0.wp.com\/www.pfarrei-due-wo.de\/wp-content\/uploads\/2026\/08\/IMG_5193-scaled.jpeg?w=2250&amp;ssl=1 2250w\" sizes=\"auto, (max-width: 300px) 100vw, 300px\" \/> <img data-recalc-dims=\"1\" loading=\"lazy\" decoding=\"async\" data-attachment-id=\"14066\" data-permalink=\"https:\/\/www.pfarrei-due-wo.de\/?attachment_id=14066\" data-orig-file=\"https:\/\/i0.wp.com\/www.pfarrei-due-wo.de\/wp-content\/uploads\/2026\/08\/IMG_5297-scaled.jpeg?fit=2560%2C1920&amp;ssl=1\" data-orig-size=\"2560,1920\" data-comments-opened=\"0\" data-image-title=\"IMG_5297\" data-image-description=\"\" data-image-caption=\"\" data-large-file=\"https:\/\/i0.wp.com\/www.pfarrei-due-wo.de\/wp-content\/uploads\/2026\/08\/IMG_5297-scaled.jpeg?fit=750%2C563&amp;ssl=1\" class=\"alignnone size-medium wp-image-14066\" src=\"https:\/\/i0.wp.com\/www.pfarrei-due-wo.de\/wp-content\/uploads\/2026\/08\/IMG_5297.jpeg?resize=300%2C225&#038;ssl=1\" alt=\"\" width=\"300\" height=\"225\" srcset=\"https:\/\/i0.wp.com\/www.pfarrei-due-wo.de\/wp-content\/uploads\/2026\/08\/IMG_5297-scaled.jpeg?resize=300%2C225&amp;ssl=1 300w, https:\/\/i0.wp.com\/www.pfarrei-due-wo.de\/wp-content\/uploads\/2026\/08\/IMG_5297-scaled.jpeg?resize=768%2C576&amp;ssl=1 768w, https:\/\/i0.wp.com\/www.pfarrei-due-wo.de\/wp-content\/uploads\/2026\/08\/IMG_5297-scaled.jpeg?resize=1536%2C1152&amp;ssl=1 1536w, https:\/\/i0.wp.com\/www.pfarrei-due-wo.de\/wp-content\/uploads\/2026\/08\/IMG_5297-scaled.jpeg?resize=2048%2C1536&amp;ssl=1 2048w, https:\/\/i0.wp.com\/www.pfarrei-due-wo.de\/wp-content\/uploads\/2026\/08\/IMG_5297-scaled.jpeg?w=2250&amp;ssl=1 2250w\" sizes=\"auto, (max-width: 300px) 100vw, 300px\" \/> <img data-recalc-dims=\"1\" loading=\"lazy\" decoding=\"async\" data-attachment-id=\"14065\" data-permalink=\"https:\/\/www.pfarrei-due-wo.de\/?attachment_id=14065\" data-orig-file=\"https:\/\/i0.wp.com\/www.pfarrei-due-wo.de\/wp-content\/uploads\/2026\/08\/IMG_5295-scaled.jpeg?fit=2560%2C1920&amp;ssl=1\" data-orig-size=\"2560,1920\" data-comments-opened=\"0\" data-image-title=\"IMG_5295\" data-image-description=\"\" data-image-caption=\"\" data-large-file=\"https:\/\/i0.wp.com\/www.pfarrei-due-wo.de\/wp-content\/uploads\/2026\/08\/IMG_5295-scaled.jpeg?fit=750%2C563&amp;ssl=1\" class=\"alignnone size-medium wp-image-14065\" src=\"https:\/\/i0.wp.com\/www.pfarrei-due-wo.de\/wp-content\/uploads\/2026\/08\/IMG_5295.jpeg?resize=300%2C225&#038;ssl=1\" alt=\"\" width=\"300\" height=\"225\" srcset=\"https:\/\/i0.wp.com\/www.pfarrei-due-wo.de\/wp-content\/uploads\/2026\/08\/IMG_5295-scaled.jpeg?resize=300%2C225&amp;ssl=1 300w, https:\/\/i0.wp.com\/www.pfarrei-due-wo.de\/wp-content\/uploads\/2026\/08\/IMG_5295-scaled.jpeg?resize=768%2C576&amp;ssl=1 768w, https:\/\/i0.wp.com\/www.pfarrei-due-wo.de\/wp-content\/uploads\/2026\/08\/IMG_5295-scaled.jpeg?resize=1536%2C1152&amp;ssl=1 1536w, https:\/\/i0.wp.com\/www.pfarrei-due-wo.de\/wp-content\/uploads\/2026\/08\/IMG_5295-scaled.jpeg?resize=2048%2C1536&amp;ssl=1 2048w, https:\/\/i0.wp.com\/www.pfarrei-due-wo.de\/wp-content\/uploads\/2026\/08\/IMG_5295-scaled.jpeg?w=2250&amp;ssl=1 2250w\" sizes=\"auto, (max-width: 300px) 100vw, 300px\" \/><img data-recalc-dims=\"1\" loading=\"lazy\" decoding=\"async\" data-attachment-id=\"14046\" data-permalink=\"https:\/\/www.pfarrei-due-wo.de\/?attachment_id=14046\" data-orig-file=\"https:\/\/i0.wp.com\/www.pfarrei-due-wo.de\/wp-content\/uploads\/2026\/08\/142c1c9e-e12e-4d3c-a65b-07a8870582ea.jpeg?fit=1200%2C1600&amp;ssl=1\" data-orig-size=\"1200,1600\" data-comments-opened=\"0\" data-image-title=\"142c1c9e-e12e-4d3c-a65b-07a8870582ea\" data-image-description=\"\" data-image-caption=\"\" data-large-file=\"https:\/\/i0.wp.com\/www.pfarrei-due-wo.de\/wp-content\/uploads\/2026\/08\/142c1c9e-e12e-4d3c-a65b-07a8870582ea.jpeg?fit=750%2C1000&amp;ssl=1\" class=\"alignnone size-medium wp-image-14046\" src=\"https:\/\/i0.wp.com\/www.pfarrei-due-wo.de\/wp-content\/uploads\/2026\/08\/142c1c9e-e12e-4d3c-a65b-07a8870582ea.jpeg?resize=225%2C300&#038;ssl=1\" alt=\"\" width=\"225\" height=\"300\" srcset=\"https:\/\/i0.wp.com\/www.pfarrei-due-wo.de\/wp-content\/uploads\/2026\/08\/142c1c9e-e12e-4d3c-a65b-07a8870582ea.jpeg?resize=225%2C300&amp;ssl=1 225w, https:\/\/i0.wp.com\/www.pfarrei-due-wo.de\/wp-content\/uploads\/2026\/08\/142c1c9e-e12e-4d3c-a65b-07a8870582ea.jpeg?resize=768%2C1024&amp;ssl=1 768w, https:\/\/i0.wp.com\/www.pfarrei-due-wo.de\/wp-content\/uploads\/2026\/08\/142c1c9e-e12e-4d3c-a65b-07a8870582ea.jpeg?resize=1152%2C1536&amp;ssl=1 1152w, https:\/\/i0.wp.com\/www.pfarrei-due-wo.de\/wp-content\/uploads\/2026\/08\/142c1c9e-e12e-4d3c-a65b-07a8870582ea.jpeg?w=1200&amp;ssl=1 1200w\" sizes=\"auto, (max-width: 225px) 100vw, 225px\" \/> <img data-recalc-dims=\"1\" loading=\"lazy\" decoding=\"async\" data-attachment-id=\"14049\" data-permalink=\"https:\/\/www.pfarrei-due-wo.de\/?attachment_id=14049\" data-orig-file=\"https:\/\/i0.wp.com\/www.pfarrei-due-wo.de\/wp-content\/uploads\/2026\/08\/0583584a-48e8-4961-a871-e4cca6c48ad9.jpeg?fit=1600%2C1200&amp;ssl=1\" data-orig-size=\"1600,1200\" data-comments-opened=\"0\" data-image-title=\"0583584a-48e8-4961-a871-e4cca6c48ad9\" data-image-description=\"\" data-image-caption=\"\" data-large-file=\"https:\/\/i0.wp.com\/www.pfarrei-due-wo.de\/wp-content\/uploads\/2026\/08\/0583584a-48e8-4961-a871-e4cca6c48ad9.jpeg?fit=750%2C563&amp;ssl=1\" class=\"alignnone size-medium wp-image-14049\" src=\"https:\/\/i0.wp.com\/www.pfarrei-due-wo.de\/wp-content\/uploads\/2026\/08\/0583584a-48e8-4961-a871-e4cca6c48ad9-300x225.jpeg?resize=300%2C225&#038;ssl=1\" alt=\"\" width=\"300\" height=\"225\" srcset=\"https:\/\/i0.wp.com\/www.pfarrei-due-wo.de\/wp-content\/uploads\/2026\/08\/0583584a-48e8-4961-a871-e4cca6c48ad9.jpeg?resize=300%2C225&amp;ssl=1 300w, https:\/\/i0.wp.com\/www.pfarrei-due-wo.de\/wp-content\/uploads\/2026\/08\/0583584a-48e8-4961-a871-e4cca6c48ad9.jpeg?resize=768%2C576&amp;ssl=1 768w, https:\/\/i0.wp.com\/www.pfarrei-due-wo.de\/wp-content\/uploads\/2026\/08\/0583584a-48e8-4961-a871-e4cca6c48ad9.jpeg?resize=1536%2C1152&amp;ssl=1 1536w, https:\/\/i0.wp.com\/www.pfarrei-due-wo.de\/wp-content\/uploads\/2026\/08\/0583584a-48e8-4961-a871-e4cca6c48ad9.jpeg?w=1600&amp;ssl=1 1600w\" sizes=\"auto, (max-width: 300px) 100vw, 300px\" \/> <img data-recalc-dims=\"1\" loading=\"lazy\" decoding=\"async\" data-attachment-id=\"14041\" data-permalink=\"https:\/\/www.pfarrei-due-wo.de\/?attachment_id=14041\" data-orig-file=\"https:\/\/i0.wp.com\/www.pfarrei-due-wo.de\/wp-content\/uploads\/2026\/08\/5b2272b1-2787-43bd-9c58-946a420c0359.jpeg?fit=1134%2C2016&amp;ssl=1\" data-orig-size=\"1134,2016\" data-comments-opened=\"0\" data-image-title=\"5b2272b1-2787-43bd-9c58-946a420c0359\" data-image-description=\"\" data-image-caption=\"\" data-large-file=\"https:\/\/i0.wp.com\/www.pfarrei-due-wo.de\/wp-content\/uploads\/2026\/08\/5b2272b1-2787-43bd-9c58-946a420c0359.jpeg?fit=750%2C1333&amp;ssl=1\" class=\"alignnone size-medium wp-image-14041\" src=\"https:\/\/i0.wp.com\/www.pfarrei-due-wo.de\/wp-content\/uploads\/2026\/08\/5b2272b1-2787-43bd-9c58-946a420c0359.jpeg?resize=169%2C300&#038;ssl=1\" alt=\"\" width=\"169\" height=\"300\" srcset=\"https:\/\/i0.wp.com\/www.pfarrei-due-wo.de\/wp-content\/uploads\/2026\/08\/5b2272b1-2787-43bd-9c58-946a420c0359.jpeg?resize=169%2C300&amp;ssl=1 169w, https:\/\/i0.wp.com\/www.pfarrei-due-wo.de\/wp-content\/uploads\/2026\/08\/5b2272b1-2787-43bd-9c58-946a420c0359.jpeg?resize=768%2C1365&amp;ssl=1 768w, https:\/\/i0.wp.com\/www.pfarrei-due-wo.de\/wp-content\/uploads\/2026\/08\/5b2272b1-2787-43bd-9c58-946a420c0359.jpeg?resize=864%2C1536&amp;ssl=1 864w, https:\/\/i0.wp.com\/www.pfarrei-due-wo.de\/wp-content\/uploads\/2026\/08\/5b2272b1-2787-43bd-9c58-946a420c0359.jpeg?w=1134&amp;ssl=1 1134w\" sizes=\"auto, (max-width: 169px) 100vw, 169px\" \/> <img data-recalc-dims=\"1\" loading=\"lazy\" decoding=\"async\" data-attachment-id=\"14039\" data-permalink=\"https:\/\/www.pfarrei-due-wo.de\/?attachment_id=14039\" data-orig-file=\"https:\/\/i0.wp.com\/www.pfarrei-due-wo.de\/wp-content\/uploads\/2026\/08\/3daadf31-3dde-43b8-b0f4-aee995da8ee5.jpeg?fit=1536%2C2048&amp;ssl=1\" data-orig-size=\"1536,2048\" data-comments-opened=\"0\" data-image-title=\"3daadf31-3dde-43b8-b0f4-aee995da8ee5\" data-image-description=\"\" data-image-caption=\"\" data-large-file=\"https:\/\/i0.wp.com\/www.pfarrei-due-wo.de\/wp-content\/uploads\/2026\/08\/3daadf31-3dde-43b8-b0f4-aee995da8ee5.jpeg?fit=750%2C1000&amp;ssl=1\" class=\"alignnone size-medium wp-image-14039\" src=\"https:\/\/i0.wp.com\/www.pfarrei-due-wo.de\/wp-content\/uploads\/2026\/08\/3daadf31-3dde-43b8-b0f4-aee995da8ee5.jpeg?resize=225%2C300&#038;ssl=1\" alt=\"\" width=\"225\" height=\"300\" srcset=\"https:\/\/i0.wp.com\/www.pfarrei-due-wo.de\/wp-content\/uploads\/2026\/08\/3daadf31-3dde-43b8-b0f4-aee995da8ee5.jpeg?resize=225%2C300&amp;ssl=1 225w, https:\/\/i0.wp.com\/www.pfarrei-due-wo.de\/wp-content\/uploads\/2026\/08\/3daadf31-3dde-43b8-b0f4-aee995da8ee5.jpeg?resize=768%2C1024&amp;ssl=1 768w, https:\/\/i0.wp.com\/www.pfarrei-due-wo.de\/wp-content\/uploads\/2026\/08\/3daadf31-3dde-43b8-b0f4-aee995da8ee5.jpeg?resize=1152%2C1536&amp;ssl=1 1152w, https:\/\/i0.wp.com\/www.pfarrei-due-wo.de\/wp-content\/uploads\/2026\/08\/3daadf31-3dde-43b8-b0f4-aee995da8ee5.jpeg?w=1536&amp;ssl=1 1536w\" sizes=\"auto, (max-width: 225px) 100vw, 225px\" \/> <img data-recalc-dims=\"1\" loading=\"lazy\" decoding=\"async\" data-attachment-id=\"14050\" data-permalink=\"https:\/\/www.pfarrei-due-wo.de\/?attachment_id=14050\" data-orig-file=\"https:\/\/i0.wp.com\/www.pfarrei-due-wo.de\/wp-content\/uploads\/2026\/08\/54388482-e8e3-498d-a50b-016450764258.jpeg?fit=1152%2C2048&amp;ssl=1\" data-orig-size=\"1152,2048\" data-comments-opened=\"0\" data-image-title=\"54388482-e8e3-498d-a50b-016450764258\" data-image-description=\"\" data-image-caption=\"\" data-large-file=\"https:\/\/i0.wp.com\/www.pfarrei-due-wo.de\/wp-content\/uploads\/2026\/08\/54388482-e8e3-498d-a50b-016450764258.jpeg?fit=750%2C1333&amp;ssl=1\" class=\"alignnone size-medium wp-image-14050\" src=\"https:\/\/i0.wp.com\/www.pfarrei-due-wo.de\/wp-content\/uploads\/2026\/08\/54388482-e8e3-498d-a50b-016450764258.jpeg?resize=169%2C300&#038;ssl=1\" alt=\"\" width=\"169\" height=\"300\" srcset=\"https:\/\/i0.wp.com\/www.pfarrei-due-wo.de\/wp-content\/uploads\/2026\/08\/54388482-e8e3-498d-a50b-016450764258.jpeg?resize=169%2C300&amp;ssl=1 169w, https:\/\/i0.wp.com\/www.pfarrei-due-wo.de\/wp-content\/uploads\/2026\/08\/54388482-e8e3-498d-a50b-016450764258.jpeg?resize=768%2C1365&amp;ssl=1 768w, https:\/\/i0.wp.com\/www.pfarrei-due-wo.de\/wp-content\/uploads\/2026\/08\/54388482-e8e3-498d-a50b-016450764258.jpeg?resize=864%2C1536&amp;ssl=1 864w, https:\/\/i0.wp.com\/www.pfarrei-due-wo.de\/wp-content\/uploads\/2026\/08\/54388482-e8e3-498d-a50b-016450764258.jpeg?w=1152&amp;ssl=1 1152w\" sizes=\"auto, (max-width: 169px) 100vw, 169px\" \/> <img data-recalc-dims=\"1\" loading=\"lazy\" decoding=\"async\" data-attachment-id=\"14060\" data-permalink=\"https:\/\/www.pfarrei-due-wo.de\/?attachment_id=14060\" data-orig-file=\"https:\/\/i0.wp.com\/www.pfarrei-due-wo.de\/wp-content\/uploads\/2026\/08\/IMG_5218-scaled.jpeg?fit=1920%2C2560&amp;ssl=1\" data-orig-size=\"1920,2560\" data-comments-opened=\"0\" data-image-title=\"IMG_5218\" data-image-description=\"\" data-image-caption=\"\" data-large-file=\"https:\/\/i0.wp.com\/www.pfarrei-due-wo.de\/wp-content\/uploads\/2026\/08\/IMG_5218-scaled.jpeg?fit=750%2C1000&amp;ssl=1\" class=\"alignnone size-medium wp-image-14060\" src=\"https:\/\/i0.wp.com\/www.pfarrei-due-wo.de\/wp-content\/uploads\/2026\/08\/IMG_5218.jpeg?resize=225%2C300&#038;ssl=1\" alt=\"\" width=\"225\" height=\"300\" srcset=\"https:\/\/i0.wp.com\/www.pfarrei-due-wo.de\/wp-content\/uploads\/2026\/08\/IMG_5218-scaled.jpeg?resize=225%2C300&amp;ssl=1 225w, https:\/\/i0.wp.com\/www.pfarrei-due-wo.de\/wp-content\/uploads\/2026\/08\/IMG_5218-scaled.jpeg?resize=768%2C1024&amp;ssl=1 768w, https:\/\/i0.wp.com\/www.pfarrei-due-wo.de\/wp-content\/uploads\/2026\/08\/IMG_5218-scaled.jpeg?resize=1152%2C1536&amp;ssl=1 1152w, https:\/\/i0.wp.com\/www.pfarrei-due-wo.de\/wp-content\/uploads\/2026\/08\/IMG_5218-scaled.jpeg?resize=1536%2C2048&amp;ssl=1 1536w, https:\/\/i0.wp.com\/www.pfarrei-due-wo.de\/wp-content\/uploads\/2026\/08\/IMG_5218-scaled.jpeg?w=1920&amp;ssl=1 1920w\" sizes=\"auto, (max-width: 225px) 100vw, 225px\" \/> <img data-recalc-dims=\"1\" loading=\"lazy\" decoding=\"async\" data-attachment-id=\"14047\" data-permalink=\"https:\/\/www.pfarrei-due-wo.de\/?attachment_id=14047\" data-orig-file=\"https:\/\/i0.wp.com\/www.pfarrei-due-wo.de\/wp-content\/uploads\/2026\/08\/148b84df-ace5-43e8-9f69-0db8d0226958.jpeg?fit=2016%2C1134&amp;ssl=1\" data-orig-size=\"2016,1134\" data-comments-opened=\"0\" data-image-title=\"148b84df-ace5-43e8-9f69-0db8d0226958\" data-image-description=\"\" data-image-caption=\"\" data-large-file=\"https:\/\/i0.wp.com\/www.pfarrei-due-wo.de\/wp-content\/uploads\/2026\/08\/148b84df-ace5-43e8-9f69-0db8d0226958.jpeg?fit=750%2C422&amp;ssl=1\" class=\"alignnone size-medium wp-image-14047\" src=\"https:\/\/i0.wp.com\/www.pfarrei-due-wo.de\/wp-content\/uploads\/2026\/08\/148b84df-ace5-43e8-9f69-0db8d0226958.jpeg?resize=300%2C169&#038;ssl=1\" alt=\"\" width=\"300\" height=\"169\" srcset=\"https:\/\/i0.wp.com\/www.pfarrei-due-wo.de\/wp-content\/uploads\/2026\/08\/148b84df-ace5-43e8-9f69-0db8d0226958.jpeg?resize=300%2C169&amp;ssl=1 300w, https:\/\/i0.wp.com\/www.pfarrei-due-wo.de\/wp-content\/uploads\/2026\/08\/148b84df-ace5-43e8-9f69-0db8d0226958.jpeg?resize=768%2C432&amp;ssl=1 768w, https:\/\/i0.wp.com\/www.pfarrei-due-wo.de\/wp-content\/uploads\/2026\/08\/148b84df-ace5-43e8-9f69-0db8d0226958.jpeg?resize=1536%2C864&amp;ssl=1 1536w, https:\/\/i0.wp.com\/www.pfarrei-due-wo.de\/wp-content\/uploads\/2026\/08\/148b84df-ace5-43e8-9f69-0db8d0226958.jpeg?w=2016&amp;ssl=1 2016w\" sizes=\"auto, (max-width: 300px) 100vw, 300px\" \/><img data-recalc-dims=\"1\" loading=\"lazy\" decoding=\"async\" data-attachment-id=\"14061\" data-permalink=\"https:\/\/www.pfarrei-due-wo.de\/?attachment_id=14061\" data-orig-file=\"https:\/\/i0.wp.com\/www.pfarrei-due-wo.de\/wp-content\/uploads\/2026\/08\/IMG_5236-scaled.jpeg?fit=1920%2C2560&amp;ssl=1\" data-orig-size=\"1920,2560\" data-comments-opened=\"0\" data-image-title=\"IMG_5236\" data-image-description=\"\" data-image-caption=\"\" data-large-file=\"https:\/\/i0.wp.com\/www.pfarrei-due-wo.de\/wp-content\/uploads\/2026\/08\/IMG_5236-scaled.jpeg?fit=750%2C1000&amp;ssl=1\" class=\"alignnone size-medium wp-image-14061\" src=\"https:\/\/i0.wp.com\/www.pfarrei-due-wo.de\/wp-content\/uploads\/2026\/08\/IMG_5236.jpeg?resize=225%2C300&#038;ssl=1\" alt=\"\" width=\"225\" height=\"300\" srcset=\"https:\/\/i0.wp.com\/www.pfarrei-due-wo.de\/wp-content\/uploads\/2026\/08\/IMG_5236-scaled.jpeg?resize=225%2C300&amp;ssl=1 225w, https:\/\/i0.wp.com\/www.pfarrei-due-wo.de\/wp-content\/uploads\/2026\/08\/IMG_5236-scaled.jpeg?resize=768%2C1024&amp;ssl=1 768w, https:\/\/i0.wp.com\/www.pfarrei-due-wo.de\/wp-content\/uploads\/2026\/08\/IMG_5236-scaled.jpeg?resize=1152%2C1536&amp;ssl=1 1152w, https:\/\/i0.wp.com\/www.pfarrei-due-wo.de\/wp-content\/uploads\/2026\/08\/IMG_5236-scaled.jpeg?resize=1536%2C2048&amp;ssl=1 1536w, https:\/\/i0.wp.com\/www.pfarrei-due-wo.de\/wp-content\/uploads\/2026\/08\/IMG_5236-scaled.jpeg?w=1920&amp;ssl=1 1920w\" sizes=\"auto, (max-width: 225px) 100vw, 225px\" \/> <img data-recalc-dims=\"1\" loading=\"lazy\" decoding=\"async\" data-attachment-id=\"14045\" data-permalink=\"https:\/\/www.pfarrei-due-wo.de\/?attachment_id=14045\" data-orig-file=\"https:\/\/i0.wp.com\/www.pfarrei-due-wo.de\/wp-content\/uploads\/2026\/08\/86a7e2a4-646f-4c08-b902-05b7a3edac1d.jpeg?fit=2048%2C1152&amp;ssl=1\" data-orig-size=\"2048,1152\" data-comments-opened=\"0\" data-image-title=\"86a7e2a4-646f-4c08-b902-05b7a3edac1d\" data-image-description=\"\" data-image-caption=\"\" data-large-file=\"https:\/\/i0.wp.com\/www.pfarrei-due-wo.de\/wp-content\/uploads\/2026\/08\/86a7e2a4-646f-4c08-b902-05b7a3edac1d.jpeg?fit=750%2C422&amp;ssl=1\" class=\"alignnone size-medium wp-image-14045\" src=\"https:\/\/i0.wp.com\/www.pfarrei-due-wo.de\/wp-content\/uploads\/2026\/08\/86a7e2a4-646f-4c08-b902-05b7a3edac1d.jpeg?resize=300%2C169&#038;ssl=1\" alt=\"\" width=\"300\" height=\"169\" srcset=\"https:\/\/i0.wp.com\/www.pfarrei-due-wo.de\/wp-content\/uploads\/2026\/08\/86a7e2a4-646f-4c08-b902-05b7a3edac1d.jpeg?resize=300%2C169&amp;ssl=1 300w, https:\/\/i0.wp.com\/www.pfarrei-due-wo.de\/wp-content\/uploads\/2026\/08\/86a7e2a4-646f-4c08-b902-05b7a3edac1d.jpeg?resize=768%2C432&amp;ssl=1 768w, https:\/\/i0.wp.com\/www.pfarrei-due-wo.de\/wp-content\/uploads\/2026\/08\/86a7e2a4-646f-4c08-b902-05b7a3edac1d.jpeg?resize=1536%2C864&amp;ssl=1 1536w, https:\/\/i0.wp.com\/www.pfarrei-due-wo.de\/wp-content\/uploads\/2026\/08\/86a7e2a4-646f-4c08-b902-05b7a3edac1d.jpeg?w=2048&amp;ssl=1 2048w\" sizes=\"auto, (max-width: 300px) 100vw, 300px\" \/> <img data-recalc-dims=\"1\" loading=\"lazy\" decoding=\"async\" data-attachment-id=\"14062\" data-permalink=\"https:\/\/www.pfarrei-due-wo.de\/?attachment_id=14062\" data-orig-file=\"https:\/\/i0.wp.com\/www.pfarrei-due-wo.de\/wp-content\/uploads\/2026\/08\/IMG_5239-scaled.jpeg?fit=1920%2C2560&amp;ssl=1\" data-orig-size=\"1920,2560\" data-comments-opened=\"0\" data-image-title=\"IMG_5239\" data-image-description=\"\" data-image-caption=\"\" data-large-file=\"https:\/\/i0.wp.com\/www.pfarrei-due-wo.de\/wp-content\/uploads\/2026\/08\/IMG_5239-scaled.jpeg?fit=750%2C1000&amp;ssl=1\" class=\"alignnone size-medium wp-image-14062\" src=\"https:\/\/i0.wp.com\/www.pfarrei-due-wo.de\/wp-content\/uploads\/2026\/08\/IMG_5239.jpeg?resize=225%2C300&#038;ssl=1\" alt=\"\" width=\"225\" height=\"300\" srcset=\"https:\/\/i0.wp.com\/www.pfarrei-due-wo.de\/wp-content\/uploads\/2026\/08\/IMG_5239-scaled.jpeg?resize=225%2C300&amp;ssl=1 225w, https:\/\/i0.wp.com\/www.pfarrei-due-wo.de\/wp-content\/uploads\/2026\/08\/IMG_5239-scaled.jpeg?resize=768%2C1024&amp;ssl=1 768w, https:\/\/i0.wp.com\/www.pfarrei-due-wo.de\/wp-content\/uploads\/2026\/08\/IMG_5239-scaled.jpeg?resize=1152%2C1536&amp;ssl=1 1152w, https:\/\/i0.wp.com\/www.pfarrei-due-wo.de\/wp-content\/uploads\/2026\/08\/IMG_5239-scaled.jpeg?resize=1536%2C2048&amp;ssl=1 1536w, https:\/\/i0.wp.com\/www.pfarrei-due-wo.de\/wp-content\/uploads\/2026\/08\/IMG_5239-scaled.jpeg?w=1920&amp;ssl=1 1920w\" sizes=\"auto, (max-width: 225px) 100vw, 225px\" \/> <img data-recalc-dims=\"1\" loading=\"lazy\" decoding=\"async\" data-attachment-id=\"14051\" data-permalink=\"https:\/\/www.pfarrei-due-wo.de\/?attachment_id=14051\" data-orig-file=\"https:\/\/i0.wp.com\/www.pfarrei-due-wo.de\/wp-content\/uploads\/2026\/08\/b01fd7c5-5431-485e-9175-03b50680844b.jpeg?fit=2016%2C1134&amp;ssl=1\" data-orig-size=\"2016,1134\" data-comments-opened=\"0\" data-image-title=\"b01fd7c5-5431-485e-9175-03b50680844b\" data-image-description=\"\" data-image-caption=\"\" data-large-file=\"https:\/\/i0.wp.com\/www.pfarrei-due-wo.de\/wp-content\/uploads\/2026\/08\/b01fd7c5-5431-485e-9175-03b50680844b.jpeg?fit=750%2C422&amp;ssl=1\" class=\"alignnone size-medium wp-image-14051\" src=\"https:\/\/i0.wp.com\/www.pfarrei-due-wo.de\/wp-content\/uploads\/2026\/08\/b01fd7c5-5431-485e-9175-03b50680844b.jpeg?resize=300%2C169&#038;ssl=1\" alt=\"\" width=\"300\" height=\"169\" srcset=\"https:\/\/i0.wp.com\/www.pfarrei-due-wo.de\/wp-content\/uploads\/2026\/08\/b01fd7c5-5431-485e-9175-03b50680844b.jpeg?resize=300%2C169&amp;ssl=1 300w, https:\/\/i0.wp.com\/www.pfarrei-due-wo.de\/wp-content\/uploads\/2026\/08\/b01fd7c5-5431-485e-9175-03b50680844b.jpeg?resize=768%2C432&amp;ssl=1 768w, https:\/\/i0.wp.com\/www.pfarrei-due-wo.de\/wp-content\/uploads\/2026\/08\/b01fd7c5-5431-485e-9175-03b50680844b.jpeg?resize=1536%2C864&amp;ssl=1 1536w, https:\/\/i0.wp.com\/www.pfarrei-due-wo.de\/wp-content\/uploads\/2026\/08\/b01fd7c5-5431-485e-9175-03b50680844b.jpeg?w=2016&amp;ssl=1 2016w\" sizes=\"auto, (max-width: 300px) 100vw, 300px\" \/> <img data-recalc-dims=\"1\" loading=\"lazy\" decoding=\"async\" data-attachment-id=\"14040\" data-permalink=\"https:\/\/www.pfarrei-due-wo.de\/?attachment_id=14040\" data-orig-file=\"https:\/\/i0.wp.com\/www.pfarrei-due-wo.de\/wp-content\/uploads\/2026\/08\/3dbf041b-d4a9-461b-8809-389bde0d7b71.jpeg?fit=1200%2C1600&amp;ssl=1\" data-orig-size=\"1200,1600\" data-comments-opened=\"0\" data-image-title=\"3dbf041b-d4a9-461b-8809-389bde0d7b71\" data-image-description=\"\" data-image-caption=\"\" data-large-file=\"https:\/\/i0.wp.com\/www.pfarrei-due-wo.de\/wp-content\/uploads\/2026\/08\/3dbf041b-d4a9-461b-8809-389bde0d7b71.jpeg?fit=750%2C1000&amp;ssl=1\" class=\"alignnone size-medium wp-image-14040\" src=\"https:\/\/i0.wp.com\/www.pfarrei-due-wo.de\/wp-content\/uploads\/2026\/08\/3dbf041b-d4a9-461b-8809-389bde0d7b71.jpeg?resize=225%2C300&#038;ssl=1\" alt=\"\" width=\"225\" height=\"300\" srcset=\"https:\/\/i0.wp.com\/www.pfarrei-due-wo.de\/wp-content\/uploads\/2026\/08\/3dbf041b-d4a9-461b-8809-389bde0d7b71.jpeg?resize=225%2C300&amp;ssl=1 225w, https:\/\/i0.wp.com\/www.pfarrei-due-wo.de\/wp-content\/uploads\/2026\/08\/3dbf041b-d4a9-461b-8809-389bde0d7b71.jpeg?resize=768%2C1024&amp;ssl=1 768w, https:\/\/i0.wp.com\/www.pfarrei-due-wo.de\/wp-content\/uploads\/2026\/08\/3dbf041b-d4a9-461b-8809-389bde0d7b71.jpeg?resize=1152%2C1536&amp;ssl=1 1152w, https:\/\/i0.wp.com\/www.pfarrei-due-wo.de\/wp-content\/uploads\/2026\/08\/3dbf041b-d4a9-461b-8809-389bde0d7b71.jpeg?w=1200&amp;ssl=1 1200w\" sizes=\"auto, (max-width: 225px) 100vw, 225px\" \/> <img data-recalc-dims=\"1\" loading=\"lazy\" decoding=\"async\" data-attachment-id=\"14063\" data-permalink=\"https:\/\/www.pfarrei-due-wo.de\/?attachment_id=14063\" data-orig-file=\"https:\/\/i0.wp.com\/www.pfarrei-due-wo.de\/wp-content\/uploads\/2026\/08\/IMG_5254-scaled.jpeg?fit=2560%2C1920&amp;ssl=1\" data-orig-size=\"2560,1920\" data-comments-opened=\"0\" data-image-title=\"IMG_5254\" data-image-description=\"\" data-image-caption=\"\" data-large-file=\"https:\/\/i0.wp.com\/www.pfarrei-due-wo.de\/wp-content\/uploads\/2026\/08\/IMG_5254-scaled.jpeg?fit=750%2C563&amp;ssl=1\" class=\"alignnone size-medium wp-image-14063\" src=\"https:\/\/i0.wp.com\/www.pfarrei-due-wo.de\/wp-content\/uploads\/2026\/08\/IMG_5254.jpeg?resize=300%2C225&#038;ssl=1\" alt=\"\" width=\"300\" height=\"225\" srcset=\"https:\/\/i0.wp.com\/www.pfarrei-due-wo.de\/wp-content\/uploads\/2026\/08\/IMG_5254-scaled.jpeg?resize=300%2C225&amp;ssl=1 300w, https:\/\/i0.wp.com\/www.pfarrei-due-wo.de\/wp-content\/uploads\/2026\/08\/IMG_5254-scaled.jpeg?resize=768%2C576&amp;ssl=1 768w, https:\/\/i0.wp.com\/www.pfarrei-due-wo.de\/wp-content\/uploads\/2026\/08\/IMG_5254-scaled.jpeg?resize=1536%2C1152&amp;ssl=1 1536w, https:\/\/i0.wp.com\/www.pfarrei-due-wo.de\/wp-content\/uploads\/2026\/08\/IMG_5254-scaled.jpeg?resize=2048%2C1536&amp;ssl=1 2048w, https:\/\/i0.wp.com\/www.pfarrei-due-wo.de\/wp-content\/uploads\/2026\/08\/IMG_5254-scaled.jpeg?w=2250&amp;ssl=1 2250w\" sizes=\"auto, (max-width: 300px) 100vw, 300px\" \/> <img data-recalc-dims=\"1\" loading=\"lazy\" decoding=\"async\" data-attachment-id=\"14043\" data-permalink=\"https:\/\/www.pfarrei-due-wo.de\/?attachment_id=14043\" data-orig-file=\"https:\/\/i0.wp.com\/www.pfarrei-due-wo.de\/wp-content\/uploads\/2026\/08\/8eaa6ca1-8bd2-4b2c-89ad-f6ff4cf15319.jpeg?fit=1600%2C1200&amp;ssl=1\" data-orig-size=\"1600,1200\" data-comments-opened=\"0\" data-image-title=\"8eaa6ca1-8bd2-4b2c-89ad-f6ff4cf15319\" data-image-description=\"\" data-image-caption=\"\" data-large-file=\"https:\/\/i0.wp.com\/www.pfarrei-due-wo.de\/wp-content\/uploads\/2026\/08\/8eaa6ca1-8bd2-4b2c-89ad-f6ff4cf15319.jpeg?fit=750%2C563&amp;ssl=1\" class=\"alignnone size-medium wp-image-14043\" src=\"https:\/\/i0.wp.com\/www.pfarrei-due-wo.de\/wp-content\/uploads\/2026\/08\/8eaa6ca1-8bd2-4b2c-89ad-f6ff4cf15319.jpeg?resize=300%2C225&#038;ssl=1\" alt=\"\" width=\"300\" height=\"225\" srcset=\"https:\/\/i0.wp.com\/www.pfarrei-due-wo.de\/wp-content\/uploads\/2026\/08\/8eaa6ca1-8bd2-4b2c-89ad-f6ff4cf15319.jpeg?resize=300%2C225&amp;ssl=1 300w, https:\/\/i0.wp.com\/www.pfarrei-due-wo.de\/wp-content\/uploads\/2026\/08\/8eaa6ca1-8bd2-4b2c-89ad-f6ff4cf15319.jpeg?resize=768%2C576&amp;ssl=1 768w, https:\/\/i0.wp.com\/www.pfarrei-due-wo.de\/wp-content\/uploads\/2026\/08\/8eaa6ca1-8bd2-4b2c-89ad-f6ff4cf15319.jpeg?resize=1536%2C1152&amp;ssl=1 1536w, https:\/\/i0.wp.com\/www.pfarrei-due-wo.de\/wp-content\/uploads\/2026\/08\/8eaa6ca1-8bd2-4b2c-89ad-f6ff4cf15319.jpeg?w=1600&amp;ssl=1 1600w\" sizes=\"auto, (max-width: 300px) 100vw, 300px\" \/> <img data-recalc-dims=\"1\" loading=\"lazy\" decoding=\"async\" data-attachment-id=\"14042\" data-permalink=\"https:\/\/www.pfarrei-due-wo.de\/?attachment_id=14042\" data-orig-file=\"https:\/\/i0.wp.com\/www.pfarrei-due-wo.de\/wp-content\/uploads\/2026\/08\/5f33daad-7f13-4f86-a370-0bf9537a637f.jpeg?fit=2048%2C1152&amp;ssl=1\" data-orig-size=\"2048,1152\" data-comments-opened=\"0\" data-image-title=\"5f33daad-7f13-4f86-a370-0bf9537a637f\" data-image-description=\"\" data-image-caption=\"\" data-large-file=\"https:\/\/i0.wp.com\/www.pfarrei-due-wo.de\/wp-content\/uploads\/2026\/08\/5f33daad-7f13-4f86-a370-0bf9537a637f.jpeg?fit=750%2C422&amp;ssl=1\" class=\"alignnone size-medium wp-image-14042\" src=\"https:\/\/i0.wp.com\/www.pfarrei-due-wo.de\/wp-content\/uploads\/2026\/08\/5f33daad-7f13-4f86-a370-0bf9537a637f.jpeg?resize=300%2C169&#038;ssl=1\" alt=\"\" width=\"300\" height=\"169\" srcset=\"https:\/\/i0.wp.com\/www.pfarrei-due-wo.de\/wp-content\/uploads\/2026\/08\/5f33daad-7f13-4f86-a370-0bf9537a637f.jpeg?resize=300%2C169&amp;ssl=1 300w, https:\/\/i0.wp.com\/www.pfarrei-due-wo.de\/wp-content\/uploads\/2026\/08\/5f33daad-7f13-4f86-a370-0bf9537a637f.jpeg?resize=768%2C432&amp;ssl=1 768w, https:\/\/i0.wp.com\/www.pfarrei-due-wo.de\/wp-content\/uploads\/2026\/08\/5f33daad-7f13-4f86-a370-0bf9537a637f.jpeg?resize=1536%2C864&amp;ssl=1 1536w, https:\/\/i0.wp.com\/www.pfarrei-due-wo.de\/wp-content\/uploads\/2026\/08\/5f33daad-7f13-4f86-a370-0bf9537a637f.jpeg?w=2048&amp;ssl=1 2048w\" sizes=\"auto, (max-width: 300px) 100vw, 300px\" \/> <img data-recalc-dims=\"1\" loading=\"lazy\" decoding=\"async\" data-attachment-id=\"14052\" data-permalink=\"https:\/\/www.pfarrei-due-wo.de\/?attachment_id=14052\" data-orig-file=\"https:\/\/i0.wp.com\/www.pfarrei-due-wo.de\/wp-content\/uploads\/2026\/08\/bca0f172-e7e7-41fa-9d3a-a6fbf110aad3.jpeg?fit=1600%2C1200&amp;ssl=1\" data-orig-size=\"1600,1200\" data-comments-opened=\"0\" data-image-title=\"bca0f172-e7e7-41fa-9d3a-a6fbf110aad3\" data-image-description=\"\" data-image-caption=\"\" data-large-file=\"https:\/\/i0.wp.com\/www.pfarrei-due-wo.de\/wp-content\/uploads\/2026\/08\/bca0f172-e7e7-41fa-9d3a-a6fbf110aad3.jpeg?fit=750%2C563&amp;ssl=1\" class=\"alignnone size-medium wp-image-14052\" src=\"https:\/\/i0.wp.com\/www.pfarrei-due-wo.de\/wp-content\/uploads\/2026\/08\/bca0f172-e7e7-41fa-9d3a-a6fbf110aad3.jpeg?resize=300%2C225&#038;ssl=1\" alt=\"\" width=\"300\" height=\"225\" srcset=\"https:\/\/i0.wp.com\/www.pfarrei-due-wo.de\/wp-content\/uploads\/2026\/08\/bca0f172-e7e7-41fa-9d3a-a6fbf110aad3.jpeg?resize=300%2C225&amp;ssl=1 300w, https:\/\/i0.wp.com\/www.pfarrei-due-wo.de\/wp-content\/uploads\/2026\/08\/bca0f172-e7e7-41fa-9d3a-a6fbf110aad3.jpeg?resize=768%2C576&amp;ssl=1 768w, https:\/\/i0.wp.com\/www.pfarrei-due-wo.de\/wp-content\/uploads\/2026\/08\/bca0f172-e7e7-41fa-9d3a-a6fbf110aad3.jpeg?resize=1536%2C1152&amp;ssl=1 1536w, https:\/\/i0.wp.com\/www.pfarrei-due-wo.de\/wp-content\/uploads\/2026\/08\/bca0f172-e7e7-41fa-9d3a-a6fbf110aad3.jpeg?w=1600&amp;ssl=1 1600w\" sizes=\"auto, (max-width: 300px) 100vw, 300px\" \/> <img data-recalc-dims=\"1\" loading=\"lazy\" decoding=\"async\" data-attachment-id=\"14054\" data-permalink=\"https:\/\/www.pfarrei-due-wo.de\/?attachment_id=14054\" data-orig-file=\"https:\/\/i0.wp.com\/www.pfarrei-due-wo.de\/wp-content\/uploads\/2026\/08\/c49c77f8-a871-43d9-86f6-b3a6feead113.jpeg?fit=1200%2C1600&amp;ssl=1\" data-orig-size=\"1200,1600\" data-comments-opened=\"0\" data-image-title=\"c49c77f8-a871-43d9-86f6-b3a6feead113\" data-image-description=\"\" data-image-caption=\"\" data-large-file=\"https:\/\/i0.wp.com\/www.pfarrei-due-wo.de\/wp-content\/uploads\/2026\/08\/c49c77f8-a871-43d9-86f6-b3a6feead113.jpeg?fit=750%2C1000&amp;ssl=1\" class=\"alignnone size-medium wp-image-14054\" src=\"https:\/\/i0.wp.com\/www.pfarrei-due-wo.de\/wp-content\/uploads\/2026\/08\/c49c77f8-a871-43d9-86f6-b3a6feead113.jpeg?resize=225%2C300&#038;ssl=1\" alt=\"\" width=\"225\" height=\"300\" srcset=\"https:\/\/i0.wp.com\/www.pfarrei-due-wo.de\/wp-content\/uploads\/2026\/08\/c49c77f8-a871-43d9-86f6-b3a6feead113.jpeg?resize=225%2C300&amp;ssl=1 225w, https:\/\/i0.wp.com\/www.pfarrei-due-wo.de\/wp-content\/uploads\/2026\/08\/c49c77f8-a871-43d9-86f6-b3a6feead113.jpeg?resize=768%2C1024&amp;ssl=1 768w, https:\/\/i0.wp.com\/www.pfarrei-due-wo.de\/wp-content\/uploads\/2026\/08\/c49c77f8-a871-43d9-86f6-b3a6feead113.jpeg?resize=1152%2C1536&amp;ssl=1 1152w, https:\/\/i0.wp.com\/www.pfarrei-due-wo.de\/wp-content\/uploads\/2026\/08\/c49c77f8-a871-43d9-86f6-b3a6feead113.jpeg?w=1200&amp;ssl=1 1200w\" sizes=\"auto, (max-width: 225px) 100vw, 225px\" \/> <img data-recalc-dims=\"1\" loading=\"lazy\" decoding=\"async\" data-attachment-id=\"14053\" data-permalink=\"https:\/\/www.pfarrei-due-wo.de\/?attachment_id=14053\" data-orig-file=\"https:\/\/i0.wp.com\/www.pfarrei-due-wo.de\/wp-content\/uploads\/2026\/08\/c4d01a18-2aa6-4826-8932-11a0d3d70ed9.jpeg?fit=2048%2C1152&amp;ssl=1\" data-orig-size=\"2048,1152\" data-comments-opened=\"0\" data-image-title=\"c4d01a18-2aa6-4826-8932-11a0d3d70ed9\" data-image-description=\"\" data-image-caption=\"\" data-large-file=\"https:\/\/i0.wp.com\/www.pfarrei-due-wo.de\/wp-content\/uploads\/2026\/08\/c4d01a18-2aa6-4826-8932-11a0d3d70ed9.jpeg?fit=750%2C422&amp;ssl=1\" class=\"alignnone size-medium wp-image-14053\" src=\"https:\/\/i0.wp.com\/www.pfarrei-due-wo.de\/wp-content\/uploads\/2026\/08\/c4d01a18-2aa6-4826-8932-11a0d3d70ed9.jpeg?resize=300%2C169&#038;ssl=1\" alt=\"\" width=\"300\" height=\"169\" srcset=\"https:\/\/i0.wp.com\/www.pfarrei-due-wo.de\/wp-content\/uploads\/2026\/08\/c4d01a18-2aa6-4826-8932-11a0d3d70ed9.jpeg?resize=300%2C169&amp;ssl=1 300w, https:\/\/i0.wp.com\/www.pfarrei-due-wo.de\/wp-content\/uploads\/2026\/08\/c4d01a18-2aa6-4826-8932-11a0d3d70ed9.jpeg?resize=768%2C432&amp;ssl=1 768w, https:\/\/i0.wp.com\/www.pfarrei-due-wo.de\/wp-content\/uploads\/2026\/08\/c4d01a18-2aa6-4826-8932-11a0d3d70ed9.jpeg?resize=1536%2C864&amp;ssl=1 1536w, https:\/\/i0.wp.com\/www.pfarrei-due-wo.de\/wp-content\/uploads\/2026\/08\/c4d01a18-2aa6-4826-8932-11a0d3d70ed9.jpeg?w=2048&amp;ssl=1 2048w\" sizes=\"auto, (max-width: 300px) 100vw, 300px\" \/> <img data-recalc-dims=\"1\" loading=\"lazy\" decoding=\"async\" data-attachment-id=\"14044\" data-permalink=\"https:\/\/www.pfarrei-due-wo.de\/?attachment_id=14044\" data-orig-file=\"https:\/\/i0.wp.com\/www.pfarrei-due-wo.de\/wp-content\/uploads\/2026\/08\/45bb9a9d-8b6f-455d-a37b-d2711e1b7d9d.jpeg?fit=1200%2C1600&amp;ssl=1\" data-orig-size=\"1200,1600\" data-comments-opened=\"0\" data-image-title=\"45bb9a9d-8b6f-455d-a37b-d2711e1b7d9d\" data-image-description=\"\" data-image-caption=\"\" data-large-file=\"https:\/\/i0.wp.com\/www.pfarrei-due-wo.de\/wp-content\/uploads\/2026\/08\/45bb9a9d-8b6f-455d-a37b-d2711e1b7d9d.jpeg?fit=750%2C1000&amp;ssl=1\" class=\"alignnone size-medium wp-image-14044\" src=\"https:\/\/i0.wp.com\/www.pfarrei-due-wo.de\/wp-content\/uploads\/2026\/08\/45bb9a9d-8b6f-455d-a37b-d2711e1b7d9d.jpeg?resize=225%2C300&#038;ssl=1\" alt=\"\" width=\"225\" height=\"300\" srcset=\"https:\/\/i0.wp.com\/www.pfarrei-due-wo.de\/wp-content\/uploads\/2026\/08\/45bb9a9d-8b6f-455d-a37b-d2711e1b7d9d.jpeg?resize=225%2C300&amp;ssl=1 225w, https:\/\/i0.wp.com\/www.pfarrei-due-wo.de\/wp-content\/uploads\/2026\/08\/45bb9a9d-8b6f-455d-a37b-d2711e1b7d9d.jpeg?resize=768%2C1024&amp;ssl=1 768w, https:\/\/i0.wp.com\/www.pfarrei-due-wo.de\/wp-content\/uploads\/2026\/08\/45bb9a9d-8b6f-455d-a37b-d2711e1b7d9d.jpeg?resize=1152%2C1536&amp;ssl=1 1152w, https:\/\/i0.wp.com\/www.pfarrei-due-wo.de\/wp-content\/uploads\/2026\/08\/45bb9a9d-8b6f-455d-a37b-d2711e1b7d9d.jpeg?w=1200&amp;ssl=1 1200w\" sizes=\"auto, (max-width: 225px) 100vw, 225px\" \/> <img data-recalc-dims=\"1\" loading=\"lazy\" decoding=\"async\" data-attachment-id=\"14064\" data-permalink=\"https:\/\/www.pfarrei-due-wo.de\/?attachment_id=14064\" data-orig-file=\"https:\/\/i0.wp.com\/www.pfarrei-due-wo.de\/wp-content\/uploads\/2026\/08\/IMG_5275-scaled.jpeg?fit=1920%2C2560&amp;ssl=1\" data-orig-size=\"1920,2560\" data-comments-opened=\"0\" data-image-title=\"IMG_5275\" data-image-description=\"\" data-image-caption=\"\" data-large-file=\"https:\/\/i0.wp.com\/www.pfarrei-due-wo.de\/wp-content\/uploads\/2026\/08\/IMG_5275-scaled.jpeg?fit=750%2C1000&amp;ssl=1\" class=\"alignnone size-medium wp-image-14064\" src=\"https:\/\/i0.wp.com\/www.pfarrei-due-wo.de\/wp-content\/uploads\/2026\/08\/IMG_5275.jpeg?resize=225%2C300&#038;ssl=1\" alt=\"\" width=\"225\" height=\"300\" srcset=\"https:\/\/i0.wp.com\/www.pfarrei-due-wo.de\/wp-content\/uploads\/2026\/08\/IMG_5275-scaled.jpeg?resize=225%2C300&amp;ssl=1 225w, https:\/\/i0.wp.com\/www.pfarrei-due-wo.de\/wp-content\/uploads\/2026\/08\/IMG_5275-scaled.jpeg?resize=768%2C1024&amp;ssl=1 768w, https:\/\/i0.wp.com\/www.pfarrei-due-wo.de\/wp-content\/uploads\/2026\/08\/IMG_5275-scaled.jpeg?resize=1152%2C1536&amp;ssl=1 1152w, https:\/\/i0.wp.com\/www.pfarrei-due-wo.de\/wp-content\/uploads\/2026\/08\/IMG_5275-scaled.jpeg?resize=1536%2C2048&amp;ssl=1 1536w, https:\/\/i0.wp.com\/www.pfarrei-due-wo.de\/wp-content\/uploads\/2026\/08\/IMG_5275-scaled.jpeg?w=1920&amp;ssl=1 1920w\" sizes=\"auto, (max-width: 225px) 100vw, 225px\" \/> <img data-recalc-dims=\"1\" loading=\"lazy\" decoding=\"async\" data-attachment-id=\"14048\" data-permalink=\"https:\/\/www.pfarrei-due-wo.de\/?attachment_id=14048\" data-orig-file=\"https:\/\/i0.wp.com\/www.pfarrei-due-wo.de\/wp-content\/uploads\/2026\/08\/72880ca8-5b29-415e-a2f7-1045e7605a22-scaled.jpeg?fit=1920%2C2560&amp;ssl=1\" data-orig-size=\"1920,2560\" data-comments-opened=\"0\" data-image-title=\"72880ca8-5b29-415e-a2f7-1045e7605a22\" data-image-description=\"\" data-image-caption=\"\" data-large-file=\"https:\/\/i0.wp.com\/www.pfarrei-due-wo.de\/wp-content\/uploads\/2026\/08\/72880ca8-5b29-415e-a2f7-1045e7605a22-scaled.jpeg?fit=750%2C1000&amp;ssl=1\" class=\"alignnone size-medium wp-image-14048\" src=\"https:\/\/i0.wp.com\/www.pfarrei-due-wo.de\/wp-content\/uploads\/2026\/08\/72880ca8-5b29-415e-a2f7-1045e7605a22.jpeg?resize=225%2C300&#038;ssl=1\" alt=\"\" width=\"225\" height=\"300\" srcset=\"https:\/\/i0.wp.com\/www.pfarrei-due-wo.de\/wp-content\/uploads\/2026\/08\/72880ca8-5b29-415e-a2f7-1045e7605a22-scaled.jpeg?resize=225%2C300&amp;ssl=1 225w, https:\/\/i0.wp.com\/www.pfarrei-due-wo.de\/wp-content\/uploads\/2026\/08\/72880ca8-5b29-415e-a2f7-1045e7605a22-scaled.jpeg?resize=768%2C1024&amp;ssl=1 768w, https:\/\/i0.wp.com\/www.pfarrei-due-wo.de\/wp-content\/uploads\/2026\/08\/72880ca8-5b29-415e-a2f7-1045e7605a22-scaled.jpeg?resize=1152%2C1536&amp;ssl=1 1152w, https:\/\/i0.wp.com\/www.pfarrei-due-wo.de\/wp-content\/uploads\/2026\/08\/72880ca8-5b29-415e-a2f7-1045e7605a22-scaled.jpeg?resize=1536%2C2048&amp;ssl=1 1536w, https:\/\/i0.wp.com\/www.pfarrei-due-wo.de\/wp-content\/uploads\/2026\/08\/72880ca8-5b29-415e-a2f7-1045e7605a22-scaled.jpeg?w=1920&amp;ssl=1 1920w\" sizes=\"auto, (max-width: 225px) 100vw, 225px\" \/> <img data-recalc-dims=\"1\" loading=\"lazy\" decoding=\"async\" data-attachment-id=\"14038\" data-permalink=\"https:\/\/www.pfarrei-due-wo.de\/?attachment_id=14038\" data-orig-file=\"https:\/\/i0.wp.com\/www.pfarrei-due-wo.de\/wp-content\/uploads\/2026\/08\/0c0b6b23-4089-464a-9b6b-3e6ae4e93ba6.jpeg?fit=1536%2C2048&amp;ssl=1\" data-orig-size=\"1536,2048\" data-comments-opened=\"0\" data-image-title=\"0c0b6b23-4089-464a-9b6b-3e6ae4e93ba6\" data-image-description=\"\" data-image-caption=\"\" data-large-file=\"https:\/\/i0.wp.com\/www.pfarrei-due-wo.de\/wp-content\/uploads\/2026\/08\/0c0b6b23-4089-464a-9b6b-3e6ae4e93ba6.jpeg?fit=750%2C1000&amp;ssl=1\" class=\"alignnone size-medium wp-image-14038\" src=\"https:\/\/i0.wp.com\/www.pfarrei-due-wo.de\/wp-content\/uploads\/2026\/08\/0c0b6b23-4089-464a-9b6b-3e6ae4e93ba6.jpeg?resize=225%2C300&#038;ssl=1\" alt=\"\" width=\"225\" height=\"300\" srcset=\"https:\/\/i0.wp.com\/www.pfarrei-due-wo.de\/wp-content\/uploads\/2026\/08\/0c0b6b23-4089-464a-9b6b-3e6ae4e93ba6.jpeg?resize=225%2C300&amp;ssl=1 225w, https:\/\/i0.wp.com\/www.pfarrei-due-wo.de\/wp-content\/uploads\/2026\/08\/0c0b6b23-4089-464a-9b6b-3e6ae4e93ba6.jpeg?resize=768%2C1024&amp;ssl=1 768w, https:\/\/i0.wp.com\/www.pfarrei-due-wo.de\/wp-content\/uploads\/2026\/08\/0c0b6b23-4089-464a-9b6b-3e6ae4e93ba6.jpeg?resize=1152%2C1536&amp;ssl=1 1152w, https:\/\/i0.wp.com\/www.pfarrei-due-wo.de\/wp-content\/uploads\/2026\/08\/0c0b6b23-4089-464a-9b6b-3e6ae4e93ba6.jpeg?w=1536&amp;ssl=1 1536w\" sizes=\"auto, (max-width: 225px) 100vw, 225px\" \/><\/p>\n","protected":false},"excerpt":{"rendered":"<p>Von 17.08. &#8211; 22.08.2026 waren 48 unserer Ministranten sowie 7 Betreuer und unser Pfarrer Celestine auf gro\u00dfer Fahrt am Chiemsee. Am Montag ging es nach einem Reisesegen durch Pfarrer Celestine &hellip; <\/p>\n","protected":false},"author":14,"featured_media":14047,"comment_status":"closed","ping_status":"closed","sticky":true,"template":"","format":"standard","meta":{"_jetpack_newsletter_access":"","_jetpack_dont_email_post_to_subs":false,"_jetpack_newsletter_tier_id":0,"_jetpack_memberships_contains_paywalled_content":false,"_jetpack_feature_clip_id":0,"_jetpack_memberships_contains_paid_content":false,"footnotes":"","jetpack_publicize_message":"","jetpack_publicize_feature_enabled":true,"jetpack_social_post_already_shared":true,"jetpack_social_options":{"image_generator_settings":{"template":"highway","default_image_id":0,"font":"","enabled":false},"version":2},"jetpack_post_was_ever_published":false},"categories":[9,6],"tags":[],"class_list":["post-14036","post","type-post","status-publish","format-standard","has-post-thumbnail","hentry","category-jugend","category-pfarrei-erleben"],"jetpack_publicize_connections":[],"jetpack_sharing_enabled":true,"jetpack_shortlink":"https:\/\/wp.me\/p8HCtc-3Eo","jetpack-related-posts":[{"id":11834,"url":"https:\/\/www.pfarrei-due-wo.de\/?p=11834","url_meta":{"origin":14036,"position":0},"title":"Romwallfahrt der Ministranten","author":"Daniela Wiesgickl","date":"14. August 2024","format":false,"excerpt":"Vom 28.06 bis zum 2.08.2024 waren wir mit insgesamt 45 Ministranten und Betreuern aus der Gemeinde Fensterbach und noch weiteren acht Personen aus Rottendorf Teil der internationalen Romwallfahrt. Untergebracht waren wir im empfehlenswerten Hotel Sheraton, welches etwas au\u00dferhalb von der Stadt lag. Am Samstag um 17 Uhr haben wir uns\u2026","rel":"","context":"In &quot;Pfarrei erleben&quot;","block_context":{"text":"Pfarrei erleben","link":"https:\/\/www.pfarrei-due-wo.de\/?cat=6"},"img":{"alt_text":"","src":"https:\/\/i0.wp.com\/www.pfarrei-due-wo.de\/wp-content\/uploads\/2024\/08\/Gruppenfoto-scaled.jpg?fit=1200%2C594&ssl=1&resize=350%2C200","width":350,"height":200,"srcset":"https:\/\/i0.wp.com\/www.pfarrei-due-wo.de\/wp-content\/uploads\/2024\/08\/Gruppenfoto-scaled.jpg?fit=1200%2C594&ssl=1&resize=350%2C200 1x, https:\/\/i0.wp.com\/www.pfarrei-due-wo.de\/wp-content\/uploads\/2024\/08\/Gruppenfoto-scaled.jpg?fit=1200%2C594&ssl=1&resize=525%2C300 1.5x, https:\/\/i0.wp.com\/www.pfarrei-due-wo.de\/wp-content\/uploads\/2024\/08\/Gruppenfoto-scaled.jpg?fit=1200%2C594&ssl=1&resize=700%2C400 2x, https:\/\/i0.wp.com\/www.pfarrei-due-wo.de\/wp-content\/uploads\/2024\/08\/Gruppenfoto-scaled.jpg?fit=1200%2C594&ssl=1&resize=1050%2C600 3x"},"classes":[]},{"id":12955,"url":"https:\/\/www.pfarrei-due-wo.de\/?p=12955","url_meta":{"origin":14036,"position":1},"title":"Begr\u00fc\u00dfungsgottesdienst von Pfarrer Celestine","author":"Florian Schiessl","date":"12. September 2025","format":false,"excerpt":"Seit 01. September ist Pfarrer Celestine Thazhuppil Pfarrer in der Pfarrei St. Albertus Magnus. Mit einem Begr\u00fc\u00dfungsgottesdienst, den er gemeinsam mit Pfarrer Martin Neidl, einem geb\u00fcrtigen Wolfringer, und dem Ruhestandspfarrer Heinrich Rosner feierte, stellte er sich in der Pfarrkirche den Gl\u00e4ubigen vor. Nach seiner Kindheit und Jugendzeit in Indien studierte\u2026","rel":"","context":"In &quot;Gottesdienste&quot;","block_context":{"text":"Gottesdienste","link":"https:\/\/www.pfarrei-due-wo.de\/?cat=2"},"img":{"alt_text":"","src":"https:\/\/i0.wp.com\/www.pfarrei-due-wo.de\/wp-content\/uploads\/2025\/09\/PHOTO-2025-09-07-12-45-44.jpg?fit=1200%2C900&ssl=1&resize=350%2C200","width":350,"height":200,"srcset":"https:\/\/i0.wp.com\/www.pfarrei-due-wo.de\/wp-content\/uploads\/2025\/09\/PHOTO-2025-09-07-12-45-44.jpg?fit=1200%2C900&ssl=1&resize=350%2C200 1x, https:\/\/i0.wp.com\/www.pfarrei-due-wo.de\/wp-content\/uploads\/2025\/09\/PHOTO-2025-09-07-12-45-44.jpg?fit=1200%2C900&ssl=1&resize=525%2C300 1.5x, https:\/\/i0.wp.com\/www.pfarrei-due-wo.de\/wp-content\/uploads\/2025\/09\/PHOTO-2025-09-07-12-45-44.jpg?fit=1200%2C900&ssl=1&resize=700%2C400 2x, https:\/\/i0.wp.com\/www.pfarrei-due-wo.de\/wp-content\/uploads\/2025\/09\/PHOTO-2025-09-07-12-45-44.jpg?fit=1200%2C900&ssl=1&resize=1050%2C600 3x"},"classes":[]},{"id":12719,"url":"https:\/\/www.pfarrei-due-wo.de\/?p=12719","url_meta":{"origin":14036,"position":2},"title":"Ausflug der Minis in den Bayernpark","author":"Daniela Wiesgickl","date":"9. Juni 2025","format":false,"excerpt":"Am Samstag, den 31.05.2025 haben unsere Ministranten ihren allj\u00e4hrlichen Ausflug gemacht. Dieses Jahr ging die Reise in den Bayernpark nach Reisbach. Das Ausflugsziel haben die Minis vorher in einer Abstimmung gemeinsam festgelegt. Wir sind um 7 Uhr mit dem Bus gestartet und gegen 9 Uhr in Reisbach angekommen. Dort haben\u2026","rel":"","context":"In &quot;Jugend&quot;","block_context":{"text":"Jugend","link":"https:\/\/www.pfarrei-due-wo.de\/?cat=9"},"img":{"alt_text":"","src":"https:\/\/i0.wp.com\/www.pfarrei-due-wo.de\/wp-content\/uploads\/2025\/06\/2e806137-f1ab-4161-975a-d3e447cdb4b9.jpeg?fit=900%2C1200&ssl=1&resize=350%2C200","width":350,"height":200,"srcset":"https:\/\/i0.wp.com\/www.pfarrei-due-wo.de\/wp-content\/uploads\/2025\/06\/2e806137-f1ab-4161-975a-d3e447cdb4b9.jpeg?fit=900%2C1200&ssl=1&resize=350%2C200 1x, https:\/\/i0.wp.com\/www.pfarrei-due-wo.de\/wp-content\/uploads\/2025\/06\/2e806137-f1ab-4161-975a-d3e447cdb4b9.jpeg?fit=900%2C1200&ssl=1&resize=525%2C300 1.5x, https:\/\/i0.wp.com\/www.pfarrei-due-wo.de\/wp-content\/uploads\/2025\/06\/2e806137-f1ab-4161-975a-d3e447cdb4b9.jpeg?fit=900%2C1200&ssl=1&resize=700%2C400 2x"},"classes":[]},{"id":11775,"url":"https:\/\/www.pfarrei-due-wo.de\/?p=11775","url_meta":{"origin":14036,"position":3},"title":"Ministrantenfreizeit 2024","author":"Daniela Wiesgickl","date":"10. Juli 2024","format":false,"excerpt":"Am Samstag, den 15.06.2024 fand die Ministrantenfreizeit f\u00fcr die j\u00fcngeren Minis statt, die nicht mit nach Rom fahren. Wir haben uns in der Fr\u00fch in H\u00f6gling getroffen, und im Pfarrsaal unser Nachtlager eingerichtet. Danach sind wir nach Amberg ins Kurf\u00fcrstenbad gefahren. Nach dem Mittagessen ging es weiter nach Hirschau zum\u2026","rel":"","context":"In &quot;Jugend&quot;","block_context":{"text":"Jugend","link":"https:\/\/www.pfarrei-due-wo.de\/?cat=9"},"img":{"alt_text":"","src":"https:\/\/i0.wp.com\/www.pfarrei-due-wo.de\/wp-content\/uploads\/2024\/07\/IMG_6579-scaled.jpeg?fit=1200%2C900&ssl=1&resize=350%2C200","width":350,"height":200,"srcset":"https:\/\/i0.wp.com\/www.pfarrei-due-wo.de\/wp-content\/uploads\/2024\/07\/IMG_6579-scaled.jpeg?fit=1200%2C900&ssl=1&resize=350%2C200 1x, https:\/\/i0.wp.com\/www.pfarrei-due-wo.de\/wp-content\/uploads\/2024\/07\/IMG_6579-scaled.jpeg?fit=1200%2C900&ssl=1&resize=525%2C300 1.5x, https:\/\/i0.wp.com\/www.pfarrei-due-wo.de\/wp-content\/uploads\/2024\/07\/IMG_6579-scaled.jpeg?fit=1200%2C900&ssl=1&resize=700%2C400 2x, https:\/\/i0.wp.com\/www.pfarrei-due-wo.de\/wp-content\/uploads\/2024\/07\/IMG_6579-scaled.jpeg?fit=1200%2C900&ssl=1&resize=1050%2C600 3x"},"classes":[]},{"id":10639,"url":"https:\/\/www.pfarrei-due-wo.de\/?p=10639","url_meta":{"origin":14036,"position":4},"title":"Ministranten-Fahrt zum Europapark","author":"Daniela Wiesgickl","date":"9. September 2023","format":false,"excerpt":"Am 04.09.2023 und 05.09.2023 machten einige Ministranten zusammen mit Jugendlichen der Jugendblaskapelle sowie unserem ehemaligen Pfarrer Michael Hoch einen Ausflug zum Europapark nach Rust. Montag Fr\u00fch um 3.30 Uhr sind wir in D\u00fcrnsricht mit dem Bus gestartet und p\u00fcnktlich zur \u00d6ffnung des Europaparks in Rust angekommen. Bei gl\u00fccklicherweise sehr sommerlichem\u2026","rel":"","context":"In &quot;Jugend&quot;","block_context":{"text":"Jugend","link":"https:\/\/www.pfarrei-due-wo.de\/?cat=9"},"img":{"alt_text":"","src":"https:\/\/i0.wp.com\/www.pfarrei-due-wo.de\/wp-content\/uploads\/2023\/09\/971d4459-cc70-4dd4-a4a1-8b163c4c43d4.jpeg?fit=1200%2C900&ssl=1&resize=350%2C200","width":350,"height":200,"srcset":"https:\/\/i0.wp.com\/www.pfarrei-due-wo.de\/wp-content\/uploads\/2023\/09\/971d4459-cc70-4dd4-a4a1-8b163c4c43d4.jpeg?fit=1200%2C900&ssl=1&resize=350%2C200 1x, https:\/\/i0.wp.com\/www.pfarrei-due-wo.de\/wp-content\/uploads\/2023\/09\/971d4459-cc70-4dd4-a4a1-8b163c4c43d4.jpeg?fit=1200%2C900&ssl=1&resize=525%2C300 1.5x, https:\/\/i0.wp.com\/www.pfarrei-due-wo.de\/wp-content\/uploads\/2023\/09\/971d4459-cc70-4dd4-a4a1-8b163c4c43d4.jpeg?fit=1200%2C900&ssl=1&resize=700%2C400 2x, https:\/\/i0.wp.com\/www.pfarrei-due-wo.de\/wp-content\/uploads\/2023\/09\/971d4459-cc70-4dd4-a4a1-8b163c4c43d4.jpeg?fit=1200%2C900&ssl=1&resize=1050%2C600 3x"},"classes":[]},{"id":12586,"url":"https:\/\/www.pfarrei-due-wo.de\/?p=12586","url_meta":{"origin":14036,"position":5},"title":"Die Krippenbauer von D\u00fcrnsricht zu Besuch beim Bischof","author":"Florian Schiessl","date":"3. April 2025","format":false,"excerpt":"Als Bischof Dr. Rudolf Voderholzer in der Weihnachtszeit die Krippe in der Pfarrkirche besuchte, lud er die Krippenbauer zu einem spontanen Besuch zu sich nach Regensburg ein. Nachdem der Termin feststand, fuhr die Gruppe um Pfarrer Abraham mit dem Zug nach Regensburg. Dort angekommen begr\u00fc\u00dfte der Bischof jeden einzelnen mit\u2026","rel":"","context":"In &quot;Pfarrei erleben&quot;","block_context":{"text":"Pfarrei erleben","link":"https:\/\/www.pfarrei-due-wo.de\/?cat=6"},"img":{"alt_text":"","src":"https:\/\/i0.wp.com\/www.pfarrei-due-wo.de\/wp-content\/uploads\/2025\/04\/PHOTO-2025-03-22-16-14-55.jpg?fit=1200%2C900&ssl=1&resize=350%2C200","width":350,"height":200,"srcset":"https:\/\/i0.wp.com\/www.pfarrei-due-wo.de\/wp-content\/uploads\/2025\/04\/PHOTO-2025-03-22-16-14-55.jpg?fit=1200%2C900&ssl=1&resize=350%2C200 1x, https:\/\/i0.wp.com\/www.pfarrei-due-wo.de\/wp-content\/uploads\/2025\/04\/PHOTO-2025-03-22-16-14-55.jpg?fit=1200%2C900&ssl=1&resize=525%2C300 1.5x, https:\/\/i0.wp.com\/www.pfarrei-due-wo.de\/wp-content\/uploads\/2025\/04\/PHOTO-2025-03-22-16-14-55.jpg?fit=1200%2C900&ssl=1&resize=700%2C400 2x, https:\/\/i0.wp.com\/www.pfarrei-due-wo.de\/wp-content\/uploads\/2025\/04\/PHOTO-2025-03-22-16-14-55.jpg?fit=1200%2C900&ssl=1&resize=1050%2C600 3x"},"classes":[]}],"publishpress_future_action":{"enabled":false,"date":"2026-09-11 08:33:25","action":"change-status","newStatus":"draft","terms":[],"taxonomy":"category","extraData":[]},"publishpress_future_workflow_manual_trigger":{"enabledWorkflows":[]},"jetpack_featured_media_url":"https:\/\/i0.wp.com\/www.pfarrei-due-wo.de\/wp-content\/uploads\/2026\/08\/148b84df-ace5-43e8-9f69-0db8d0226958.jpeg?fit=2016%2C1134&ssl=1","_links":{"self":[{"href":"https:\/\/www.pfarrei-due-wo.de\/index.php?rest_route=\/wp\/v2\/posts\/14036","targetHints":{"allow":["GET"]}}],"collection":[{"href":"https:\/\/www.pfarrei-due-wo.de\/index.php?rest_route=\/wp\/v2\/posts"}],"about":[{"href":"https:\/\/www.pfarrei-due-wo.de\/index.php?rest_route=\/wp\/v2\/types\/post"}],"author":[{"embeddable":true,"href":"https:\/\/www.pfarrei-due-wo.de\/index.php?rest_route=\/wp\/v2\/users\/14"}],"replies":[{"embeddable":true,"href":"https:\/\/www.pfarrei-due-wo.de\/index.php?rest_route=%2Fwp%2Fv2%2Fcomments&post=14036"}],"version-history":[{"count":2,"href":"https:\/\/www.pfarrei-due-wo.de\/index.php?rest_route=\/wp\/v2\/posts\/14036\/revisions"}],"predecessor-version":[{"id":14067,"href":"https:\/\/www.pfarrei-due-wo.de\/index.php?rest_route=\/wp\/v2\/posts\/14036\/revisions\/14067"}],"wp:featuredmedia":[{"embeddable":true,"href":"https:\/\/www.pfarrei-due-wo.de\/index.php?rest_route=\/wp\/v2\/media\/14047"}],"wp:attachment":[{"href":"https:\/\/www.pfarrei-due-wo.de\/index.php?rest_route=%2Fwp%2Fv2%2Fmedia&parent=14036"}],"wp:term":[{"taxonomy":"category","embeddable":true,"href":"https:\/\/www.pfarrei-due-wo.de\/index.php?rest_route=%2Fwp%2Fv2%2Fcategories&post=14036"},{"taxonomy":"post_tag","embeddable":true,"href":"https:\/\/www.pfarrei-due-wo.de\/index.php?rest_route=%2Fwp%2Fv2%2Ftags&post=14036"}],"curies":[{"name":"wp","href":"https:\/\/api.w.org\/{rel}","templated":true}]}}