{"id":13873,"date":"2026-04-29T13:44:31","date_gmt":"2026-04-29T11:44:31","guid":{"rendered":"https:\/\/www.pfarrei-due-wo.de\/?p=13873"},"modified":"2026-04-29T13:44:31","modified_gmt":"2026-04-29T11:44:31","slug":"ihr-seid-meine-freunde-erstkommunion-2026","status":"publish","type":"post","link":"https:\/\/www.pfarrei-due-wo.de\/?p=13873","title":{"rendered":"Ihr seid meine Freunde &#8211; Erstkommunion 2026"},"content":{"rendered":"<p>Am Sonntag, den 26. April 2026, feierten 18 Kinder in unserer Pfarrgemeinde ihre Erstkommunion \u2013 ein besonderer Tag, der allen Beteiligten noch lange in Erinnerung bleiben wird. Bei strahlendem Sonnenschein versammelten sich Familien, Freunde und Gemeindemitglieder, um dieses bedeutende Ereignis gemeinsam zu begehen.<\/p>\n<p>Unter dem Motto \u201eIhr seid meine Freunde\u201c stand der festliche Gottesdienst ganz im Zeichen von Gemeinschaft, Vertrauen und Zusammenhalt. Die\u00a0 Albertus Magnus Kirche war liebevoll geschm\u00fcckt, und die Kinder trugen mit ihren Beitr\u00e4gen selbst zur feierlichen Gestaltung bei.<\/p>\n<p>Der Gottesdienst den Pfarrer Celestine Thazuppil gemeinsam mit Pfarrer Hans Sch\u00e4chtl zelebrierte, war sehr herzlich und gelungen. Die Predigt griff das Motto einf\u00fchlsam auf und machte deutlich, wie wichtig Freundschaft \u2013 sowohl untereinander als auch im Glauben \u2013 ist. Musikalisch begleitet wurde die Feier von der Band Charisma, welche die festliche Atmosph\u00e4re zus\u00e4tzlich unterstrich.<\/p>\n<p>Im Anschluss an den\u00a0 Gottesdienst \u00fcberraschte der Pfarrgemeinderat mit einem Stehempfang vor dem Albertus Magnus Saal.<\/p>\n<p>Die Erstkommunion 2026 wird als rundum gelungener Tag in Erinnerung bleiben \u2013 gepr\u00e4gt von Sonnenschein, Freundschaft und Gemeinschaft. \u200e<\/p>\n<p>&nbsp;<\/p>\n<p><img data-recalc-dims=\"1\" loading=\"lazy\" decoding=\"async\" data-attachment-id=\"13874\" data-permalink=\"https:\/\/www.pfarrei-due-wo.de\/?attachment_id=13874\" data-orig-file=\"https:\/\/i0.wp.com\/www.pfarrei-due-wo.de\/wp-content\/uploads\/2026\/04\/image.png?fit=1600%2C1532&amp;ssl=1\" data-orig-size=\"1600,1532\" data-comments-opened=\"0\" data-image-meta=\"{&quot;aperture&quot;:&quot;0&quot;,&quot;credit&quot;:&quot;&quot;,&quot;camera&quot;:&quot;&quot;,&quot;caption&quot;:&quot;&quot;,&quot;created_timestamp&quot;:&quot;0&quot;,&quot;copyright&quot;:&quot;&quot;,&quot;focal_length&quot;:&quot;0&quot;,&quot;iso&quot;:&quot;0&quot;,&quot;shutter_speed&quot;:&quot;0&quot;,&quot;title&quot;:&quot;&quot;,&quot;orientation&quot;:&quot;0&quot;}\" data-image-title=\"image\" data-image-description=\"\" data-image-caption=\"\" data-large-file=\"https:\/\/i0.wp.com\/www.pfarrei-due-wo.de\/wp-content\/uploads\/2026\/04\/image.png?fit=750%2C718&amp;ssl=1\" class=\"alignnone size-medium wp-image-13874\" src=\"https:\/\/i0.wp.com\/www.pfarrei-due-wo.de\/wp-content\/uploads\/2026\/04\/image.png?resize=300%2C287&#038;ssl=1\" alt=\"\" width=\"300\" height=\"287\" srcset=\"https:\/\/i0.wp.com\/www.pfarrei-due-wo.de\/wp-content\/uploads\/2026\/04\/image.png?resize=300%2C287&amp;ssl=1 300w, https:\/\/i0.wp.com\/www.pfarrei-due-wo.de\/wp-content\/uploads\/2026\/04\/image.png?resize=768%2C735&amp;ssl=1 768w, https:\/\/i0.wp.com\/www.pfarrei-due-wo.de\/wp-content\/uploads\/2026\/04\/image.png?resize=1536%2C1471&amp;ssl=1 1536w, https:\/\/i0.wp.com\/www.pfarrei-due-wo.de\/wp-content\/uploads\/2026\/04\/image.png?w=1600&amp;ssl=1 1600w\" sizes=\"auto, (max-width: 300px) 100vw, 300px\" \/><\/p>\n","protected":false},"excerpt":{"rendered":"<p>Am Sonntag, den 26. April 2026, feierten 18 Kinder in unserer Pfarrgemeinde ihre Erstkommunion \u2013 ein besonderer Tag, der allen Beteiligten noch lange in Erinnerung bleiben wird. Bei strahlendem Sonnenschein &hellip; <\/p>\n","protected":false},"author":7,"featured_media":13875,"comment_status":"closed","ping_status":"closed","sticky":true,"template":"","format":"standard","meta":{"jetpack_post_was_ever_published":false,"_jetpack_newsletter_access":"","_jetpack_dont_email_post_to_subs":false,"_jetpack_newsletter_tier_id":0,"_jetpack_memberships_contains_paywalled_content":false,"_jetpack_memberships_contains_paid_content":false,"footnotes":"","jetpack_publicize_message":"","jetpack_publicize_feature_enabled":true,"jetpack_social_post_already_shared":true,"jetpack_social_options":{"image_generator_settings":{"template":"highway","default_image_id":0,"font":"","enabled":false},"version":2}},"categories":[10],"tags":[],"class_list":["post-13873","post","type-post","status-publish","format-standard","has-post-thumbnail","hentry","category-erstkommunion"],"jetpack_publicize_connections":[],"jetpack_featured_media_url":"https:\/\/i0.wp.com\/www.pfarrei-due-wo.de\/wp-content\/uploads\/2026\/04\/DSC_2039-Kopie-2-Kopie-scaled.jpg?fit=2560%2C1703&ssl=1","jetpack_sharing_enabled":true,"jetpack_shortlink":"https:\/\/wp.me\/p8HCtc-3BL","jetpack-related-posts":[{"id":4119,"url":"https:\/\/www.pfarrei-due-wo.de\/?p=4119","url_meta":{"origin":13873,"position":0},"title":"28 Erstkommunionkinder stellen sich vor","author":"Matthias Heimler","date":"19. Januar 2020","format":false,"excerpt":"Beim Sonntagsgottesdienst in der Pfarrkirche stellten sich 28 Kinder der dritten Klassen ihrer Pfarrgemeinde vor. Sie bereiten sich seit Herbst auf den Empfang der Sakramente der Bu\u00dfe und der Eucharistie vor. Jetzt wurde es Zeit, die Pfarrgemeinde um ihr Gebet und ihre Begleitung zu bitten. \"Kommunion\" bedeute Gemeinschaft, Gemeinschaft mit\u2026","rel":"","context":"In &quot;Erstkommunion&quot;","block_context":{"text":"Erstkommunion","link":"https:\/\/www.pfarrei-due-wo.de\/?cat=10"},"img":{"alt_text":"","src":"https:\/\/i0.wp.com\/www.pfarrei-due-wo.de\/wp-content\/uploads\/2020\/01\/20200119_105406-scaled.jpg?fit=1200%2C900&ssl=1&resize=350%2C200","width":350,"height":200,"srcset":"https:\/\/i0.wp.com\/www.pfarrei-due-wo.de\/wp-content\/uploads\/2020\/01\/20200119_105406-scaled.jpg?fit=1200%2C900&ssl=1&resize=350%2C200 1x, https:\/\/i0.wp.com\/www.pfarrei-due-wo.de\/wp-content\/uploads\/2020\/01\/20200119_105406-scaled.jpg?fit=1200%2C900&ssl=1&resize=525%2C300 1.5x, https:\/\/i0.wp.com\/www.pfarrei-due-wo.de\/wp-content\/uploads\/2020\/01\/20200119_105406-scaled.jpg?fit=1200%2C900&ssl=1&resize=700%2C400 2x, https:\/\/i0.wp.com\/www.pfarrei-due-wo.de\/wp-content\/uploads\/2020\/01\/20200119_105406-scaled.jpg?fit=1200%2C900&ssl=1&resize=1050%2C600 3x"},"classes":[]},{"id":9515,"url":"https:\/\/www.pfarrei-due-wo.de\/?p=9515","url_meta":{"origin":13873,"position":1},"title":"Offene Augen, weites Herz &#8211; 14 Kinder feiern Erstkommunion","author":"Matthias Heimler","date":"23. April 2023","format":false,"excerpt":"Trotz des regnerischen Wetters hatten die Erstkommunionkinder gro\u00dfe Freude: Der Tag der Erstkommunion, auf den sie sich lange vorbereiteten, war endlich gekommen. In Weggottesdiensten, Tischgruppenstunden und Gottesdiensten konnten sich die Kinder der dritten Jahrgangsstufe im Lauf eines halben Jahres n\u00e4her mit der Person Jesus besch\u00e4ftigen, ihn noch n\u00e4her kennenlernen und\u2026","rel":"","context":"In &quot;Erstkommunion&quot;","block_context":{"text":"Erstkommunion","link":"https:\/\/www.pfarrei-due-wo.de\/?cat=10"},"img":{"alt_text":"","src":"https:\/\/i0.wp.com\/www.pfarrei-due-wo.de\/wp-content\/uploads\/2023\/04\/DJ1A9905-scaled.jpg?fit=1200%2C800&ssl=1&resize=350%2C200","width":350,"height":200,"srcset":"https:\/\/i0.wp.com\/www.pfarrei-due-wo.de\/wp-content\/uploads\/2023\/04\/DJ1A9905-scaled.jpg?fit=1200%2C800&ssl=1&resize=350%2C200 1x, https:\/\/i0.wp.com\/www.pfarrei-due-wo.de\/wp-content\/uploads\/2023\/04\/DJ1A9905-scaled.jpg?fit=1200%2C800&ssl=1&resize=525%2C300 1.5x, https:\/\/i0.wp.com\/www.pfarrei-due-wo.de\/wp-content\/uploads\/2023\/04\/DJ1A9905-scaled.jpg?fit=1200%2C800&ssl=1&resize=700%2C400 2x, https:\/\/i0.wp.com\/www.pfarrei-due-wo.de\/wp-content\/uploads\/2023\/04\/DJ1A9905-scaled.jpg?fit=1200%2C800&ssl=1&resize=1050%2C600 3x"},"classes":[]},{"id":12711,"url":"https:\/\/www.pfarrei-due-wo.de\/?p=12711","url_meta":{"origin":13873,"position":2},"title":"Ich bin ein Ton in der Melodie Gottes &#8211; Erstkommunion 2025","author":"Florian Schiessl","date":"9. Juni 2025","format":false,"excerpt":"Am 25. Mai 2025 fand in unserer Pfarrgemeinde in der Pfarrkirche St. Albertus-Magnus die feierliche Erstkommunion statt. Insgesamt 26 Kinder durften an diesem besonderen Tag zum ersten Mal die heilige Kommunion empfangen. Die Feier stand unter dem Motto \u201eIch bin ein Ton in der Melodie Gottes\u201c \u2013 ein Sinnbild daf\u00fcr,\u2026","rel":"","context":"In &quot;Erstkommunion&quot;","block_context":{"text":"Erstkommunion","link":"https:\/\/www.pfarrei-due-wo.de\/?cat=10"},"img":{"alt_text":"","src":"https:\/\/i0.wp.com\/www.pfarrei-due-wo.de\/wp-content\/uploads\/2025\/06\/DJ1A8063-scaled.jpg?fit=1200%2C800&ssl=1&resize=350%2C200","width":350,"height":200,"srcset":"https:\/\/i0.wp.com\/www.pfarrei-due-wo.de\/wp-content\/uploads\/2025\/06\/DJ1A8063-scaled.jpg?fit=1200%2C800&ssl=1&resize=350%2C200 1x, https:\/\/i0.wp.com\/www.pfarrei-due-wo.de\/wp-content\/uploads\/2025\/06\/DJ1A8063-scaled.jpg?fit=1200%2C800&ssl=1&resize=525%2C300 1.5x, https:\/\/i0.wp.com\/www.pfarrei-due-wo.de\/wp-content\/uploads\/2025\/06\/DJ1A8063-scaled.jpg?fit=1200%2C800&ssl=1&resize=700%2C400 2x, https:\/\/i0.wp.com\/www.pfarrei-due-wo.de\/wp-content\/uploads\/2025\/06\/DJ1A8063-scaled.jpg?fit=1200%2C800&ssl=1&resize=1050%2C600 3x"},"classes":[]},{"id":11694,"url":"https:\/\/www.pfarrei-due-wo.de\/?p=11694","url_meta":{"origin":13873,"position":3},"title":"Ich bin das Licht der Welt &#8211; Erstkommunion 2024","author":"Florian Schiessl","date":"12. Mai 2024","format":false,"excerpt":"Das Motto der Erstkommunion stand unter dem Leitwort Jesu: Ich bin das Licht der Welt. So war die Kirche geschm\u00fcckt mit einem Leuchtturm, wobei Boote, versehen mit den Namen der Kinder ganz dicht dran, in den Wellen des Meeres schwammen. Zwanzig Kinder durften das erste Mal an den Tisch des\u2026","rel":"","context":"In &quot;Erstkommunion&quot;","block_context":{"text":"Erstkommunion","link":"https:\/\/www.pfarrei-due-wo.de\/?cat=10"},"img":{"alt_text":"","src":"https:\/\/i0.wp.com\/www.pfarrei-due-wo.de\/wp-content\/uploads\/2024\/05\/IMG-20240507-WA0042.jpg?fit=1200%2C900&ssl=1&resize=350%2C200","width":350,"height":200,"srcset":"https:\/\/i0.wp.com\/www.pfarrei-due-wo.de\/wp-content\/uploads\/2024\/05\/IMG-20240507-WA0042.jpg?fit=1200%2C900&ssl=1&resize=350%2C200 1x, https:\/\/i0.wp.com\/www.pfarrei-due-wo.de\/wp-content\/uploads\/2024\/05\/IMG-20240507-WA0042.jpg?fit=1200%2C900&ssl=1&resize=525%2C300 1.5x, https:\/\/i0.wp.com\/www.pfarrei-due-wo.de\/wp-content\/uploads\/2024\/05\/IMG-20240507-WA0042.jpg?fit=1200%2C900&ssl=1&resize=700%2C400 2x, https:\/\/i0.wp.com\/www.pfarrei-due-wo.de\/wp-content\/uploads\/2024\/05\/IMG-20240507-WA0042.jpg?fit=1200%2C900&ssl=1&resize=1050%2C600 3x"},"classes":[]},{"id":5062,"url":"https:\/\/www.pfarrei-due-wo.de\/?p=5062","url_meta":{"origin":13873,"position":4},"title":"Erz\u00e4hl&#8216; uns mehr von Gott &#8211; Erstkommunion gefeiert","author":"Matthias Heimler","date":"6. Oktober 2020","format":false,"excerpt":"Reichlich sp\u00e4t im Kirchenjahr - den Corona-Beschr\u00e4nkungen geschuldet - konnte nun im September in der Pfarrei D\u00fcrnsricht-Wolfring mit Expositur H\u00f6gling Erstkommunion gefeiert werden. 28 Erstkommunionkinder, die mittlerweile die vierte Grundschulklasse besuchen, kamen mit ihren Eltern und Familien zusammen und erlebten einen sch\u00f6n gestalteten Gottesdienst, bei dem sie zum ersten Mal\u2026","rel":"","context":"In &quot;Erstkommunion&quot;","block_context":{"text":"Erstkommunion","link":"https:\/\/www.pfarrei-due-wo.de\/?cat=10"},"img":{"alt_text":"","src":"https:\/\/i0.wp.com\/www.pfarrei-due-wo.de\/wp-content\/uploads\/2020\/10\/2020-Erstkom.-05_bearb-scaled.jpg?fit=1200%2C800&ssl=1&resize=350%2C200","width":350,"height":200,"srcset":"https:\/\/i0.wp.com\/www.pfarrei-due-wo.de\/wp-content\/uploads\/2020\/10\/2020-Erstkom.-05_bearb-scaled.jpg?fit=1200%2C800&ssl=1&resize=350%2C200 1x, https:\/\/i0.wp.com\/www.pfarrei-due-wo.de\/wp-content\/uploads\/2020\/10\/2020-Erstkom.-05_bearb-scaled.jpg?fit=1200%2C800&ssl=1&resize=525%2C300 1.5x, https:\/\/i0.wp.com\/www.pfarrei-due-wo.de\/wp-content\/uploads\/2020\/10\/2020-Erstkom.-05_bearb-scaled.jpg?fit=1200%2C800&ssl=1&resize=700%2C400 2x, https:\/\/i0.wp.com\/www.pfarrei-due-wo.de\/wp-content\/uploads\/2020\/10\/2020-Erstkom.-05_bearb-scaled.jpg?fit=1200%2C800&ssl=1&resize=1050%2C600 3x"},"classes":[]},{"id":8420,"url":"https:\/\/www.pfarrei-due-wo.de\/?p=8420","url_meta":{"origin":13873,"position":5},"title":"Namenstag der Pfarrkirche gefeiert","author":"Matthias Heimler","date":"16. November 2022","format":false,"excerpt":"Der Gedenktag des Heiligen Albertus Magnus (15.11.) ist f\u00fcr die Pfarrei D\u00fcrnsricht-Wolfring ein besonderer Tag. Der heilige Dominikanerm\u00f6nch und Wissenschaftler, der im 13. Jahrhundert lebte, ist n\u00e4mlich der Namenspatron der Pfarrkirche. Schon am Nachmittag beginnt die Patronatsfeier der Pfarrkirche, das Patrozinium, mit der Aussetzung des Allerheiligsten und der sogenannten \"Ewigen\u2026","rel":"","context":"In &quot;Erstkommunion&quot;","block_context":{"text":"Erstkommunion","link":"https:\/\/www.pfarrei-due-wo.de\/?cat=10"},"img":{"alt_text":"","src":"https:\/\/i0.wp.com\/www.pfarrei-due-wo.de\/wp-content\/uploads\/2022\/11\/IMG-20221116-WA0005.jpg?fit=1200%2C900&ssl=1&resize=350%2C200","width":350,"height":200,"srcset":"https:\/\/i0.wp.com\/www.pfarrei-due-wo.de\/wp-content\/uploads\/2022\/11\/IMG-20221116-WA0005.jpg?fit=1200%2C900&ssl=1&resize=350%2C200 1x, https:\/\/i0.wp.com\/www.pfarrei-due-wo.de\/wp-content\/uploads\/2022\/11\/IMG-20221116-WA0005.jpg?fit=1200%2C900&ssl=1&resize=525%2C300 1.5x, https:\/\/i0.wp.com\/www.pfarrei-due-wo.de\/wp-content\/uploads\/2022\/11\/IMG-20221116-WA0005.jpg?fit=1200%2C900&ssl=1&resize=700%2C400 2x, https:\/\/i0.wp.com\/www.pfarrei-due-wo.de\/wp-content\/uploads\/2022\/11\/IMG-20221116-WA0005.jpg?fit=1200%2C900&ssl=1&resize=1050%2C600 3x"},"classes":[]}],"publishpress_future_action":{"enabled":false,"date":"2026-05-06 17:36:53","action":"change-status","newStatus":"draft","terms":[],"taxonomy":"category","extraData":[]},"publishpress_future_workflow_manual_trigger":{"enabledWorkflows":[]},"_links":{"self":[{"href":"https:\/\/www.pfarrei-due-wo.de\/index.php?rest_route=\/wp\/v2\/posts\/13873","targetHints":{"allow":["GET"]}}],"collection":[{"href":"https:\/\/www.pfarrei-due-wo.de\/index.php?rest_route=\/wp\/v2\/posts"}],"about":[{"href":"https:\/\/www.pfarrei-due-wo.de\/index.php?rest_route=\/wp\/v2\/types\/post"}],"author":[{"embeddable":true,"href":"https:\/\/www.pfarrei-due-wo.de\/index.php?rest_route=\/wp\/v2\/users\/7"}],"replies":[{"embeddable":true,"href":"https:\/\/www.pfarrei-due-wo.de\/index.php?rest_route=%2Fwp%2Fv2%2Fcomments&post=13873"}],"version-history":[{"count":1,"href":"https:\/\/www.pfarrei-due-wo.de\/index.php?rest_route=\/wp\/v2\/posts\/13873\/revisions"}],"predecessor-version":[{"id":13877,"href":"https:\/\/www.pfarrei-due-wo.de\/index.php?rest_route=\/wp\/v2\/posts\/13873\/revisions\/13877"}],"wp:featuredmedia":[{"embeddable":true,"href":"https:\/\/www.pfarrei-due-wo.de\/index.php?rest_route=\/wp\/v2\/media\/13875"}],"wp:attachment":[{"href":"https:\/\/www.pfarrei-due-wo.de\/index.php?rest_route=%2Fwp%2Fv2%2Fmedia&parent=13873"}],"wp:term":[{"taxonomy":"category","embeddable":true,"href":"https:\/\/www.pfarrei-due-wo.de\/index.php?rest_route=%2Fwp%2Fv2%2Fcategories&post=13873"},{"taxonomy":"post_tag","embeddable":true,"href":"https:\/\/www.pfarrei-due-wo.de\/index.php?rest_route=%2Fwp%2Fv2%2Ftags&post=13873"}],"curies":[{"name":"wp","href":"https:\/\/api.w.org\/{rel}","templated":true}]}}