{"id":13866,"date":"2026-04-29T00:48:19","date_gmt":"2026-04-28T22:48:19","guid":{"rendered":"https:\/\/www.pfarrei-due-wo.de\/?p=13866"},"modified":"2026-04-29T00:50:39","modified_gmt":"2026-04-28T22:50:39","slug":"verabschiedung-langjaehriger-pgr-mitglieder","status":"publish","type":"post","link":"https:\/\/www.pfarrei-due-wo.de\/?p=13866","title":{"rendered":"Verabschiedung langj\u00e4hriger PGR Mitglieder"},"content":{"rendered":"<p>Beim Sonntagsgottesdienst am 19.04. wurden die ausgeschiedenen PGR-Mitglieder in der Pfarrkirche St. Albertus Magnus verabschiedet.<\/p>\n<p>Pfr. Celestine w\u00fcrdigte das Engagement und die Verantwortung, die die Mitglieder \u00fcber Jahre hinweg getragen haben. Jeder einzelne hat das Pfarrleben entscheidend mitgepr\u00e4gt und mitgestaltet und zu einem lebendigen Miteinander beigetragen.<\/p>\n<p>Vergelts Gott an Irene Flierl f\u00fcr 20 Jahre, Mathilde Schie\u00dflbauer, Dominik Schanderl, Andrea Brucker f\u00fcr jeweils 8 Jahre, Sabine Hausler, Monika Stahl, Sophia Haller f\u00fcr jeweils 4 Jahre ehrenamtliche Mitarbeit im PGR.<\/p>\n<p>Aus dem Ortsausschuss H\u00f6gling wurde Bernhard Werner verabschiedet. Er geh\u00f6rte 16 Jahre dem Gremium an. Ingrid Riedel war 4 Jahre im Ortsausschuss Wolfring dabei.<\/p>\n<p>Als Zeichen des Dankes \u00fcberreichten PGR-Sprecherin Sandra Schieder und ihre Stellvertreterin Regina Schottenheim jeweils eine Dankurkunde des Bischofs und einen Gutschein. Mit einem Applaus bedankten den Kirchenbesucher den ausgeschiedenen Mitgliedern.<\/p>\n<p>Der Gottesdienst wurde musikalisch vom Landfrauenchor umrahmt. Im Anschluss an den Gottesdienst lud der Ortsausschuss D\u00fcrnsricht zum Kirchcaf\u00e9 in den Albertus-Magnus-Saal ein.<\/p>\n<p>&nbsp;<\/p>\n<p><img data-recalc-dims=\"1\" loading=\"lazy\" decoding=\"async\" data-attachment-id=\"13870\" data-permalink=\"https:\/\/www.pfarrei-due-wo.de\/?attachment_id=13870\" data-orig-file=\"https:\/\/i0.wp.com\/www.pfarrei-due-wo.de\/wp-content\/uploads\/2026\/04\/IMG_5491-scaled.jpg?fit=2560%2C1920&amp;ssl=1\" data-orig-size=\"2560,1920\" data-comments-opened=\"0\" data-image-meta=\"{&quot;aperture&quot;:&quot;1.6&quot;,&quot;credit&quot;:&quot;&quot;,&quot;camera&quot;:&quot;iPhone 13&quot;,&quot;caption&quot;:&quot;&quot;,&quot;created_timestamp&quot;:&quot;1776593416&quot;,&quot;copyright&quot;:&quot;&quot;,&quot;focal_length&quot;:&quot;5.1&quot;,&quot;iso&quot;:&quot;160&quot;,&quot;shutter_speed&quot;:&quot;0.02&quot;,&quot;title&quot;:&quot;&quot;,&quot;orientation&quot;:&quot;1&quot;}\" data-image-title=\"IMG_5491\" data-image-description=\"\" data-image-caption=\"\" data-large-file=\"https:\/\/i0.wp.com\/www.pfarrei-due-wo.de\/wp-content\/uploads\/2026\/04\/IMG_5491-scaled.jpg?fit=750%2C563&amp;ssl=1\" class=\"alignnone size-medium wp-image-13870\" src=\"https:\/\/i0.wp.com\/www.pfarrei-due-wo.de\/wp-content\/uploads\/2026\/04\/IMG_5491.jpg?resize=300%2C225&#038;ssl=1\" alt=\"\" width=\"300\" height=\"225\" srcset=\"https:\/\/i0.wp.com\/www.pfarrei-due-wo.de\/wp-content\/uploads\/2026\/04\/IMG_5491-scaled.jpg?resize=300%2C225&amp;ssl=1 300w, https:\/\/i0.wp.com\/www.pfarrei-due-wo.de\/wp-content\/uploads\/2026\/04\/IMG_5491-scaled.jpg?resize=768%2C576&amp;ssl=1 768w, https:\/\/i0.wp.com\/www.pfarrei-due-wo.de\/wp-content\/uploads\/2026\/04\/IMG_5491-scaled.jpg?resize=1536%2C1152&amp;ssl=1 1536w, https:\/\/i0.wp.com\/www.pfarrei-due-wo.de\/wp-content\/uploads\/2026\/04\/IMG_5491-scaled.jpg?resize=2048%2C1536&amp;ssl=1 2048w, https:\/\/i0.wp.com\/www.pfarrei-due-wo.de\/wp-content\/uploads\/2026\/04\/IMG_5491-scaled.jpg?w=2250&amp;ssl=1 2250w\" sizes=\"auto, (max-width: 300px) 100vw, 300px\" \/> <img data-recalc-dims=\"1\" loading=\"lazy\" decoding=\"async\" data-attachment-id=\"13871\" data-permalink=\"https:\/\/www.pfarrei-due-wo.de\/?attachment_id=13871\" data-orig-file=\"https:\/\/i0.wp.com\/www.pfarrei-due-wo.de\/wp-content\/uploads\/2026\/04\/IMG_5495-scaled.jpg?fit=2560%2C1920&amp;ssl=1\" data-orig-size=\"2560,1920\" data-comments-opened=\"0\" data-image-meta=\"{&quot;aperture&quot;:&quot;2.2&quot;,&quot;credit&quot;:&quot;&quot;,&quot;camera&quot;:&quot;iPhone 12 Pro Max&quot;,&quot;caption&quot;:&quot;&quot;,&quot;created_timestamp&quot;:&quot;1776593414&quot;,&quot;copyright&quot;:&quot;&quot;,&quot;focal_length&quot;:&quot;7.5&quot;,&quot;iso&quot;:&quot;320&quot;,&quot;shutter_speed&quot;:&quot;0.02&quot;,&quot;title&quot;:&quot;&quot;,&quot;orientation&quot;:&quot;1&quot;}\" data-image-title=\"IMG_5495\" data-image-description=\"\" data-image-caption=\"\" data-large-file=\"https:\/\/i0.wp.com\/www.pfarrei-due-wo.de\/wp-content\/uploads\/2026\/04\/IMG_5495-scaled.jpg?fit=750%2C563&amp;ssl=1\" class=\"alignnone size-medium wp-image-13871\" src=\"https:\/\/i0.wp.com\/www.pfarrei-due-wo.de\/wp-content\/uploads\/2026\/04\/IMG_5495.jpg?resize=300%2C225&#038;ssl=1\" alt=\"\" width=\"300\" height=\"225\" srcset=\"https:\/\/i0.wp.com\/www.pfarrei-due-wo.de\/wp-content\/uploads\/2026\/04\/IMG_5495-scaled.jpg?resize=300%2C225&amp;ssl=1 300w, https:\/\/i0.wp.com\/www.pfarrei-due-wo.de\/wp-content\/uploads\/2026\/04\/IMG_5495-scaled.jpg?resize=768%2C576&amp;ssl=1 768w, https:\/\/i0.wp.com\/www.pfarrei-due-wo.de\/wp-content\/uploads\/2026\/04\/IMG_5495-scaled.jpg?resize=1536%2C1152&amp;ssl=1 1536w, https:\/\/i0.wp.com\/www.pfarrei-due-wo.de\/wp-content\/uploads\/2026\/04\/IMG_5495-scaled.jpg?resize=2048%2C1536&amp;ssl=1 2048w, https:\/\/i0.wp.com\/www.pfarrei-due-wo.de\/wp-content\/uploads\/2026\/04\/IMG_5495-scaled.jpg?w=2250&amp;ssl=1 2250w\" sizes=\"auto, (max-width: 300px) 100vw, 300px\" \/><\/p>\n","protected":false},"excerpt":{"rendered":"<p>Beim Sonntagsgottesdienst am 19.04. wurden die ausgeschiedenen PGR-Mitglieder in der Pfarrkirche St. Albertus Magnus verabschiedet. Pfr. Celestine w\u00fcrdigte das Engagement und die Verantwortung, die die Mitglieder \u00fcber Jahre hinweg getragen &hellip; <\/p>\n","protected":false},"author":7,"featured_media":13867,"comment_status":"closed","ping_status":"closed","sticky":true,"template":"","format":"standard","meta":{"jetpack_post_was_ever_published":false,"_jetpack_newsletter_access":"","_jetpack_dont_email_post_to_subs":false,"_jetpack_newsletter_tier_id":0,"_jetpack_memberships_contains_paywalled_content":false,"_jetpack_memberships_contains_paid_content":false,"footnotes":"","jetpack_publicize_message":"","jetpack_publicize_feature_enabled":true,"jetpack_social_post_already_shared":true,"jetpack_social_options":{"image_generator_settings":{"template":"highway","default_image_id":0,"font":"","enabled":false},"version":2}},"categories":[2,6],"tags":[],"class_list":["post-13866","post","type-post","status-publish","format-standard","has-post-thumbnail","hentry","category-gottesdienste","category-pfarrei-erleben"],"jetpack_publicize_connections":[],"jetpack_featured_media_url":"https:\/\/i0.wp.com\/www.pfarrei-due-wo.de\/wp-content\/uploads\/2026\/04\/Verabschiedung-PGR.jpg?fit=1182%2C1195&ssl=1","jetpack_sharing_enabled":true,"jetpack_shortlink":"https:\/\/wp.me\/p8HCtc-3BE","jetpack-related-posts":[{"id":7573,"url":"https:\/\/www.pfarrei-due-wo.de\/?p=7573","url_meta":{"origin":13866,"position":0},"title":"Verabschiedung verdienter Pfarrgemeinderats-Mitglieder","author":"Matthias Heimler","date":"22. Mai 2022","format":false,"excerpt":"Im Rahmen eines gem\u00fctlichen Nachmittagskaffees im Albertus-Magnus-Saal wurden Andrea Bauer, Margareta Dietl und Maria Obendorfer aus dem Pfarrgemeinderat verabschiedet. Die drei geh\u00f6rten 16, 12 bzw. vier Jahre dem Gremium an und haben darin die Pfarrei ma\u00dfgeblich mitgestaltet. Angesprochen auf die sch\u00f6nsten Momente ihrer Zeit im Pfarrgemeinderat erz\u00e4hlten die drei von\u2026","rel":"","context":"In &quot;Pfarrei erleben&quot;","block_context":{"text":"Pfarrei erleben","link":"https:\/\/www.pfarrei-due-wo.de\/?cat=6"},"img":{"alt_text":"","src":"https:\/\/i0.wp.com\/www.pfarrei-due-wo.de\/wp-content\/uploads\/2022\/05\/IMG-20220521-WA0006-e1653230234422.jpg?fit=1200%2C841&ssl=1&resize=350%2C200","width":350,"height":200,"srcset":"https:\/\/i0.wp.com\/www.pfarrei-due-wo.de\/wp-content\/uploads\/2022\/05\/IMG-20220521-WA0006-e1653230234422.jpg?fit=1200%2C841&ssl=1&resize=350%2C200 1x, https:\/\/i0.wp.com\/www.pfarrei-due-wo.de\/wp-content\/uploads\/2022\/05\/IMG-20220521-WA0006-e1653230234422.jpg?fit=1200%2C841&ssl=1&resize=525%2C300 1.5x, https:\/\/i0.wp.com\/www.pfarrei-due-wo.de\/wp-content\/uploads\/2022\/05\/IMG-20220521-WA0006-e1653230234422.jpg?fit=1200%2C841&ssl=1&resize=700%2C400 2x, https:\/\/i0.wp.com\/www.pfarrei-due-wo.de\/wp-content\/uploads\/2022\/05\/IMG-20220521-WA0006-e1653230234422.jpg?fit=1200%2C841&ssl=1&resize=1050%2C600 3x"},"classes":[]},{"id":12579,"url":"https:\/\/www.pfarrei-due-wo.de\/?p=12579","url_meta":{"origin":13866,"position":1},"title":"Jahresfeier und Jahreshauptversammlung der KAB","author":"Anna-Lena Dittrich","date":"31. M\u00e4rz 2025","format":false,"excerpt":"Die KAB D\u00fcrnsricht-Wolfring lud ihre Mitglieder zur Jahresfeier ins Gasthaus \u201eZur Linde\u201c nach Jeding ein. Sie bedankte sich bei ihren Mitgliedern f\u00fcr die Treue und Mitarbeit das ganze Jahr \u00fcber. 29 Mitglieder nahmen an der Veranstaltung teil. Nach einer kurzen Andacht in der Kapelle in Jeding traf man sich zum\u2026","rel":"","context":"In &quot;Pfarrei erleben&quot;","block_context":{"text":"Pfarrei erleben","link":"https:\/\/www.pfarrei-due-wo.de\/?cat=6"},"img":{"alt_text":"","src":"https:\/\/i0.wp.com\/www.pfarrei-due-wo.de\/wp-content\/uploads\/2025\/03\/KAB-4.jpg?fit=1200%2C924&ssl=1&resize=350%2C200","width":350,"height":200,"srcset":"https:\/\/i0.wp.com\/www.pfarrei-due-wo.de\/wp-content\/uploads\/2025\/03\/KAB-4.jpg?fit=1200%2C924&ssl=1&resize=350%2C200 1x, https:\/\/i0.wp.com\/www.pfarrei-due-wo.de\/wp-content\/uploads\/2025\/03\/KAB-4.jpg?fit=1200%2C924&ssl=1&resize=525%2C300 1.5x, https:\/\/i0.wp.com\/www.pfarrei-due-wo.de\/wp-content\/uploads\/2025\/03\/KAB-4.jpg?fit=1200%2C924&ssl=1&resize=700%2C400 2x, https:\/\/i0.wp.com\/www.pfarrei-due-wo.de\/wp-content\/uploads\/2025\/03\/KAB-4.jpg?fit=1200%2C924&ssl=1&resize=1050%2C600 3x"},"classes":[]},{"id":11497,"url":"https:\/\/www.pfarrei-due-wo.de\/?p=11497","url_meta":{"origin":13866,"position":2},"title":"KAB ehrt langj\u00e4hrige Mitglieder","author":"Matthias Heimler","date":"1. M\u00e4rz 2024","format":false,"excerpt":"Die KAB D\u00fcrnsricht-Wolfring hatte ihre Mitglieder zu einer Jahresfeier mit Ehrungen eingeladen. Sie bedankte sich bei ihren Mitgliedern f\u00fcr die Treue und Mitarbeit das ganze Jahr \u00fcber. Gut 30 Mitglieder waren der Einladung gefolgt. Nach einer kurzen Andacht in der Kapelle in Jeding mit Pfarrer Georg Praun traf man sich\u2026","rel":"","context":"In &quot;Pfarrei erleben&quot;","block_context":{"text":"Pfarrei erleben","link":"https:\/\/www.pfarrei-due-wo.de\/?cat=6"},"img":{"alt_text":"","src":"https:\/\/i0.wp.com\/www.pfarrei-due-wo.de\/wp-content\/uploads\/2024\/03\/kab_jahresfeier_5-e1709322983268.jpg?fit=1024%2C576&ssl=1&resize=350%2C200","width":350,"height":200,"srcset":"https:\/\/i0.wp.com\/www.pfarrei-due-wo.de\/wp-content\/uploads\/2024\/03\/kab_jahresfeier_5-e1709322983268.jpg?fit=1024%2C576&ssl=1&resize=350%2C200 1x, https:\/\/i0.wp.com\/www.pfarrei-due-wo.de\/wp-content\/uploads\/2024\/03\/kab_jahresfeier_5-e1709322983268.jpg?fit=1024%2C576&ssl=1&resize=525%2C300 1.5x, https:\/\/i0.wp.com\/www.pfarrei-due-wo.de\/wp-content\/uploads\/2024\/03\/kab_jahresfeier_5-e1709322983268.jpg?fit=1024%2C576&ssl=1&resize=700%2C400 2x"},"classes":[]},{"id":13298,"url":"https:\/\/www.pfarrei-due-wo.de\/?p=13298","url_meta":{"origin":13866,"position":3},"title":"Feierliche Aufnahme und Verabschiedung der Ministranten am Christk\u00f6nigssonntag","author":"Daniela Wiesgickl","date":"30. November 2025","format":false,"excerpt":"Am Christk\u00f6nigssonntag durfte unsere Pfarrgemeinde einen besonderen Anlass begehen: Insgesamt 15 Kinder und Jugendliche wurden feierlich in die Gemeinschaft der Ministrantinnen und Ministranten aufgenommen. Bereits im Sommer hatten die neuen Ministrantinnen und Ministranten ihre Aufgaben am Altar erlernt und verst\u00e4rken seitdem tatkr\u00e4ftig das gro\u00dfe Ministrantenteam unserer Pfarrei. Pfarrer Celestin Thazhuppil\u2026","rel":"","context":"In &quot;Gottesdienste&quot;","block_context":{"text":"Gottesdienste","link":"https:\/\/www.pfarrei-due-wo.de\/?cat=2"},"img":{"alt_text":"","src":"https:\/\/i0.wp.com\/www.pfarrei-due-wo.de\/wp-content\/uploads\/2025\/11\/FF7A0197-1-scaled.jpg?fit=1200%2C800&ssl=1&resize=350%2C200","width":350,"height":200,"srcset":"https:\/\/i0.wp.com\/www.pfarrei-due-wo.de\/wp-content\/uploads\/2025\/11\/FF7A0197-1-scaled.jpg?fit=1200%2C800&ssl=1&resize=350%2C200 1x, https:\/\/i0.wp.com\/www.pfarrei-due-wo.de\/wp-content\/uploads\/2025\/11\/FF7A0197-1-scaled.jpg?fit=1200%2C800&ssl=1&resize=525%2C300 1.5x, https:\/\/i0.wp.com\/www.pfarrei-due-wo.de\/wp-content\/uploads\/2025\/11\/FF7A0197-1-scaled.jpg?fit=1200%2C800&ssl=1&resize=700%2C400 2x, https:\/\/i0.wp.com\/www.pfarrei-due-wo.de\/wp-content\/uploads\/2025\/11\/FF7A0197-1-scaled.jpg?fit=1200%2C800&ssl=1&resize=1050%2C600 3x"},"classes":[]},{"id":7482,"url":"https:\/\/www.pfarrei-due-wo.de\/?p=7482","url_meta":{"origin":13866,"position":4},"title":"Ehrungen bei der KAB","author":"Matthias Heimler","date":"5. M\u00e4rz 2022","format":false,"excerpt":"KAB Mitglieder-Ehrungen und Jahresessen Zu einem Jahresessen mit Mitgliederehrung in Gasthaus \u201eZur Linde\u201c nach Jeding lud die Vorstandschaft der KAB ihre Mitglieder ein, als Dankesch\u00f6n f\u00fcr die tatkr\u00e4ftige Unterst\u00fctzung in der schwierigen Corona-Zeit. Leider waren, entgegen der Prognosen, die Corona-Infektionen wieder sehr angestiegen, so dass nur wenige Mitglieder der Einladung\u2026","rel":"","context":"In &quot;Pfarrei erleben&quot;","block_context":{"text":"Pfarrei erleben","link":"https:\/\/www.pfarrei-due-wo.de\/?cat=6"},"img":{"alt_text":"","src":"https:\/\/i0.wp.com\/www.pfarrei-due-wo.de\/wp-content\/uploads\/2022\/04\/5c5dc51a-676d-496a-96d3-3edc95bdfe46.jpeg?fit=1200%2C900&ssl=1&resize=350%2C200","width":350,"height":200,"srcset":"https:\/\/i0.wp.com\/www.pfarrei-due-wo.de\/wp-content\/uploads\/2022\/04\/5c5dc51a-676d-496a-96d3-3edc95bdfe46.jpeg?fit=1200%2C900&ssl=1&resize=350%2C200 1x, https:\/\/i0.wp.com\/www.pfarrei-due-wo.de\/wp-content\/uploads\/2022\/04\/5c5dc51a-676d-496a-96d3-3edc95bdfe46.jpeg?fit=1200%2C900&ssl=1&resize=525%2C300 1.5x, https:\/\/i0.wp.com\/www.pfarrei-due-wo.de\/wp-content\/uploads\/2022\/04\/5c5dc51a-676d-496a-96d3-3edc95bdfe46.jpeg?fit=1200%2C900&ssl=1&resize=700%2C400 2x, https:\/\/i0.wp.com\/www.pfarrei-due-wo.de\/wp-content\/uploads\/2022\/04\/5c5dc51a-676d-496a-96d3-3edc95bdfe46.jpeg?fit=1200%2C900&ssl=1&resize=1050%2C600 3x"},"classes":[]},{"id":6667,"url":"https:\/\/www.pfarrei-due-wo.de\/?p=6667","url_meta":{"origin":13866,"position":5},"title":"Kirchenmusikalische Ehrungen","author":"Matthias Heimler","date":"13. September 2021","format":false,"excerpt":"Die Kirchenmusik in der Pfarrei lebt von den vielen Menschen, die sich hier engagieren und einbringen. Immer wieder d\u00fcrfen Gottesdienstbesucher erfahren, dass die Musik Gottesdienste zu einem Fest werden l\u00e4sst. Von der Orgelbegleitung bei den Sonntags- und Werktagsgottesdiensten, bei Taufen und Hochzeiten, bis hin zu den musikalischen Beitr\u00e4gen der Kirchench\u00f6re\u2026","rel":"","context":"In &quot;Musik&quot;","block_context":{"text":"Musik","link":"https:\/\/www.pfarrei-due-wo.de\/?cat=11"},"img":{"alt_text":"","src":"https:\/\/i0.wp.com\/www.pfarrei-due-wo.de\/wp-content\/uploads\/2021\/10\/20210912_134403-scaled.jpg?fit=1200%2C900&ssl=1&resize=350%2C200","width":350,"height":200,"srcset":"https:\/\/i0.wp.com\/www.pfarrei-due-wo.de\/wp-content\/uploads\/2021\/10\/20210912_134403-scaled.jpg?fit=1200%2C900&ssl=1&resize=350%2C200 1x, https:\/\/i0.wp.com\/www.pfarrei-due-wo.de\/wp-content\/uploads\/2021\/10\/20210912_134403-scaled.jpg?fit=1200%2C900&ssl=1&resize=525%2C300 1.5x, https:\/\/i0.wp.com\/www.pfarrei-due-wo.de\/wp-content\/uploads\/2021\/10\/20210912_134403-scaled.jpg?fit=1200%2C900&ssl=1&resize=700%2C400 2x, https:\/\/i0.wp.com\/www.pfarrei-due-wo.de\/wp-content\/uploads\/2021\/10\/20210912_134403-scaled.jpg?fit=1200%2C900&ssl=1&resize=1050%2C600 3x"},"classes":[]}],"publishpress_future_action":{"enabled":false,"date":"2026-05-06 05:55:34","action":"change-status","newStatus":"draft","terms":[],"taxonomy":"category","extraData":[]},"publishpress_future_workflow_manual_trigger":{"enabledWorkflows":[]},"_links":{"self":[{"href":"https:\/\/www.pfarrei-due-wo.de\/index.php?rest_route=\/wp\/v2\/posts\/13866","targetHints":{"allow":["GET"]}}],"collection":[{"href":"https:\/\/www.pfarrei-due-wo.de\/index.php?rest_route=\/wp\/v2\/posts"}],"about":[{"href":"https:\/\/www.pfarrei-due-wo.de\/index.php?rest_route=\/wp\/v2\/types\/post"}],"author":[{"embeddable":true,"href":"https:\/\/www.pfarrei-due-wo.de\/index.php?rest_route=\/wp\/v2\/users\/7"}],"replies":[{"embeddable":true,"href":"https:\/\/www.pfarrei-due-wo.de\/index.php?rest_route=%2Fwp%2Fv2%2Fcomments&post=13866"}],"version-history":[{"count":3,"href":"https:\/\/www.pfarrei-due-wo.de\/index.php?rest_route=\/wp\/v2\/posts\/13866\/revisions"}],"predecessor-version":[{"id":13872,"href":"https:\/\/www.pfarrei-due-wo.de\/index.php?rest_route=\/wp\/v2\/posts\/13866\/revisions\/13872"}],"wp:featuredmedia":[{"embeddable":true,"href":"https:\/\/www.pfarrei-due-wo.de\/index.php?rest_route=\/wp\/v2\/media\/13867"}],"wp:attachment":[{"href":"https:\/\/www.pfarrei-due-wo.de\/index.php?rest_route=%2Fwp%2Fv2%2Fmedia&parent=13866"}],"wp:term":[{"taxonomy":"category","embeddable":true,"href":"https:\/\/www.pfarrei-due-wo.de\/index.php?rest_route=%2Fwp%2Fv2%2Fcategories&post=13866"},{"taxonomy":"post_tag","embeddable":true,"href":"https:\/\/www.pfarrei-due-wo.de\/index.php?rest_route=%2Fwp%2Fv2%2Ftags&post=13866"}],"curies":[{"name":"wp","href":"https:\/\/api.w.org\/{rel}","templated":true}]}}