{"id":12911,"date":"2025-09-06T06:44:36","date_gmt":"2025-09-06T04:44:36","guid":{"rendered":"https:\/\/www.pfarrei-due-wo.de\/?p=12911"},"modified":"2025-09-27T20:07:48","modified_gmt":"2025-09-27T18:07:48","slug":"baumpflanzchallenge-der-firmlinge","status":"publish","type":"post","link":"https:\/\/www.pfarrei-due-wo.de\/?p=12911","title":{"rendered":"Baumpflanzchallenge der Firmlinge"},"content":{"rendered":"<p>In den Sommerferien erlebten unsere Firmkinder eine besondere Aktion. Sie wurden f\u00fcr die &#8222;Baumpflanzchallenge&#8220; nominiert. Die Firmlinge freuten sich sehr \u00fcber die Nominierung und dass sie als Gruppe in der Pfarrei gesehen und wahrgenommen werden.<\/p>\n<p>Die Gruppe traf sich an einem Sonntagnachmittag in der Pfarrkirche in D\u00fcrnsricht, um ein Konzept zu erarbeiten. Mit Freude, Eifer und Gemeinschaftssinn machten sie sich ans Werk.<\/p>\n<p>Am folgenden Donnerstag kamen die Firmlinge wieder zusammen, um die gestellte Aufgabe umzusetzen. Bevor sie damit begannen, richteten sie ihren Blick zum Heiligen Geist und baten ihn um Beistand.<\/p>\n<p>Ihre W\u00fcnsche waren ganz einfach &#8211; einen Baum, der wachsen und leben darf, und ein Pflanzloch, das ihm einen guten Platz schenkt! Die W\u00fcnsche wurden erf\u00fcllt &#8211; wie man in dem gedrehten Film sehen kann!<\/p>\n<p>Der Baum wurde in das Pflanzloch hineingesetzt und sorgsam mit Erde und Wasser versorgt. Wir alle glaubten, Gottes Geist mitten unter uns zu sp\u00fcren: im gemeinsamen Lachen, im Anpacken und im stillen Dank, dass dieser Baum nun im Pfarrgarten Wurzeln schlagen darf.<\/p>\n<p>Einige beschlossen gar, ein sp\u00e4teres Hochzeitsfoto solle genau unter diesem Baum aufgenommen werden &#8230;<\/p>\n<p>So steht der neue Baum nun als Zeichen des Glaubens in unserer Pfarrgemeinde. Er soll uns daran erinnern, dass auch die jungen Menschen wachsen und ihre Wurzeln fest in Gott gr\u00fcnden d\u00fcrfen &#8211; begleitet und gest\u00e4rkt vom Heiligen Geist.<\/p>\n<div class=\"wp-playlist wp-video-playlist wp-playlist-light\">\n\t\t<video controls=\"controls\" preload=\"none\" width=\"728\"\n\t\t height=\"1286\"\t><\/video>\n\t<div class=\"wp-playlist-next\"><\/div>\n\t<div class=\"wp-playlist-prev\"><\/div>\n\t<noscript>\n\t<ol>\n\t\t<li><a href='https:\/\/www.pfarrei-due-wo.de\/wp-content\/uploads\/2025\/09\/a6694273-b821-478f-92ee-3623b80cc445.mov'>a6694273-b821-478f-92ee-3623b80cc445<\/a><\/li>\t<\/ol>\n\t<\/noscript>\n\t<script type=\"application\/json\" class=\"wp-playlist-script\">{\"type\":\"video\",\"tracklist\":true,\"tracknumbers\":true,\"images\":true,\"artists\":true,\"tracks\":[{\"src\":\"https:\/\/www.pfarrei-due-wo.de\/wp-content\/uploads\/2025\/09\/a6694273-b821-478f-92ee-3623b80cc445.mov\",\"type\":\"video\/quicktime\",\"title\":\"a6694273-b821-478f-92ee-3623b80cc445\",\"caption\":\"\",\"description\":\"\",\"meta\":{\"length_formatted\":\"4:32\"},\"dimensions\":{\"original\":{\"width\":480,\"height\":848},\"resized\":{\"width\":728,\"height\":1286}},\"image\":{\"src\":\"https:\/\/www.pfarrei-due-wo.de\/wp-includes\/images\/media\/video.svg\",\"width\":48,\"height\":64},\"thumb\":{\"src\":\"https:\/\/www.pfarrei-due-wo.de\/wp-includes\/images\/media\/video.svg\",\"width\":48,\"height\":64}}]}<\/script>\n<\/div>\n\t\n<p>Text, Bild und Video: Ida Faltermeier<\/p>\n","protected":false},"excerpt":{"rendered":"<p>In den Sommerferien erlebten unsere Firmkinder eine besondere Aktion. Sie wurden f\u00fcr die &#8222;Baumpflanzchallenge&#8220; nominiert. Die Firmlinge freuten sich sehr \u00fcber die Nominierung und dass sie als Gruppe in der &hellip; <\/p>\n","protected":false},"author":7,"featured_media":12913,"comment_status":"closed","ping_status":"closed","sticky":false,"template":"","format":"standard","meta":{"jetpack_post_was_ever_published":false,"_jetpack_newsletter_access":"","_jetpack_dont_email_post_to_subs":false,"_jetpack_newsletter_tier_id":0,"_jetpack_memberships_contains_paywalled_content":false,"_jetpack_memberships_contains_paid_content":false,"footnotes":"","jetpack_publicize_message":"","jetpack_publicize_feature_enabled":true,"jetpack_social_post_already_shared":true,"jetpack_social_options":{"image_generator_settings":{"template":"highway","default_image_id":0,"font":"","enabled":false},"version":2}},"categories":[3,9,6],"tags":[],"class_list":["post-12911","post","type-post","status-publish","format-standard","has-post-thumbnail","hentry","category-firmung","category-jugend","category-pfarrei-erleben"],"jetpack_publicize_connections":[],"jetpack_featured_media_url":"https:\/\/i0.wp.com\/www.pfarrei-due-wo.de\/wp-content\/uploads\/2025\/09\/PHOTO-2025-08-25-08-49-37.jpg?fit=1200%2C1600&ssl=1","jetpack_sharing_enabled":true,"jetpack_shortlink":"https:\/\/wp.me\/p8HCtc-3mf","jetpack-related-posts":[{"id":9847,"url":"https:\/\/www.pfarrei-due-wo.de\/?p=9847","url_meta":{"origin":12911,"position":0},"title":"Gl\u00e4ubige aus Fensterbach bei Regensburger Fu\u00dfwallfahrt nach Alt\u00f6tting dabei","author":"Matthias Heimler","date":"28. Mai 2023","format":false,"excerpt":"Bei der Regensburger Fu\u00dfwallfahr nach Alt\u00f6tting sind regelm\u00e4\u00dfig zahlreiche Teilnehmer aus der Oberpfalz dabei. Auch aus der Pfarrei D\u00fcrnsricht-Wolfring-H\u00f6gling schlie\u00dfen sich jedes Jahr Pilgerinnen und Pilger an. Unter den zahlreichen Pilgerinnen und Pilgern der Regensburger Fu\u00dfwallfahrt nach Alt\u00f6tting sind jedes Jahr auch Gl\u00e4ubige aus Fensterbach. Sie werden von Johann Zweck\u2026","rel":"","context":"In &quot;Gottesdienste&quot;","block_context":{"text":"Gottesdienste","link":"https:\/\/www.pfarrei-due-wo.de\/?cat=2"},"img":{"alt_text":"","src":"https:\/\/i0.wp.com\/www.pfarrei-due-wo.de\/wp-content\/uploads\/2023\/06\/IMG-20230529-WA0001.jpg?fit=1024%2C768&ssl=1&resize=350%2C200","width":350,"height":200,"srcset":"https:\/\/i0.wp.com\/www.pfarrei-due-wo.de\/wp-content\/uploads\/2023\/06\/IMG-20230529-WA0001.jpg?fit=1024%2C768&ssl=1&resize=350%2C200 1x, https:\/\/i0.wp.com\/www.pfarrei-due-wo.de\/wp-content\/uploads\/2023\/06\/IMG-20230529-WA0001.jpg?fit=1024%2C768&ssl=1&resize=525%2C300 1.5x, https:\/\/i0.wp.com\/www.pfarrei-due-wo.de\/wp-content\/uploads\/2023\/06\/IMG-20230529-WA0001.jpg?fit=1024%2C768&ssl=1&resize=700%2C400 2x"},"classes":[]},{"id":8580,"url":"https:\/\/www.pfarrei-due-wo.de\/?p=8580","url_meta":{"origin":12911,"position":1},"title":"Firmlinge kommen zum ersten Treffen zusammen","author":"Matthias Heimler","date":"13. Januar 2023","format":false,"excerpt":"Am 9.12.2022 trafen sich die Firmkinder und ihre Betreuer zum ersten Mal, um sich kennenzulernen und den gemeinsamen \"Firmweg\" anzutreten. Wir starteten mit einem Kennlernspiel bei dem es darum ging, sich drei Informationen zu dem:der ausgelosten Partner:in zu merken um ihn:sie der Gruppe vorzustellen. Wenn man sich auf den \"Firmweg\"\u2026","rel":"","context":"In &quot;Firmung&quot;","block_context":{"text":"Firmung","link":"https:\/\/www.pfarrei-due-wo.de\/?cat=3"},"img":{"alt_text":"","src":"https:\/\/i0.wp.com\/www.pfarrei-due-wo.de\/wp-content\/uploads\/2022\/12\/20221209_174740-scaled.jpg?fit=1200%2C675&ssl=1&resize=350%2C200","width":350,"height":200,"srcset":"https:\/\/i0.wp.com\/www.pfarrei-due-wo.de\/wp-content\/uploads\/2022\/12\/20221209_174740-scaled.jpg?fit=1200%2C675&ssl=1&resize=350%2C200 1x, https:\/\/i0.wp.com\/www.pfarrei-due-wo.de\/wp-content\/uploads\/2022\/12\/20221209_174740-scaled.jpg?fit=1200%2C675&ssl=1&resize=525%2C300 1.5x, https:\/\/i0.wp.com\/www.pfarrei-due-wo.de\/wp-content\/uploads\/2022\/12\/20221209_174740-scaled.jpg?fit=1200%2C675&ssl=1&resize=700%2C400 2x, https:\/\/i0.wp.com\/www.pfarrei-due-wo.de\/wp-content\/uploads\/2022\/12\/20221209_174740-scaled.jpg?fit=1200%2C675&ssl=1&resize=1050%2C600 3x"},"classes":[]},{"id":6398,"url":"https:\/\/www.pfarrei-due-wo.de\/?p=6398","url_meta":{"origin":12911,"position":2},"title":"Wallfahrt zum Miesberg","author":"Matthias Heimler","date":"27. Juli 2021","format":false,"excerpt":"Die Firmlinge dieses Jahrgangs trafen sich am Sonntag Vormittag am Kirchplatz, um gemeinsam mit ihrer Betreuerin und einigen M\u00fcttern mit dem Fahrrad zum Miesberg aufzubrechen. Dort fand die traditionelle Jugendwallfahrt statt. Mit einem Sonntagsgottesdienst, vorbereitet und zelebriert von Di\u00f6zesanjugendpfarrer Christian Kalis, und musikalisch gestaltet von der Gruppe \"ConTact\" war es\u2026","rel":"","context":"In &quot;Firmung&quot;","block_context":{"text":"Firmung","link":"https:\/\/www.pfarrei-due-wo.de\/?cat=3"},"img":{"alt_text":"","src":"https:\/\/i0.wp.com\/www.pfarrei-due-wo.de\/wp-content\/uploads\/2021\/07\/20210718_120331-scaled.jpg?fit=1200%2C900&ssl=1&resize=350%2C200","width":350,"height":200,"srcset":"https:\/\/i0.wp.com\/www.pfarrei-due-wo.de\/wp-content\/uploads\/2021\/07\/20210718_120331-scaled.jpg?fit=1200%2C900&ssl=1&resize=350%2C200 1x, https:\/\/i0.wp.com\/www.pfarrei-due-wo.de\/wp-content\/uploads\/2021\/07\/20210718_120331-scaled.jpg?fit=1200%2C900&ssl=1&resize=525%2C300 1.5x, https:\/\/i0.wp.com\/www.pfarrei-due-wo.de\/wp-content\/uploads\/2021\/07\/20210718_120331-scaled.jpg?fit=1200%2C900&ssl=1&resize=700%2C400 2x, https:\/\/i0.wp.com\/www.pfarrei-due-wo.de\/wp-content\/uploads\/2021\/07\/20210718_120331-scaled.jpg?fit=1200%2C900&ssl=1&resize=1050%2C600 3x"},"classes":[]},{"id":9739,"url":"https:\/\/www.pfarrei-due-wo.de\/?p=9739","url_meta":{"origin":12911,"position":3},"title":"WG des Herrn &#8211; Firmlinge entdecken Kirche ganz anders","author":"Matthias Heimler","date":"13. Mai 2023","format":false,"excerpt":"Firmvorbereitung kann auch Spa\u00df machen. Fast alle Firmlinge waren dabei, als sie die WohnGemeinschaft des Herrn entdecken konnten. Im Gottesdienst am 13.05.2023 konnten sich unsere Firmlinge bei einem gro\u00dfen WG Casting um einen Platz in der \"WG des Herrn\" bewerben. Was die \"WG des Herrn\" ausmacht, das war Teil des\u2026","rel":"","context":"In &quot;Firmung&quot;","block_context":{"text":"Firmung","link":"https:\/\/www.pfarrei-due-wo.de\/?cat=3"},"img":{"alt_text":"","src":"https:\/\/i0.wp.com\/www.pfarrei-due-wo.de\/wp-content\/uploads\/2023\/05\/20230513_195420-scaled.jpg?fit=1200%2C675&ssl=1&resize=350%2C200","width":350,"height":200,"srcset":"https:\/\/i0.wp.com\/www.pfarrei-due-wo.de\/wp-content\/uploads\/2023\/05\/20230513_195420-scaled.jpg?fit=1200%2C675&ssl=1&resize=350%2C200 1x, https:\/\/i0.wp.com\/www.pfarrei-due-wo.de\/wp-content\/uploads\/2023\/05\/20230513_195420-scaled.jpg?fit=1200%2C675&ssl=1&resize=525%2C300 1.5x, https:\/\/i0.wp.com\/www.pfarrei-due-wo.de\/wp-content\/uploads\/2023\/05\/20230513_195420-scaled.jpg?fit=1200%2C675&ssl=1&resize=700%2C400 2x, https:\/\/i0.wp.com\/www.pfarrei-due-wo.de\/wp-content\/uploads\/2023\/05\/20230513_195420-scaled.jpg?fit=1200%2C675&ssl=1&resize=1050%2C600 3x"},"classes":[]},{"id":5498,"url":"https:\/\/www.pfarrei-due-wo.de\/?p=5498","url_meta":{"origin":12911,"position":4},"title":"Firmlinge auf der Suche nach Glaubensgesichtern","author":"Matthias Heimler","date":"20. Dezember 2020","format":false,"excerpt":"Ein online-Firmbuch entsteht Da das Vorbereitungsjahr auf die Firmung diesmal nicht mit gemeinsamen Treffen stattfinden kann, hat sich das Firm-Team etwas anderes einfallen lassen. Gemeinsam schreiben die Firmlinge an einem online-Firmbuch. Es handelt von Menschen, vom Glauben und vom Heiligen Geist, der in den Menschen wirkt. Die Firmlinge k\u00f6nnen sich\u2026","rel":"","context":"In &quot;Firmung&quot;","block_context":{"text":"Firmung","link":"https:\/\/www.pfarrei-due-wo.de\/?cat=3"},"img":{"alt_text":"","src":"https:\/\/i0.wp.com\/www.pfarrei-due-wo.de\/wp-content\/uploads\/2020\/12\/20201219_185239-scaled.jpg?fit=1200%2C900&ssl=1&resize=350%2C200","width":350,"height":200,"srcset":"https:\/\/i0.wp.com\/www.pfarrei-due-wo.de\/wp-content\/uploads\/2020\/12\/20201219_185239-scaled.jpg?fit=1200%2C900&ssl=1&resize=350%2C200 1x, https:\/\/i0.wp.com\/www.pfarrei-due-wo.de\/wp-content\/uploads\/2020\/12\/20201219_185239-scaled.jpg?fit=1200%2C900&ssl=1&resize=525%2C300 1.5x, https:\/\/i0.wp.com\/www.pfarrei-due-wo.de\/wp-content\/uploads\/2020\/12\/20201219_185239-scaled.jpg?fit=1200%2C900&ssl=1&resize=700%2C400 2x, https:\/\/i0.wp.com\/www.pfarrei-due-wo.de\/wp-content\/uploads\/2020\/12\/20201219_185239-scaled.jpg?fit=1200%2C900&ssl=1&resize=1050%2C600 3x"},"classes":[]},{"id":9187,"url":"https:\/\/www.pfarrei-due-wo.de\/?p=9187","url_meta":{"origin":12911,"position":5},"title":"14 H\u00e4nde f\u00fcr die Welt &#8211; Firmlinge gestalten Kreuzweg in Kn\u00f6lling","author":"Matthias Heimler","date":"26. M\u00e4rz 2023","format":false,"excerpt":"Der Kreuzweg Jesu hat immer wieder Menschen so beeindruckt, so dass sie Bilder zu den verschiednen Stationen auf dem Weg Jesu zur Kreuzigung gestaltet haben. Die Firmlinge haben sich auch mit dem Thema \"Kreuzweg\" besch\u00e4ftigt, sich Gedanken gemacht und selbst Kreuzwegstationen gestaltet. Gestartet wurde am Vormittag mit einem Gottesdienst in\u2026","rel":"","context":"In &quot;Firmung&quot;","block_context":{"text":"Firmung","link":"https:\/\/www.pfarrei-due-wo.de\/?cat=3"},"img":{"alt_text":"","src":"https:\/\/i0.wp.com\/www.pfarrei-due-wo.de\/wp-content\/uploads\/2023\/04\/IMG-20230326-WA0012.jpg?fit=1200%2C900&ssl=1&resize=350%2C200","width":350,"height":200,"srcset":"https:\/\/i0.wp.com\/www.pfarrei-due-wo.de\/wp-content\/uploads\/2023\/04\/IMG-20230326-WA0012.jpg?fit=1200%2C900&ssl=1&resize=350%2C200 1x, https:\/\/i0.wp.com\/www.pfarrei-due-wo.de\/wp-content\/uploads\/2023\/04\/IMG-20230326-WA0012.jpg?fit=1200%2C900&ssl=1&resize=525%2C300 1.5x, https:\/\/i0.wp.com\/www.pfarrei-due-wo.de\/wp-content\/uploads\/2023\/04\/IMG-20230326-WA0012.jpg?fit=1200%2C900&ssl=1&resize=700%2C400 2x, https:\/\/i0.wp.com\/www.pfarrei-due-wo.de\/wp-content\/uploads\/2023\/04\/IMG-20230326-WA0012.jpg?fit=1200%2C900&ssl=1&resize=1050%2C600 3x"},"classes":[]}],"publishpress_future_action":{"enabled":false,"date":"2026-05-09 14:17:10","action":"change-status","newStatus":"draft","terms":[],"taxonomy":"category","extraData":[]},"publishpress_future_workflow_manual_trigger":{"enabledWorkflows":[]},"_links":{"self":[{"href":"https:\/\/www.pfarrei-due-wo.de\/index.php?rest_route=\/wp\/v2\/posts\/12911","targetHints":{"allow":["GET"]}}],"collection":[{"href":"https:\/\/www.pfarrei-due-wo.de\/index.php?rest_route=\/wp\/v2\/posts"}],"about":[{"href":"https:\/\/www.pfarrei-due-wo.de\/index.php?rest_route=\/wp\/v2\/types\/post"}],"author":[{"embeddable":true,"href":"https:\/\/www.pfarrei-due-wo.de\/index.php?rest_route=\/wp\/v2\/users\/7"}],"replies":[{"embeddable":true,"href":"https:\/\/www.pfarrei-due-wo.de\/index.php?rest_route=%2Fwp%2Fv2%2Fcomments&post=12911"}],"version-history":[{"count":7,"href":"https:\/\/www.pfarrei-due-wo.de\/index.php?rest_route=\/wp\/v2\/posts\/12911\/revisions"}],"predecessor-version":[{"id":12928,"href":"https:\/\/www.pfarrei-due-wo.de\/index.php?rest_route=\/wp\/v2\/posts\/12911\/revisions\/12928"}],"wp:featuredmedia":[{"embeddable":true,"href":"https:\/\/www.pfarrei-due-wo.de\/index.php?rest_route=\/wp\/v2\/media\/12913"}],"wp:attachment":[{"href":"https:\/\/www.pfarrei-due-wo.de\/index.php?rest_route=%2Fwp%2Fv2%2Fmedia&parent=12911"}],"wp:term":[{"taxonomy":"category","embeddable":true,"href":"https:\/\/www.pfarrei-due-wo.de\/index.php?rest_route=%2Fwp%2Fv2%2Fcategories&post=12911"},{"taxonomy":"post_tag","embeddable":true,"href":"https:\/\/www.pfarrei-due-wo.de\/index.php?rest_route=%2Fwp%2Fv2%2Ftags&post=12911"}],"curies":[{"name":"wp","href":"https:\/\/api.w.org\/{rel}","templated":true}]}}