{"id":12857,"date":"2025-08-13T08:14:17","date_gmt":"2025-08-13T06:14:17","guid":{"rendered":"https:\/\/www.pfarrei-due-wo.de\/?p=12857"},"modified":"2025-09-08T18:27:02","modified_gmt":"2025-09-08T16:27:02","slug":"abschied-und-neuanfang","status":"publish","type":"post","link":"https:\/\/www.pfarrei-due-wo.de\/?p=12857","title":{"rendered":"Abschied und Neuanfang"},"content":{"rendered":"<p>Seit 20 Jahren l\u00e4dt die Pfarrei jeden ersten Freitag im Monat nach der Fr\u00fchmesse zum Fr\u00fchst\u00fcck in den Albertus-Magnus-Saal ein. Beim Fr\u00fchst\u00fcck im August lag Abschiedsstimmung in der Luft.<\/p>\n<p>Frau Magret Thanner, die 11 Jahre diese Treffen vorbereitet hat, tat dies zum letzten Mal und Applaus brandete auf, als Sie sich verabschiedete.<\/p>\n<p>Kirchenpfleger G\u00fcnter Schie\u00dfl dankte ihr f\u00fcr ihre wertvolle Arbeit. F\u00fcr Magret Thanner war es mehr, als nur Tasse an Tasse und Teller an Teller aufzustellen. Liebevoll gedeckte Tische mit der Jahreszeit entsprechenden Accessoires und Tischkarten mit einem Tagesspruch, das war ihr Anspruch und daf\u00fcr war Sie bekannt!<\/p>\n<p>Zum Abschied und Dank standen an ihrem Tischplatz ein Blumenstrau\u00df und ein Geschenkgutschein.<\/p>\n<p>Ab September \u00fcbernehmen Frau Martha Zeidler und Frau Anneliese Thienel diese Aufgabe. Ihnen galt der Dank, dass Sie diese Tradition nun weiterf\u00fchren. Zusammen mit dem neuen Pfarrer Celestine laden sie am 05.09. zum Fr\u00fchst\u00fcck ein. Jeder und jede ist herzlich willkommen!<\/p>\n<p>&nbsp;<\/p>\n<p>&nbsp;<\/p>\n","protected":false},"excerpt":{"rendered":"<p>Seit 20 Jahren l\u00e4dt die Pfarrei jeden ersten Freitag im Monat nach der Fr\u00fchmesse zum Fr\u00fchst\u00fcck in den Albertus-Magnus-Saal ein. Beim Fr\u00fchst\u00fcck im August lag Abschiedsstimmung in der Luft. Frau &hellip; <\/p>\n","protected":false},"author":7,"featured_media":12858,"comment_status":"closed","ping_status":"closed","sticky":false,"template":"","format":"standard","meta":{"jetpack_post_was_ever_published":false,"_jetpack_newsletter_access":"","_jetpack_dont_email_post_to_subs":false,"_jetpack_newsletter_tier_id":0,"_jetpack_memberships_contains_paywalled_content":false,"_jetpack_memberships_contains_paid_content":false,"footnotes":"","jetpack_publicize_message":"","jetpack_publicize_feature_enabled":true,"jetpack_social_post_already_shared":true,"jetpack_social_options":{"image_generator_settings":{"template":"highway","default_image_id":0,"font":"","enabled":false},"version":2}},"categories":[6],"tags":[],"class_list":["post-12857","post","type-post","status-publish","format-standard","has-post-thumbnail","hentry","category-pfarrei-erleben"],"jetpack_publicize_connections":[],"jetpack_featured_media_url":"https:\/\/i0.wp.com\/www.pfarrei-due-wo.de\/wp-content\/uploads\/2025\/08\/PHOTO-2025-08-08-15-00-41.jpg?fit=1600%2C1200&ssl=1","jetpack_sharing_enabled":true,"jetpack_shortlink":"https:\/\/wp.me\/p8HCtc-3ln","jetpack-related-posts":[{"id":6667,"url":"https:\/\/www.pfarrei-due-wo.de\/?p=6667","url_meta":{"origin":12857,"position":0},"title":"Kirchenmusikalische Ehrungen","author":"Matthias Heimler","date":"13. September 2021","format":false,"excerpt":"Die Kirchenmusik in der Pfarrei lebt von den vielen Menschen, die sich hier engagieren und einbringen. Immer wieder d\u00fcrfen Gottesdienstbesucher erfahren, dass die Musik Gottesdienste zu einem Fest werden l\u00e4sst. Von der Orgelbegleitung bei den Sonntags- und Werktagsgottesdiensten, bei Taufen und Hochzeiten, bis hin zu den musikalischen Beitr\u00e4gen der Kirchench\u00f6re\u2026","rel":"","context":"In &quot;Musik&quot;","block_context":{"text":"Musik","link":"https:\/\/www.pfarrei-due-wo.de\/?cat=11"},"img":{"alt_text":"","src":"https:\/\/i0.wp.com\/www.pfarrei-due-wo.de\/wp-content\/uploads\/2021\/10\/20210912_134403-scaled.jpg?fit=1200%2C900&ssl=1&resize=350%2C200","width":350,"height":200,"srcset":"https:\/\/i0.wp.com\/www.pfarrei-due-wo.de\/wp-content\/uploads\/2021\/10\/20210912_134403-scaled.jpg?fit=1200%2C900&ssl=1&resize=350%2C200 1x, https:\/\/i0.wp.com\/www.pfarrei-due-wo.de\/wp-content\/uploads\/2021\/10\/20210912_134403-scaled.jpg?fit=1200%2C900&ssl=1&resize=525%2C300 1.5x, https:\/\/i0.wp.com\/www.pfarrei-due-wo.de\/wp-content\/uploads\/2021\/10\/20210912_134403-scaled.jpg?fit=1200%2C900&ssl=1&resize=700%2C400 2x, https:\/\/i0.wp.com\/www.pfarrei-due-wo.de\/wp-content\/uploads\/2021\/10\/20210912_134403-scaled.jpg?fit=1200%2C900&ssl=1&resize=1050%2C600 3x"},"classes":[]},{"id":4058,"url":"https:\/\/www.pfarrei-due-wo.de\/?p=4058","url_meta":{"origin":12857,"position":1},"title":"Weihnachtsfeier der Senioren","author":"Matthias Heimler","date":"3. Januar 2020","format":false,"excerpt":"Die H\u00f6glinger Sternsinger \u00fcberraschten am Donnerstagnachmittag, den 2. Januar, die Senioren der Pfarrei, die sich zu ihrer Weihnachtsfeier im Pfarrheim trafen. F\u00fcr ihren Auftritt zogen sie unter Leitung von Frau Schlosser extra ihre sch\u00f6nen Gew\u00e4nder an. Mit einem herzlichen Applaus verabschiedeten die Senioren die jungen M\u00e4dchen und Buben. Anschlie\u00dfend wurden\u2026","rel":"","context":"In &quot;Pfarrei erleben&quot;","block_context":{"text":"Pfarrei erleben","link":"https:\/\/www.pfarrei-due-wo.de\/?cat=6"},"img":{"alt_text":"","src":"https:\/\/i0.wp.com\/www.pfarrei-due-wo.de\/wp-content\/uploads\/2020\/01\/senioren_weihnachten_1.jpg?fit=1200%2C800&ssl=1&resize=350%2C200","width":350,"height":200,"srcset":"https:\/\/i0.wp.com\/www.pfarrei-due-wo.de\/wp-content\/uploads\/2020\/01\/senioren_weihnachten_1.jpg?fit=1200%2C800&ssl=1&resize=350%2C200 1x, https:\/\/i0.wp.com\/www.pfarrei-due-wo.de\/wp-content\/uploads\/2020\/01\/senioren_weihnachten_1.jpg?fit=1200%2C800&ssl=1&resize=525%2C300 1.5x, https:\/\/i0.wp.com\/www.pfarrei-due-wo.de\/wp-content\/uploads\/2020\/01\/senioren_weihnachten_1.jpg?fit=1200%2C800&ssl=1&resize=700%2C400 2x, https:\/\/i0.wp.com\/www.pfarrei-due-wo.de\/wp-content\/uploads\/2020\/01\/senioren_weihnachten_1.jpg?fit=1200%2C800&ssl=1&resize=1050%2C600 3x"},"classes":[]},{"id":11151,"url":"https:\/\/www.pfarrei-due-wo.de\/?p=11151","url_meta":{"origin":12857,"position":2},"title":"Neuaufnahme und Verabschiedung der Ministranten","author":"Daniela Wiesgickl","date":"26. November 2023","format":false,"excerpt":"Am Christk\u00f6nigssonntag wurde w\u00e4hrend des Gottesdienstes in der D\u00fcrnsrichter Pfarrkirche die Aufnahme unserer neuen Ministranten sowie die Verabschiedung derjenigen, die aus dem Ministrantendienst ausscheiden, gefeiert. Musikalisch gestaltet wurde der Gottesdienst von der Band Charisma. Neu aufgenommen wurden: Marlene Thanner, Isabell Heimler, Malena Wagner, Jannik Schleicher, Annika und Leonhard Schwaiger aus\u2026","rel":"","context":"In &quot;Pfarrei erleben&quot;","block_context":{"text":"Pfarrei erleben","link":"https:\/\/www.pfarrei-due-wo.de\/?cat=6"},"img":{"alt_text":"","src":"https:\/\/i0.wp.com\/www.pfarrei-due-wo.de\/wp-content\/uploads\/2023\/11\/IMG_4627-scaled.jpg?fit=1200%2C900&ssl=1&resize=350%2C200","width":350,"height":200,"srcset":"https:\/\/i0.wp.com\/www.pfarrei-due-wo.de\/wp-content\/uploads\/2023\/11\/IMG_4627-scaled.jpg?fit=1200%2C900&ssl=1&resize=350%2C200 1x, https:\/\/i0.wp.com\/www.pfarrei-due-wo.de\/wp-content\/uploads\/2023\/11\/IMG_4627-scaled.jpg?fit=1200%2C900&ssl=1&resize=525%2C300 1.5x, https:\/\/i0.wp.com\/www.pfarrei-due-wo.de\/wp-content\/uploads\/2023\/11\/IMG_4627-scaled.jpg?fit=1200%2C900&ssl=1&resize=700%2C400 2x, https:\/\/i0.wp.com\/www.pfarrei-due-wo.de\/wp-content\/uploads\/2023\/11\/IMG_4627-scaled.jpg?fit=1200%2C900&ssl=1&resize=1050%2C600 3x"},"classes":[]},{"id":8991,"url":"https:\/\/www.pfarrei-due-wo.de\/?p=8991","url_meta":{"origin":12857,"position":3},"title":"Fasching der Senioren","author":"Matthias Heimler","date":"19. Februar 2023","format":false,"excerpt":"Am 16.02., dem \"Unsinnigen Donnerstag\", trafen sich die Senioren der Pfarrei im Jugendheim in Wolfring. Frau Heimler dankte f\u00fcr das Kommen und w\u00fcnschte allen einen unterhaltsamen Nachmittag. Bei Kaffee und Kuchen entwickelte sich rasch eine rege Unterhaltung unter den Besuchern. Rudi Langer gl\u00e4nzte in unnachahmlicher Manier mit seinen Beitr\u00e4gen. Vor\u2026","rel":"","context":"In &quot;Senioren&quot;","block_context":{"text":"Senioren","link":"https:\/\/www.pfarrei-due-wo.de\/?cat=5"},"img":{"alt_text":"","src":"https:\/\/i0.wp.com\/www.pfarrei-due-wo.de\/wp-content\/uploads\/2023\/02\/senioren_fasching_5.jpg?fit=1000%2C667&ssl=1&resize=350%2C200","width":350,"height":200,"srcset":"https:\/\/i0.wp.com\/www.pfarrei-due-wo.de\/wp-content\/uploads\/2023\/02\/senioren_fasching_5.jpg?fit=1000%2C667&ssl=1&resize=350%2C200 1x, https:\/\/i0.wp.com\/www.pfarrei-due-wo.de\/wp-content\/uploads\/2023\/02\/senioren_fasching_5.jpg?fit=1000%2C667&ssl=1&resize=525%2C300 1.5x, https:\/\/i0.wp.com\/www.pfarrei-due-wo.de\/wp-content\/uploads\/2023\/02\/senioren_fasching_5.jpg?fit=1000%2C667&ssl=1&resize=700%2C400 2x"},"classes":[]},{"id":9164,"url":"https:\/\/www.pfarrei-due-wo.de\/?p=9164","url_meta":{"origin":12857,"position":4},"title":"Sch\u00f6n war&#8217;s! &#8211; Stellenwechsel zum 1. September 2023","author":"Matthias Heimler","date":"25. M\u00e4rz 2023","format":false,"excerpt":"Liebe Pfarrgemeinde von St. Albertus Magnus, die Zeit in der Pfarrei D\u00fcrnsricht-Wolfring-H\u00f6gling ist f\u00fcr mich wie im Flug vergangen. Heuer sind es 14 Jahre, seit ich Pfarrer dieser \u00fcberaus aktiven Pfarrgemeinde werden durfte. Die Zusammenarbeit mit so vielen Menschen ist f\u00fcr mich ein gro\u00dfes Geschenk. Viele sind mir so vertraut\u2026","rel":"","context":"In &quot;Pfarrei erleben&quot;","block_context":{"text":"Pfarrei erleben","link":"https:\/\/www.pfarrei-due-wo.de\/?cat=6"},"img":{"alt_text":"","src":"https:\/\/i0.wp.com\/www.pfarrei-due-wo.de\/wp-content\/uploads\/2023\/03\/Abschied1-scaled.jpg?fit=1200%2C675&ssl=1&resize=350%2C200","width":350,"height":200,"srcset":"https:\/\/i0.wp.com\/www.pfarrei-due-wo.de\/wp-content\/uploads\/2023\/03\/Abschied1-scaled.jpg?fit=1200%2C675&ssl=1&resize=350%2C200 1x, https:\/\/i0.wp.com\/www.pfarrei-due-wo.de\/wp-content\/uploads\/2023\/03\/Abschied1-scaled.jpg?fit=1200%2C675&ssl=1&resize=525%2C300 1.5x, https:\/\/i0.wp.com\/www.pfarrei-due-wo.de\/wp-content\/uploads\/2023\/03\/Abschied1-scaled.jpg?fit=1200%2C675&ssl=1&resize=700%2C400 2x, https:\/\/i0.wp.com\/www.pfarrei-due-wo.de\/wp-content\/uploads\/2023\/03\/Abschied1-scaled.jpg?fit=1200%2C675&ssl=1&resize=1050%2C600 3x"},"classes":[]},{"id":11279,"url":"https:\/\/www.pfarrei-due-wo.de\/?p=11279","url_meta":{"origin":12857,"position":5},"title":"Weihnachtsfeier der Senioren","author":"Matthias Heimler","date":"7. Januar 2024","format":false,"excerpt":"Die Senioren der Pfarrei trafen sich am Donnerstag, dem 04. Januar, zu einer weihnachtlichen Feier im Pfarrheim in H\u00f6gling. Im nahezu voll besetzten Saal konnte Marga Heimler die Senioren, Pfarrer Georg Praun und Ruhestandsgeistlichen Hans Sch\u00e4chtl sowie die H\u00f6glinger Sternsinger unter der Leitung von Frau Daniela Wiesgickl begr\u00fc\u00dfen. Die Sternsinger\u2026","rel":"","context":"In &quot;Senioren&quot;","block_context":{"text":"Senioren","link":"https:\/\/www.pfarrei-due-wo.de\/?cat=5"},"img":{"alt_text":"","src":"https:\/\/i0.wp.com\/www.pfarrei-due-wo.de\/wp-content\/uploads\/2024\/01\/senioren_weihnachtsfeier_4-scaled.jpg?fit=1200%2C800&ssl=1&resize=350%2C200","width":350,"height":200,"srcset":"https:\/\/i0.wp.com\/www.pfarrei-due-wo.de\/wp-content\/uploads\/2024\/01\/senioren_weihnachtsfeier_4-scaled.jpg?fit=1200%2C800&ssl=1&resize=350%2C200 1x, https:\/\/i0.wp.com\/www.pfarrei-due-wo.de\/wp-content\/uploads\/2024\/01\/senioren_weihnachtsfeier_4-scaled.jpg?fit=1200%2C800&ssl=1&resize=525%2C300 1.5x, https:\/\/i0.wp.com\/www.pfarrei-due-wo.de\/wp-content\/uploads\/2024\/01\/senioren_weihnachtsfeier_4-scaled.jpg?fit=1200%2C800&ssl=1&resize=700%2C400 2x, https:\/\/i0.wp.com\/www.pfarrei-due-wo.de\/wp-content\/uploads\/2024\/01\/senioren_weihnachtsfeier_4-scaled.jpg?fit=1200%2C800&ssl=1&resize=1050%2C600 3x"},"classes":[]}],"publishpress_future_action":{"enabled":false,"date":"2026-05-09 12:21:10","action":"change-status","newStatus":"draft","terms":[],"taxonomy":"category","extraData":[]},"publishpress_future_workflow_manual_trigger":{"enabledWorkflows":[]},"_links":{"self":[{"href":"https:\/\/www.pfarrei-due-wo.de\/index.php?rest_route=\/wp\/v2\/posts\/12857","targetHints":{"allow":["GET"]}}],"collection":[{"href":"https:\/\/www.pfarrei-due-wo.de\/index.php?rest_route=\/wp\/v2\/posts"}],"about":[{"href":"https:\/\/www.pfarrei-due-wo.de\/index.php?rest_route=\/wp\/v2\/types\/post"}],"author":[{"embeddable":true,"href":"https:\/\/www.pfarrei-due-wo.de\/index.php?rest_route=\/wp\/v2\/users\/7"}],"replies":[{"embeddable":true,"href":"https:\/\/www.pfarrei-due-wo.de\/index.php?rest_route=%2Fwp%2Fv2%2Fcomments&post=12857"}],"version-history":[{"count":4,"href":"https:\/\/www.pfarrei-due-wo.de\/index.php?rest_route=\/wp\/v2\/posts\/12857\/revisions"}],"predecessor-version":[{"id":12873,"href":"https:\/\/www.pfarrei-due-wo.de\/index.php?rest_route=\/wp\/v2\/posts\/12857\/revisions\/12873"}],"wp:featuredmedia":[{"embeddable":true,"href":"https:\/\/www.pfarrei-due-wo.de\/index.php?rest_route=\/wp\/v2\/media\/12858"}],"wp:attachment":[{"href":"https:\/\/www.pfarrei-due-wo.de\/index.php?rest_route=%2Fwp%2Fv2%2Fmedia&parent=12857"}],"wp:term":[{"taxonomy":"category","embeddable":true,"href":"https:\/\/www.pfarrei-due-wo.de\/index.php?rest_route=%2Fwp%2Fv2%2Fcategories&post=12857"},{"taxonomy":"post_tag","embeddable":true,"href":"https:\/\/www.pfarrei-due-wo.de\/index.php?rest_route=%2Fwp%2Fv2%2Ftags&post=12857"}],"curies":[{"name":"wp","href":"https:\/\/api.w.org\/{rel}","templated":true}]}}