{"id":12711,"date":"2025-06-09T16:23:16","date_gmt":"2025-06-09T14:23:16","guid":{"rendered":"https:\/\/www.pfarrei-due-wo.de\/?p=12711"},"modified":"2025-07-06T23:09:33","modified_gmt":"2025-07-06T21:09:33","slug":"ich-bin-ein-ton-in-der-melodie-gottes-erstkommunion-2025","status":"publish","type":"post","link":"https:\/\/www.pfarrei-due-wo.de\/?p=12711","title":{"rendered":"Ich bin ein Ton in der Melodie Gottes &#8211; Erstkommunion 2025"},"content":{"rendered":"<p>Am 25. Mai 2025 fand in unserer Pfarrgemeinde in der Pfarrkirche St. Albertus-Magnus die feierliche Erstkommunion statt. Insgesamt 26 Kinder durften an diesem besonderen Tag zum ersten Mal die heilige Kommunion empfangen. Die Feier stand unter dem Motto \u201eIch bin ein Ton in der Melodie Gottes\u201c \u2013 ein Sinnbild daf\u00fcr, dass jeder Mensch ein wertvoller Teil im gro\u00dfen Ganzen ist.<\/p>\n<p>Seit Januar bereiteten sich die Kinder intensiv in w\u00f6chentlichen Weggottesdiensten auf diesen Tag vor. Dabei setzten sie sich mit Themen des Glaubens auseinander und wuchsen gemeinsam als Gruppe zusammen.<\/p>\n<p>Der feierliche Gottesdienst wurde musikalisch vom Chor Charisma begleitet, der mit seinen Liedern eine stimmungsvolle und feierliche Atmosph\u00e4re schuf. Ein herzliches Dankesch\u00f6n an den Chor f\u00fcr die engagierte musikalische Gestaltung!<\/p>\n<p>Den Abschluss des Tages bildete am Abend eine Dankandacht, in der die Kinder ihre Gotteslobe und Rosenkr\u00e4nze segnen lie\u00dfen \u2013 ein sch\u00f6ner Ausklang eines unvergesslichen Tages.<\/p>\n<div data-carousel-extra='{&quot;blog_id&quot;:1,&quot;permalink&quot;:&quot;https:\/\/www.pfarrei-due-wo.de\/?p=12711&quot;}' id='gallery-1' class='gallery galleryid-12711 gallery-columns-3 gallery-size-thumbnail'><figure class='gallery-item'>\n\t\t\t<div class='gallery-icon landscape'>\n\t\t\t\t<a href='https:\/\/www.pfarrei-due-wo.de\/?attachment_id=12712'><img loading=\"lazy\" decoding=\"async\" width=\"150\" height=\"150\" src=\"https:\/\/i0.wp.com\/www.pfarrei-due-wo.de\/wp-content\/uploads\/2025\/06\/DJ1A8063-scaled.jpg?resize=150%2C150&amp;ssl=1\" class=\"attachment-thumbnail size-thumbnail\" alt=\"\" srcset=\"https:\/\/i0.wp.com\/www.pfarrei-due-wo.de\/wp-content\/uploads\/2025\/06\/DJ1A8063-scaled.jpg?resize=150%2C150&amp;ssl=1 150w, https:\/\/i0.wp.com\/www.pfarrei-due-wo.de\/wp-content\/uploads\/2025\/06\/DJ1A8063-scaled.jpg?zoom=2&amp;resize=150%2C150&amp;ssl=1 300w, https:\/\/i0.wp.com\/www.pfarrei-due-wo.de\/wp-content\/uploads\/2025\/06\/DJ1A8063-scaled.jpg?zoom=3&amp;resize=150%2C150&amp;ssl=1 450w\" sizes=\"auto, (max-width: 150px) 100vw, 150px\" data-attachment-id=\"12712\" data-permalink=\"https:\/\/www.pfarrei-due-wo.de\/?attachment_id=12712\" data-orig-file=\"https:\/\/i0.wp.com\/www.pfarrei-due-wo.de\/wp-content\/uploads\/2025\/06\/DJ1A8063-scaled.jpg?fit=2560%2C1707&amp;ssl=1\" data-orig-size=\"2560,1707\" data-comments-opened=\"0\" data-image-meta=\"{&quot;aperture&quot;:&quot;4.5&quot;,&quot;credit&quot;:&quot;&quot;,&quot;camera&quot;:&quot;Canon EOS 5D Mark III&quot;,&quot;caption&quot;:&quot;&quot;,&quot;created_timestamp&quot;:&quot;1748159069&quot;,&quot;copyright&quot;:&quot;&quot;,&quot;focal_length&quot;:&quot;24&quot;,&quot;iso&quot;:&quot;250&quot;,&quot;shutter_speed&quot;:&quot;0.003125&quot;,&quot;title&quot;:&quot;&quot;,&quot;orientation&quot;:&quot;0&quot;}\" data-image-title=\"DJ1A8063\" data-image-description=\"\" data-image-caption=\"\" data-large-file=\"https:\/\/i0.wp.com\/www.pfarrei-due-wo.de\/wp-content\/uploads\/2025\/06\/DJ1A8063-scaled.jpg?fit=750%2C500&amp;ssl=1\" \/><\/a>\n\t\t\t<\/div><\/figure><figure class='gallery-item'>\n\t\t\t<div class='gallery-icon portrait'>\n\t\t\t\t<a href='https:\/\/www.pfarrei-due-wo.de\/?attachment_id=12713'><img loading=\"lazy\" decoding=\"async\" width=\"150\" height=\"150\" src=\"https:\/\/i0.wp.com\/www.pfarrei-due-wo.de\/wp-content\/uploads\/2025\/06\/DJ1A8206-scaled.jpg?resize=150%2C150&amp;ssl=1\" class=\"attachment-thumbnail size-thumbnail\" alt=\"\" srcset=\"https:\/\/i0.wp.com\/www.pfarrei-due-wo.de\/wp-content\/uploads\/2025\/06\/DJ1A8206-scaled.jpg?resize=150%2C150&amp;ssl=1 150w, https:\/\/i0.wp.com\/www.pfarrei-due-wo.de\/wp-content\/uploads\/2025\/06\/DJ1A8206-scaled.jpg?zoom=2&amp;resize=150%2C150&amp;ssl=1 300w, https:\/\/i0.wp.com\/www.pfarrei-due-wo.de\/wp-content\/uploads\/2025\/06\/DJ1A8206-scaled.jpg?zoom=3&amp;resize=150%2C150&amp;ssl=1 450w\" sizes=\"auto, (max-width: 150px) 100vw, 150px\" data-attachment-id=\"12713\" data-permalink=\"https:\/\/www.pfarrei-due-wo.de\/?attachment_id=12713\" data-orig-file=\"https:\/\/i0.wp.com\/www.pfarrei-due-wo.de\/wp-content\/uploads\/2025\/06\/DJ1A8206-scaled.jpg?fit=1706%2C2560&amp;ssl=1\" data-orig-size=\"1706,2560\" data-comments-opened=\"0\" data-image-meta=\"{&quot;aperture&quot;:&quot;4&quot;,&quot;credit&quot;:&quot;&quot;,&quot;camera&quot;:&quot;Canon EOS 5D Mark III&quot;,&quot;caption&quot;:&quot;&quot;,&quot;created_timestamp&quot;:&quot;1748160306&quot;,&quot;copyright&quot;:&quot;&quot;,&quot;focal_length&quot;:&quot;87&quot;,&quot;iso&quot;:&quot;2000&quot;,&quot;shutter_speed&quot;:&quot;0.00625&quot;,&quot;title&quot;:&quot;&quot;,&quot;orientation&quot;:&quot;0&quot;}\" data-image-title=\"DJ1A8206\" data-image-description=\"\" data-image-caption=\"\" data-large-file=\"https:\/\/i0.wp.com\/www.pfarrei-due-wo.de\/wp-content\/uploads\/2025\/06\/DJ1A8206-scaled.jpg?fit=683%2C1024&amp;ssl=1\" \/><\/a>\n\t\t\t<\/div><\/figure><figure class='gallery-item'>\n\t\t\t<div class='gallery-icon landscape'>\n\t\t\t\t<a href='https:\/\/www.pfarrei-due-wo.de\/?attachment_id=12714'><img loading=\"lazy\" decoding=\"async\" width=\"150\" height=\"150\" src=\"https:\/\/i0.wp.com\/www.pfarrei-due-wo.de\/wp-content\/uploads\/2025\/06\/9D6A8723-scaled.jpg?resize=150%2C150&amp;ssl=1\" class=\"attachment-thumbnail size-thumbnail\" alt=\"\" srcset=\"https:\/\/i0.wp.com\/www.pfarrei-due-wo.de\/wp-content\/uploads\/2025\/06\/9D6A8723-scaled.jpg?resize=150%2C150&amp;ssl=1 150w, https:\/\/i0.wp.com\/www.pfarrei-due-wo.de\/wp-content\/uploads\/2025\/06\/9D6A8723-scaled.jpg?zoom=2&amp;resize=150%2C150&amp;ssl=1 300w, https:\/\/i0.wp.com\/www.pfarrei-due-wo.de\/wp-content\/uploads\/2025\/06\/9D6A8723-scaled.jpg?zoom=3&amp;resize=150%2C150&amp;ssl=1 450w\" sizes=\"auto, (max-width: 150px) 100vw, 150px\" data-attachment-id=\"12714\" data-permalink=\"https:\/\/www.pfarrei-due-wo.de\/?attachment_id=12714\" data-orig-file=\"https:\/\/i0.wp.com\/www.pfarrei-due-wo.de\/wp-content\/uploads\/2025\/06\/9D6A8723-scaled.jpg?fit=2560%2C1707&amp;ssl=1\" data-orig-size=\"2560,1707\" data-comments-opened=\"0\" data-image-meta=\"{&quot;aperture&quot;:&quot;4&quot;,&quot;credit&quot;:&quot;&quot;,&quot;camera&quot;:&quot;Canon EOS 5D Mark IV&quot;,&quot;caption&quot;:&quot;&quot;,&quot;created_timestamp&quot;:&quot;1748166408&quot;,&quot;copyright&quot;:&quot;&quot;,&quot;focal_length&quot;:&quot;70&quot;,&quot;iso&quot;:&quot;2000&quot;,&quot;shutter_speed&quot;:&quot;0.005&quot;,&quot;title&quot;:&quot;&quot;,&quot;orientation&quot;:&quot;0&quot;}\" data-image-title=\"9D6A8723\" data-image-description=\"\" data-image-caption=\"\" data-large-file=\"https:\/\/i0.wp.com\/www.pfarrei-due-wo.de\/wp-content\/uploads\/2025\/06\/9D6A8723-scaled.jpg?fit=750%2C500&amp;ssl=1\" \/><\/a>\n\t\t\t<\/div><\/figure><figure class='gallery-item'>\n\t\t\t<div class='gallery-icon landscape'>\n\t\t\t\t<a href='https:\/\/www.pfarrei-due-wo.de\/?attachment_id=12715'><img loading=\"lazy\" decoding=\"async\" width=\"150\" height=\"150\" src=\"https:\/\/i0.wp.com\/www.pfarrei-due-wo.de\/wp-content\/uploads\/2025\/06\/9D6A8658-scaled.jpg?resize=150%2C150&amp;ssl=1\" class=\"attachment-thumbnail size-thumbnail\" alt=\"\" srcset=\"https:\/\/i0.wp.com\/www.pfarrei-due-wo.de\/wp-content\/uploads\/2025\/06\/9D6A8658-scaled.jpg?resize=150%2C150&amp;ssl=1 150w, https:\/\/i0.wp.com\/www.pfarrei-due-wo.de\/wp-content\/uploads\/2025\/06\/9D6A8658-scaled.jpg?zoom=2&amp;resize=150%2C150&amp;ssl=1 300w, https:\/\/i0.wp.com\/www.pfarrei-due-wo.de\/wp-content\/uploads\/2025\/06\/9D6A8658-scaled.jpg?zoom=3&amp;resize=150%2C150&amp;ssl=1 450w\" sizes=\"auto, (max-width: 150px) 100vw, 150px\" data-attachment-id=\"12715\" data-permalink=\"https:\/\/www.pfarrei-due-wo.de\/?attachment_id=12715\" data-orig-file=\"https:\/\/i0.wp.com\/www.pfarrei-due-wo.de\/wp-content\/uploads\/2025\/06\/9D6A8658-scaled.jpg?fit=2560%2C1707&amp;ssl=1\" data-orig-size=\"2560,1707\" data-comments-opened=\"0\" data-image-meta=\"{&quot;aperture&quot;:&quot;2.8&quot;,&quot;credit&quot;:&quot;&quot;,&quot;camera&quot;:&quot;Canon EOS 5D Mark IV&quot;,&quot;caption&quot;:&quot;&quot;,&quot;created_timestamp&quot;:&quot;1748165071&quot;,&quot;copyright&quot;:&quot;&quot;,&quot;focal_length&quot;:&quot;75&quot;,&quot;iso&quot;:&quot;2000&quot;,&quot;shutter_speed&quot;:&quot;0.005&quot;,&quot;title&quot;:&quot;&quot;,&quot;orientation&quot;:&quot;0&quot;}\" data-image-title=\"9D6A8658\" data-image-description=\"\" data-image-caption=\"\" data-large-file=\"https:\/\/i0.wp.com\/www.pfarrei-due-wo.de\/wp-content\/uploads\/2025\/06\/9D6A8658-scaled.jpg?fit=750%2C500&amp;ssl=1\" \/><\/a>\n\t\t\t<\/div><\/figure>\n\t\t<\/div>\n\n<p>Text: Florian Gie\u00df<\/p>\n","protected":false},"excerpt":{"rendered":"<p>Am 25. Mai 2025 fand in unserer Pfarrgemeinde in der Pfarrkirche St. Albertus-Magnus die feierliche Erstkommunion statt. Insgesamt 26 Kinder durften an diesem besonderen Tag zum ersten Mal die heilige &hellip; <\/p>\n","protected":false},"author":7,"featured_media":12712,"comment_status":"closed","ping_status":"closed","sticky":false,"template":"","format":"standard","meta":{"jetpack_post_was_ever_published":false,"_jetpack_newsletter_access":"","_jetpack_dont_email_post_to_subs":false,"_jetpack_newsletter_tier_id":0,"_jetpack_memberships_contains_paywalled_content":false,"_jetpack_memberships_contains_paid_content":false,"footnotes":"","jetpack_publicize_message":"","jetpack_publicize_feature_enabled":true,"jetpack_social_post_already_shared":true,"jetpack_social_options":{"image_generator_settings":{"template":"highway","default_image_id":0,"font":"","enabled":false},"version":2}},"categories":[10,2,6],"tags":[],"class_list":["post-12711","post","type-post","status-publish","format-standard","has-post-thumbnail","hentry","category-erstkommunion","category-gottesdienste","category-pfarrei-erleben"],"jetpack_publicize_connections":[],"jetpack_featured_media_url":"https:\/\/i0.wp.com\/www.pfarrei-due-wo.de\/wp-content\/uploads\/2025\/06\/DJ1A8063-scaled.jpg?fit=2560%2C1707&ssl=1","jetpack_sharing_enabled":true,"jetpack_shortlink":"https:\/\/wp.me\/p8HCtc-3j1","jetpack-related-posts":[{"id":12411,"url":"https:\/\/www.pfarrei-due-wo.de\/?p=12411","url_meta":{"origin":12711,"position":0},"title":"Vorstellung Erstkommunionkinder","author":"Florian Schiessl","date":"9. Februar 2025","format":false,"excerpt":"Am Sonntag, dem 2. Februar 2025, fand in unserer Pfarrei ein ganz besonderer Gottesdienst statt, der der Vorstellung der Kommunionkinder gewidmet war. W\u00e4hrend des Gottesdienstes wurden die Kerzen, die die Kommunionkinder im Vorfeld selbst gestaltet hatten, gesegnet. Mit viel Kreativit\u00e4t und Begeisterung haben die Kinder ihre Kerzen verziert, um ihre\u2026","rel":"","context":"In &quot;Erstkommunion&quot;","block_context":{"text":"Erstkommunion","link":"https:\/\/www.pfarrei-due-wo.de\/?cat=10"},"img":{"alt_text":"","src":"https:\/\/i0.wp.com\/www.pfarrei-due-wo.de\/wp-content\/uploads\/2025\/02\/IMG_1178.jpeg?fit=1200%2C1200&ssl=1&resize=350%2C200","width":350,"height":200,"srcset":"https:\/\/i0.wp.com\/www.pfarrei-due-wo.de\/wp-content\/uploads\/2025\/02\/IMG_1178.jpeg?fit=1200%2C1200&ssl=1&resize=350%2C200 1x, https:\/\/i0.wp.com\/www.pfarrei-due-wo.de\/wp-content\/uploads\/2025\/02\/IMG_1178.jpeg?fit=1200%2C1200&ssl=1&resize=525%2C300 1.5x, https:\/\/i0.wp.com\/www.pfarrei-due-wo.de\/wp-content\/uploads\/2025\/02\/IMG_1178.jpeg?fit=1200%2C1200&ssl=1&resize=700%2C400 2x, https:\/\/i0.wp.com\/www.pfarrei-due-wo.de\/wp-content\/uploads\/2025\/02\/IMG_1178.jpeg?fit=1200%2C1200&ssl=1&resize=1050%2C600 3x"},"classes":[]},{"id":6221,"url":"https:\/\/www.pfarrei-due-wo.de\/?p=6221","url_meta":{"origin":12711,"position":1},"title":"Erstbeichte mit den Kommunionkindern gefeiert","author":"Matthias Heimler","date":"26. Juni 2021","format":false,"excerpt":"Zur wohl intensivsten Vorbereitung auf die Erstkommunion geh\u00f6rt das Sakrament der Beichte bzw. der Vers\u00f6hnung. Die Erstkommunionkinder haben sich seit einigen Wochen im Religionsunterricht intensiv dar\u00fcber unterhalten, was die Beichte bedeutet und wie Jesus seinen J\u00fcngern aufgetragen hat, die Vergebung des Vaters immer wieder weiterzuschenken. Mit ihren Eltern zusammen haben\u2026","rel":"","context":"In &quot;Erstkommunion&quot;","block_context":{"text":"Erstkommunion","link":"https:\/\/www.pfarrei-due-wo.de\/?cat=10"},"img":{"alt_text":"","src":"https:\/\/i0.wp.com\/www.pfarrei-due-wo.de\/wp-content\/uploads\/2021\/06\/P6250015-scaled.jpg?fit=1200%2C900&ssl=1&resize=350%2C200","width":350,"height":200,"srcset":"https:\/\/i0.wp.com\/www.pfarrei-due-wo.de\/wp-content\/uploads\/2021\/06\/P6250015-scaled.jpg?fit=1200%2C900&ssl=1&resize=350%2C200 1x, https:\/\/i0.wp.com\/www.pfarrei-due-wo.de\/wp-content\/uploads\/2021\/06\/P6250015-scaled.jpg?fit=1200%2C900&ssl=1&resize=525%2C300 1.5x, https:\/\/i0.wp.com\/www.pfarrei-due-wo.de\/wp-content\/uploads\/2021\/06\/P6250015-scaled.jpg?fit=1200%2C900&ssl=1&resize=700%2C400 2x, https:\/\/i0.wp.com\/www.pfarrei-due-wo.de\/wp-content\/uploads\/2021\/06\/P6250015-scaled.jpg?fit=1200%2C900&ssl=1&resize=1050%2C600 3x"},"classes":[]},{"id":9515,"url":"https:\/\/www.pfarrei-due-wo.de\/?p=9515","url_meta":{"origin":12711,"position":2},"title":"Offene Augen, weites Herz &#8211; 14 Kinder feiern Erstkommunion","author":"Matthias Heimler","date":"23. April 2023","format":false,"excerpt":"Trotz des regnerischen Wetters hatten die Erstkommunionkinder gro\u00dfe Freude: Der Tag der Erstkommunion, auf den sie sich lange vorbereiteten, war endlich gekommen. In Weggottesdiensten, Tischgruppenstunden und Gottesdiensten konnten sich die Kinder der dritten Jahrgangsstufe im Lauf eines halben Jahres n\u00e4her mit der Person Jesus besch\u00e4ftigen, ihn noch n\u00e4her kennenlernen und\u2026","rel":"","context":"In &quot;Erstkommunion&quot;","block_context":{"text":"Erstkommunion","link":"https:\/\/www.pfarrei-due-wo.de\/?cat=10"},"img":{"alt_text":"","src":"https:\/\/i0.wp.com\/www.pfarrei-due-wo.de\/wp-content\/uploads\/2023\/04\/DJ1A9905-scaled.jpg?fit=1200%2C800&ssl=1&resize=350%2C200","width":350,"height":200,"srcset":"https:\/\/i0.wp.com\/www.pfarrei-due-wo.de\/wp-content\/uploads\/2023\/04\/DJ1A9905-scaled.jpg?fit=1200%2C800&ssl=1&resize=350%2C200 1x, https:\/\/i0.wp.com\/www.pfarrei-due-wo.de\/wp-content\/uploads\/2023\/04\/DJ1A9905-scaled.jpg?fit=1200%2C800&ssl=1&resize=525%2C300 1.5x, https:\/\/i0.wp.com\/www.pfarrei-due-wo.de\/wp-content\/uploads\/2023\/04\/DJ1A9905-scaled.jpg?fit=1200%2C800&ssl=1&resize=700%2C400 2x, https:\/\/i0.wp.com\/www.pfarrei-due-wo.de\/wp-content\/uploads\/2023\/04\/DJ1A9905-scaled.jpg?fit=1200%2C800&ssl=1&resize=1050%2C600 3x"},"classes":[]},{"id":13873,"url":"https:\/\/www.pfarrei-due-wo.de\/?p=13873","url_meta":{"origin":12711,"position":3},"title":"Ihr seid meine Freunde &#8211; Erstkommunion 2026","author":"Florian Schiessl","date":"29. April 2026","format":false,"excerpt":"Am Sonntag, den 26. April 2026, feierten 18 Kinder in unserer Pfarrgemeinde ihre Erstkommunion \u2013 ein besonderer Tag, der allen Beteiligten noch lange in Erinnerung bleiben wird. Bei strahlendem Sonnenschein versammelten sich Familien, Freunde und Gemeindemitglieder, um dieses bedeutende Ereignis gemeinsam zu begehen. Unter dem Motto \u201eIhr seid meine Freunde\u201c\u2026","rel":"","context":"In &quot;Erstkommunion&quot;","block_context":{"text":"Erstkommunion","link":"https:\/\/www.pfarrei-due-wo.de\/?cat=10"},"img":{"alt_text":"","src":"https:\/\/i0.wp.com\/www.pfarrei-due-wo.de\/wp-content\/uploads\/2026\/04\/DSC_2039-Kopie-2-Kopie-scaled.jpg?fit=1200%2C798&ssl=1&resize=350%2C200","width":350,"height":200,"srcset":"https:\/\/i0.wp.com\/www.pfarrei-due-wo.de\/wp-content\/uploads\/2026\/04\/DSC_2039-Kopie-2-Kopie-scaled.jpg?fit=1200%2C798&ssl=1&resize=350%2C200 1x, https:\/\/i0.wp.com\/www.pfarrei-due-wo.de\/wp-content\/uploads\/2026\/04\/DSC_2039-Kopie-2-Kopie-scaled.jpg?fit=1200%2C798&ssl=1&resize=525%2C300 1.5x, https:\/\/i0.wp.com\/www.pfarrei-due-wo.de\/wp-content\/uploads\/2026\/04\/DSC_2039-Kopie-2-Kopie-scaled.jpg?fit=1200%2C798&ssl=1&resize=700%2C400 2x, https:\/\/i0.wp.com\/www.pfarrei-due-wo.de\/wp-content\/uploads\/2026\/04\/DSC_2039-Kopie-2-Kopie-scaled.jpg?fit=1200%2C798&ssl=1&resize=1050%2C600 3x"},"classes":[]},{"id":4119,"url":"https:\/\/www.pfarrei-due-wo.de\/?p=4119","url_meta":{"origin":12711,"position":4},"title":"28 Erstkommunionkinder stellen sich vor","author":"Matthias Heimler","date":"19. Januar 2020","format":false,"excerpt":"Beim Sonntagsgottesdienst in der Pfarrkirche stellten sich 28 Kinder der dritten Klassen ihrer Pfarrgemeinde vor. Sie bereiten sich seit Herbst auf den Empfang der Sakramente der Bu\u00dfe und der Eucharistie vor. Jetzt wurde es Zeit, die Pfarrgemeinde um ihr Gebet und ihre Begleitung zu bitten. \"Kommunion\" bedeute Gemeinschaft, Gemeinschaft mit\u2026","rel":"","context":"In &quot;Erstkommunion&quot;","block_context":{"text":"Erstkommunion","link":"https:\/\/www.pfarrei-due-wo.de\/?cat=10"},"img":{"alt_text":"","src":"https:\/\/i0.wp.com\/www.pfarrei-due-wo.de\/wp-content\/uploads\/2020\/01\/20200119_105406-scaled.jpg?fit=1200%2C900&ssl=1&resize=350%2C200","width":350,"height":200,"srcset":"https:\/\/i0.wp.com\/www.pfarrei-due-wo.de\/wp-content\/uploads\/2020\/01\/20200119_105406-scaled.jpg?fit=1200%2C900&ssl=1&resize=350%2C200 1x, https:\/\/i0.wp.com\/www.pfarrei-due-wo.de\/wp-content\/uploads\/2020\/01\/20200119_105406-scaled.jpg?fit=1200%2C900&ssl=1&resize=525%2C300 1.5x, https:\/\/i0.wp.com\/www.pfarrei-due-wo.de\/wp-content\/uploads\/2020\/01\/20200119_105406-scaled.jpg?fit=1200%2C900&ssl=1&resize=700%2C400 2x, https:\/\/i0.wp.com\/www.pfarrei-due-wo.de\/wp-content\/uploads\/2020\/01\/20200119_105406-scaled.jpg?fit=1200%2C900&ssl=1&resize=1050%2C600 3x"},"classes":[]},{"id":6522,"url":"https:\/\/www.pfarrei-due-wo.de\/?p=6522","url_meta":{"origin":12711,"position":5},"title":"Vertrau mir, ich bin da! &#8211; Erstkommunion in der Pfarrei gefeiert","author":"Matthias Heimler","date":"2. August 2021","format":false,"excerpt":"Am ersten Sonntag in den Sommerferien feierten 22 Kinder in der Pfarrei D\u00fcrnsricht-Wolfring-H\u00f6gling ihre erste Heilige Kommunion. Die Begegnung mit Jesus pr\u00e4gt unser Leben und Feiern als Christen und schenkt Vertrauen ins Leben. Der festliche Gottesdienst stand unter dem Leitwort \"Vertrau mir, ich bin da!\". Die musikalische Gestaltung \u00fcbernahm die\u2026","rel":"","context":"In &quot;Erstkommunion&quot;","block_context":{"text":"Erstkommunion","link":"https:\/\/www.pfarrei-due-wo.de\/?cat=10"},"img":{"alt_text":"","src":"https:\/\/i0.wp.com\/www.pfarrei-due-wo.de\/wp-content\/uploads\/2021\/09\/DJ1A7686-scaled.jpg?fit=1200%2C800&ssl=1&resize=350%2C200","width":350,"height":200,"srcset":"https:\/\/i0.wp.com\/www.pfarrei-due-wo.de\/wp-content\/uploads\/2021\/09\/DJ1A7686-scaled.jpg?fit=1200%2C800&ssl=1&resize=350%2C200 1x, https:\/\/i0.wp.com\/www.pfarrei-due-wo.de\/wp-content\/uploads\/2021\/09\/DJ1A7686-scaled.jpg?fit=1200%2C800&ssl=1&resize=525%2C300 1.5x, https:\/\/i0.wp.com\/www.pfarrei-due-wo.de\/wp-content\/uploads\/2021\/09\/DJ1A7686-scaled.jpg?fit=1200%2C800&ssl=1&resize=700%2C400 2x, https:\/\/i0.wp.com\/www.pfarrei-due-wo.de\/wp-content\/uploads\/2021\/09\/DJ1A7686-scaled.jpg?fit=1200%2C800&ssl=1&resize=1050%2C600 3x"},"classes":[]}],"publishpress_future_action":{"enabled":false,"date":"2026-05-09 10:10:09","action":"change-status","newStatus":"draft","terms":[],"taxonomy":"category","extraData":[]},"publishpress_future_workflow_manual_trigger":{"enabledWorkflows":[]},"_links":{"self":[{"href":"https:\/\/www.pfarrei-due-wo.de\/index.php?rest_route=\/wp\/v2\/posts\/12711","targetHints":{"allow":["GET"]}}],"collection":[{"href":"https:\/\/www.pfarrei-due-wo.de\/index.php?rest_route=\/wp\/v2\/posts"}],"about":[{"href":"https:\/\/www.pfarrei-due-wo.de\/index.php?rest_route=\/wp\/v2\/types\/post"}],"author":[{"embeddable":true,"href":"https:\/\/www.pfarrei-due-wo.de\/index.php?rest_route=\/wp\/v2\/users\/7"}],"replies":[{"embeddable":true,"href":"https:\/\/www.pfarrei-due-wo.de\/index.php?rest_route=%2Fwp%2Fv2%2Fcomments&post=12711"}],"version-history":[{"count":2,"href":"https:\/\/www.pfarrei-due-wo.de\/index.php?rest_route=\/wp\/v2\/posts\/12711\/revisions"}],"predecessor-version":[{"id":12717,"href":"https:\/\/www.pfarrei-due-wo.de\/index.php?rest_route=\/wp\/v2\/posts\/12711\/revisions\/12717"}],"wp:featuredmedia":[{"embeddable":true,"href":"https:\/\/www.pfarrei-due-wo.de\/index.php?rest_route=\/wp\/v2\/media\/12712"}],"wp:attachment":[{"href":"https:\/\/www.pfarrei-due-wo.de\/index.php?rest_route=%2Fwp%2Fv2%2Fmedia&parent=12711"}],"wp:term":[{"taxonomy":"category","embeddable":true,"href":"https:\/\/www.pfarrei-due-wo.de\/index.php?rest_route=%2Fwp%2Fv2%2Fcategories&post=12711"},{"taxonomy":"post_tag","embeddable":true,"href":"https:\/\/www.pfarrei-due-wo.de\/index.php?rest_route=%2Fwp%2Fv2%2Ftags&post=12711"}],"curies":[{"name":"wp","href":"https:\/\/api.w.org\/{rel}","templated":true}]}}