{"id":12273,"date":"2025-01-05T10:14:52","date_gmt":"2025-01-05T09:14:52","guid":{"rendered":"https:\/\/www.pfarrei-due-wo.de\/?p=12273"},"modified":"2025-01-21T10:13:35","modified_gmt":"2025-01-21T09:13:35","slug":"hoher-besuch-in-duernsricht","status":"publish","type":"post","link":"https:\/\/www.pfarrei-due-wo.de\/?p=12273","title":{"rendered":"Hoher Besuch in D\u00fcrnsricht"},"content":{"rendered":"<p>Besuche wie dieser, sind im Pfarrdorf D\u00fcrnsricht eher die Seltenheit. Am Kirchenportal der Pfarrkirche St.Albertus-Magnus empfingen Pfarrer Georg Praun und Kirchenpfleger G\u00fcnter Schie\u00dfl den hohen Gast aus Regensburg \u00a0Bischof Dr. Rudolf Voderholzer. Dieser kam zu einem Krippenbesuch in die Pfarrei.<\/p>\n<p>Im Kirchenraum wurde der Bischof von den Gl\u00e4ubigen mit dem Weihnachtslied Herbei o ihr Gl\u00e4ubigen unterst\u00fctzt mit einer Abordnung der Jugendblaskapelle Fensterbach begr\u00fc\u00dft.<\/p>\n<p>Die 1963 erbaute Pfarrkirche wurde erkl\u00e4rt und der Erbauer Pfarrer Alois Schindler hat sie seinerzeit als Scheune Gottes bezeichnet.<\/p>\n<p>Nun ging es weiter zur Weihnachtskrippe , dort wurde er von den Krippenbauern Gerald und Stefan Messer, Reinhard und Herbert Schie\u00dflbauer und Heide Luber bereits erwartet.<\/p>\n<p>Sie erkl\u00e4rten die Krippe die mit viel Liebe und Leidenschaft aufgestellt wird. Jeden Adventssonntag wird eine neue Szene dargestellt von Maria Verk\u00fcndigung \u00fcber die Herberssuche, Hirtenfeld, Geburt des Herr, und die Heiligen Drei K\u00f6nige.<\/p>\n<p>Freudig erkl\u00e4rte Kirchenpfleger G\u00fcnter Schie\u00dfl, dass alle Figuren gespendet worden sind.<\/p>\n<p>&nbsp;<\/p>\n<p>Begeistert dankte Bischof Rudolf \u00a0den Krippenbauern f\u00fcr ihre Wertvolle Arbeit und \u00fcbergab ein Buch mit Weihnachtskrippen im Bistum Regensburg.<\/p>\n<p>&nbsp;<\/p>\n<p>Mit dem Lied Ich steh an deine Krippe hier und dem Segen endete der Kirchenbesuch und man begab sich in den Albertus-Magnus Saal wo der Ortsausschuss schon Kaffee und Kuchen vorbereitet hatte. Hier konnten die Besucher mit dem Bischof ins Gespr\u00e4ch kommen. Da er keinen Anschlusstermin mehr hatte blieb er l\u00e4nger als vorgesehen.<\/p>\n<p>&nbsp;<\/p>\n<p>Auf Wunsch des Bischofs wurde am Ende \u00a0noch Oh, du fr\u00f6hliche gesungen und beim rausgehen lud der die Krippenbauer nach Regensburg ein, um seine privaten Weihnachtskrippen zu besichtigen. Eine sch\u00f6ne Geste und ein gelungener Nachmittag!<\/p>\n<p>&nbsp;<\/p>\n<div data-carousel-extra='{&quot;blog_id&quot;:1,&quot;permalink&quot;:&quot;https:\/\/www.pfarrei-due-wo.de\/?p=12273&quot;}' id='gallery-1' class='gallery galleryid-12273 gallery-columns-3 gallery-size-thumbnail'><figure class='gallery-item'>\n\t\t\t<div class='gallery-icon landscape'>\n\t\t\t\t<a href='https:\/\/www.pfarrei-due-wo.de\/?attachment_id=12275'><img loading=\"lazy\" decoding=\"async\" width=\"150\" height=\"150\" src=\"https:\/\/i0.wp.com\/www.pfarrei-due-wo.de\/wp-content\/uploads\/2025\/01\/20250103_142006-scaled.jpg?resize=150%2C150&amp;ssl=1\" class=\"attachment-thumbnail size-thumbnail\" alt=\"\" srcset=\"https:\/\/i0.wp.com\/www.pfarrei-due-wo.de\/wp-content\/uploads\/2025\/01\/20250103_142006-scaled.jpg?resize=150%2C150&amp;ssl=1 150w, https:\/\/i0.wp.com\/www.pfarrei-due-wo.de\/wp-content\/uploads\/2025\/01\/20250103_142006-scaled.jpg?zoom=2&amp;resize=150%2C150&amp;ssl=1 300w, https:\/\/i0.wp.com\/www.pfarrei-due-wo.de\/wp-content\/uploads\/2025\/01\/20250103_142006-scaled.jpg?zoom=3&amp;resize=150%2C150&amp;ssl=1 450w\" sizes=\"auto, (max-width: 150px) 100vw, 150px\" data-attachment-id=\"12275\" data-permalink=\"https:\/\/www.pfarrei-due-wo.de\/?attachment_id=12275\" data-orig-file=\"https:\/\/i0.wp.com\/www.pfarrei-due-wo.de\/wp-content\/uploads\/2025\/01\/20250103_142006-scaled.jpg?fit=2560%2C1440&amp;ssl=1\" data-orig-size=\"2560,1440\" data-comments-opened=\"0\" data-image-meta=\"{&quot;aperture&quot;:&quot;2.4&quot;,&quot;credit&quot;:&quot;&quot;,&quot;camera&quot;:&quot;SM-G975F&quot;,&quot;caption&quot;:&quot;&quot;,&quot;created_timestamp&quot;:&quot;1735914006&quot;,&quot;copyright&quot;:&quot;&quot;,&quot;focal_length&quot;:&quot;6&quot;,&quot;iso&quot;:&quot;500&quot;,&quot;shutter_speed&quot;:&quot;0.058823529411765&quot;,&quot;title&quot;:&quot;&quot;,&quot;orientation&quot;:&quot;1&quot;}\" data-image-title=\"20250103_142006\" data-image-description=\"\" data-image-caption=\"\" data-large-file=\"https:\/\/i0.wp.com\/www.pfarrei-due-wo.de\/wp-content\/uploads\/2025\/01\/20250103_142006-scaled.jpg?fit=750%2C422&amp;ssl=1\" \/><\/a>\n\t\t\t<\/div><\/figure><figure class='gallery-item'>\n\t\t\t<div class='gallery-icon landscape'>\n\t\t\t\t<a href='https:\/\/www.pfarrei-due-wo.de\/?attachment_id=12281'><img loading=\"lazy\" decoding=\"async\" width=\"150\" height=\"150\" src=\"https:\/\/i0.wp.com\/www.pfarrei-due-wo.de\/wp-content\/uploads\/2025\/01\/20250103_141705-1.jpg?resize=150%2C150&amp;ssl=1\" class=\"attachment-thumbnail size-thumbnail\" alt=\"\" srcset=\"https:\/\/i0.wp.com\/www.pfarrei-due-wo.de\/wp-content\/uploads\/2025\/01\/20250103_141705-1.jpg?resize=150%2C150&amp;ssl=1 150w, https:\/\/i0.wp.com\/www.pfarrei-due-wo.de\/wp-content\/uploads\/2025\/01\/20250103_141705-1.jpg?zoom=2&amp;resize=150%2C150&amp;ssl=1 300w, https:\/\/i0.wp.com\/www.pfarrei-due-wo.de\/wp-content\/uploads\/2025\/01\/20250103_141705-1.jpg?zoom=3&amp;resize=150%2C150&amp;ssl=1 450w\" sizes=\"auto, (max-width: 150px) 100vw, 150px\" data-attachment-id=\"12281\" data-permalink=\"https:\/\/www.pfarrei-due-wo.de\/?attachment_id=12281\" data-orig-file=\"https:\/\/i0.wp.com\/www.pfarrei-due-wo.de\/wp-content\/uploads\/2025\/01\/20250103_141705-1.jpg?fit=2560%2C1440&amp;ssl=1\" data-orig-size=\"2560,1440\" data-comments-opened=\"0\" data-image-meta=\"{&quot;aperture&quot;:&quot;0&quot;,&quot;credit&quot;:&quot;&quot;,&quot;camera&quot;:&quot;&quot;,&quot;caption&quot;:&quot;&quot;,&quot;created_timestamp&quot;:&quot;1735913825&quot;,&quot;copyright&quot;:&quot;&quot;,&quot;focal_length&quot;:&quot;0&quot;,&quot;iso&quot;:&quot;0&quot;,&quot;shutter_speed&quot;:&quot;0&quot;,&quot;title&quot;:&quot;&quot;,&quot;orientation&quot;:&quot;1&quot;}\" data-image-title=\"20250103_141705\" data-image-description=\"\" data-image-caption=\"\" data-large-file=\"https:\/\/i0.wp.com\/www.pfarrei-due-wo.de\/wp-content\/uploads\/2025\/01\/20250103_141705-1.jpg?fit=750%2C422&amp;ssl=1\" \/><\/a>\n\t\t\t<\/div><\/figure><figure class='gallery-item'>\n\t\t\t<div class='gallery-icon landscape'>\n\t\t\t\t<a href='https:\/\/www.pfarrei-due-wo.de\/?attachment_id=12274'><img loading=\"lazy\" decoding=\"async\" width=\"150\" height=\"150\" src=\"https:\/\/i0.wp.com\/www.pfarrei-due-wo.de\/wp-content\/uploads\/2025\/01\/20250103_142444-scaled.jpg?resize=150%2C150&amp;ssl=1\" class=\"attachment-thumbnail size-thumbnail\" alt=\"\" srcset=\"https:\/\/i0.wp.com\/www.pfarrei-due-wo.de\/wp-content\/uploads\/2025\/01\/20250103_142444-scaled.jpg?resize=150%2C150&amp;ssl=1 150w, https:\/\/i0.wp.com\/www.pfarrei-due-wo.de\/wp-content\/uploads\/2025\/01\/20250103_142444-scaled.jpg?zoom=2&amp;resize=150%2C150&amp;ssl=1 300w, https:\/\/i0.wp.com\/www.pfarrei-due-wo.de\/wp-content\/uploads\/2025\/01\/20250103_142444-scaled.jpg?zoom=3&amp;resize=150%2C150&amp;ssl=1 450w\" sizes=\"auto, (max-width: 150px) 100vw, 150px\" data-attachment-id=\"12274\" data-permalink=\"https:\/\/www.pfarrei-due-wo.de\/?attachment_id=12274\" data-orig-file=\"https:\/\/i0.wp.com\/www.pfarrei-due-wo.de\/wp-content\/uploads\/2025\/01\/20250103_142444-scaled.jpg?fit=2560%2C1440&amp;ssl=1\" data-orig-size=\"2560,1440\" data-comments-opened=\"0\" data-image-meta=\"{&quot;aperture&quot;:&quot;1.5&quot;,&quot;credit&quot;:&quot;&quot;,&quot;camera&quot;:&quot;SM-G975F&quot;,&quot;caption&quot;:&quot;&quot;,&quot;created_timestamp&quot;:&quot;1735914285&quot;,&quot;copyright&quot;:&quot;&quot;,&quot;focal_length&quot;:&quot;4.32&quot;,&quot;iso&quot;:&quot;640&quot;,&quot;shutter_speed&quot;:&quot;0.02&quot;,&quot;title&quot;:&quot;&quot;,&quot;orientation&quot;:&quot;1&quot;}\" data-image-title=\"20250103_142444\" data-image-description=\"\" data-image-caption=\"\" data-large-file=\"https:\/\/i0.wp.com\/www.pfarrei-due-wo.de\/wp-content\/uploads\/2025\/01\/20250103_142444-scaled.jpg?fit=750%2C422&amp;ssl=1\" \/><\/a>\n\t\t\t<\/div><\/figure><figure class='gallery-item'>\n\t\t\t<div class='gallery-icon landscape'>\n\t\t\t\t<a href='https:\/\/www.pfarrei-due-wo.de\/?attachment_id=12279'><img loading=\"lazy\" decoding=\"async\" width=\"150\" height=\"150\" src=\"https:\/\/i0.wp.com\/www.pfarrei-due-wo.de\/wp-content\/uploads\/2025\/01\/20250103_150022-1.jpg?resize=150%2C150&amp;ssl=1\" class=\"attachment-thumbnail size-thumbnail\" alt=\"\" srcset=\"https:\/\/i0.wp.com\/www.pfarrei-due-wo.de\/wp-content\/uploads\/2025\/01\/20250103_150022-1.jpg?resize=150%2C150&amp;ssl=1 150w, https:\/\/i0.wp.com\/www.pfarrei-due-wo.de\/wp-content\/uploads\/2025\/01\/20250103_150022-1.jpg?zoom=2&amp;resize=150%2C150&amp;ssl=1 300w, https:\/\/i0.wp.com\/www.pfarrei-due-wo.de\/wp-content\/uploads\/2025\/01\/20250103_150022-1.jpg?zoom=3&amp;resize=150%2C150&amp;ssl=1 450w\" sizes=\"auto, (max-width: 150px) 100vw, 150px\" data-attachment-id=\"12279\" data-permalink=\"https:\/\/www.pfarrei-due-wo.de\/?attachment_id=12279\" data-orig-file=\"https:\/\/i0.wp.com\/www.pfarrei-due-wo.de\/wp-content\/uploads\/2025\/01\/20250103_150022-1.jpg?fit=2560%2C1440&amp;ssl=1\" data-orig-size=\"2560,1440\" data-comments-opened=\"0\" data-image-meta=\"{&quot;aperture&quot;:&quot;0&quot;,&quot;credit&quot;:&quot;&quot;,&quot;camera&quot;:&quot;&quot;,&quot;caption&quot;:&quot;&quot;,&quot;created_timestamp&quot;:&quot;1735916422&quot;,&quot;copyright&quot;:&quot;&quot;,&quot;focal_length&quot;:&quot;0&quot;,&quot;iso&quot;:&quot;0&quot;,&quot;shutter_speed&quot;:&quot;0&quot;,&quot;title&quot;:&quot;&quot;,&quot;orientation&quot;:&quot;1&quot;}\" data-image-title=\"20250103_150022\" data-image-description=\"\" data-image-caption=\"\" data-large-file=\"https:\/\/i0.wp.com\/www.pfarrei-due-wo.de\/wp-content\/uploads\/2025\/01\/20250103_150022-1.jpg?fit=750%2C422&amp;ssl=1\" \/><\/a>\n\t\t\t<\/div><\/figure><figure class='gallery-item'>\n\t\t\t<div class='gallery-icon landscape'>\n\t\t\t\t<a href='https:\/\/www.pfarrei-due-wo.de\/?attachment_id=12280'><img loading=\"lazy\" decoding=\"async\" width=\"150\" height=\"150\" src=\"https:\/\/i0.wp.com\/www.pfarrei-due-wo.de\/wp-content\/uploads\/2025\/01\/20250103_143435-2-1.jpg?resize=150%2C150&amp;ssl=1\" class=\"attachment-thumbnail size-thumbnail\" alt=\"\" srcset=\"https:\/\/i0.wp.com\/www.pfarrei-due-wo.de\/wp-content\/uploads\/2025\/01\/20250103_143435-2-1.jpg?resize=150%2C150&amp;ssl=1 150w, https:\/\/i0.wp.com\/www.pfarrei-due-wo.de\/wp-content\/uploads\/2025\/01\/20250103_143435-2-1.jpg?zoom=2&amp;resize=150%2C150&amp;ssl=1 300w, https:\/\/i0.wp.com\/www.pfarrei-due-wo.de\/wp-content\/uploads\/2025\/01\/20250103_143435-2-1.jpg?zoom=3&amp;resize=150%2C150&amp;ssl=1 450w\" sizes=\"auto, (max-width: 150px) 100vw, 150px\" data-attachment-id=\"12280\" data-permalink=\"https:\/\/www.pfarrei-due-wo.de\/?attachment_id=12280\" data-orig-file=\"https:\/\/i0.wp.com\/www.pfarrei-due-wo.de\/wp-content\/uploads\/2025\/01\/20250103_143435-2-1.jpg?fit=2560%2C1875&amp;ssl=1\" data-orig-size=\"2560,1875\" data-comments-opened=\"0\" data-image-meta=\"{&quot;aperture&quot;:&quot;0&quot;,&quot;credit&quot;:&quot;&quot;,&quot;camera&quot;:&quot;&quot;,&quot;caption&quot;:&quot;&quot;,&quot;created_timestamp&quot;:&quot;1735914875&quot;,&quot;copyright&quot;:&quot;&quot;,&quot;focal_length&quot;:&quot;0&quot;,&quot;iso&quot;:&quot;0&quot;,&quot;shutter_speed&quot;:&quot;0&quot;,&quot;title&quot;:&quot;&quot;,&quot;orientation&quot;:&quot;0&quot;}\" data-image-title=\"20250103_143435-2\" data-image-description=\"\" data-image-caption=\"\" data-large-file=\"https:\/\/i0.wp.com\/www.pfarrei-due-wo.de\/wp-content\/uploads\/2025\/01\/20250103_143435-2-1.jpg?fit=750%2C549&amp;ssl=1\" \/><\/a>\n\t\t\t<\/div><\/figure>\n\t\t<\/div>\n\n","protected":false},"excerpt":{"rendered":"<p>Besuche wie dieser, sind im Pfarrdorf D\u00fcrnsricht eher die Seltenheit. Am Kirchenportal der Pfarrkirche St.Albertus-Magnus empfingen Pfarrer Georg Praun und Kirchenpfleger G\u00fcnter Schie\u00dfl den hohen Gast aus Regensburg \u00a0Bischof Dr. &hellip; <\/p>\n","protected":false},"author":7,"featured_media":12280,"comment_status":"closed","ping_status":"closed","sticky":false,"template":"","format":"standard","meta":{"jetpack_post_was_ever_published":false,"_jetpack_newsletter_access":"","_jetpack_dont_email_post_to_subs":false,"_jetpack_newsletter_tier_id":0,"_jetpack_memberships_contains_paywalled_content":false,"_jetpack_memberships_contains_paid_content":false,"footnotes":"","jetpack_publicize_message":"","jetpack_publicize_feature_enabled":true,"jetpack_social_post_already_shared":true,"jetpack_social_options":{"image_generator_settings":{"template":"highway","default_image_id":0,"font":"","enabled":false},"version":2}},"categories":[6],"tags":[],"class_list":["post-12273","post","type-post","status-publish","format-standard","has-post-thumbnail","hentry","category-pfarrei-erleben"],"jetpack_publicize_connections":[],"jetpack_featured_media_url":"https:\/\/i0.wp.com\/www.pfarrei-due-wo.de\/wp-content\/uploads\/2025\/01\/20250103_143435-2-1.jpg?fit=2560%2C1875&ssl=1","jetpack_sharing_enabled":true,"jetpack_shortlink":"https:\/\/wp.me\/p8HCtc-3bX","jetpack-related-posts":[{"id":12955,"url":"https:\/\/www.pfarrei-due-wo.de\/?p=12955","url_meta":{"origin":12273,"position":0},"title":"Begr\u00fc\u00dfungsgottesdienst von Pfarrer Celestine","author":"Florian Schiessl","date":"12. September 2025","format":false,"excerpt":"Seit 01. September ist Pfarrer Celestine Thazhuppil Pfarrer in der Pfarrei St. Albertus Magnus. Mit einem Begr\u00fc\u00dfungsgottesdienst, den er gemeinsam mit Pfarrer Martin Neidl, einem geb\u00fcrtigen Wolfringer, und dem Ruhestandspfarrer Heinrich Rosner feierte, stellte er sich in der Pfarrkirche den Gl\u00e4ubigen vor. Nach seiner Kindheit und Jugendzeit in Indien studierte\u2026","rel":"","context":"In &quot;Gottesdienste&quot;","block_context":{"text":"Gottesdienste","link":"https:\/\/www.pfarrei-due-wo.de\/?cat=2"},"img":{"alt_text":"","src":"https:\/\/i0.wp.com\/www.pfarrei-due-wo.de\/wp-content\/uploads\/2025\/09\/PHOTO-2025-09-07-12-45-44.jpg?fit=1200%2C900&ssl=1&resize=350%2C200","width":350,"height":200,"srcset":"https:\/\/i0.wp.com\/www.pfarrei-due-wo.de\/wp-content\/uploads\/2025\/09\/PHOTO-2025-09-07-12-45-44.jpg?fit=1200%2C900&ssl=1&resize=350%2C200 1x, https:\/\/i0.wp.com\/www.pfarrei-due-wo.de\/wp-content\/uploads\/2025\/09\/PHOTO-2025-09-07-12-45-44.jpg?fit=1200%2C900&ssl=1&resize=525%2C300 1.5x, https:\/\/i0.wp.com\/www.pfarrei-due-wo.de\/wp-content\/uploads\/2025\/09\/PHOTO-2025-09-07-12-45-44.jpg?fit=1200%2C900&ssl=1&resize=700%2C400 2x, https:\/\/i0.wp.com\/www.pfarrei-due-wo.de\/wp-content\/uploads\/2025\/09\/PHOTO-2025-09-07-12-45-44.jpg?fit=1200%2C900&ssl=1&resize=1050%2C600 3x"},"classes":[]},{"id":8420,"url":"https:\/\/www.pfarrei-due-wo.de\/?p=8420","url_meta":{"origin":12273,"position":1},"title":"Namenstag der Pfarrkirche gefeiert","author":"Matthias Heimler","date":"16. November 2022","format":false,"excerpt":"Der Gedenktag des Heiligen Albertus Magnus (15.11.) ist f\u00fcr die Pfarrei D\u00fcrnsricht-Wolfring ein besonderer Tag. Der heilige Dominikanerm\u00f6nch und Wissenschaftler, der im 13. Jahrhundert lebte, ist n\u00e4mlich der Namenspatron der Pfarrkirche. Schon am Nachmittag beginnt die Patronatsfeier der Pfarrkirche, das Patrozinium, mit der Aussetzung des Allerheiligsten und der sogenannten \"Ewigen\u2026","rel":"","context":"In &quot;Erstkommunion&quot;","block_context":{"text":"Erstkommunion","link":"https:\/\/www.pfarrei-due-wo.de\/?cat=10"},"img":{"alt_text":"","src":"https:\/\/i0.wp.com\/www.pfarrei-due-wo.de\/wp-content\/uploads\/2022\/11\/IMG-20221116-WA0005.jpg?fit=1200%2C900&ssl=1&resize=350%2C200","width":350,"height":200,"srcset":"https:\/\/i0.wp.com\/www.pfarrei-due-wo.de\/wp-content\/uploads\/2022\/11\/IMG-20221116-WA0005.jpg?fit=1200%2C900&ssl=1&resize=350%2C200 1x, https:\/\/i0.wp.com\/www.pfarrei-due-wo.de\/wp-content\/uploads\/2022\/11\/IMG-20221116-WA0005.jpg?fit=1200%2C900&ssl=1&resize=525%2C300 1.5x, https:\/\/i0.wp.com\/www.pfarrei-due-wo.de\/wp-content\/uploads\/2022\/11\/IMG-20221116-WA0005.jpg?fit=1200%2C900&ssl=1&resize=700%2C400 2x, https:\/\/i0.wp.com\/www.pfarrei-due-wo.de\/wp-content\/uploads\/2022\/11\/IMG-20221116-WA0005.jpg?fit=1200%2C900&ssl=1&resize=1050%2C600 3x"},"classes":[]},{"id":7435,"url":"https:\/\/www.pfarrei-due-wo.de\/?p=7435","url_meta":{"origin":12273,"position":2},"title":"Ostern in der Pfarrei","author":"Matthias Heimler","date":"17. April 2022","format":false,"excerpt":"Die Feier der Osternacht beging die Pfarrgemeinde D\u00fcrnsricht-Wolfring-H\u00f6gling in den fr\u00fchen Morgestunden des Ostertages, um 5.00 Uhr, der Tradition folgend noch vor Sonnenaufgang. Zahlreiche Gottesdienstbesucher lie\u00dfen sich von der fr\u00fchen Uhrzeit nicht abschrecken und versammelten sich in der Pfarrkirche St. Albertus Magnus. Die wichtigste Feier des Jahres begann mit der\u2026","rel":"","context":"In &quot;Gottesdienste&quot;","block_context":{"text":"Gottesdienste","link":"https:\/\/www.pfarrei-due-wo.de\/?cat=2"},"img":{"alt_text":"","src":"https:\/\/i0.wp.com\/www.pfarrei-due-wo.de\/wp-content\/uploads\/2022\/04\/2022.04.17-O-04-scaled.jpg?fit=1200%2C800&ssl=1&resize=350%2C200","width":350,"height":200,"srcset":"https:\/\/i0.wp.com\/www.pfarrei-due-wo.de\/wp-content\/uploads\/2022\/04\/2022.04.17-O-04-scaled.jpg?fit=1200%2C800&ssl=1&resize=350%2C200 1x, https:\/\/i0.wp.com\/www.pfarrei-due-wo.de\/wp-content\/uploads\/2022\/04\/2022.04.17-O-04-scaled.jpg?fit=1200%2C800&ssl=1&resize=525%2C300 1.5x, https:\/\/i0.wp.com\/www.pfarrei-due-wo.de\/wp-content\/uploads\/2022\/04\/2022.04.17-O-04-scaled.jpg?fit=1200%2C800&ssl=1&resize=700%2C400 2x, https:\/\/i0.wp.com\/www.pfarrei-due-wo.de\/wp-content\/uploads\/2022\/04\/2022.04.17-O-04-scaled.jpg?fit=1200%2C800&ssl=1&resize=1050%2C600 3x"},"classes":[]},{"id":13105,"url":"https:\/\/www.pfarrei-due-wo.de\/?p=13105","url_meta":{"origin":12273,"position":3},"title":"Amtseinf\u00fchrung von Pfarrer Celestine Thazhuppil","author":"Florian Schiessl","date":"22. Oktober 2025","format":false,"excerpt":"Der neue Pfarrer der Pfarrei St. Albertus-Magnus ist feierlich in sein Amt eingef\u00fchrt worden. Alle Vereine der Pfarrei mit ihren Fahnenabordnungen trafen sich zum Kirchenzug am Feuerwehrhaus. Angef\u00fchrt von der JBK zog man zur Pfarrkirche St. Albertus-Magnus. Mit im Kirchenzug gingen neben Pfarrer Celestine noch weiter 18 Geistliche und 65\u2026","rel":"","context":"In &quot;Gottesdienste&quot;","block_context":{"text":"Gottesdienste","link":"https:\/\/www.pfarrei-due-wo.de\/?cat=2"},"img":{"alt_text":"","src":"https:\/\/i0.wp.com\/www.pfarrei-due-wo.de\/wp-content\/uploads\/2025\/10\/PHOTO-2025-10-18-13-53-00.jpg?fit=1200%2C900&ssl=1&resize=350%2C200","width":350,"height":200,"srcset":"https:\/\/i0.wp.com\/www.pfarrei-due-wo.de\/wp-content\/uploads\/2025\/10\/PHOTO-2025-10-18-13-53-00.jpg?fit=1200%2C900&ssl=1&resize=350%2C200 1x, https:\/\/i0.wp.com\/www.pfarrei-due-wo.de\/wp-content\/uploads\/2025\/10\/PHOTO-2025-10-18-13-53-00.jpg?fit=1200%2C900&ssl=1&resize=525%2C300 1.5x, https:\/\/i0.wp.com\/www.pfarrei-due-wo.de\/wp-content\/uploads\/2025\/10\/PHOTO-2025-10-18-13-53-00.jpg?fit=1200%2C900&ssl=1&resize=700%2C400 2x, https:\/\/i0.wp.com\/www.pfarrei-due-wo.de\/wp-content\/uploads\/2025\/10\/PHOTO-2025-10-18-13-53-00.jpg?fit=1200%2C900&ssl=1&resize=1050%2C600 3x"},"classes":[]},{"id":12586,"url":"https:\/\/www.pfarrei-due-wo.de\/?p=12586","url_meta":{"origin":12273,"position":4},"title":"Die Krippenbauer von D\u00fcrnsricht zu Besuch beim Bischof","author":"Florian Schiessl","date":"3. April 2025","format":false,"excerpt":"Als Bischof Dr. Rudolf Voderholzer in der Weihnachtszeit die Krippe in der Pfarrkirche besuchte, lud er die Krippenbauer zu einem spontanen Besuch zu sich nach Regensburg ein. Nachdem der Termin feststand, fuhr die Gruppe um Pfarrer Abraham mit dem Zug nach Regensburg. Dort angekommen begr\u00fc\u00dfte der Bischof jeden einzelnen mit\u2026","rel":"","context":"In &quot;Pfarrei erleben&quot;","block_context":{"text":"Pfarrei erleben","link":"https:\/\/www.pfarrei-due-wo.de\/?cat=6"},"img":{"alt_text":"","src":"https:\/\/i0.wp.com\/www.pfarrei-due-wo.de\/wp-content\/uploads\/2025\/04\/PHOTO-2025-03-22-16-14-55.jpg?fit=1200%2C900&ssl=1&resize=350%2C200","width":350,"height":200,"srcset":"https:\/\/i0.wp.com\/www.pfarrei-due-wo.de\/wp-content\/uploads\/2025\/04\/PHOTO-2025-03-22-16-14-55.jpg?fit=1200%2C900&ssl=1&resize=350%2C200 1x, https:\/\/i0.wp.com\/www.pfarrei-due-wo.de\/wp-content\/uploads\/2025\/04\/PHOTO-2025-03-22-16-14-55.jpg?fit=1200%2C900&ssl=1&resize=525%2C300 1.5x, https:\/\/i0.wp.com\/www.pfarrei-due-wo.de\/wp-content\/uploads\/2025\/04\/PHOTO-2025-03-22-16-14-55.jpg?fit=1200%2C900&ssl=1&resize=700%2C400 2x, https:\/\/i0.wp.com\/www.pfarrei-due-wo.de\/wp-content\/uploads\/2025\/04\/PHOTO-2025-03-22-16-14-55.jpg?fit=1200%2C900&ssl=1&resize=1050%2C600 3x"},"classes":[]},{"id":11931,"url":"https:\/\/www.pfarrei-due-wo.de\/?p=11931","url_meta":{"origin":12273,"position":5},"title":"Erntedank in der Pfarrei","author":"Florian Schiessl","date":"14. Oktober 2024","format":false,"excerpt":"Am ersten Sonntag im Oktober feiern wir traditionell das Erntedankfest. Der OGV D\u00fcrnsricht gestaltete wie jedes Jahr wundersch\u00f6n den Erntealtar in der Pfarrkirche. Auch die Erntekrone fand ihren Platz in der Kirche. Diese wurde durch die KLB geschm\u00fcckt. Die Gl\u00e4ubigen brachten auf Wunsch von Pfarrer Praun ihre Erntek\u00f6rbchen mit. Die\u2026","rel":"","context":"In &quot;Gottesdienste&quot;","block_context":{"text":"Gottesdienste","link":"https:\/\/www.pfarrei-due-wo.de\/?cat=2"},"img":{"alt_text":"","src":"https:\/\/i0.wp.com\/www.pfarrei-due-wo.de\/wp-content\/uploads\/2024\/10\/img_1030-1-scaled.jpg?fit=1200%2C900&ssl=1&resize=350%2C200","width":350,"height":200,"srcset":"https:\/\/i0.wp.com\/www.pfarrei-due-wo.de\/wp-content\/uploads\/2024\/10\/img_1030-1-scaled.jpg?fit=1200%2C900&ssl=1&resize=350%2C200 1x, https:\/\/i0.wp.com\/www.pfarrei-due-wo.de\/wp-content\/uploads\/2024\/10\/img_1030-1-scaled.jpg?fit=1200%2C900&ssl=1&resize=525%2C300 1.5x, https:\/\/i0.wp.com\/www.pfarrei-due-wo.de\/wp-content\/uploads\/2024\/10\/img_1030-1-scaled.jpg?fit=1200%2C900&ssl=1&resize=700%2C400 2x, https:\/\/i0.wp.com\/www.pfarrei-due-wo.de\/wp-content\/uploads\/2024\/10\/img_1030-1-scaled.jpg?fit=1200%2C900&ssl=1&resize=1050%2C600 3x"},"classes":[]}],"publishpress_future_action":{"enabled":false,"date":"2026-05-08 11:24:33","action":"change-status","newStatus":"draft","terms":[],"taxonomy":"category","extraData":[]},"publishpress_future_workflow_manual_trigger":{"enabledWorkflows":[]},"_links":{"self":[{"href":"https:\/\/www.pfarrei-due-wo.de\/index.php?rest_route=\/wp\/v2\/posts\/12273","targetHints":{"allow":["GET"]}}],"collection":[{"href":"https:\/\/www.pfarrei-due-wo.de\/index.php?rest_route=\/wp\/v2\/posts"}],"about":[{"href":"https:\/\/www.pfarrei-due-wo.de\/index.php?rest_route=\/wp\/v2\/types\/post"}],"author":[{"embeddable":true,"href":"https:\/\/www.pfarrei-due-wo.de\/index.php?rest_route=\/wp\/v2\/users\/7"}],"replies":[{"embeddable":true,"href":"https:\/\/www.pfarrei-due-wo.de\/index.php?rest_route=%2Fwp%2Fv2%2Fcomments&post=12273"}],"version-history":[{"count":2,"href":"https:\/\/www.pfarrei-due-wo.de\/index.php?rest_route=\/wp\/v2\/posts\/12273\/revisions"}],"predecessor-version":[{"id":12288,"href":"https:\/\/www.pfarrei-due-wo.de\/index.php?rest_route=\/wp\/v2\/posts\/12273\/revisions\/12288"}],"wp:featuredmedia":[{"embeddable":true,"href":"https:\/\/www.pfarrei-due-wo.de\/index.php?rest_route=\/wp\/v2\/media\/12280"}],"wp:attachment":[{"href":"https:\/\/www.pfarrei-due-wo.de\/index.php?rest_route=%2Fwp%2Fv2%2Fmedia&parent=12273"}],"wp:term":[{"taxonomy":"category","embeddable":true,"href":"https:\/\/www.pfarrei-due-wo.de\/index.php?rest_route=%2Fwp%2Fv2%2Fcategories&post=12273"},{"taxonomy":"post_tag","embeddable":true,"href":"https:\/\/www.pfarrei-due-wo.de\/index.php?rest_route=%2Fwp%2Fv2%2Ftags&post=12273"}],"curies":[{"name":"wp","href":"https:\/\/api.w.org\/{rel}","templated":true}]}}