{"id":12206,"date":"2024-12-30T21:27:50","date_gmt":"2024-12-30T20:27:50","guid":{"rendered":"https:\/\/www.pfarrei-due-wo.de\/?p=12206"},"modified":"2025-01-11T21:01:53","modified_gmt":"2025-01-11T20:01:53","slug":"neuer-nachwuchs-im-ministrantendienst-sowie-neue-oberministranten","status":"publish","type":"post","link":"https:\/\/www.pfarrei-due-wo.de\/?p=12206","title":{"rendered":"Neuer Nachwuchs im Ministrantendienst sowie neue Oberministranten"},"content":{"rendered":"<p>In der Pfarrei D\u00fcrnsricht-Wolfring mit Expositur H\u00f6gling fand die feierliche Aufnahme von vier neuen Ministranten statt. Im Rahmen des Gottesdienstes zum ersten Advent wurden die jungen Gemeindemitglieder Anna Glei\u00dfner, Simon Nissl, Emilia Kemptner und Luise Tsch\u00f6pl in den Dienst des Messdieners aufgenommen.<\/p>\n<p>Herr Pfarrer Rosner nutzte die Gelegenheit, um den neuen Ministranten die Bedeutung ihrer Aufgaben n\u00e4herzubringen. Er erkl\u00e4rte, dass der Dienst als Ministrant mit der Aufnahme in eine Gemeinschaft einhergehe. Zusammen mit den bereits erfahrenen Ministranten erledigen sie im Laufe der Jahre unterschiedliche Aufgaben zur Unterst\u00fctzung des Pfarrers w\u00e4hrend der liturgischen Feierlichkeiten. So wurden sie bereits eingef\u00fchrt in das Vorbereiten und Abr\u00e4umen des Altars. Zuk\u00fcnftige T\u00e4tigkeiten sind Leuchten mit Kerzen und wenn sie gr\u00f6\u00dfer sind, das Tragen des Kreuzes als wichtigstes Symbol des Christentums und des Weihrauches w\u00e4hrend der Heiligen Messe.<\/p>\n<p>Im Anschluss an seine Worte \u00fcbergaben die neu gew\u00e4hlten Oberministranten Charlotte Hausler und Alexander Schleicher den vier Neulingen ihre Ministrantenplaketten sowie den Ministrantenpass, der ihre Zugeh\u00f6rigkeit zur Ministrantengruppe dokumentiert. Als kleines Willkommensgeschenk erhielten die jungen Ministranten zudem ein pers\u00f6nliches Pr\u00e4sent. Die \u00dcbergabe wurde von der versammelten Pfarrgemeinde mit herzlichem Applaus begleitet, was den neuen Ministranten einen warmen Empfang in ihrer neuen Aufgabe bescherte.<\/p>\n<p>Mit diesem feierlichen Akt wird der Dienst am Altar in der Pfarrei D\u00fcrnsricht-Wolfring auch weiterhin von engagierten jungen Menschen getragen, die mit Freude und Eifer ihren Beitrag zur Gestaltung der Gottesdienste leisten werden.<\/p>\n<p>&nbsp;<\/p>\n<p>Text und Fotos: Susanne Ettl<\/p>\n<p><img data-recalc-dims=\"1\" loading=\"lazy\" decoding=\"async\" data-attachment-id=\"12211\" data-permalink=\"https:\/\/www.pfarrei-due-wo.de\/?attachment_id=12211\" data-orig-file=\"https:\/\/i0.wp.com\/www.pfarrei-due-wo.de\/wp-content\/uploads\/2024\/12\/20241201_101935-1-scaled.jpg?fit=2560%2C1440&amp;ssl=1\" data-orig-size=\"2560,1440\" data-comments-opened=\"0\" data-image-meta=\"{&quot;aperture&quot;:&quot;1.5&quot;,&quot;credit&quot;:&quot;&quot;,&quot;camera&quot;:&quot;SM-G975F&quot;,&quot;caption&quot;:&quot;&quot;,&quot;created_timestamp&quot;:&quot;1733048375&quot;,&quot;copyright&quot;:&quot;&quot;,&quot;focal_length&quot;:&quot;4.32&quot;,&quot;iso&quot;:&quot;250&quot;,&quot;shutter_speed&quot;:&quot;0.01&quot;,&quot;title&quot;:&quot;&quot;,&quot;orientation&quot;:&quot;1&quot;}\" data-image-title=\"20241201_101935\" data-image-description=\"&lt;p&gt;Ministranten-Neuaufnahme 2024&lt;\/p&gt;\n\" data-image-caption=\"\" data-large-file=\"https:\/\/i0.wp.com\/www.pfarrei-due-wo.de\/wp-content\/uploads\/2024\/12\/20241201_101935-1-scaled.jpg?fit=750%2C422&amp;ssl=1\" class=\"alignnone size-medium wp-image-12211\" src=\"https:\/\/i0.wp.com\/www.pfarrei-due-wo.de\/wp-content\/uploads\/2024\/12\/20241201_101935-1.jpg?resize=300%2C169&#038;ssl=1\" alt=\"\" width=\"300\" height=\"169\" srcset=\"https:\/\/i0.wp.com\/www.pfarrei-due-wo.de\/wp-content\/uploads\/2024\/12\/20241201_101935-1-scaled.jpg?resize=300%2C169&amp;ssl=1 300w, https:\/\/i0.wp.com\/www.pfarrei-due-wo.de\/wp-content\/uploads\/2024\/12\/20241201_101935-1-scaled.jpg?resize=1024%2C576&amp;ssl=1 1024w, https:\/\/i0.wp.com\/www.pfarrei-due-wo.de\/wp-content\/uploads\/2024\/12\/20241201_101935-1-scaled.jpg?resize=768%2C432&amp;ssl=1 768w, https:\/\/i0.wp.com\/www.pfarrei-due-wo.de\/wp-content\/uploads\/2024\/12\/20241201_101935-1-scaled.jpg?resize=1536%2C864&amp;ssl=1 1536w, https:\/\/i0.wp.com\/www.pfarrei-due-wo.de\/wp-content\/uploads\/2024\/12\/20241201_101935-1-scaled.jpg?resize=2048%2C1152&amp;ssl=1 2048w, https:\/\/i0.wp.com\/www.pfarrei-due-wo.de\/wp-content\/uploads\/2024\/12\/20241201_101935-1-scaled.jpg?w=2250&amp;ssl=1 2250w\" sizes=\"auto, (max-width: 300px) 100vw, 300px\" \/><\/p>\n","protected":false},"excerpt":{"rendered":"<p>In der Pfarrei D\u00fcrnsricht-Wolfring mit Expositur H\u00f6gling fand die feierliche Aufnahme von vier neuen Ministranten statt. Im Rahmen des Gottesdienstes zum ersten Advent wurden die jungen Gemeindemitglieder Anna Glei\u00dfner, Simon &hellip; <\/p>\n","protected":false},"author":14,"featured_media":12210,"comment_status":"closed","ping_status":"closed","sticky":false,"template":"","format":"standard","meta":{"jetpack_post_was_ever_published":false,"_jetpack_newsletter_access":"","_jetpack_dont_email_post_to_subs":false,"_jetpack_newsletter_tier_id":0,"_jetpack_memberships_contains_paywalled_content":false,"_jetpack_memberships_contains_paid_content":false,"footnotes":"","jetpack_publicize_message":"","jetpack_publicize_feature_enabled":true,"jetpack_social_post_already_shared":true,"jetpack_social_options":{"image_generator_settings":{"template":"highway","default_image_id":0,"font":"","enabled":false},"version":2}},"categories":[9,12,6],"tags":[],"class_list":["post-12206","post","type-post","status-publish","format-standard","has-post-thumbnail","hentry","category-jugend","category-kinder","category-pfarrei-erleben"],"jetpack_publicize_connections":[],"jetpack_featured_media_url":"https:\/\/i0.wp.com\/www.pfarrei-due-wo.de\/wp-content\/uploads\/2024\/12\/IMG_7647.jpg?fit=%2C&ssl=1","jetpack_sharing_enabled":true,"jetpack_shortlink":"https:\/\/wp.me\/p8HCtc-3aS","jetpack-related-posts":[{"id":13298,"url":"https:\/\/www.pfarrei-due-wo.de\/?p=13298","url_meta":{"origin":12206,"position":0},"title":"Feierliche Aufnahme und Verabschiedung der Ministranten am Christk\u00f6nigssonntag","author":"Daniela Wiesgickl","date":"30. November 2025","format":false,"excerpt":"Am Christk\u00f6nigssonntag durfte unsere Pfarrgemeinde einen besonderen Anlass begehen: Insgesamt 15 Kinder und Jugendliche wurden feierlich in die Gemeinschaft der Ministrantinnen und Ministranten aufgenommen. Bereits im Sommer hatten die neuen Ministrantinnen und Ministranten ihre Aufgaben am Altar erlernt und verst\u00e4rken seitdem tatkr\u00e4ftig das gro\u00dfe Ministrantenteam unserer Pfarrei. Pfarrer Celestin Thazhuppil\u2026","rel":"","context":"In &quot;Gottesdienste&quot;","block_context":{"text":"Gottesdienste","link":"https:\/\/www.pfarrei-due-wo.de\/?cat=2"},"img":{"alt_text":"","src":"https:\/\/i0.wp.com\/www.pfarrei-due-wo.de\/wp-content\/uploads\/2025\/11\/FF7A0197-1-scaled.jpg?fit=1200%2C800&ssl=1&resize=350%2C200","width":350,"height":200,"srcset":"https:\/\/i0.wp.com\/www.pfarrei-due-wo.de\/wp-content\/uploads\/2025\/11\/FF7A0197-1-scaled.jpg?fit=1200%2C800&ssl=1&resize=350%2C200 1x, https:\/\/i0.wp.com\/www.pfarrei-due-wo.de\/wp-content\/uploads\/2025\/11\/FF7A0197-1-scaled.jpg?fit=1200%2C800&ssl=1&resize=525%2C300 1.5x, https:\/\/i0.wp.com\/www.pfarrei-due-wo.de\/wp-content\/uploads\/2025\/11\/FF7A0197-1-scaled.jpg?fit=1200%2C800&ssl=1&resize=700%2C400 2x, https:\/\/i0.wp.com\/www.pfarrei-due-wo.de\/wp-content\/uploads\/2025\/11\/FF7A0197-1-scaled.jpg?fit=1200%2C800&ssl=1&resize=1050%2C600 3x"},"classes":[]},{"id":6453,"url":"https:\/\/www.pfarrei-due-wo.de\/?p=6453","url_meta":{"origin":12206,"position":1},"title":"Minis in Ihren Dienst aufgenommen","author":"Florian Schiessl","date":"4. August 2021","format":false,"excerpt":"Nachdem die Aufnahme der Ministrantinnen und Ministranten aufgrund der Corona Beschr\u00e4nkungen im vergangenen Jahr nicht wie geplant am Christk\u00f6nigsonntag stattfinden konnte, wurden nun 14 neue Messdiener durch Pfarrer Michael Hoch und Oberministrant Dominik Saffert in Ihren Dienst aufgenommen. Auch die Vorbereitungen auf Ihren neuen Dienst am Altar waren f\u00fcr die\u2026","rel":"","context":"In &quot;Jugend&quot;","block_context":{"text":"Jugend","link":"https:\/\/www.pfarrei-due-wo.de\/?cat=9"},"img":{"alt_text":"","src":"https:\/\/i0.wp.com\/www.pfarrei-due-wo.de\/wp-content\/uploads\/2021\/08\/Foto-18.07.21-10-53-13-scaled.jpg?fit=1200%2C900&ssl=1&resize=350%2C200","width":350,"height":200,"srcset":"https:\/\/i0.wp.com\/www.pfarrei-due-wo.de\/wp-content\/uploads\/2021\/08\/Foto-18.07.21-10-53-13-scaled.jpg?fit=1200%2C900&ssl=1&resize=350%2C200 1x, https:\/\/i0.wp.com\/www.pfarrei-due-wo.de\/wp-content\/uploads\/2021\/08\/Foto-18.07.21-10-53-13-scaled.jpg?fit=1200%2C900&ssl=1&resize=525%2C300 1.5x, https:\/\/i0.wp.com\/www.pfarrei-due-wo.de\/wp-content\/uploads\/2021\/08\/Foto-18.07.21-10-53-13-scaled.jpg?fit=1200%2C900&ssl=1&resize=700%2C400 2x, https:\/\/i0.wp.com\/www.pfarrei-due-wo.de\/wp-content\/uploads\/2021\/08\/Foto-18.07.21-10-53-13-scaled.jpg?fit=1200%2C900&ssl=1&resize=1050%2C600 3x"},"classes":[]},{"id":11151,"url":"https:\/\/www.pfarrei-due-wo.de\/?p=11151","url_meta":{"origin":12206,"position":2},"title":"Neuaufnahme und Verabschiedung der Ministranten","author":"Daniela Wiesgickl","date":"26. November 2023","format":false,"excerpt":"Am Christk\u00f6nigssonntag wurde w\u00e4hrend des Gottesdienstes in der D\u00fcrnsrichter Pfarrkirche die Aufnahme unserer neuen Ministranten sowie die Verabschiedung derjenigen, die aus dem Ministrantendienst ausscheiden, gefeiert. Musikalisch gestaltet wurde der Gottesdienst von der Band Charisma. Neu aufgenommen wurden: Marlene Thanner, Isabell Heimler, Malena Wagner, Jannik Schleicher, Annika und Leonhard Schwaiger aus\u2026","rel":"","context":"In &quot;Pfarrei erleben&quot;","block_context":{"text":"Pfarrei erleben","link":"https:\/\/www.pfarrei-due-wo.de\/?cat=6"},"img":{"alt_text":"","src":"https:\/\/i0.wp.com\/www.pfarrei-due-wo.de\/wp-content\/uploads\/2023\/11\/IMG_4627-scaled.jpg?fit=1200%2C900&ssl=1&resize=350%2C200","width":350,"height":200,"srcset":"https:\/\/i0.wp.com\/www.pfarrei-due-wo.de\/wp-content\/uploads\/2023\/11\/IMG_4627-scaled.jpg?fit=1200%2C900&ssl=1&resize=350%2C200 1x, https:\/\/i0.wp.com\/www.pfarrei-due-wo.de\/wp-content\/uploads\/2023\/11\/IMG_4627-scaled.jpg?fit=1200%2C900&ssl=1&resize=525%2C300 1.5x, https:\/\/i0.wp.com\/www.pfarrei-due-wo.de\/wp-content\/uploads\/2023\/11\/IMG_4627-scaled.jpg?fit=1200%2C900&ssl=1&resize=700%2C400 2x, https:\/\/i0.wp.com\/www.pfarrei-due-wo.de\/wp-content\/uploads\/2023\/11\/IMG_4627-scaled.jpg?fit=1200%2C900&ssl=1&resize=1050%2C600 3x"},"classes":[]},{"id":8471,"url":"https:\/\/www.pfarrei-due-wo.de\/?p=8471","url_meta":{"origin":12206,"position":3},"title":"Elf neue Ministranten aufgenommen","author":"Matthias Heimler","date":"20. November 2022","format":false,"excerpt":"Am Christk\u00f6nigssonntag war es f\u00fcr 11 M\u00e4dchen und Buben so weit: die Zeit des \u00dcbens ging zu Ende. Die neuen MinistrantInnen konnten in die gro\u00dfe Ministrantengemeinschaft der Pfarrei aufgenommen werden. F\u00fcnf M\u00e4dchen und sechs Buben hatten sich entschlossen, nach ihrer Erstkommunion MinistrantIn zu werden. Zu diesem Anlass waren die \u00e4lteren\u2026","rel":"","context":"In &quot;Gottesdienste&quot;","block_context":{"text":"Gottesdienste","link":"https:\/\/www.pfarrei-due-wo.de\/?cat=2"},"img":{"alt_text":"","src":"https:\/\/i0.wp.com\/www.pfarrei-due-wo.de\/wp-content\/uploads\/2022\/11\/Christk_10-scaled.jpg?fit=1200%2C800&ssl=1&resize=350%2C200","width":350,"height":200,"srcset":"https:\/\/i0.wp.com\/www.pfarrei-due-wo.de\/wp-content\/uploads\/2022\/11\/Christk_10-scaled.jpg?fit=1200%2C800&ssl=1&resize=350%2C200 1x, https:\/\/i0.wp.com\/www.pfarrei-due-wo.de\/wp-content\/uploads\/2022\/11\/Christk_10-scaled.jpg?fit=1200%2C800&ssl=1&resize=525%2C300 1.5x, https:\/\/i0.wp.com\/www.pfarrei-due-wo.de\/wp-content\/uploads\/2022\/11\/Christk_10-scaled.jpg?fit=1200%2C800&ssl=1&resize=700%2C400 2x, https:\/\/i0.wp.com\/www.pfarrei-due-wo.de\/wp-content\/uploads\/2022\/11\/Christk_10-scaled.jpg?fit=1200%2C800&ssl=1&resize=1050%2C600 3x"},"classes":[]},{"id":9299,"url":"https:\/\/www.pfarrei-due-wo.de\/?p=9299","url_meta":{"origin":12206,"position":4},"title":"Auferstehung ist unsere Hoffnung &#8211; Ostergottesdienste feiern das ewige Leben","author":"Matthias Heimler","date":"9. April 2023","format":false,"excerpt":"Die Ostergottesdienste in der Pfarrei waren gepr\u00e4gt von der froh- und mutmachenden Botschaft: Jesus ist auferstanden! Und das wurde auch festlich gefeiert. Zur Osternacht versammelten sich die Gl\u00e4ubigen in den fr\u00fchen Morgenstunden des Ostersonntags in der Pfarrkirche. Dort hatten bereits am Nachmittag zuvor viele flei\u00dfige Frauen und M\u00e4nner den Kirchenraum\u2026","rel":"","context":"In &quot;Gottesdienste&quot;","block_context":{"text":"Gottesdienste","link":"https:\/\/www.pfarrei-due-wo.de\/?cat=2"},"img":{"alt_text":"","src":"https:\/\/i0.wp.com\/www.pfarrei-due-wo.de\/wp-content\/uploads\/2023\/04\/2023.04.09-05-OS-scaled.jpg?fit=1200%2C800&ssl=1&resize=350%2C200","width":350,"height":200,"srcset":"https:\/\/i0.wp.com\/www.pfarrei-due-wo.de\/wp-content\/uploads\/2023\/04\/2023.04.09-05-OS-scaled.jpg?fit=1200%2C800&ssl=1&resize=350%2C200 1x, https:\/\/i0.wp.com\/www.pfarrei-due-wo.de\/wp-content\/uploads\/2023\/04\/2023.04.09-05-OS-scaled.jpg?fit=1200%2C800&ssl=1&resize=525%2C300 1.5x, https:\/\/i0.wp.com\/www.pfarrei-due-wo.de\/wp-content\/uploads\/2023\/04\/2023.04.09-05-OS-scaled.jpg?fit=1200%2C800&ssl=1&resize=700%2C400 2x, https:\/\/i0.wp.com\/www.pfarrei-due-wo.de\/wp-content\/uploads\/2023\/04\/2023.04.09-05-OS-scaled.jpg?fit=1200%2C800&ssl=1&resize=1050%2C600 3x"},"classes":[]},{"id":8110,"url":"https:\/\/www.pfarrei-due-wo.de\/?p=8110","url_meta":{"origin":12206,"position":5},"title":"Ministranten aus ihrem Dienst verabschiedet","author":"Florian Schiessl","date":"11. September 2022","format":false,"excerpt":"Mit dem Beginn des neuen Schuljahres werden traditionell Ministranten aus ihrem Dienst in der Pfarrei verabschiedet. In diesem Jahr wurden Noah Stahl (3 Jahre), Emma G\u00f6tz (4 Jahre), Jonas Demleitner (7 Jahre) und Kilian Plank (8 Jahre) verabschiedet. Ihnen wurde f\u00fcr ihren zuverl\u00e4ssigen Dienst eine Urkunde und ein kleines Geschenk\u2026","rel":"","context":"In &quot;Pfarrei erleben&quot;","block_context":{"text":"Pfarrei erleben","link":"https:\/\/www.pfarrei-due-wo.de\/?cat=6"},"img":{"alt_text":"","src":"https:\/\/i0.wp.com\/www.pfarrei-due-wo.de\/wp-content\/uploads\/2022\/10\/DSC_0156-2-scaled.jpg?fit=1200%2C800&ssl=1&resize=350%2C200","width":350,"height":200,"srcset":"https:\/\/i0.wp.com\/www.pfarrei-due-wo.de\/wp-content\/uploads\/2022\/10\/DSC_0156-2-scaled.jpg?fit=1200%2C800&ssl=1&resize=350%2C200 1x, https:\/\/i0.wp.com\/www.pfarrei-due-wo.de\/wp-content\/uploads\/2022\/10\/DSC_0156-2-scaled.jpg?fit=1200%2C800&ssl=1&resize=525%2C300 1.5x, https:\/\/i0.wp.com\/www.pfarrei-due-wo.de\/wp-content\/uploads\/2022\/10\/DSC_0156-2-scaled.jpg?fit=1200%2C800&ssl=1&resize=700%2C400 2x, https:\/\/i0.wp.com\/www.pfarrei-due-wo.de\/wp-content\/uploads\/2022\/10\/DSC_0156-2-scaled.jpg?fit=1200%2C800&ssl=1&resize=1050%2C600 3x"},"classes":[]}],"publishpress_future_action":{"enabled":false,"date":"2026-05-06 21:12:17","action":"change-status","newStatus":"draft","terms":[],"taxonomy":"category","extraData":[]},"publishpress_future_workflow_manual_trigger":{"enabledWorkflows":[]},"_links":{"self":[{"href":"https:\/\/www.pfarrei-due-wo.de\/index.php?rest_route=\/wp\/v2\/posts\/12206","targetHints":{"allow":["GET"]}}],"collection":[{"href":"https:\/\/www.pfarrei-due-wo.de\/index.php?rest_route=\/wp\/v2\/posts"}],"about":[{"href":"https:\/\/www.pfarrei-due-wo.de\/index.php?rest_route=\/wp\/v2\/types\/post"}],"author":[{"embeddable":true,"href":"https:\/\/www.pfarrei-due-wo.de\/index.php?rest_route=\/wp\/v2\/users\/14"}],"replies":[{"embeddable":true,"href":"https:\/\/www.pfarrei-due-wo.de\/index.php?rest_route=%2Fwp%2Fv2%2Fcomments&post=12206"}],"version-history":[{"count":4,"href":"https:\/\/www.pfarrei-due-wo.de\/index.php?rest_route=\/wp\/v2\/posts\/12206\/revisions"}],"predecessor-version":[{"id":12329,"href":"https:\/\/www.pfarrei-due-wo.de\/index.php?rest_route=\/wp\/v2\/posts\/12206\/revisions\/12329"}],"wp:featuredmedia":[{"embeddable":true,"href":"https:\/\/www.pfarrei-due-wo.de\/index.php?rest_route=\/wp\/v2\/media\/12210"}],"wp:attachment":[{"href":"https:\/\/www.pfarrei-due-wo.de\/index.php?rest_route=%2Fwp%2Fv2%2Fmedia&parent=12206"}],"wp:term":[{"taxonomy":"category","embeddable":true,"href":"https:\/\/www.pfarrei-due-wo.de\/index.php?rest_route=%2Fwp%2Fv2%2Fcategories&post=12206"},{"taxonomy":"post_tag","embeddable":true,"href":"https:\/\/www.pfarrei-due-wo.de\/index.php?rest_route=%2Fwp%2Fv2%2Ftags&post=12206"}],"curies":[{"name":"wp","href":"https:\/\/api.w.org\/{rel}","templated":true}]}}