{"id":12179,"date":"2024-12-06T12:39:36","date_gmt":"2024-12-06T11:39:36","guid":{"rendered":"https:\/\/www.pfarrei-due-wo.de\/?p=12179"},"modified":"2025-01-04T23:28:35","modified_gmt":"2025-01-04T22:28:35","slug":"fuxdeiflswilder-abend-in-duernsricht","status":"publish","type":"post","link":"https:\/\/www.pfarrei-due-wo.de\/?p=12179","title":{"rendered":"Fuxdeiflswilder Abend in D\u00fcrnsricht"},"content":{"rendered":"<p>Einen fuxdeiflswilder Kabarettabend verspricht die Katholische Pfarrei St. Albertus Magnus am 01.02.2025<\/p>\n<p>Die Bauernseufzern und die Tanngrindler Musikanten st\u00fcrmen zusammen die B\u00fchne in der Sporthalle D\u00fcrnsricht. \u201eFuxdeiflswild\u201c &#8211; besser k\u00f6nnte ihr neues Programm nicht in unsere Zeit passen: Mit lustigem Kabarett, frechen Couplets, sowie rassiger oberpf\u00e4lzer Volksmusik bringen sie alle nervigen Dinge des Alltags auf die B\u00fchne. Alle Besucher bekommen dabei von Kapell-Leiter und Apotheker Dr. Frieder Ro\u00dfkopf ein geb\u00fchrenfreies Rezept f\u00fcrs Leben mit auf den Weg. Bekannt sind die Tanngrindler Musikanten von der BR Sendung \u201eBeim Hirzinger\u201c, oder vom M\u00fcnchner Oktoberfest. Die Bauernseufzer geh\u00f6ren zum festen Ensemble der BR Brettl-Spitzn. Karten gibt es ab sofort im Vorverkauf im Pfarrb\u00fcro zu den bekannten \u00d6ffnungszeiten.<\/p>\n<p>&nbsp;<\/p>\n<p>Eine Karte kostet im Vorverkauf 19,50\u20ac und an der Abendkasse 22\u20ac<\/p>\n<p>Einlass ist um 18 Uhr<\/p>\n<p>Beginn 20 Uhr (freie Sitzplatzwahl)<\/p>\n","protected":false},"excerpt":{"rendered":"<p>Einen fuxdeiflswilder Kabarettabend verspricht die Katholische Pfarrei St. Albertus Magnus am 01.02.2025 Die Bauernseufzern und die Tanngrindler Musikanten st\u00fcrmen zusammen die B\u00fchne in der Sporthalle D\u00fcrnsricht. \u201eFuxdeiflswild\u201c &#8211; besser k\u00f6nnte &hellip; <\/p>\n","protected":false},"author":7,"featured_media":12180,"comment_status":"closed","ping_status":"closed","sticky":false,"template":"","format":"standard","meta":{"jetpack_post_was_ever_published":false,"_jetpack_newsletter_access":"","_jetpack_dont_email_post_to_subs":false,"_jetpack_newsletter_tier_id":0,"_jetpack_memberships_contains_paywalled_content":false,"_jetpack_memberships_contains_paid_content":false,"footnotes":"","jetpack_publicize_message":"","jetpack_publicize_feature_enabled":true,"jetpack_social_post_already_shared":true,"jetpack_social_options":{"image_generator_settings":{"template":"highway","default_image_id":0,"font":"","enabled":false},"version":2}},"categories":[6],"tags":[],"class_list":["post-12179","post","type-post","status-publish","format-standard","has-post-thumbnail","hentry","category-pfarrei-erleben"],"jetpack_publicize_connections":[],"jetpack_featured_media_url":"https:\/\/i0.wp.com\/www.pfarrei-due-wo.de\/wp-content\/uploads\/2024\/12\/Fuxdeiflswild-neu-scaled.jpg?fit=2560%2C2345&ssl=1","jetpack_sharing_enabled":true,"jetpack_shortlink":"https:\/\/wp.me\/p8HCtc-3ar","jetpack-related-posts":[{"id":8949,"url":"https:\/\/www.pfarrei-due-wo.de\/?p=8949","url_meta":{"origin":12179,"position":0},"title":"Landjugend l\u00e4dt zum Faschingsball ins Jugendheim","author":"Matthias Heimler","date":"11. Februar 2023","format":false,"excerpt":"Zu einem rauschenden Faschingsabend lud die Landjugend D\u00fcrnsricht-Wolfring. G\u00e4ste aus dem Film- und Fernsehgesch\u00e4ft foglten der Einladung! Eigens war der rote Teppich im Jugendheim in Wolfring ausgerollt. Er empfing die kreativ verkleideten Faschingsg\u00e4ste, die sich alle am Motto orientierten: Film und Fernsehen. Bis sp\u00e4t abends str\u00f6mten die Faschingsnarren zum Jugendheim\u2026","rel":"","context":"In &quot;Pfarrei erleben&quot;","block_context":{"text":"Pfarrei erleben","link":"https:\/\/www.pfarrei-due-wo.de\/?cat=6"},"img":{"alt_text":"","src":"https:\/\/i0.wp.com\/www.pfarrei-due-wo.de\/wp-content\/uploads\/2023\/02\/20230210_222453-1-scaled.jpg?fit=1200%2C675&ssl=1&resize=350%2C200","width":350,"height":200,"srcset":"https:\/\/i0.wp.com\/www.pfarrei-due-wo.de\/wp-content\/uploads\/2023\/02\/20230210_222453-1-scaled.jpg?fit=1200%2C675&ssl=1&resize=350%2C200 1x, https:\/\/i0.wp.com\/www.pfarrei-due-wo.de\/wp-content\/uploads\/2023\/02\/20230210_222453-1-scaled.jpg?fit=1200%2C675&ssl=1&resize=525%2C300 1.5x, https:\/\/i0.wp.com\/www.pfarrei-due-wo.de\/wp-content\/uploads\/2023\/02\/20230210_222453-1-scaled.jpg?fit=1200%2C675&ssl=1&resize=700%2C400 2x, https:\/\/i0.wp.com\/www.pfarrei-due-wo.de\/wp-content\/uploads\/2023\/02\/20230210_222453-1-scaled.jpg?fit=1200%2C675&ssl=1&resize=1050%2C600 3x"},"classes":[]},{"id":8420,"url":"https:\/\/www.pfarrei-due-wo.de\/?p=8420","url_meta":{"origin":12179,"position":1},"title":"Namenstag der Pfarrkirche gefeiert","author":"Matthias Heimler","date":"16. November 2022","format":false,"excerpt":"Der Gedenktag des Heiligen Albertus Magnus (15.11.) ist f\u00fcr die Pfarrei D\u00fcrnsricht-Wolfring ein besonderer Tag. Der heilige Dominikanerm\u00f6nch und Wissenschaftler, der im 13. Jahrhundert lebte, ist n\u00e4mlich der Namenspatron der Pfarrkirche. Schon am Nachmittag beginnt die Patronatsfeier der Pfarrkirche, das Patrozinium, mit der Aussetzung des Allerheiligsten und der sogenannten \"Ewigen\u2026","rel":"","context":"In &quot;Erstkommunion&quot;","block_context":{"text":"Erstkommunion","link":"https:\/\/www.pfarrei-due-wo.de\/?cat=10"},"img":{"alt_text":"","src":"https:\/\/i0.wp.com\/www.pfarrei-due-wo.de\/wp-content\/uploads\/2022\/11\/IMG-20221116-WA0005.jpg?fit=1200%2C900&ssl=1&resize=350%2C200","width":350,"height":200,"srcset":"https:\/\/i0.wp.com\/www.pfarrei-due-wo.de\/wp-content\/uploads\/2022\/11\/IMG-20221116-WA0005.jpg?fit=1200%2C900&ssl=1&resize=350%2C200 1x, https:\/\/i0.wp.com\/www.pfarrei-due-wo.de\/wp-content\/uploads\/2022\/11\/IMG-20221116-WA0005.jpg?fit=1200%2C900&ssl=1&resize=525%2C300 1.5x, https:\/\/i0.wp.com\/www.pfarrei-due-wo.de\/wp-content\/uploads\/2022\/11\/IMG-20221116-WA0005.jpg?fit=1200%2C900&ssl=1&resize=700%2C400 2x, https:\/\/i0.wp.com\/www.pfarrei-due-wo.de\/wp-content\/uploads\/2022\/11\/IMG-20221116-WA0005.jpg?fit=1200%2C900&ssl=1&resize=1050%2C600 3x"},"classes":[]},{"id":10772,"url":"https:\/\/www.pfarrei-due-wo.de\/?p=10772","url_meta":{"origin":12179,"position":2},"title":"Feierliche Installation Pfarrer Georg Praun","author":"Florian Schiessl","date":"25. September 2023","format":false,"excerpt":"Im Herbst feierte die Pfarrei erneut ein wichtiges Ereignis. Es war die Installation des neuen Pfarrers Georg Praun. Er stammt aus Eschenbach i. d. Opf. und wurde vom Di\u00f6zesanbischof zum neuen Pfarrer ernannt. Mit einer gro\u00dfen Anzahl von Ministrantinnen und Ministranten zog er zusammen mit den Lektoren und Kommunionhelfern ein\u2026","rel":"","context":"In &quot;Pfarrei erleben&quot;","block_context":{"text":"Pfarrei erleben","link":"https:\/\/www.pfarrei-due-wo.de\/?cat=6"},"img":{"alt_text":"","src":"https:\/\/i0.wp.com\/www.pfarrei-due-wo.de\/wp-content\/uploads\/2023\/09\/DSC_0223-1.jpg?fit=1200%2C800&ssl=1&resize=350%2C200","width":350,"height":200,"srcset":"https:\/\/i0.wp.com\/www.pfarrei-due-wo.de\/wp-content\/uploads\/2023\/09\/DSC_0223-1.jpg?fit=1200%2C800&ssl=1&resize=350%2C200 1x, https:\/\/i0.wp.com\/www.pfarrei-due-wo.de\/wp-content\/uploads\/2023\/09\/DSC_0223-1.jpg?fit=1200%2C800&ssl=1&resize=525%2C300 1.5x, https:\/\/i0.wp.com\/www.pfarrei-due-wo.de\/wp-content\/uploads\/2023\/09\/DSC_0223-1.jpg?fit=1200%2C800&ssl=1&resize=700%2C400 2x, https:\/\/i0.wp.com\/www.pfarrei-due-wo.de\/wp-content\/uploads\/2023\/09\/DSC_0223-1.jpg?fit=1200%2C800&ssl=1&resize=1050%2C600 3x"},"classes":[]},{"id":8867,"url":"https:\/\/www.pfarrei-due-wo.de\/?p=8867","url_meta":{"origin":12179,"position":3},"title":"Ministranten spielen sich zum WolfgangsCup","author":"Matthias Heimler","date":"28. Januar 2023","format":false,"excerpt":"Am 28.01.2023 veranstaltete die Pfarrei St. Stephan Waldm\u00fcnchen das Regionaltunier der Ministranten 2023. Dieses Tunier ist Teil des WolfgngsCup der Di\u00f6zese Regensburg. Auch die Ministranten der Pfarrei D\u00fcrnsricht-Wolfring-H\u00f6gling waren mit einer Junioren- und einer Seniorenmannschaft vertreten. Seinen Ursprung hat der WolfgangsCup im BayernCup. Dieser wurde von den damaligen Ministrantenreferenten aus\u2026","rel":"","context":"In &quot;Jugend&quot;","block_context":{"text":"Jugend","link":"https:\/\/www.pfarrei-due-wo.de\/?cat=9"},"img":{"alt_text":"","src":"https:\/\/i0.wp.com\/www.pfarrei-due-wo.de\/wp-content\/uploads\/2023\/01\/IMG-20230128-WA0014.jpg?fit=1200%2C900&ssl=1&resize=350%2C200","width":350,"height":200,"srcset":"https:\/\/i0.wp.com\/www.pfarrei-due-wo.de\/wp-content\/uploads\/2023\/01\/IMG-20230128-WA0014.jpg?fit=1200%2C900&ssl=1&resize=350%2C200 1x, https:\/\/i0.wp.com\/www.pfarrei-due-wo.de\/wp-content\/uploads\/2023\/01\/IMG-20230128-WA0014.jpg?fit=1200%2C900&ssl=1&resize=525%2C300 1.5x, https:\/\/i0.wp.com\/www.pfarrei-due-wo.de\/wp-content\/uploads\/2023\/01\/IMG-20230128-WA0014.jpg?fit=1200%2C900&ssl=1&resize=700%2C400 2x, https:\/\/i0.wp.com\/www.pfarrei-due-wo.de\/wp-content\/uploads\/2023\/01\/IMG-20230128-WA0014.jpg?fit=1200%2C900&ssl=1&resize=1050%2C600 3x"},"classes":[]},{"id":10372,"url":"https:\/\/www.pfarrei-due-wo.de\/?p=10372","url_meta":{"origin":12179,"position":4},"title":"Nachprimiz mit P. Vinzenz Schlosser","author":"Matthias Heimler","date":"16. Juli 2023","format":false,"excerpt":"Die Feier der Nachprimiz von P. Vinzenz Schlosser lockte viele Gl\u00e4ubige in die Pfarrkirche. Mit dem Segen war die Feier nicht zu Ende. Der festliche Kirchenzug mit Jugendblaskapelle, Fahnenabordnungen und Vereinen setzte sich am Feuerwehrhaus D\u00fcrnsricht in Bewegung, um den Neupriester P. Vinzenz Schlosser CP und die Konzelebranten des Festgottesdienstes\u2026","rel":"","context":"In &quot;Gottesdienste&quot;","block_context":{"text":"Gottesdienste","link":"https:\/\/www.pfarrei-due-wo.de\/?cat=2"},"img":{"alt_text":"","src":"https:\/\/i0.wp.com\/www.pfarrei-due-wo.de\/wp-content\/uploads\/2023\/07\/2023.07.16-57-scaled.jpg?fit=1200%2C800&ssl=1&resize=350%2C200","width":350,"height":200,"srcset":"https:\/\/i0.wp.com\/www.pfarrei-due-wo.de\/wp-content\/uploads\/2023\/07\/2023.07.16-57-scaled.jpg?fit=1200%2C800&ssl=1&resize=350%2C200 1x, https:\/\/i0.wp.com\/www.pfarrei-due-wo.de\/wp-content\/uploads\/2023\/07\/2023.07.16-57-scaled.jpg?fit=1200%2C800&ssl=1&resize=525%2C300 1.5x, https:\/\/i0.wp.com\/www.pfarrei-due-wo.de\/wp-content\/uploads\/2023\/07\/2023.07.16-57-scaled.jpg?fit=1200%2C800&ssl=1&resize=700%2C400 2x, https:\/\/i0.wp.com\/www.pfarrei-due-wo.de\/wp-content\/uploads\/2023\/07\/2023.07.16-57-scaled.jpg?fit=1200%2C800&ssl=1&resize=1050%2C600 3x"},"classes":[]},{"id":12273,"url":"https:\/\/www.pfarrei-due-wo.de\/?p=12273","url_meta":{"origin":12179,"position":5},"title":"Hoher Besuch in D\u00fcrnsricht","author":"Florian Schiessl","date":"5. Januar 2025","format":false,"excerpt":"Besuche wie dieser, sind im Pfarrdorf D\u00fcrnsricht eher die Seltenheit. Am Kirchenportal der Pfarrkirche St.Albertus-Magnus empfingen Pfarrer Georg Praun und Kirchenpfleger G\u00fcnter Schie\u00dfl den hohen Gast aus Regensburg \u00a0Bischof Dr. Rudolf Voderholzer. Dieser kam zu einem Krippenbesuch in die Pfarrei. Im Kirchenraum wurde der Bischof von den Gl\u00e4ubigen mit dem\u2026","rel":"","context":"In &quot;Pfarrei erleben&quot;","block_context":{"text":"Pfarrei erleben","link":"https:\/\/www.pfarrei-due-wo.de\/?cat=6"},"img":{"alt_text":"","src":"https:\/\/i0.wp.com\/www.pfarrei-due-wo.de\/wp-content\/uploads\/2025\/01\/20250103_143435-2-1.jpg?fit=1200%2C879&ssl=1&resize=350%2C200","width":350,"height":200,"srcset":"https:\/\/i0.wp.com\/www.pfarrei-due-wo.de\/wp-content\/uploads\/2025\/01\/20250103_143435-2-1.jpg?fit=1200%2C879&ssl=1&resize=350%2C200 1x, https:\/\/i0.wp.com\/www.pfarrei-due-wo.de\/wp-content\/uploads\/2025\/01\/20250103_143435-2-1.jpg?fit=1200%2C879&ssl=1&resize=525%2C300 1.5x, https:\/\/i0.wp.com\/www.pfarrei-due-wo.de\/wp-content\/uploads\/2025\/01\/20250103_143435-2-1.jpg?fit=1200%2C879&ssl=1&resize=700%2C400 2x, https:\/\/i0.wp.com\/www.pfarrei-due-wo.de\/wp-content\/uploads\/2025\/01\/20250103_143435-2-1.jpg?fit=1200%2C879&ssl=1&resize=1050%2C600 3x"},"classes":[]}],"publishpress_future_action":{"enabled":false,"date":"2026-05-08 17:40:00","action":"change-status","newStatus":"draft","terms":[],"taxonomy":"category","extraData":[]},"publishpress_future_workflow_manual_trigger":{"enabledWorkflows":[]},"_links":{"self":[{"href":"https:\/\/www.pfarrei-due-wo.de\/index.php?rest_route=\/wp\/v2\/posts\/12179","targetHints":{"allow":["GET"]}}],"collection":[{"href":"https:\/\/www.pfarrei-due-wo.de\/index.php?rest_route=\/wp\/v2\/posts"}],"about":[{"href":"https:\/\/www.pfarrei-due-wo.de\/index.php?rest_route=\/wp\/v2\/types\/post"}],"author":[{"embeddable":true,"href":"https:\/\/www.pfarrei-due-wo.de\/index.php?rest_route=\/wp\/v2\/users\/7"}],"replies":[{"embeddable":true,"href":"https:\/\/www.pfarrei-due-wo.de\/index.php?rest_route=%2Fwp%2Fv2%2Fcomments&post=12179"}],"version-history":[{"count":1,"href":"https:\/\/www.pfarrei-due-wo.de\/index.php?rest_route=\/wp\/v2\/posts\/12179\/revisions"}],"predecessor-version":[{"id":12181,"href":"https:\/\/www.pfarrei-due-wo.de\/index.php?rest_route=\/wp\/v2\/posts\/12179\/revisions\/12181"}],"wp:featuredmedia":[{"embeddable":true,"href":"https:\/\/www.pfarrei-due-wo.de\/index.php?rest_route=\/wp\/v2\/media\/12180"}],"wp:attachment":[{"href":"https:\/\/www.pfarrei-due-wo.de\/index.php?rest_route=%2Fwp%2Fv2%2Fmedia&parent=12179"}],"wp:term":[{"taxonomy":"category","embeddable":true,"href":"https:\/\/www.pfarrei-due-wo.de\/index.php?rest_route=%2Fwp%2Fv2%2Fcategories&post=12179"},{"taxonomy":"post_tag","embeddable":true,"href":"https:\/\/www.pfarrei-due-wo.de\/index.php?rest_route=%2Fwp%2Fv2%2Ftags&post=12179"}],"curies":[{"name":"wp","href":"https:\/\/api.w.org\/{rel}","templated":true}]}}