{"id":12123,"date":"2024-11-17T20:04:00","date_gmt":"2024-11-17T19:04:00","guid":{"rendered":"https:\/\/www.pfarrei-due-wo.de\/?p=12123"},"modified":"2024-11-24T17:31:03","modified_gmt":"2024-11-24T16:31:03","slug":"patrozinium-der-pfarrkirche-gefeiert","status":"publish","type":"post","link":"https:\/\/www.pfarrei-due-wo.de\/?p=12123","title":{"rendered":"Patrozinium der Pfarrkirche gefeiert"},"content":{"rendered":"<p>Mit 12 Ministranten, den Kommunionkindern, dem Kirchenchor und einer stattlichen Zahl der Pfarreimitglieder wurde das Albertus Magnus Fest gefeiert. Nach dem Festgottesdienst grillte die Jugendfeuerwehr Stockbrot f\u00fcr die Kinder. Die Erwachsenen genossen in Tischgruppen dankbar die Schmankerl aus der K\u00fcche und freuten sich, dass sie so achtsam bedient wurden.<\/p>\n<div data-carousel-extra='{&quot;blog_id&quot;:1,&quot;permalink&quot;:&quot;https:\/\/www.pfarrei-due-wo.de\/?p=12123&quot;}' id='gallery-1' class='gallery galleryid-12123 gallery-columns-3 gallery-size-thumbnail'><figure class='gallery-item'>\n\t\t\t<div class='gallery-icon landscape'>\n\t\t\t\t<a href='https:\/\/www.pfarrei-due-wo.de\/?attachment_id=12124'><img loading=\"lazy\" decoding=\"async\" width=\"150\" height=\"150\" src=\"https:\/\/i0.wp.com\/www.pfarrei-due-wo.de\/wp-content\/uploads\/2024\/11\/IMG_0203-scaled.jpg?resize=150%2C150&amp;ssl=1\" class=\"attachment-thumbnail size-thumbnail\" alt=\"\" srcset=\"https:\/\/i0.wp.com\/www.pfarrei-due-wo.de\/wp-content\/uploads\/2024\/11\/IMG_0203-scaled.jpg?resize=150%2C150&amp;ssl=1 150w, https:\/\/i0.wp.com\/www.pfarrei-due-wo.de\/wp-content\/uploads\/2024\/11\/IMG_0203-scaled.jpg?zoom=2&amp;resize=150%2C150&amp;ssl=1 300w, https:\/\/i0.wp.com\/www.pfarrei-due-wo.de\/wp-content\/uploads\/2024\/11\/IMG_0203-scaled.jpg?zoom=3&amp;resize=150%2C150&amp;ssl=1 450w\" sizes=\"auto, (max-width: 150px) 100vw, 150px\" data-attachment-id=\"12124\" data-permalink=\"https:\/\/www.pfarrei-due-wo.de\/?attachment_id=12124\" data-orig-file=\"https:\/\/i0.wp.com\/www.pfarrei-due-wo.de\/wp-content\/uploads\/2024\/11\/IMG_0203-scaled.jpg?fit=2560%2C1920&amp;ssl=1\" data-orig-size=\"2560,1920\" data-comments-opened=\"0\" data-image-meta=\"{&quot;aperture&quot;:&quot;1.6&quot;,&quot;credit&quot;:&quot;&quot;,&quot;camera&quot;:&quot;iPhone 13&quot;,&quot;caption&quot;:&quot;&quot;,&quot;created_timestamp&quot;:&quot;1731694640&quot;,&quot;copyright&quot;:&quot;&quot;,&quot;focal_length&quot;:&quot;5.1&quot;,&quot;iso&quot;:&quot;320&quot;,&quot;shutter_speed&quot;:&quot;0.02&quot;,&quot;title&quot;:&quot;&quot;,&quot;orientation&quot;:&quot;1&quot;}\" data-image-title=\"IMG_0203\" data-image-description=\"\" data-image-caption=\"\" data-large-file=\"https:\/\/i0.wp.com\/www.pfarrei-due-wo.de\/wp-content\/uploads\/2024\/11\/IMG_0203-scaled.jpg?fit=750%2C563&amp;ssl=1\" \/><\/a>\n\t\t\t<\/div><\/figure><figure class='gallery-item'>\n\t\t\t<div class='gallery-icon portrait'>\n\t\t\t\t<a href='https:\/\/www.pfarrei-due-wo.de\/?attachment_id=12125'><img loading=\"lazy\" decoding=\"async\" width=\"150\" height=\"150\" src=\"https:\/\/i0.wp.com\/www.pfarrei-due-wo.de\/wp-content\/uploads\/2024\/11\/IMG_0206-scaled.jpg?resize=150%2C150&amp;ssl=1\" class=\"attachment-thumbnail size-thumbnail\" alt=\"\" srcset=\"https:\/\/i0.wp.com\/www.pfarrei-due-wo.de\/wp-content\/uploads\/2024\/11\/IMG_0206-scaled.jpg?resize=150%2C150&amp;ssl=1 150w, https:\/\/i0.wp.com\/www.pfarrei-due-wo.de\/wp-content\/uploads\/2024\/11\/IMG_0206-scaled.jpg?zoom=2&amp;resize=150%2C150&amp;ssl=1 300w, https:\/\/i0.wp.com\/www.pfarrei-due-wo.de\/wp-content\/uploads\/2024\/11\/IMG_0206-scaled.jpg?zoom=3&amp;resize=150%2C150&amp;ssl=1 450w\" sizes=\"auto, (max-width: 150px) 100vw, 150px\" data-attachment-id=\"12125\" data-permalink=\"https:\/\/www.pfarrei-due-wo.de\/?attachment_id=12125\" data-orig-file=\"https:\/\/i0.wp.com\/www.pfarrei-due-wo.de\/wp-content\/uploads\/2024\/11\/IMG_0206-scaled.jpg?fit=1920%2C2560&amp;ssl=1\" data-orig-size=\"1920,2560\" data-comments-opened=\"0\" data-image-meta=\"{&quot;aperture&quot;:&quot;1.6&quot;,&quot;credit&quot;:&quot;&quot;,&quot;camera&quot;:&quot;iPhone 13&quot;,&quot;caption&quot;:&quot;&quot;,&quot;created_timestamp&quot;:&quot;1731696733&quot;,&quot;copyright&quot;:&quot;&quot;,&quot;focal_length&quot;:&quot;5.1&quot;,&quot;iso&quot;:&quot;640&quot;,&quot;shutter_speed&quot;:&quot;0.03030303030303&quot;,&quot;title&quot;:&quot;&quot;,&quot;orientation&quot;:&quot;1&quot;}\" data-image-title=\"IMG_0206\" data-image-description=\"\" data-image-caption=\"\" data-large-file=\"https:\/\/i0.wp.com\/www.pfarrei-due-wo.de\/wp-content\/uploads\/2024\/11\/IMG_0206-scaled.jpg?fit=750%2C1000&amp;ssl=1\" \/><\/a>\n\t\t\t<\/div><\/figure>\n\t\t<\/div>\n\n<p>&nbsp;<\/p>\n<p>Text: Heinrich Rosner<\/p>\n<p>Bilder: Florian Schie\u00dfl<\/p>\n","protected":false},"excerpt":{"rendered":"<p>Mit 12 Ministranten, den Kommunionkindern, dem Kirchenchor und einer stattlichen Zahl der Pfarreimitglieder wurde das Albertus Magnus Fest gefeiert. Nach dem Festgottesdienst grillte die Jugendfeuerwehr Stockbrot f\u00fcr die Kinder. Die &hellip; <\/p>\n","protected":false},"author":7,"featured_media":11127,"comment_status":"closed","ping_status":"closed","sticky":false,"template":"","format":"standard","meta":{"jetpack_post_was_ever_published":false,"_jetpack_newsletter_access":"","_jetpack_dont_email_post_to_subs":false,"_jetpack_newsletter_tier_id":0,"_jetpack_memberships_contains_paywalled_content":false,"_jetpack_memberships_contains_paid_content":false,"footnotes":"","jetpack_publicize_message":"","jetpack_publicize_feature_enabled":true,"jetpack_social_post_already_shared":true,"jetpack_social_options":{"image_generator_settings":{"template":"highway","default_image_id":0,"font":"","enabled":false},"version":2}},"categories":[2,6],"tags":[],"class_list":["post-12123","post","type-post","status-publish","format-standard","has-post-thumbnail","hentry","category-gottesdienste","category-pfarrei-erleben"],"jetpack_publicize_connections":[],"jetpack_featured_media_url":"https:\/\/i0.wp.com\/www.pfarrei-due-wo.de\/wp-content\/uploads\/2023\/11\/DSC_0370-1.jpg?fit=2560%2C1706&ssl=1","jetpack_sharing_enabled":true,"jetpack_shortlink":"https:\/\/wp.me\/p8HCtc-39x","jetpack-related-posts":[{"id":5062,"url":"https:\/\/www.pfarrei-due-wo.de\/?p=5062","url_meta":{"origin":12123,"position":0},"title":"Erz\u00e4hl&#8216; uns mehr von Gott &#8211; Erstkommunion gefeiert","author":"Matthias Heimler","date":"6. Oktober 2020","format":false,"excerpt":"Reichlich sp\u00e4t im Kirchenjahr - den Corona-Beschr\u00e4nkungen geschuldet - konnte nun im September in der Pfarrei D\u00fcrnsricht-Wolfring mit Expositur H\u00f6gling Erstkommunion gefeiert werden. 28 Erstkommunionkinder, die mittlerweile die vierte Grundschulklasse besuchen, kamen mit ihren Eltern und Familien zusammen und erlebten einen sch\u00f6n gestalteten Gottesdienst, bei dem sie zum ersten Mal\u2026","rel":"","context":"In &quot;Erstkommunion&quot;","block_context":{"text":"Erstkommunion","link":"https:\/\/www.pfarrei-due-wo.de\/?cat=10"},"img":{"alt_text":"","src":"https:\/\/i0.wp.com\/www.pfarrei-due-wo.de\/wp-content\/uploads\/2020\/10\/2020-Erstkom.-05_bearb-scaled.jpg?fit=1200%2C800&ssl=1&resize=350%2C200","width":350,"height":200,"srcset":"https:\/\/i0.wp.com\/www.pfarrei-due-wo.de\/wp-content\/uploads\/2020\/10\/2020-Erstkom.-05_bearb-scaled.jpg?fit=1200%2C800&ssl=1&resize=350%2C200 1x, https:\/\/i0.wp.com\/www.pfarrei-due-wo.de\/wp-content\/uploads\/2020\/10\/2020-Erstkom.-05_bearb-scaled.jpg?fit=1200%2C800&ssl=1&resize=525%2C300 1.5x, https:\/\/i0.wp.com\/www.pfarrei-due-wo.de\/wp-content\/uploads\/2020\/10\/2020-Erstkom.-05_bearb-scaled.jpg?fit=1200%2C800&ssl=1&resize=700%2C400 2x, https:\/\/i0.wp.com\/www.pfarrei-due-wo.de\/wp-content\/uploads\/2020\/10\/2020-Erstkom.-05_bearb-scaled.jpg?fit=1200%2C800&ssl=1&resize=1050%2C600 3x"},"classes":[]},{"id":9794,"url":"https:\/\/www.pfarrei-due-wo.de\/?p=9794","url_meta":{"origin":12123,"position":1},"title":"25 Jahre Kapellenweihe Jeding gefeiert","author":"Matthias Heimler","date":"21. Mai 2023","format":false,"excerpt":"Mit einem sch\u00f6nen Fest bei sommerlichem Wetter wurde die Weihe der neuen Kapellen in Jeding vor 25 Jahre w\u00fcrdig feiert. Zum Festgottesdienst kamen viele Gl\u00e4ubige zusammen. Vor 25 Jahren konnte die neue Kapelle in Jeding feierlich eingeweiht werden. Dem Tag voraus ging die Gr\u00fcndung des Kapellenvereins Jeding, der sich den\u2026","rel":"","context":"In &quot;Gottesdienste&quot;","block_context":{"text":"Gottesdienste","link":"https:\/\/www.pfarrei-due-wo.de\/?cat=2"},"img":{"alt_text":"","src":"https:\/\/i0.wp.com\/www.pfarrei-due-wo.de\/wp-content\/uploads\/2023\/05\/2023.05.21-KapJed-118-scaled.jpg?fit=1200%2C800&ssl=1&resize=350%2C200","width":350,"height":200,"srcset":"https:\/\/i0.wp.com\/www.pfarrei-due-wo.de\/wp-content\/uploads\/2023\/05\/2023.05.21-KapJed-118-scaled.jpg?fit=1200%2C800&ssl=1&resize=350%2C200 1x, https:\/\/i0.wp.com\/www.pfarrei-due-wo.de\/wp-content\/uploads\/2023\/05\/2023.05.21-KapJed-118-scaled.jpg?fit=1200%2C800&ssl=1&resize=525%2C300 1.5x, https:\/\/i0.wp.com\/www.pfarrei-due-wo.de\/wp-content\/uploads\/2023\/05\/2023.05.21-KapJed-118-scaled.jpg?fit=1200%2C800&ssl=1&resize=700%2C400 2x, https:\/\/i0.wp.com\/www.pfarrei-due-wo.de\/wp-content\/uploads\/2023\/05\/2023.05.21-KapJed-118-scaled.jpg?fit=1200%2C800&ssl=1&resize=1050%2C600 3x"},"classes":[]},{"id":9299,"url":"https:\/\/www.pfarrei-due-wo.de\/?p=9299","url_meta":{"origin":12123,"position":2},"title":"Auferstehung ist unsere Hoffnung &#8211; Ostergottesdienste feiern das ewige Leben","author":"Matthias Heimler","date":"9. April 2023","format":false,"excerpt":"Die Ostergottesdienste in der Pfarrei waren gepr\u00e4gt von der froh- und mutmachenden Botschaft: Jesus ist auferstanden! Und das wurde auch festlich gefeiert. Zur Osternacht versammelten sich die Gl\u00e4ubigen in den fr\u00fchen Morgenstunden des Ostersonntags in der Pfarrkirche. Dort hatten bereits am Nachmittag zuvor viele flei\u00dfige Frauen und M\u00e4nner den Kirchenraum\u2026","rel":"","context":"In &quot;Gottesdienste&quot;","block_context":{"text":"Gottesdienste","link":"https:\/\/www.pfarrei-due-wo.de\/?cat=2"},"img":{"alt_text":"","src":"https:\/\/i0.wp.com\/www.pfarrei-due-wo.de\/wp-content\/uploads\/2023\/04\/2023.04.09-05-OS-scaled.jpg?fit=1200%2C800&ssl=1&resize=350%2C200","width":350,"height":200,"srcset":"https:\/\/i0.wp.com\/www.pfarrei-due-wo.de\/wp-content\/uploads\/2023\/04\/2023.04.09-05-OS-scaled.jpg?fit=1200%2C800&ssl=1&resize=350%2C200 1x, https:\/\/i0.wp.com\/www.pfarrei-due-wo.de\/wp-content\/uploads\/2023\/04\/2023.04.09-05-OS-scaled.jpg?fit=1200%2C800&ssl=1&resize=525%2C300 1.5x, https:\/\/i0.wp.com\/www.pfarrei-due-wo.de\/wp-content\/uploads\/2023\/04\/2023.04.09-05-OS-scaled.jpg?fit=1200%2C800&ssl=1&resize=700%2C400 2x, https:\/\/i0.wp.com\/www.pfarrei-due-wo.de\/wp-content\/uploads\/2023\/04\/2023.04.09-05-OS-scaled.jpg?fit=1200%2C800&ssl=1&resize=1050%2C600 3x"},"classes":[]},{"id":10976,"url":"https:\/\/www.pfarrei-due-wo.de\/?p=10976","url_meta":{"origin":12123,"position":3},"title":"Allerheiligen und Allerseelen gefeiert","author":"Florian Schiessl","date":"3. November 2023","format":false,"excerpt":"Die Festgottesdienste am Allerheiligentag sind dem Gedenken aller Heiligen gewidmet. Traditionell wurde der Allerseelentag voraus genommen und es wurde in einer Andacht der Verstorbenen seit dem letzten Allerheiligenfest gedacht. F\u00fcr sie wurde eine Kerze angez\u00fcndet. Anschlie\u00dfend wurden die Gr\u00e4ber der Familien auf dem Friedhof gesegnet. Am Allerseelentag fand ein Gottesdienst\u2026","rel":"","context":"In &quot;Gottesdienste&quot;","block_context":{"text":"Gottesdienste","link":"https:\/\/www.pfarrei-due-wo.de\/?cat=2"},"img":{"alt_text":"","src":"https:\/\/i0.wp.com\/www.pfarrei-due-wo.de\/wp-content\/uploads\/2023\/11\/PHOTO-2023-11-02-19-10-16.jpg?fit=1200%2C900&ssl=1&resize=350%2C200","width":350,"height":200,"srcset":"https:\/\/i0.wp.com\/www.pfarrei-due-wo.de\/wp-content\/uploads\/2023\/11\/PHOTO-2023-11-02-19-10-16.jpg?fit=1200%2C900&ssl=1&resize=350%2C200 1x, https:\/\/i0.wp.com\/www.pfarrei-due-wo.de\/wp-content\/uploads\/2023\/11\/PHOTO-2023-11-02-19-10-16.jpg?fit=1200%2C900&ssl=1&resize=525%2C300 1.5x, https:\/\/i0.wp.com\/www.pfarrei-due-wo.de\/wp-content\/uploads\/2023\/11\/PHOTO-2023-11-02-19-10-16.jpg?fit=1200%2C900&ssl=1&resize=700%2C400 2x, https:\/\/i0.wp.com\/www.pfarrei-due-wo.de\/wp-content\/uploads\/2023\/11\/PHOTO-2023-11-02-19-10-16.jpg?fit=1200%2C900&ssl=1&resize=1050%2C600 3x"},"classes":[]},{"id":13183,"url":"https:\/\/www.pfarrei-due-wo.de\/?p=13183","url_meta":{"origin":12123,"position":4},"title":"Allerheiligen und Allerseelen in der Pfarrei St. Albertus Magnus gefeiert!","author":"Florian Schiessl","date":"6. November 2025","format":false,"excerpt":"Ver\u00e4nderungen gab es heuer in der Pfarrei St. Albertus Magnus beim Allerheiligenfest. Bei allen Festgottesdiensten wurde nach der Predigt der Menschen gedacht, die seit dem letzten Allerheiligenfest verstorben sind und eine Kerze entz\u00fcndet. Den Gottesdienst in der Pfarrkirche feiert auch Pfarrer Rosner mit. Im Anschluss wurden die Gr\u00e4ber mit Weihwasser\u2026","rel":"","context":"In &quot;Gottesdienste&quot;","block_context":{"text":"Gottesdienste","link":"https:\/\/www.pfarrei-due-wo.de\/?cat=2"},"img":{"alt_text":"","src":"https:\/\/i0.wp.com\/www.pfarrei-due-wo.de\/wp-content\/uploads\/2025\/11\/PHOTO-2025-11-02-17-37-48-4.jpg?fit=1200%2C900&ssl=1&resize=350%2C200","width":350,"height":200,"srcset":"https:\/\/i0.wp.com\/www.pfarrei-due-wo.de\/wp-content\/uploads\/2025\/11\/PHOTO-2025-11-02-17-37-48-4.jpg?fit=1200%2C900&ssl=1&resize=350%2C200 1x, https:\/\/i0.wp.com\/www.pfarrei-due-wo.de\/wp-content\/uploads\/2025\/11\/PHOTO-2025-11-02-17-37-48-4.jpg?fit=1200%2C900&ssl=1&resize=525%2C300 1.5x, https:\/\/i0.wp.com\/www.pfarrei-due-wo.de\/wp-content\/uploads\/2025\/11\/PHOTO-2025-11-02-17-37-48-4.jpg?fit=1200%2C900&ssl=1&resize=700%2C400 2x, https:\/\/i0.wp.com\/www.pfarrei-due-wo.de\/wp-content\/uploads\/2025\/11\/PHOTO-2025-11-02-17-37-48-4.jpg?fit=1200%2C900&ssl=1&resize=1050%2C600 3x"},"classes":[]},{"id":8420,"url":"https:\/\/www.pfarrei-due-wo.de\/?p=8420","url_meta":{"origin":12123,"position":5},"title":"Namenstag der Pfarrkirche gefeiert","author":"Matthias Heimler","date":"16. November 2022","format":false,"excerpt":"Der Gedenktag des Heiligen Albertus Magnus (15.11.) ist f\u00fcr die Pfarrei D\u00fcrnsricht-Wolfring ein besonderer Tag. Der heilige Dominikanerm\u00f6nch und Wissenschaftler, der im 13. Jahrhundert lebte, ist n\u00e4mlich der Namenspatron der Pfarrkirche. Schon am Nachmittag beginnt die Patronatsfeier der Pfarrkirche, das Patrozinium, mit der Aussetzung des Allerheiligsten und der sogenannten \"Ewigen\u2026","rel":"","context":"In &quot;Erstkommunion&quot;","block_context":{"text":"Erstkommunion","link":"https:\/\/www.pfarrei-due-wo.de\/?cat=10"},"img":{"alt_text":"","src":"https:\/\/i0.wp.com\/www.pfarrei-due-wo.de\/wp-content\/uploads\/2022\/11\/IMG-20221116-WA0005.jpg?fit=1200%2C900&ssl=1&resize=350%2C200","width":350,"height":200,"srcset":"https:\/\/i0.wp.com\/www.pfarrei-due-wo.de\/wp-content\/uploads\/2022\/11\/IMG-20221116-WA0005.jpg?fit=1200%2C900&ssl=1&resize=350%2C200 1x, https:\/\/i0.wp.com\/www.pfarrei-due-wo.de\/wp-content\/uploads\/2022\/11\/IMG-20221116-WA0005.jpg?fit=1200%2C900&ssl=1&resize=525%2C300 1.5x, https:\/\/i0.wp.com\/www.pfarrei-due-wo.de\/wp-content\/uploads\/2022\/11\/IMG-20221116-WA0005.jpg?fit=1200%2C900&ssl=1&resize=700%2C400 2x, https:\/\/i0.wp.com\/www.pfarrei-due-wo.de\/wp-content\/uploads\/2022\/11\/IMG-20221116-WA0005.jpg?fit=1200%2C900&ssl=1&resize=1050%2C600 3x"},"classes":[]}],"publishpress_future_action":{"enabled":false,"date":"2026-05-07 09:29:00","action":"change-status","newStatus":"draft","terms":[],"taxonomy":"category","extraData":[]},"publishpress_future_workflow_manual_trigger":{"enabledWorkflows":[]},"_links":{"self":[{"href":"https:\/\/www.pfarrei-due-wo.de\/index.php?rest_route=\/wp\/v2\/posts\/12123","targetHints":{"allow":["GET"]}}],"collection":[{"href":"https:\/\/www.pfarrei-due-wo.de\/index.php?rest_route=\/wp\/v2\/posts"}],"about":[{"href":"https:\/\/www.pfarrei-due-wo.de\/index.php?rest_route=\/wp\/v2\/types\/post"}],"author":[{"embeddable":true,"href":"https:\/\/www.pfarrei-due-wo.de\/index.php?rest_route=\/wp\/v2\/users\/7"}],"replies":[{"embeddable":true,"href":"https:\/\/www.pfarrei-due-wo.de\/index.php?rest_route=%2Fwp%2Fv2%2Fcomments&post=12123"}],"version-history":[{"count":1,"href":"https:\/\/www.pfarrei-due-wo.de\/index.php?rest_route=\/wp\/v2\/posts\/12123\/revisions"}],"predecessor-version":[{"id":12126,"href":"https:\/\/www.pfarrei-due-wo.de\/index.php?rest_route=\/wp\/v2\/posts\/12123\/revisions\/12126"}],"wp:featuredmedia":[{"embeddable":true,"href":"https:\/\/www.pfarrei-due-wo.de\/index.php?rest_route=\/wp\/v2\/media\/11127"}],"wp:attachment":[{"href":"https:\/\/www.pfarrei-due-wo.de\/index.php?rest_route=%2Fwp%2Fv2%2Fmedia&parent=12123"}],"wp:term":[{"taxonomy":"category","embeddable":true,"href":"https:\/\/www.pfarrei-due-wo.de\/index.php?rest_route=%2Fwp%2Fv2%2Fcategories&post=12123"},{"taxonomy":"post_tag","embeddable":true,"href":"https:\/\/www.pfarrei-due-wo.de\/index.php?rest_route=%2Fwp%2Fv2%2Ftags&post=12123"}],"curies":[{"name":"wp","href":"https:\/\/api.w.org\/{rel}","templated":true}]}}