{"id":11475,"date":"2024-02-18T23:39:23","date_gmt":"2024-02-18T22:39:23","guid":{"rendered":"https:\/\/www.pfarrei-due-wo.de\/?p=11475"},"modified":"2024-03-04T22:07:31","modified_gmt":"2024-03-04T21:07:31","slug":"herzlich-willkommen-v-jithin-thadathil-abraham","status":"publish","type":"post","link":"https:\/\/www.pfarrei-due-wo.de\/?p=11475","title":{"rendered":"Herzlich Willkommen V. Jithin Thadathil Abraham"},"content":{"rendered":"<p>Zur Urlaubsvertretung f\u00fcr Pfarrer Georg Praun d\u00fcrfen wir in unserer Pfarrei V. Jithin Thadathil Abraham begr\u00fc\u00dfen.<\/p>\n<p>Er kommt aus Kerala im S\u00fcden Indiens und geh\u00f6rt zur Di\u00f6zese Pathanamthitta der syro-malankarischen katholischen Kirche.<\/p>\n<p>Im Dezember 2019 ist er zum Priester geweiht worden. Seit zwei Jahren studiert er an der Katholischen Universit\u00e4t Eichst\u00e4tt und macht gerade seinen Lizentiat in Bibelwissenschaften.<\/p>\n<p>In denn kommenden drei Wochen wohnt er im Pfarrhaus und \u00fcbernimmt die Seelsorgevertretung.<\/p>\n<p>&nbsp;<\/p>\n<p>&nbsp;<\/p>\n","protected":false},"excerpt":{"rendered":"<p>Zur Urlaubsvertretung f\u00fcr Pfarrer Georg Praun d\u00fcrfen wir in unserer Pfarrei V. Jithin Thadathil Abraham begr\u00fc\u00dfen. Er kommt aus Kerala im S\u00fcden Indiens und geh\u00f6rt zur Di\u00f6zese Pathanamthitta der syro-malankarischen &hellip; <\/p>\n","protected":false},"author":7,"featured_media":11476,"comment_status":"closed","ping_status":"closed","sticky":false,"template":"","format":"standard","meta":{"jetpack_post_was_ever_published":false,"_jetpack_newsletter_access":"","_jetpack_dont_email_post_to_subs":false,"_jetpack_newsletter_tier_id":0,"_jetpack_memberships_contains_paywalled_content":false,"_jetpack_memberships_contains_paid_content":false,"footnotes":"","jetpack_publicize_message":"","jetpack_publicize_feature_enabled":true,"jetpack_social_post_already_shared":true,"jetpack_social_options":{"image_generator_settings":{"template":"highway","default_image_id":0,"font":"","enabled":false},"version":2}},"categories":[2,6],"tags":[],"class_list":["post-11475","post","type-post","status-publish","format-standard","has-post-thumbnail","hentry","category-gottesdienste","category-pfarrei-erleben"],"jetpack_publicize_connections":[],"jetpack_featured_media_url":"https:\/\/i0.wp.com\/www.pfarrei-due-wo.de\/wp-content\/uploads\/2024\/02\/IMG_0872-scaled.jpg?fit=1920%2C2560&ssl=1","jetpack_sharing_enabled":true,"jetpack_shortlink":"https:\/\/wp.me\/p8HCtc-2Z5","jetpack-related-posts":[{"id":8355,"url":"https:\/\/www.pfarrei-due-wo.de\/?p=8355","url_meta":{"origin":11475,"position":0},"title":"Dr. Marlene Groitl absolviert Kurs zur LeA-Trainerin","author":"Matthias Heimler","date":"2. Dezember 2022","format":false,"excerpt":"Was ist mit LeA eigentlich gemeint? \"Ausgeschrieben bedeuten die Buchstaben LeA Lebensqualit\u00e4t f\u00fcrs Alter. Der Kurs wird von der KEB (Katholischen Erwachsenenbildung) veranstaltet und beinhaltet sechs Module, wie man \u00e4ltere Menschen zu mehr Lebensqualit\u00e4t im Alter anleiten kann\", so die frisch ausgebildete LeA-Trainerin Dr. Marlene Groitl. \u00a0 Lebensqualit\u00e4t im Alter\u2026","rel":"","context":"In &quot;Bildungsveranstaltung&quot;","block_context":{"text":"Bildungsveranstaltung","link":"https:\/\/www.pfarrei-due-wo.de\/?cat=7"},"img":{"alt_text":"","src":"https:\/\/i0.wp.com\/www.pfarrei-due-wo.de\/wp-content\/uploads\/2022\/11\/20221109_161758-scaled-e1669985669682.jpg?fit=1200%2C753&ssl=1&resize=350%2C200","width":350,"height":200,"srcset":"https:\/\/i0.wp.com\/www.pfarrei-due-wo.de\/wp-content\/uploads\/2022\/11\/20221109_161758-scaled-e1669985669682.jpg?fit=1200%2C753&ssl=1&resize=350%2C200 1x, https:\/\/i0.wp.com\/www.pfarrei-due-wo.de\/wp-content\/uploads\/2022\/11\/20221109_161758-scaled-e1669985669682.jpg?fit=1200%2C753&ssl=1&resize=525%2C300 1.5x, https:\/\/i0.wp.com\/www.pfarrei-due-wo.de\/wp-content\/uploads\/2022\/11\/20221109_161758-scaled-e1669985669682.jpg?fit=1200%2C753&ssl=1&resize=700%2C400 2x, https:\/\/i0.wp.com\/www.pfarrei-due-wo.de\/wp-content\/uploads\/2022\/11\/20221109_161758-scaled-e1669985669682.jpg?fit=1200%2C753&ssl=1&resize=1050%2C600 3x"},"classes":[]},{"id":4734,"url":"https:\/\/www.pfarrei-due-wo.de\/?p=4734","url_meta":{"origin":11475,"position":1},"title":"Maiandacht des Katholischen Landvolks in Wolfringm\u00fchle","author":"Matthias Heimler","date":"30. Mai 2020","format":false,"excerpt":"Bei strahlender Abendsonne versammelten sich zahlreiche Gl\u00e4ubige zur Maiandacht bei der Kapelle in Wolfringm\u00fchle. Die Andacht stand unter dem Motto \u201eMaria \u2013 Mutter Europas\u201c und schlug die Br\u00fccke zur Europafahne mit ihren zw\u00f6lf Sternen. Das gehe auf die Offenbarung des Johannes zur\u00fcck, der die Mutter Gottes mit zw\u00f6lf Sternen umkr\u00e4nzt\u2026","rel":"","context":"In &quot;Gottesdienste&quot;","block_context":{"text":"Gottesdienste","link":"https:\/\/www.pfarrei-due-wo.de\/?cat=2"},"img":{"alt_text":"","src":"https:\/\/i0.wp.com\/www.pfarrei-due-wo.de\/wp-content\/uploads\/2020\/05\/Maiandacht-3-scaled.jpg?fit=1200%2C900&ssl=1&resize=350%2C200","width":350,"height":200,"srcset":"https:\/\/i0.wp.com\/www.pfarrei-due-wo.de\/wp-content\/uploads\/2020\/05\/Maiandacht-3-scaled.jpg?fit=1200%2C900&ssl=1&resize=350%2C200 1x, https:\/\/i0.wp.com\/www.pfarrei-due-wo.de\/wp-content\/uploads\/2020\/05\/Maiandacht-3-scaled.jpg?fit=1200%2C900&ssl=1&resize=525%2C300 1.5x, https:\/\/i0.wp.com\/www.pfarrei-due-wo.de\/wp-content\/uploads\/2020\/05\/Maiandacht-3-scaled.jpg?fit=1200%2C900&ssl=1&resize=700%2C400 2x, https:\/\/i0.wp.com\/www.pfarrei-due-wo.de\/wp-content\/uploads\/2020\/05\/Maiandacht-3-scaled.jpg?fit=1200%2C900&ssl=1&resize=1050%2C600 3x"},"classes":[]},{"id":12513,"url":"https:\/\/www.pfarrei-due-wo.de\/?p=12513","url_meta":{"origin":11475,"position":2},"title":"Aschmermittwoch in der Pfarrei","author":"Florian Schiessl","date":"7. M\u00e4rz 2025","format":false,"excerpt":"Zu Beginn der Vorbereitungszeit auf Ostern\u00a0 versammelten sich - am Aschermittwoch - um 16 Uhr Kinder mit ihren Eltern und Gro\u00dfeltern in der Pfarrkirche. Wir machten uns bewusst: Das Licht der Christuskerze begleitet uns durch diese 40 Tage, die wir mit dem Aschenkreuz begonnen haben. Dabei wurde allen Anwesenden zugesagt:\u00a0\u2026","rel":"","context":"In &quot;Gottesdienste&quot;","block_context":{"text":"Gottesdienste","link":"https:\/\/www.pfarrei-due-wo.de\/?cat=2"},"img":{"alt_text":"","src":"https:\/\/i0.wp.com\/www.pfarrei-due-wo.de\/wp-content\/uploads\/2025\/03\/IMG_1131-scaled.jpg?fit=900%2C1200&ssl=1&resize=350%2C200","width":350,"height":200,"srcset":"https:\/\/i0.wp.com\/www.pfarrei-due-wo.de\/wp-content\/uploads\/2025\/03\/IMG_1131-scaled.jpg?fit=900%2C1200&ssl=1&resize=350%2C200 1x, https:\/\/i0.wp.com\/www.pfarrei-due-wo.de\/wp-content\/uploads\/2025\/03\/IMG_1131-scaled.jpg?fit=900%2C1200&ssl=1&resize=525%2C300 1.5x, https:\/\/i0.wp.com\/www.pfarrei-due-wo.de\/wp-content\/uploads\/2025\/03\/IMG_1131-scaled.jpg?fit=900%2C1200&ssl=1&resize=700%2C400 2x"},"classes":[]},{"id":5056,"url":"https:\/\/www.pfarrei-due-wo.de\/?p=5056","url_meta":{"origin":11475,"position":3},"title":"Erntedank &#8211; in diesem Jahr erst recht!","author":"Matthias Heimler","date":"6. Oktober 2020","format":false,"excerpt":"Der diesj\u00e4hrige Erntedankgottesdienst der Pfarrei D\u00fcrnsricht-Wolfring fand auf dem Kirchplatz unter freiem Himmel statt. Gerade in einem Pandemiejahr wie in diesem, stellte Pfarrer Michael Hoch eingangs fest, biete es sich an, noch einmal bewusst \"Danke!\" zu sagen. Im Mittelpunkt des Erntedankgottesdienstes, der von Mitgliedern des Katholischen Landvolks vorbereitet wurde, stand\u2026","rel":"","context":"In &quot;Gottesdienste&quot;","block_context":{"text":"Gottesdienste","link":"https:\/\/www.pfarrei-due-wo.de\/?cat=2"},"img":{"alt_text":"","src":"https:\/\/i0.wp.com\/www.pfarrei-due-wo.de\/wp-content\/uploads\/2020\/10\/Erntealtar-2020-scaled.jpg?fit=1200%2C660&ssl=1&resize=350%2C200","width":350,"height":200,"srcset":"https:\/\/i0.wp.com\/www.pfarrei-due-wo.de\/wp-content\/uploads\/2020\/10\/Erntealtar-2020-scaled.jpg?fit=1200%2C660&ssl=1&resize=350%2C200 1x, https:\/\/i0.wp.com\/www.pfarrei-due-wo.de\/wp-content\/uploads\/2020\/10\/Erntealtar-2020-scaled.jpg?fit=1200%2C660&ssl=1&resize=525%2C300 1.5x, https:\/\/i0.wp.com\/www.pfarrei-due-wo.de\/wp-content\/uploads\/2020\/10\/Erntealtar-2020-scaled.jpg?fit=1200%2C660&ssl=1&resize=700%2C400 2x, https:\/\/i0.wp.com\/www.pfarrei-due-wo.de\/wp-content\/uploads\/2020\/10\/Erntealtar-2020-scaled.jpg?fit=1200%2C660&ssl=1&resize=1050%2C600 3x"},"classes":[]},{"id":11560,"url":"https:\/\/www.pfarrei-due-wo.de\/?p=11560","url_meta":{"origin":11475,"position":4},"title":"Treffen der Senioren","author":"Matthias Heimler","date":"13. M\u00e4rz 2024","format":false,"excerpt":"Am Donnerstag, den 07.03. trafen sich die Senioren der Pfarrei in D\u00fcrnsricht. Pater Abraham \u00fcbernahm das Vorbeten des Kreuzweges und Martina Neubauer spielte auf der Orgel zu jeder Station eine passsende Liedstrophe. Anschlie\u00dfend begr\u00fc\u00dfte Frau Heimler die Teilnehmer im bis zum letzten Platz gef\u00fcllten Albertus-Magnus-Saal. Vor allem konnte sie den\u2026","rel":"","context":"In &quot;Senioren&quot;","block_context":{"text":"Senioren","link":"https:\/\/www.pfarrei-due-wo.de\/?cat=5"},"img":{"alt_text":"","src":"https:\/\/i0.wp.com\/www.pfarrei-due-wo.de\/wp-content\/uploads\/2024\/03\/senioren_kreuzweg_1-scaled.jpg?fit=1200%2C800&ssl=1&resize=350%2C200","width":350,"height":200,"srcset":"https:\/\/i0.wp.com\/www.pfarrei-due-wo.de\/wp-content\/uploads\/2024\/03\/senioren_kreuzweg_1-scaled.jpg?fit=1200%2C800&ssl=1&resize=350%2C200 1x, https:\/\/i0.wp.com\/www.pfarrei-due-wo.de\/wp-content\/uploads\/2024\/03\/senioren_kreuzweg_1-scaled.jpg?fit=1200%2C800&ssl=1&resize=525%2C300 1.5x, https:\/\/i0.wp.com\/www.pfarrei-due-wo.de\/wp-content\/uploads\/2024\/03\/senioren_kreuzweg_1-scaled.jpg?fit=1200%2C800&ssl=1&resize=700%2C400 2x, https:\/\/i0.wp.com\/www.pfarrei-due-wo.de\/wp-content\/uploads\/2024\/03\/senioren_kreuzweg_1-scaled.jpg?fit=1200%2C800&ssl=1&resize=1050%2C600 3x"},"classes":[]},{"id":10772,"url":"https:\/\/www.pfarrei-due-wo.de\/?p=10772","url_meta":{"origin":11475,"position":5},"title":"Feierliche Installation Pfarrer Georg Praun","author":"Florian Schiessl","date":"25. September 2023","format":false,"excerpt":"Im Herbst feierte die Pfarrei erneut ein wichtiges Ereignis. Es war die Installation des neuen Pfarrers Georg Praun. Er stammt aus Eschenbach i. d. Opf. und wurde vom Di\u00f6zesanbischof zum neuen Pfarrer ernannt. Mit einer gro\u00dfen Anzahl von Ministrantinnen und Ministranten zog er zusammen mit den Lektoren und Kommunionhelfern ein\u2026","rel":"","context":"In &quot;Pfarrei erleben&quot;","block_context":{"text":"Pfarrei erleben","link":"https:\/\/www.pfarrei-due-wo.de\/?cat=6"},"img":{"alt_text":"","src":"https:\/\/i0.wp.com\/www.pfarrei-due-wo.de\/wp-content\/uploads\/2023\/09\/DSC_0223-1.jpg?fit=1200%2C800&ssl=1&resize=350%2C200","width":350,"height":200,"srcset":"https:\/\/i0.wp.com\/www.pfarrei-due-wo.de\/wp-content\/uploads\/2023\/09\/DSC_0223-1.jpg?fit=1200%2C800&ssl=1&resize=350%2C200 1x, https:\/\/i0.wp.com\/www.pfarrei-due-wo.de\/wp-content\/uploads\/2023\/09\/DSC_0223-1.jpg?fit=1200%2C800&ssl=1&resize=525%2C300 1.5x, https:\/\/i0.wp.com\/www.pfarrei-due-wo.de\/wp-content\/uploads\/2023\/09\/DSC_0223-1.jpg?fit=1200%2C800&ssl=1&resize=700%2C400 2x, https:\/\/i0.wp.com\/www.pfarrei-due-wo.de\/wp-content\/uploads\/2023\/09\/DSC_0223-1.jpg?fit=1200%2C800&ssl=1&resize=1050%2C600 3x"},"classes":[]}],"publishpress_future_action":{"enabled":false,"date":"2026-05-05 13:32:53","action":"change-status","newStatus":"draft","terms":[],"taxonomy":"category","extraData":[]},"publishpress_future_workflow_manual_trigger":{"enabledWorkflows":[]},"_links":{"self":[{"href":"https:\/\/www.pfarrei-due-wo.de\/index.php?rest_route=\/wp\/v2\/posts\/11475","targetHints":{"allow":["GET"]}}],"collection":[{"href":"https:\/\/www.pfarrei-due-wo.de\/index.php?rest_route=\/wp\/v2\/posts"}],"about":[{"href":"https:\/\/www.pfarrei-due-wo.de\/index.php?rest_route=\/wp\/v2\/types\/post"}],"author":[{"embeddable":true,"href":"https:\/\/www.pfarrei-due-wo.de\/index.php?rest_route=\/wp\/v2\/users\/7"}],"replies":[{"embeddable":true,"href":"https:\/\/www.pfarrei-due-wo.de\/index.php?rest_route=%2Fwp%2Fv2%2Fcomments&post=11475"}],"version-history":[{"count":2,"href":"https:\/\/www.pfarrei-due-wo.de\/index.php?rest_route=\/wp\/v2\/posts\/11475\/revisions"}],"predecessor-version":[{"id":11478,"href":"https:\/\/www.pfarrei-due-wo.de\/index.php?rest_route=\/wp\/v2\/posts\/11475\/revisions\/11478"}],"wp:featuredmedia":[{"embeddable":true,"href":"https:\/\/www.pfarrei-due-wo.de\/index.php?rest_route=\/wp\/v2\/media\/11476"}],"wp:attachment":[{"href":"https:\/\/www.pfarrei-due-wo.de\/index.php?rest_route=%2Fwp%2Fv2%2Fmedia&parent=11475"}],"wp:term":[{"taxonomy":"category","embeddable":true,"href":"https:\/\/www.pfarrei-due-wo.de\/index.php?rest_route=%2Fwp%2Fv2%2Fcategories&post=11475"},{"taxonomy":"post_tag","embeddable":true,"href":"https:\/\/www.pfarrei-due-wo.de\/index.php?rest_route=%2Fwp%2Fv2%2Ftags&post=11475"}],"curies":[{"name":"wp","href":"https:\/\/api.w.org\/{rel}","templated":true}]}}