{"id":11432,"date":"2024-02-15T11:23:01","date_gmt":"2024-02-15T10:23:01","guid":{"rendered":"https:\/\/www.pfarrei-due-wo.de\/?p=11432"},"modified":"2024-03-01T20:50:26","modified_gmt":"2024-03-01T19:50:26","slug":"bedenke-mensch-dass-du-staub-bist-und-zum-staube-zurueckkehrst-aschermittwoch-2024","status":"publish","type":"post","link":"https:\/\/www.pfarrei-due-wo.de\/?p=11432","title":{"rendered":"Bedenke Mensch, dass du Staub bist und zum Staube zur\u00fcckkehrst &#8211; Aschermittwoch 2024"},"content":{"rendered":"<p>Ist der Mensch blo\u00df Staub, oder ist er dennoch mehr als Staub?<\/p>\n<p>Dieser Frage ging Pfarrer Praun anhand der Predigt nach, wobei er auf die humorhafte Geschichte \u201eKannitverstan\u201c verwies, die von den Gebr\u00fcdern Grimm \u00fcberliefert ist.<\/p>\n<p>So bekam jeder Besucher das Aschenkreuz aufgelegt, als Mahnung gegen \u00dcberheblichkeit und \u00fcberm\u00e4\u00dfige Lebenshaltung.<\/p>\n<p>&nbsp;<\/p>\n<div data-carousel-extra='{&quot;blog_id&quot;:1,&quot;permalink&quot;:&quot;https:\/\/www.pfarrei-due-wo.de\/?p=11432&quot;}' id='gallery-1' class='gallery galleryid-11432 gallery-columns-3 gallery-size-thumbnail'><figure class='gallery-item'>\n\t\t\t<div class='gallery-icon landscape'>\n\t\t\t\t<a href='https:\/\/www.pfarrei-due-wo.de\/?attachment_id=11433'><img loading=\"lazy\" decoding=\"async\" width=\"150\" height=\"150\" src=\"https:\/\/i0.wp.com\/www.pfarrei-due-wo.de\/wp-content\/uploads\/2024\/02\/IMG_0863-scaled.jpg?resize=150%2C150&amp;ssl=1\" class=\"attachment-thumbnail size-thumbnail\" alt=\"\" srcset=\"https:\/\/i0.wp.com\/www.pfarrei-due-wo.de\/wp-content\/uploads\/2024\/02\/IMG_0863-scaled.jpg?resize=150%2C150&amp;ssl=1 150w, https:\/\/i0.wp.com\/www.pfarrei-due-wo.de\/wp-content\/uploads\/2024\/02\/IMG_0863-scaled.jpg?zoom=2&amp;resize=150%2C150&amp;ssl=1 300w, https:\/\/i0.wp.com\/www.pfarrei-due-wo.de\/wp-content\/uploads\/2024\/02\/IMG_0863-scaled.jpg?zoom=3&amp;resize=150%2C150&amp;ssl=1 450w\" sizes=\"auto, (max-width: 150px) 100vw, 150px\" data-attachment-id=\"11433\" data-permalink=\"https:\/\/www.pfarrei-due-wo.de\/?attachment_id=11433\" data-orig-file=\"https:\/\/i0.wp.com\/www.pfarrei-due-wo.de\/wp-content\/uploads\/2024\/02\/IMG_0863-scaled.jpg?fit=2560%2C1920&amp;ssl=1\" data-orig-size=\"2560,1920\" data-comments-opened=\"0\" data-image-meta=\"{&quot;aperture&quot;:&quot;1.8&quot;,&quot;credit&quot;:&quot;&quot;,&quot;camera&quot;:&quot;iPhone XR&quot;,&quot;caption&quot;:&quot;&quot;,&quot;created_timestamp&quot;:&quot;1707935354&quot;,&quot;copyright&quot;:&quot;&quot;,&quot;focal_length&quot;:&quot;4.25&quot;,&quot;iso&quot;:&quot;160&quot;,&quot;shutter_speed&quot;:&quot;0.02&quot;,&quot;title&quot;:&quot;&quot;,&quot;orientation&quot;:&quot;1&quot;}\" data-image-title=\"IMG_0863\" data-image-description=\"\" data-image-caption=\"\" data-large-file=\"https:\/\/i0.wp.com\/www.pfarrei-due-wo.de\/wp-content\/uploads\/2024\/02\/IMG_0863-scaled.jpg?fit=750%2C563&amp;ssl=1\" \/><\/a>\n\t\t\t<\/div><\/figure><figure class='gallery-item'>\n\t\t\t<div class='gallery-icon portrait'>\n\t\t\t\t<a href='https:\/\/www.pfarrei-due-wo.de\/?attachment_id=11436'><img loading=\"lazy\" decoding=\"async\" width=\"150\" height=\"150\" src=\"https:\/\/i0.wp.com\/www.pfarrei-due-wo.de\/wp-content\/uploads\/2024\/02\/IMG_0865-1-scaled.jpg?resize=150%2C150&amp;ssl=1\" class=\"attachment-thumbnail size-thumbnail\" alt=\"\" srcset=\"https:\/\/i0.wp.com\/www.pfarrei-due-wo.de\/wp-content\/uploads\/2024\/02\/IMG_0865-1-scaled.jpg?resize=150%2C150&amp;ssl=1 150w, https:\/\/i0.wp.com\/www.pfarrei-due-wo.de\/wp-content\/uploads\/2024\/02\/IMG_0865-1-scaled.jpg?zoom=2&amp;resize=150%2C150&amp;ssl=1 300w, https:\/\/i0.wp.com\/www.pfarrei-due-wo.de\/wp-content\/uploads\/2024\/02\/IMG_0865-1-scaled.jpg?zoom=3&amp;resize=150%2C150&amp;ssl=1 450w\" sizes=\"auto, (max-width: 150px) 100vw, 150px\" data-attachment-id=\"11436\" data-permalink=\"https:\/\/www.pfarrei-due-wo.de\/?attachment_id=11436\" data-orig-file=\"https:\/\/i0.wp.com\/www.pfarrei-due-wo.de\/wp-content\/uploads\/2024\/02\/IMG_0865-1-scaled.jpg?fit=1920%2C2560&amp;ssl=1\" data-orig-size=\"1920,2560\" data-comments-opened=\"0\" data-image-meta=\"{&quot;aperture&quot;:&quot;0&quot;,&quot;credit&quot;:&quot;&quot;,&quot;camera&quot;:&quot;&quot;,&quot;caption&quot;:&quot;&quot;,&quot;created_timestamp&quot;:&quot;1707935449&quot;,&quot;copyright&quot;:&quot;&quot;,&quot;focal_length&quot;:&quot;0&quot;,&quot;iso&quot;:&quot;0&quot;,&quot;shutter_speed&quot;:&quot;0&quot;,&quot;title&quot;:&quot;&quot;,&quot;orientation&quot;:&quot;1&quot;}\" data-image-title=\"IMG_0865\" data-image-description=\"\" data-image-caption=\"\" data-large-file=\"https:\/\/i0.wp.com\/www.pfarrei-due-wo.de\/wp-content\/uploads\/2024\/02\/IMG_0865-1-scaled.jpg?fit=750%2C1000&amp;ssl=1\" \/><\/a>\n\t\t\t<\/div><\/figure><figure class='gallery-item'>\n\t\t\t<div class='gallery-icon portrait'>\n\t\t\t\t<a href='https:\/\/www.pfarrei-due-wo.de\/?attachment_id=11437'><img loading=\"lazy\" decoding=\"async\" width=\"150\" height=\"150\" src=\"https:\/\/i0.wp.com\/www.pfarrei-due-wo.de\/wp-content\/uploads\/2024\/02\/IMG_0867-1-scaled.jpg?resize=150%2C150&amp;ssl=1\" class=\"attachment-thumbnail size-thumbnail\" alt=\"\" srcset=\"https:\/\/i0.wp.com\/www.pfarrei-due-wo.de\/wp-content\/uploads\/2024\/02\/IMG_0867-1-scaled.jpg?resize=150%2C150&amp;ssl=1 150w, https:\/\/i0.wp.com\/www.pfarrei-due-wo.de\/wp-content\/uploads\/2024\/02\/IMG_0867-1-scaled.jpg?zoom=2&amp;resize=150%2C150&amp;ssl=1 300w, https:\/\/i0.wp.com\/www.pfarrei-due-wo.de\/wp-content\/uploads\/2024\/02\/IMG_0867-1-scaled.jpg?zoom=3&amp;resize=150%2C150&amp;ssl=1 450w\" sizes=\"auto, (max-width: 150px) 100vw, 150px\" data-attachment-id=\"11437\" data-permalink=\"https:\/\/www.pfarrei-due-wo.de\/?attachment_id=11437\" data-orig-file=\"https:\/\/i0.wp.com\/www.pfarrei-due-wo.de\/wp-content\/uploads\/2024\/02\/IMG_0867-1-scaled.jpg?fit=1920%2C2560&amp;ssl=1\" data-orig-size=\"1920,2560\" data-comments-opened=\"0\" data-image-meta=\"{&quot;aperture&quot;:&quot;0&quot;,&quot;credit&quot;:&quot;&quot;,&quot;camera&quot;:&quot;&quot;,&quot;caption&quot;:&quot;&quot;,&quot;created_timestamp&quot;:&quot;1707937308&quot;,&quot;copyright&quot;:&quot;&quot;,&quot;focal_length&quot;:&quot;0&quot;,&quot;iso&quot;:&quot;0&quot;,&quot;shutter_speed&quot;:&quot;0&quot;,&quot;title&quot;:&quot;&quot;,&quot;orientation&quot;:&quot;1&quot;}\" data-image-title=\"IMG_0867\" data-image-description=\"\" data-image-caption=\"\" data-large-file=\"https:\/\/i0.wp.com\/www.pfarrei-due-wo.de\/wp-content\/uploads\/2024\/02\/IMG_0867-1-scaled.jpg?fit=750%2C1000&amp;ssl=1\" \/><\/a>\n\t\t\t<\/div><\/figure>\n\t\t<\/div>\n\n<p>Text: Pfarrer Georg Praun<\/p>\n<p>Bilder: G\u00fcnter Schie\u00dfl<\/p>\n","protected":false},"excerpt":{"rendered":"<p>Ist der Mensch blo\u00df Staub, oder ist er dennoch mehr als Staub? Dieser Frage ging Pfarrer Praun anhand der Predigt nach, wobei er auf die humorhafte Geschichte \u201eKannitverstan\u201c verwies, die &hellip; <\/p>\n","protected":false},"author":7,"featured_media":11435,"comment_status":"closed","ping_status":"closed","sticky":false,"template":"","format":"standard","meta":{"jetpack_post_was_ever_published":false,"_jetpack_newsletter_access":"","_jetpack_dont_email_post_to_subs":false,"_jetpack_newsletter_tier_id":0,"_jetpack_memberships_contains_paywalled_content":false,"_jetpack_memberships_contains_paid_content":false,"footnotes":"","jetpack_publicize_message":"","jetpack_publicize_feature_enabled":true,"jetpack_social_post_already_shared":true,"jetpack_social_options":{"image_generator_settings":{"template":"highway","default_image_id":0,"font":"","enabled":false},"version":2}},"categories":[2,6],"tags":[],"class_list":["post-11432","post","type-post","status-publish","format-standard","has-post-thumbnail","hentry","category-gottesdienste","category-pfarrei-erleben"],"jetpack_publicize_connections":[],"jetpack_featured_media_url":"https:\/\/i0.wp.com\/www.pfarrei-due-wo.de\/wp-content\/uploads\/2024\/02\/IMG_0867-scaled.jpg?fit=1920%2C2560&ssl=1","jetpack_sharing_enabled":true,"jetpack_shortlink":"https:\/\/wp.me\/p8HCtc-2Yo","jetpack-related-posts":[{"id":12191,"url":"https:\/\/www.pfarrei-due-wo.de\/?p=12191","url_meta":{"origin":11432,"position":0},"title":"Die Pfarrei St. Albertus Magnus w\u00fcnscht Frohe Weihnachten","author":"Florian Schiessl","date":"26. Dezember 2024","format":false,"excerpt":"Auch dieses Jahr fand am Nachmittag des 24.12. das traditionelle Krippenspiel in der Pfarrkirche D\u00fcrnsricht statt. Gestaltet wurde es dieses Jahr von \u00fcber 30 Kindern. Zahlreiche Eltern, Gro\u00dfeltern, Freunde und Bekannte konnte Herr Pfarrer Praun dazu in einer fast \u00fcberf\u00fcllten Kirche begr\u00fc\u00dfen. Mit Feuereifer und gro\u00dfer Motivation trugen die Schauspielerinnen\u2026","rel":"","context":"In &quot;Pfarrei erleben&quot;","block_context":{"text":"Pfarrei erleben","link":"https:\/\/www.pfarrei-due-wo.de\/?cat=6"},"img":{"alt_text":"","src":"https:\/\/i0.wp.com\/www.pfarrei-due-wo.de\/wp-content\/uploads\/2024\/12\/PHOTO-2024-12-25-00-02-30-1.jpg?fit=1200%2C688&ssl=1&resize=350%2C200","width":350,"height":200,"srcset":"https:\/\/i0.wp.com\/www.pfarrei-due-wo.de\/wp-content\/uploads\/2024\/12\/PHOTO-2024-12-25-00-02-30-1.jpg?fit=1200%2C688&ssl=1&resize=350%2C200 1x, https:\/\/i0.wp.com\/www.pfarrei-due-wo.de\/wp-content\/uploads\/2024\/12\/PHOTO-2024-12-25-00-02-30-1.jpg?fit=1200%2C688&ssl=1&resize=525%2C300 1.5x, https:\/\/i0.wp.com\/www.pfarrei-due-wo.de\/wp-content\/uploads\/2024\/12\/PHOTO-2024-12-25-00-02-30-1.jpg?fit=1200%2C688&ssl=1&resize=700%2C400 2x, https:\/\/i0.wp.com\/www.pfarrei-due-wo.de\/wp-content\/uploads\/2024\/12\/PHOTO-2024-12-25-00-02-30-1.jpg?fit=1200%2C688&ssl=1&resize=1050%2C600 3x"},"classes":[]},{"id":11694,"url":"https:\/\/www.pfarrei-due-wo.de\/?p=11694","url_meta":{"origin":11432,"position":1},"title":"Ich bin das Licht der Welt &#8211; Erstkommunion 2024","author":"Florian Schiessl","date":"12. Mai 2024","format":false,"excerpt":"Das Motto der Erstkommunion stand unter dem Leitwort Jesu: Ich bin das Licht der Welt. So war die Kirche geschm\u00fcckt mit einem Leuchtturm, wobei Boote, versehen mit den Namen der Kinder ganz dicht dran, in den Wellen des Meeres schwammen. Zwanzig Kinder durften das erste Mal an den Tisch des\u2026","rel":"","context":"In &quot;Erstkommunion&quot;","block_context":{"text":"Erstkommunion","link":"https:\/\/www.pfarrei-due-wo.de\/?cat=10"},"img":{"alt_text":"","src":"https:\/\/i0.wp.com\/www.pfarrei-due-wo.de\/wp-content\/uploads\/2024\/05\/IMG-20240507-WA0042.jpg?fit=1200%2C900&ssl=1&resize=350%2C200","width":350,"height":200,"srcset":"https:\/\/i0.wp.com\/www.pfarrei-due-wo.de\/wp-content\/uploads\/2024\/05\/IMG-20240507-WA0042.jpg?fit=1200%2C900&ssl=1&resize=350%2C200 1x, https:\/\/i0.wp.com\/www.pfarrei-due-wo.de\/wp-content\/uploads\/2024\/05\/IMG-20240507-WA0042.jpg?fit=1200%2C900&ssl=1&resize=525%2C300 1.5x, https:\/\/i0.wp.com\/www.pfarrei-due-wo.de\/wp-content\/uploads\/2024\/05\/IMG-20240507-WA0042.jpg?fit=1200%2C900&ssl=1&resize=700%2C400 2x, https:\/\/i0.wp.com\/www.pfarrei-due-wo.de\/wp-content\/uploads\/2024\/05\/IMG-20240507-WA0042.jpg?fit=1200%2C900&ssl=1&resize=1050%2C600 3x"},"classes":[]},{"id":12419,"url":"https:\/\/www.pfarrei-due-wo.de\/?p=12419","url_meta":{"origin":11432,"position":2},"title":"Helferessen und Verabschiedung","author":"Florian Schiessl","date":"10. Februar 2025","format":false,"excerpt":"Wie jedes Jahr findet Anfang des Jahres das Helferessen der drei Kirchenstiftungen der Pfarrei St.Albertus-Magnus statt. Es gilt Danke zu sagen bei allen die in irgendeiner Weise dazu beigetragen haben \u00a0das unsere Pfarreiso gut aufgestellt ist, sagte Pfarrer Praun. Damit das so bleibt, bittet er um die weitere Mithilfe. Kirchenpfleger\u2026","rel":"","context":"In &quot;Pfarrei erleben&quot;","block_context":{"text":"Pfarrei erleben","link":"https:\/\/www.pfarrei-due-wo.de\/?cat=6"},"img":{"alt_text":"","src":"https:\/\/i0.wp.com\/www.pfarrei-due-wo.de\/wp-content\/uploads\/2025\/02\/IMG_1014-scaled.jpg?fit=1200%2C900&ssl=1&resize=350%2C200","width":350,"height":200,"srcset":"https:\/\/i0.wp.com\/www.pfarrei-due-wo.de\/wp-content\/uploads\/2025\/02\/IMG_1014-scaled.jpg?fit=1200%2C900&ssl=1&resize=350%2C200 1x, https:\/\/i0.wp.com\/www.pfarrei-due-wo.de\/wp-content\/uploads\/2025\/02\/IMG_1014-scaled.jpg?fit=1200%2C900&ssl=1&resize=525%2C300 1.5x, https:\/\/i0.wp.com\/www.pfarrei-due-wo.de\/wp-content\/uploads\/2025\/02\/IMG_1014-scaled.jpg?fit=1200%2C900&ssl=1&resize=700%2C400 2x, https:\/\/i0.wp.com\/www.pfarrei-due-wo.de\/wp-content\/uploads\/2025\/02\/IMG_1014-scaled.jpg?fit=1200%2C900&ssl=1&resize=1050%2C600 3x"},"classes":[]},{"id":11915,"url":"https:\/\/www.pfarrei-due-wo.de\/?p=11915","url_meta":{"origin":11432,"position":3},"title":"Bruderschaftsfest 2024 &#8211; Wolfring","author":"Anna-Lena Dittrich","date":"10. Oktober 2024","format":false,"excerpt":"Auch in diesem Jahr beging die Schutzengel-Bruderschaft, die 421 Mitglieder umfasst, ihr Hauptfest. Es begann mit der Festmesse in der sehr gut gef\u00fcllten Kirche St. Michael, die von Pfarrer Georg Praun zelebriert wurde. In seiner Predigt z\u00e4hlte er die mannigfaltigen Begegnungen zwischen Engeln und Menschen auf. So erw\u00e4hnte er unter\u2026","rel":"","context":"In &quot;Gottesdienste&quot;","block_context":{"text":"Gottesdienste","link":"https:\/\/www.pfarrei-due-wo.de\/?cat=2"},"img":{"alt_text":"","src":"https:\/\/i0.wp.com\/www.pfarrei-due-wo.de\/wp-content\/uploads\/2023\/09\/Licherprozession-Kreuz.jpg?fit=1048%2C1069&ssl=1&resize=350%2C200","width":350,"height":200,"srcset":"https:\/\/i0.wp.com\/www.pfarrei-due-wo.de\/wp-content\/uploads\/2023\/09\/Licherprozession-Kreuz.jpg?fit=1048%2C1069&ssl=1&resize=350%2C200 1x, https:\/\/i0.wp.com\/www.pfarrei-due-wo.de\/wp-content\/uploads\/2023\/09\/Licherprozession-Kreuz.jpg?fit=1048%2C1069&ssl=1&resize=525%2C300 1.5x, https:\/\/i0.wp.com\/www.pfarrei-due-wo.de\/wp-content\/uploads\/2023\/09\/Licherprozession-Kreuz.jpg?fit=1048%2C1069&ssl=1&resize=700%2C400 2x"},"classes":[]},{"id":10772,"url":"https:\/\/www.pfarrei-due-wo.de\/?p=10772","url_meta":{"origin":11432,"position":4},"title":"Feierliche Installation Pfarrer Georg Praun","author":"Florian Schiessl","date":"25. September 2023","format":false,"excerpt":"Im Herbst feierte die Pfarrei erneut ein wichtiges Ereignis. Es war die Installation des neuen Pfarrers Georg Praun. Er stammt aus Eschenbach i. d. Opf. und wurde vom Di\u00f6zesanbischof zum neuen Pfarrer ernannt. Mit einer gro\u00dfen Anzahl von Ministrantinnen und Ministranten zog er zusammen mit den Lektoren und Kommunionhelfern ein\u2026","rel":"","context":"In &quot;Pfarrei erleben&quot;","block_context":{"text":"Pfarrei erleben","link":"https:\/\/www.pfarrei-due-wo.de\/?cat=6"},"img":{"alt_text":"","src":"https:\/\/i0.wp.com\/www.pfarrei-due-wo.de\/wp-content\/uploads\/2023\/09\/DSC_0223-1.jpg?fit=1200%2C800&ssl=1&resize=350%2C200","width":350,"height":200,"srcset":"https:\/\/i0.wp.com\/www.pfarrei-due-wo.de\/wp-content\/uploads\/2023\/09\/DSC_0223-1.jpg?fit=1200%2C800&ssl=1&resize=350%2C200 1x, https:\/\/i0.wp.com\/www.pfarrei-due-wo.de\/wp-content\/uploads\/2023\/09\/DSC_0223-1.jpg?fit=1200%2C800&ssl=1&resize=525%2C300 1.5x, https:\/\/i0.wp.com\/www.pfarrei-due-wo.de\/wp-content\/uploads\/2023\/09\/DSC_0223-1.jpg?fit=1200%2C800&ssl=1&resize=700%2C400 2x, https:\/\/i0.wp.com\/www.pfarrei-due-wo.de\/wp-content\/uploads\/2023\/09\/DSC_0223-1.jpg?fit=1200%2C800&ssl=1&resize=1050%2C600 3x"},"classes":[]},{"id":11648,"url":"https:\/\/www.pfarrei-due-wo.de\/?p=11648","url_meta":{"origin":11432,"position":5},"title":"Gottesdienst f\u00fcr alle Ehejubilare","author":"Florian Schiessl","date":"20. April 2024","format":false,"excerpt":"Wie in den bisherigen Jahren lud die D\u00fcrnsrichter Pfarrgemeinde ihre Ehejubilare zu einem Dank-Gottesdienst ein. Und sie kamen recht zahlreich in die Albertus-Magnus-Kirche, um R\u00fcckblick und Ausblick zu halten. Eine Gabenprozession machte das deutlich: Ein Fotoalbum f\u00fcr die Glanzstunden und ein Kreuz f\u00fcr die M\u00fchen und R\u00fcckschl\u00e4ge im Eheleben, die\u2026","rel":"","context":"In &quot;Gottesdienste&quot;","block_context":{"text":"Gottesdienste","link":"https:\/\/www.pfarrei-due-wo.de\/?cat=2"},"img":{"alt_text":"","src":"https:\/\/i0.wp.com\/www.pfarrei-due-wo.de\/wp-content\/uploads\/2024\/04\/IMG_0934-1.jpg?fit=1200%2C900&ssl=1&resize=350%2C200","width":350,"height":200,"srcset":"https:\/\/i0.wp.com\/www.pfarrei-due-wo.de\/wp-content\/uploads\/2024\/04\/IMG_0934-1.jpg?fit=1200%2C900&ssl=1&resize=350%2C200 1x, https:\/\/i0.wp.com\/www.pfarrei-due-wo.de\/wp-content\/uploads\/2024\/04\/IMG_0934-1.jpg?fit=1200%2C900&ssl=1&resize=525%2C300 1.5x, https:\/\/i0.wp.com\/www.pfarrei-due-wo.de\/wp-content\/uploads\/2024\/04\/IMG_0934-1.jpg?fit=1200%2C900&ssl=1&resize=700%2C400 2x, https:\/\/i0.wp.com\/www.pfarrei-due-wo.de\/wp-content\/uploads\/2024\/04\/IMG_0934-1.jpg?fit=1200%2C900&ssl=1&resize=1050%2C600 3x"},"classes":[]}],"publishpress_future_action":{"enabled":false,"date":"2026-05-09 15:29:29","action":"change-status","newStatus":"draft","terms":[],"taxonomy":"category","extraData":[]},"publishpress_future_workflow_manual_trigger":{"enabledWorkflows":[]},"_links":{"self":[{"href":"https:\/\/www.pfarrei-due-wo.de\/index.php?rest_route=\/wp\/v2\/posts\/11432","targetHints":{"allow":["GET"]}}],"collection":[{"href":"https:\/\/www.pfarrei-due-wo.de\/index.php?rest_route=\/wp\/v2\/posts"}],"about":[{"href":"https:\/\/www.pfarrei-due-wo.de\/index.php?rest_route=\/wp\/v2\/types\/post"}],"author":[{"embeddable":true,"href":"https:\/\/www.pfarrei-due-wo.de\/index.php?rest_route=\/wp\/v2\/users\/7"}],"replies":[{"embeddable":true,"href":"https:\/\/www.pfarrei-due-wo.de\/index.php?rest_route=%2Fwp%2Fv2%2Fcomments&post=11432"}],"version-history":[{"count":2,"href":"https:\/\/www.pfarrei-due-wo.de\/index.php?rest_route=\/wp\/v2\/posts\/11432\/revisions"}],"predecessor-version":[{"id":11439,"href":"https:\/\/www.pfarrei-due-wo.de\/index.php?rest_route=\/wp\/v2\/posts\/11432\/revisions\/11439"}],"wp:featuredmedia":[{"embeddable":true,"href":"https:\/\/www.pfarrei-due-wo.de\/index.php?rest_route=\/wp\/v2\/media\/11435"}],"wp:attachment":[{"href":"https:\/\/www.pfarrei-due-wo.de\/index.php?rest_route=%2Fwp%2Fv2%2Fmedia&parent=11432"}],"wp:term":[{"taxonomy":"category","embeddable":true,"href":"https:\/\/www.pfarrei-due-wo.de\/index.php?rest_route=%2Fwp%2Fv2%2Fcategories&post=11432"},{"taxonomy":"post_tag","embeddable":true,"href":"https:\/\/www.pfarrei-due-wo.de\/index.php?rest_route=%2Fwp%2Fv2%2Ftags&post=11432"}],"curies":[{"name":"wp","href":"https:\/\/api.w.org\/{rel}","templated":true}]}}