{"id":11416,"date":"2024-02-12T00:02:36","date_gmt":"2024-02-11T23:02:36","guid":{"rendered":"https:\/\/www.pfarrei-due-wo.de\/?p=11416"},"modified":"2024-02-15T11:24:59","modified_gmt":"2024-02-15T10:24:59","slug":"senioren-feiern-fasching","status":"publish","type":"post","link":"https:\/\/www.pfarrei-due-wo.de\/?p=11416","title":{"rendered":"Senioren feiern Fasching"},"content":{"rendered":"<p>Am Unsinnigen Donnerstag trafen sich die Senioren der Pfarrei im Jugendheim in Wolfring zu einer abwechslungsreichen Faschingsveranstaltung. Auch wenn einige krankheitsbedingte Ausf\u00e4lle zu beklagen waren, verbrachten die Teilnehmer einen kurzweiligen Nachmittag.<\/p>\n<p>Frau Heimler konnte Pfarrer Georg Praun und B\u00fcrgermeister Christian Ziegler willkommen hei\u00dfen. Die flei\u00dfigen Helferinnen versorgten die Besucher mit Kaffee und Kuchen. Herr Langer bekam f\u00fcr seine Lieder und Witze freundlichen Applaus.<\/p>\n<p>Wenn auch Krawatten nicht mehr \u201ein\u201c sind, das obligatorische Abschneiden wurde dennoch beim B\u00fcrgermeister zelebriert. F\u00fcr einen H\u00f6hepunkt sorgte Pfarrer Praun. Er \u00fcberreichte jedem der Anwesenden das Kochbuch \u201eWeil&#8217;s einfach guad schmeckt\u201c von der KDFB-Gruppe Sattelpeilnstein. Darin befindet sich eine vom Pfarrer selbst in Versform verfasste Predigt zum 5. Sonntag im Jahreskreis. Die wahre Geschichte seines Hundes Waschl fand gro\u00dfe Aufmerksamkeit und reichen Zuspruch. Zur Freude signierte er auch viele der Kochb\u00fccher.<\/p>\n<p>Auch heuer \u00fcberraschten die Fensterbacher Hexen mit einem Besuch. Mit ihren Gstanzln zur Gemeindepolitk erfreuten sie die Zuh\u00f6rer. Nach einer kleinen St\u00e4rkung zogen sie weiter zum Rathaus, um dort die Herrschaft f\u00fcr kurze Zeit zu \u00fcbernehmen.<\/p>\n<p>Frau Heimler bedankte sich f\u00fcr das Kommen und das engagierte Mittun und w\u00fcnschte allen viel Gesundheit.<\/p>\n<p>Das n\u00e4chste Mal treffen sich die Senioren am Donnerstag, den 7. M\u00e4rz, um 14:00 Uhr in der Pfarrkirche in D\u00fcrnsricht zu einem Kreuzweg. Danach gibt es Kaffee und Kuchen im Albertus-Magnus-Saal.<\/p>\n<p style=\"text-align: right;\">Johann Heimler<\/p>\n<div class=\"tiled-gallery type-rectangular tiled-gallery-unresized\" data-original-width=\"750\" data-carousel-extra='{&quot;blog_id&quot;:1,&quot;permalink&quot;:&quot;https:\\\/\\\/www.pfarrei-due-wo.de\\\/?p=11416&quot;,&quot;likes_blog_id&quot;:128606674}' itemscope itemtype=\"http:\/\/schema.org\/ImageGallery\" > <div class=\"gallery-row\" style=\"width: 750px; height: 335px;\" data-original-width=\"750\" data-original-height=\"335\" > <div class=\"gallery-group images-1\" style=\"width: 501px; height: 335px;\" data-original-width=\"501\" data-original-height=\"335\" > <div class=\"tiled-gallery-item tiled-gallery-item-large\" itemprop=\"associatedMedia\" itemscope itemtype=\"http:\/\/schema.org\/ImageObject\"> <a href=\"https:\/\/www.pfarrei-due-wo.de\/?attachment_id=11418\" border=\"0\" itemprop=\"url\"> <meta itemprop=\"width\" content=\"497\"> <meta itemprop=\"height\" content=\"331\"> <img decoding=\"async\" class=\"\" data-attachment-id=\"11418\" data-orig-file=\"https:\/\/www.pfarrei-due-wo.de\/wp-content\/uploads\/2024\/02\/senioren_fasching_1-scaled.jpg\" data-orig-size=\"2560,1706\" data-comments-opened=\"\" data-image-meta=\"{&quot;aperture&quot;:&quot;4&quot;,&quot;credit&quot;:&quot;&quot;,&quot;camera&quot;:&quot;Canon EOS 700D&quot;,&quot;caption&quot;:&quot;&quot;,&quot;created_timestamp&quot;:&quot;1707402349&quot;,&quot;copyright&quot;:&quot;&quot;,&quot;focal_length&quot;:&quot;27&quot;,&quot;iso&quot;:&quot;800&quot;,&quot;shutter_speed&quot;:&quot;0.025&quot;,&quot;title&quot;:&quot;&quot;,&quot;orientation&quot;:&quot;1&quot;}\" data-image-title=\"senioren_fasching_1\" data-image-description=\"\" data-medium-file=\"https:\/\/i0.wp.com\/www.pfarrei-due-wo.de\/wp-content\/uploads\/2024\/02\/senioren_fasching_1-scaled.jpg?fit=300%2C200&#038;ssl=1\" data-large-file=\"https:\/\/i0.wp.com\/www.pfarrei-due-wo.de\/wp-content\/uploads\/2024\/02\/senioren_fasching_1-scaled.jpg?fit=750%2C500&#038;ssl=1\" src=\"https:\/\/i0.wp.com\/www.pfarrei-due-wo.de\/wp-content\/uploads\/2024\/02\/senioren_fasching_1-scaled.jpg?w=497&#038;h=331&#038;ssl=1\" srcset=\"https:\/\/i0.wp.com\/www.pfarrei-due-wo.de\/wp-content\/uploads\/2024\/02\/senioren_fasching_1-scaled.jpg?w=2560&amp;ssl=1 2560w, https:\/\/i0.wp.com\/www.pfarrei-due-wo.de\/wp-content\/uploads\/2024\/02\/senioren_fasching_1-scaled.jpg?resize=300%2C200&amp;ssl=1 300w, https:\/\/i0.wp.com\/www.pfarrei-due-wo.de\/wp-content\/uploads\/2024\/02\/senioren_fasching_1-scaled.jpg?resize=1024%2C682&amp;ssl=1 1024w, https:\/\/i0.wp.com\/www.pfarrei-due-wo.de\/wp-content\/uploads\/2024\/02\/senioren_fasching_1-scaled.jpg?resize=768%2C512&amp;ssl=1 768w, https:\/\/i0.wp.com\/www.pfarrei-due-wo.de\/wp-content\/uploads\/2024\/02\/senioren_fasching_1-scaled.jpg?resize=1536%2C1024&amp;ssl=1 1536w, https:\/\/i0.wp.com\/www.pfarrei-due-wo.de\/wp-content\/uploads\/2024\/02\/senioren_fasching_1-scaled.jpg?resize=2048%2C1365&amp;ssl=1 2048w, https:\/\/i0.wp.com\/www.pfarrei-due-wo.de\/wp-content\/uploads\/2024\/02\/senioren_fasching_1-scaled.jpg?w=2250&amp;ssl=1 2250w\" width=\"497\" height=\"331\" loading=\"lazy\" data-original-width=\"497\" data-original-height=\"331\" itemprop=\"http:\/\/schema.org\/image\" title=\"senioren_fasching_1\" alt=\"senioren_fasching_1\" style=\"width: 497px; height: 331px;\" \/> <\/a> <\/div> <\/div> <!-- close group --> <div class=\"gallery-group images-2\" style=\"width: 249px; height: 335px;\" data-original-width=\"249\" data-original-height=\"335\" > <div class=\"tiled-gallery-item tiled-gallery-item-small\" itemprop=\"associatedMedia\" itemscope itemtype=\"http:\/\/schema.org\/ImageObject\"> <a href=\"https:\/\/www.pfarrei-due-wo.de\/?attachment_id=11419\" border=\"0\" itemprop=\"url\"> <meta itemprop=\"width\" content=\"245\"> <meta itemprop=\"height\" content=\"164\"> <img decoding=\"async\" class=\"\" data-attachment-id=\"11419\" data-orig-file=\"https:\/\/www.pfarrei-due-wo.de\/wp-content\/uploads\/2024\/02\/senioren_fasching_2-scaled.jpg\" data-orig-size=\"2560,1707\" data-comments-opened=\"\" data-image-meta=\"{&quot;aperture&quot;:&quot;5.6&quot;,&quot;credit&quot;:&quot;&quot;,&quot;camera&quot;:&quot;Canon EOS 700D&quot;,&quot;caption&quot;:&quot;&quot;,&quot;created_timestamp&quot;:&quot;1707404805&quot;,&quot;copyright&quot;:&quot;&quot;,&quot;focal_length&quot;:&quot;55&quot;,&quot;iso&quot;:&quot;6400&quot;,&quot;shutter_speed&quot;:&quot;0.0125&quot;,&quot;title&quot;:&quot;&quot;,&quot;orientation&quot;:&quot;1&quot;}\" data-image-title=\"senioren_fasching_2\" data-image-description=\"\" data-medium-file=\"https:\/\/i0.wp.com\/www.pfarrei-due-wo.de\/wp-content\/uploads\/2024\/02\/senioren_fasching_2-scaled.jpg?fit=300%2C200&#038;ssl=1\" data-large-file=\"https:\/\/i0.wp.com\/www.pfarrei-due-wo.de\/wp-content\/uploads\/2024\/02\/senioren_fasching_2-scaled.jpg?fit=750%2C500&#038;ssl=1\" src=\"https:\/\/i0.wp.com\/www.pfarrei-due-wo.de\/wp-content\/uploads\/2024\/02\/senioren_fasching_2-scaled.jpg?w=245&#038;h=164&#038;ssl=1\" srcset=\"https:\/\/i0.wp.com\/www.pfarrei-due-wo.de\/wp-content\/uploads\/2024\/02\/senioren_fasching_2-scaled.jpg?w=2560&amp;ssl=1 2560w, https:\/\/i0.wp.com\/www.pfarrei-due-wo.de\/wp-content\/uploads\/2024\/02\/senioren_fasching_2-scaled.jpg?resize=300%2C200&amp;ssl=1 300w, https:\/\/i0.wp.com\/www.pfarrei-due-wo.de\/wp-content\/uploads\/2024\/02\/senioren_fasching_2-scaled.jpg?resize=1024%2C683&amp;ssl=1 1024w, https:\/\/i0.wp.com\/www.pfarrei-due-wo.de\/wp-content\/uploads\/2024\/02\/senioren_fasching_2-scaled.jpg?resize=768%2C512&amp;ssl=1 768w, https:\/\/i0.wp.com\/www.pfarrei-due-wo.de\/wp-content\/uploads\/2024\/02\/senioren_fasching_2-scaled.jpg?resize=1536%2C1024&amp;ssl=1 1536w, https:\/\/i0.wp.com\/www.pfarrei-due-wo.de\/wp-content\/uploads\/2024\/02\/senioren_fasching_2-scaled.jpg?resize=2048%2C1365&amp;ssl=1 2048w, https:\/\/i0.wp.com\/www.pfarrei-due-wo.de\/wp-content\/uploads\/2024\/02\/senioren_fasching_2-scaled.jpg?w=2250&amp;ssl=1 2250w\" width=\"245\" height=\"164\" loading=\"lazy\" data-original-width=\"245\" data-original-height=\"164\" itemprop=\"http:\/\/schema.org\/image\" title=\"senioren_fasching_2\" alt=\"senioren_fasching_2\" style=\"width: 245px; height: 164px;\" \/> <\/a> <\/div> <div class=\"tiled-gallery-item tiled-gallery-item-small\" itemprop=\"associatedMedia\" itemscope itemtype=\"http:\/\/schema.org\/ImageObject\"> <a href=\"https:\/\/www.pfarrei-due-wo.de\/?attachment_id=11420\" border=\"0\" itemprop=\"url\"> <meta itemprop=\"width\" content=\"245\"> <meta itemprop=\"height\" content=\"163\"> <img decoding=\"async\" class=\"\" data-attachment-id=\"11420\" data-orig-file=\"https:\/\/www.pfarrei-due-wo.de\/wp-content\/uploads\/2024\/02\/senioren_fasching_3-scaled.jpg\" data-orig-size=\"2560,1707\" data-comments-opened=\"\" data-image-meta=\"{&quot;aperture&quot;:&quot;5.6&quot;,&quot;credit&quot;:&quot;&quot;,&quot;camera&quot;:&quot;Canon EOS 700D&quot;,&quot;caption&quot;:&quot;&quot;,&quot;created_timestamp&quot;:&quot;1707404581&quot;,&quot;copyright&quot;:&quot;&quot;,&quot;focal_length&quot;:&quot;44&quot;,&quot;iso&quot;:&quot;1600&quot;,&quot;shutter_speed&quot;:&quot;0.016666666666667&quot;,&quot;title&quot;:&quot;&quot;,&quot;orientation&quot;:&quot;1&quot;}\" data-image-title=\"senioren_fasching_3\" data-image-description=\"\" data-medium-file=\"https:\/\/i0.wp.com\/www.pfarrei-due-wo.de\/wp-content\/uploads\/2024\/02\/senioren_fasching_3-scaled.jpg?fit=300%2C200&#038;ssl=1\" data-large-file=\"https:\/\/i0.wp.com\/www.pfarrei-due-wo.de\/wp-content\/uploads\/2024\/02\/senioren_fasching_3-scaled.jpg?fit=750%2C500&#038;ssl=1\" src=\"https:\/\/i0.wp.com\/www.pfarrei-due-wo.de\/wp-content\/uploads\/2024\/02\/senioren_fasching_3-scaled.jpg?w=245&#038;h=163&#038;ssl=1\" srcset=\"https:\/\/i0.wp.com\/www.pfarrei-due-wo.de\/wp-content\/uploads\/2024\/02\/senioren_fasching_3-scaled.jpg?w=2560&amp;ssl=1 2560w, https:\/\/i0.wp.com\/www.pfarrei-due-wo.de\/wp-content\/uploads\/2024\/02\/senioren_fasching_3-scaled.jpg?resize=300%2C200&amp;ssl=1 300w, https:\/\/i0.wp.com\/www.pfarrei-due-wo.de\/wp-content\/uploads\/2024\/02\/senioren_fasching_3-scaled.jpg?resize=1024%2C683&amp;ssl=1 1024w, https:\/\/i0.wp.com\/www.pfarrei-due-wo.de\/wp-content\/uploads\/2024\/02\/senioren_fasching_3-scaled.jpg?resize=768%2C512&amp;ssl=1 768w, https:\/\/i0.wp.com\/www.pfarrei-due-wo.de\/wp-content\/uploads\/2024\/02\/senioren_fasching_3-scaled.jpg?resize=1536%2C1024&amp;ssl=1 1536w, https:\/\/i0.wp.com\/www.pfarrei-due-wo.de\/wp-content\/uploads\/2024\/02\/senioren_fasching_3-scaled.jpg?resize=2048%2C1366&amp;ssl=1 2048w, https:\/\/i0.wp.com\/www.pfarrei-due-wo.de\/wp-content\/uploads\/2024\/02\/senioren_fasching_3-scaled.jpg?w=2250&amp;ssl=1 2250w\" width=\"245\" height=\"163\" loading=\"lazy\" data-original-width=\"245\" data-original-height=\"163\" itemprop=\"http:\/\/schema.org\/image\" title=\"senioren_fasching_3\" alt=\"senioren_fasching_3\" style=\"width: 245px; height: 163px;\" \/> <\/a> <\/div> <\/div> <!-- close group --> <\/div> <!-- close row --> <div class=\"gallery-row\" style=\"width: 750px; height: 501px;\" data-original-width=\"750\" data-original-height=\"501\" > <div class=\"gallery-group images-1\" style=\"width: 750px; height: 501px;\" data-original-width=\"750\" data-original-height=\"501\" > <div class=\"tiled-gallery-item tiled-gallery-item-large\" itemprop=\"associatedMedia\" itemscope itemtype=\"http:\/\/schema.org\/ImageObject\"> <a href=\"https:\/\/www.pfarrei-due-wo.de\/?attachment_id=11421\" border=\"0\" itemprop=\"url\"> <meta itemprop=\"width\" content=\"746\"> <meta itemprop=\"height\" content=\"497\"> <img decoding=\"async\" class=\"\" data-attachment-id=\"11421\" data-orig-file=\"https:\/\/www.pfarrei-due-wo.de\/wp-content\/uploads\/2024\/02\/senioren_fasching_4-scaled.jpg\" data-orig-size=\"2560,1707\" data-comments-opened=\"\" data-image-meta=\"{&quot;aperture&quot;:&quot;5.6&quot;,&quot;credit&quot;:&quot;&quot;,&quot;camera&quot;:&quot;Canon EOS 700D&quot;,&quot;caption&quot;:&quot;&quot;,&quot;created_timestamp&quot;:&quot;1707404354&quot;,&quot;copyright&quot;:&quot;&quot;,&quot;focal_length&quot;:&quot;18&quot;,&quot;iso&quot;:&quot;1250&quot;,&quot;shutter_speed&quot;:&quot;0.025&quot;,&quot;title&quot;:&quot;&quot;,&quot;orientation&quot;:&quot;1&quot;}\" data-image-title=\"senioren_fasching_4\" data-image-description=\"\" data-medium-file=\"https:\/\/i0.wp.com\/www.pfarrei-due-wo.de\/wp-content\/uploads\/2024\/02\/senioren_fasching_4-scaled.jpg?fit=300%2C200&#038;ssl=1\" data-large-file=\"https:\/\/i0.wp.com\/www.pfarrei-due-wo.de\/wp-content\/uploads\/2024\/02\/senioren_fasching_4-scaled.jpg?fit=750%2C500&#038;ssl=1\" src=\"https:\/\/i0.wp.com\/www.pfarrei-due-wo.de\/wp-content\/uploads\/2024\/02\/senioren_fasching_4-scaled.jpg?w=746&#038;h=497&#038;ssl=1\" srcset=\"https:\/\/i0.wp.com\/www.pfarrei-due-wo.de\/wp-content\/uploads\/2024\/02\/senioren_fasching_4-scaled.jpg?w=2560&amp;ssl=1 2560w, https:\/\/i0.wp.com\/www.pfarrei-due-wo.de\/wp-content\/uploads\/2024\/02\/senioren_fasching_4-scaled.jpg?resize=300%2C200&amp;ssl=1 300w, https:\/\/i0.wp.com\/www.pfarrei-due-wo.de\/wp-content\/uploads\/2024\/02\/senioren_fasching_4-scaled.jpg?resize=1024%2C683&amp;ssl=1 1024w, https:\/\/i0.wp.com\/www.pfarrei-due-wo.de\/wp-content\/uploads\/2024\/02\/senioren_fasching_4-scaled.jpg?resize=768%2C512&amp;ssl=1 768w, https:\/\/i0.wp.com\/www.pfarrei-due-wo.de\/wp-content\/uploads\/2024\/02\/senioren_fasching_4-scaled.jpg?resize=1536%2C1024&amp;ssl=1 1536w, https:\/\/i0.wp.com\/www.pfarrei-due-wo.de\/wp-content\/uploads\/2024\/02\/senioren_fasching_4-scaled.jpg?resize=2048%2C1365&amp;ssl=1 2048w, https:\/\/i0.wp.com\/www.pfarrei-due-wo.de\/wp-content\/uploads\/2024\/02\/senioren_fasching_4-scaled.jpg?w=2250&amp;ssl=1 2250w\" width=\"746\" height=\"497\" loading=\"lazy\" data-original-width=\"746\" data-original-height=\"497\" itemprop=\"http:\/\/schema.org\/image\" title=\"senioren_fasching_4\" alt=\"senioren_fasching_4\" style=\"width: 746px; height: 497px;\" \/> <\/a> <\/div> <\/div> <!-- close group --> <\/div> <!-- close row --> <\/div>\n","protected":false},"excerpt":{"rendered":"<p>Am Unsinnigen Donnerstag trafen sich die Senioren der Pfarrei im Jugendheim in Wolfring zu einer abwechslungsreichen Faschingsveranstaltung. Auch wenn einige krankheitsbedingte Ausf\u00e4lle zu beklagen waren, verbrachten die Teilnehmer einen kurzweiligen &hellip; <\/p>\n","protected":false},"author":4,"featured_media":11422,"comment_status":"closed","ping_status":"closed","sticky":false,"template":"","format":"standard","meta":{"jetpack_post_was_ever_published":false,"_jetpack_newsletter_access":"","_jetpack_dont_email_post_to_subs":false,"_jetpack_newsletter_tier_id":0,"_jetpack_memberships_contains_paywalled_content":false,"_jetpack_memberships_contains_paid_content":false,"footnotes":"","jetpack_publicize_message":"","jetpack_publicize_feature_enabled":true,"jetpack_social_post_already_shared":true,"jetpack_social_options":{"image_generator_settings":{"template":"highway","default_image_id":0,"font":"","enabled":false},"version":2}},"categories":[5],"tags":[],"class_list":["post-11416","post","type-post","status-publish","format-standard","has-post-thumbnail","hentry","category-senioren"],"jetpack_publicize_connections":[],"jetpack_featured_media_url":"https:\/\/i0.wp.com\/www.pfarrei-due-wo.de\/wp-content\/uploads\/2024\/02\/senioren_fasching_5-scaled.jpg?fit=2560%2C1706&ssl=1","jetpack_sharing_enabled":true,"jetpack_shortlink":"https:\/\/wp.me\/p8HCtc-2Y8","jetpack-related-posts":[{"id":10878,"url":"https:\/\/www.pfarrei-due-wo.de\/?p=10878","url_meta":{"origin":11416,"position":0},"title":"Oktoberrosenkranz der Senioren","author":"Matthias Heimler","date":"14. Oktober 2023","format":false,"excerpt":"Am Donnerstagnachmittag, den 12. Oktober, trafen sich die Senioren der Pfarrei in der Kirche in Wolfring zum Oktoberrosenkranz. Es war das erste Mal unter der Leitung von Herrn Pfarrer Georg Praun. Danach stellten sich die Teilnehmer f\u00fcr ein Gruppenfoto bereit. Frau Heimler hie\u00df Herrn Praun im liebevoll geschm\u00fcckten Jugendheim willkommen.\u2026","rel":"","context":"In &quot;Senioren&quot;","block_context":{"text":"Senioren","link":"https:\/\/www.pfarrei-due-wo.de\/?cat=5"},"img":{"alt_text":"","src":"https:\/\/i0.wp.com\/www.pfarrei-due-wo.de\/wp-content\/uploads\/2023\/10\/senioren_oktoberrosenkranz.jpg?fit=1200%2C871&ssl=1&resize=350%2C200","width":350,"height":200,"srcset":"https:\/\/i0.wp.com\/www.pfarrei-due-wo.de\/wp-content\/uploads\/2023\/10\/senioren_oktoberrosenkranz.jpg?fit=1200%2C871&ssl=1&resize=350%2C200 1x, https:\/\/i0.wp.com\/www.pfarrei-due-wo.de\/wp-content\/uploads\/2023\/10\/senioren_oktoberrosenkranz.jpg?fit=1200%2C871&ssl=1&resize=525%2C300 1.5x, https:\/\/i0.wp.com\/www.pfarrei-due-wo.de\/wp-content\/uploads\/2023\/10\/senioren_oktoberrosenkranz.jpg?fit=1200%2C871&ssl=1&resize=700%2C400 2x, https:\/\/i0.wp.com\/www.pfarrei-due-wo.de\/wp-content\/uploads\/2023\/10\/senioren_oktoberrosenkranz.jpg?fit=1200%2C871&ssl=1&resize=1050%2C600 3x"},"classes":[]},{"id":11279,"url":"https:\/\/www.pfarrei-due-wo.de\/?p=11279","url_meta":{"origin":11416,"position":1},"title":"Weihnachtsfeier der Senioren","author":"Matthias Heimler","date":"7. Januar 2024","format":false,"excerpt":"Die Senioren der Pfarrei trafen sich am Donnerstag, dem 04. Januar, zu einer weihnachtlichen Feier im Pfarrheim in H\u00f6gling. Im nahezu voll besetzten Saal konnte Marga Heimler die Senioren, Pfarrer Georg Praun und Ruhestandsgeistlichen Hans Sch\u00e4chtl sowie die H\u00f6glinger Sternsinger unter der Leitung von Frau Daniela Wiesgickl begr\u00fc\u00dfen. Die Sternsinger\u2026","rel":"","context":"In &quot;Senioren&quot;","block_context":{"text":"Senioren","link":"https:\/\/www.pfarrei-due-wo.de\/?cat=5"},"img":{"alt_text":"","src":"https:\/\/i0.wp.com\/www.pfarrei-due-wo.de\/wp-content\/uploads\/2024\/01\/senioren_weihnachtsfeier_4-scaled.jpg?fit=1200%2C800&ssl=1&resize=350%2C200","width":350,"height":200,"srcset":"https:\/\/i0.wp.com\/www.pfarrei-due-wo.de\/wp-content\/uploads\/2024\/01\/senioren_weihnachtsfeier_4-scaled.jpg?fit=1200%2C800&ssl=1&resize=350%2C200 1x, https:\/\/i0.wp.com\/www.pfarrei-due-wo.de\/wp-content\/uploads\/2024\/01\/senioren_weihnachtsfeier_4-scaled.jpg?fit=1200%2C800&ssl=1&resize=525%2C300 1.5x, https:\/\/i0.wp.com\/www.pfarrei-due-wo.de\/wp-content\/uploads\/2024\/01\/senioren_weihnachtsfeier_4-scaled.jpg?fit=1200%2C800&ssl=1&resize=700%2C400 2x, https:\/\/i0.wp.com\/www.pfarrei-due-wo.de\/wp-content\/uploads\/2024\/01\/senioren_weihnachtsfeier_4-scaled.jpg?fit=1200%2C800&ssl=1&resize=1050%2C600 3x"},"classes":[]},{"id":11560,"url":"https:\/\/www.pfarrei-due-wo.de\/?p=11560","url_meta":{"origin":11416,"position":2},"title":"Treffen der Senioren","author":"Matthias Heimler","date":"13. M\u00e4rz 2024","format":false,"excerpt":"Am Donnerstag, den 07.03. trafen sich die Senioren der Pfarrei in D\u00fcrnsricht. Pater Abraham \u00fcbernahm das Vorbeten des Kreuzweges und Martina Neubauer spielte auf der Orgel zu jeder Station eine passsende Liedstrophe. Anschlie\u00dfend begr\u00fc\u00dfte Frau Heimler die Teilnehmer im bis zum letzten Platz gef\u00fcllten Albertus-Magnus-Saal. Vor allem konnte sie den\u2026","rel":"","context":"In &quot;Senioren&quot;","block_context":{"text":"Senioren","link":"https:\/\/www.pfarrei-due-wo.de\/?cat=5"},"img":{"alt_text":"","src":"https:\/\/i0.wp.com\/www.pfarrei-due-wo.de\/wp-content\/uploads\/2024\/03\/senioren_kreuzweg_1-scaled.jpg?fit=1200%2C800&ssl=1&resize=350%2C200","width":350,"height":200,"srcset":"https:\/\/i0.wp.com\/www.pfarrei-due-wo.de\/wp-content\/uploads\/2024\/03\/senioren_kreuzweg_1-scaled.jpg?fit=1200%2C800&ssl=1&resize=350%2C200 1x, https:\/\/i0.wp.com\/www.pfarrei-due-wo.de\/wp-content\/uploads\/2024\/03\/senioren_kreuzweg_1-scaled.jpg?fit=1200%2C800&ssl=1&resize=525%2C300 1.5x, https:\/\/i0.wp.com\/www.pfarrei-due-wo.de\/wp-content\/uploads\/2024\/03\/senioren_kreuzweg_1-scaled.jpg?fit=1200%2C800&ssl=1&resize=700%2C400 2x, https:\/\/i0.wp.com\/www.pfarrei-due-wo.de\/wp-content\/uploads\/2024\/03\/senioren_kreuzweg_1-scaled.jpg?fit=1200%2C800&ssl=1&resize=1050%2C600 3x"},"classes":[]},{"id":10772,"url":"https:\/\/www.pfarrei-due-wo.de\/?p=10772","url_meta":{"origin":11416,"position":3},"title":"Feierliche Installation Pfarrer Georg Praun","author":"Florian Schiessl","date":"25. September 2023","format":false,"excerpt":"Im Herbst feierte die Pfarrei erneut ein wichtiges Ereignis. Es war die Installation des neuen Pfarrers Georg Praun. Er stammt aus Eschenbach i. d. Opf. und wurde vom Di\u00f6zesanbischof zum neuen Pfarrer ernannt. Mit einer gro\u00dfen Anzahl von Ministrantinnen und Ministranten zog er zusammen mit den Lektoren und Kommunionhelfern ein\u2026","rel":"","context":"In &quot;Pfarrei erleben&quot;","block_context":{"text":"Pfarrei erleben","link":"https:\/\/www.pfarrei-due-wo.de\/?cat=6"},"img":{"alt_text":"","src":"https:\/\/i0.wp.com\/www.pfarrei-due-wo.de\/wp-content\/uploads\/2023\/09\/DSC_0223-1.jpg?fit=1200%2C800&ssl=1&resize=350%2C200","width":350,"height":200,"srcset":"https:\/\/i0.wp.com\/www.pfarrei-due-wo.de\/wp-content\/uploads\/2023\/09\/DSC_0223-1.jpg?fit=1200%2C800&ssl=1&resize=350%2C200 1x, https:\/\/i0.wp.com\/www.pfarrei-due-wo.de\/wp-content\/uploads\/2023\/09\/DSC_0223-1.jpg?fit=1200%2C800&ssl=1&resize=525%2C300 1.5x, https:\/\/i0.wp.com\/www.pfarrei-due-wo.de\/wp-content\/uploads\/2023\/09\/DSC_0223-1.jpg?fit=1200%2C800&ssl=1&resize=700%2C400 2x, https:\/\/i0.wp.com\/www.pfarrei-due-wo.de\/wp-content\/uploads\/2023\/09\/DSC_0223-1.jpg?fit=1200%2C800&ssl=1&resize=1050%2C600 3x"},"classes":[]},{"id":4180,"url":"https:\/\/www.pfarrei-due-wo.de\/?p=4180","url_meta":{"origin":11416,"position":4},"title":"Seniorenfasching","author":"Matthias Heimler","date":"2. M\u00e4rz 2020","format":false,"excerpt":"Die Senioren der Pfarrei trafen sich am Donnerstag, den 20. Februar, zu ihrer Faschingsveranstaltung im Jugendheim in Wolfring. Dazu konnte Frau Heimler auch die beiden Pfarrer Herrn Hoch und Herrn Sch\u00e4chtl begr\u00fc\u00dfen. F\u00fcr Kaffee und Kuchen war wieder bestens gesorgt. An diesem \u201eUnsinnigen Donnerstag\u201c kamen B\u00fcrgermeister Ziegler und die Fensterbacher\u2026","rel":"","context":"In &quot;Senioren&quot;","block_context":{"text":"Senioren","link":"https:\/\/www.pfarrei-due-wo.de\/?cat=5"},"img":{"alt_text":"","src":"https:\/\/i0.wp.com\/www.pfarrei-due-wo.de\/wp-content\/uploads\/2020\/03\/senioren_fasching-scaled.jpg?fit=1200%2C800&ssl=1&resize=350%2C200","width":350,"height":200,"srcset":"https:\/\/i0.wp.com\/www.pfarrei-due-wo.de\/wp-content\/uploads\/2020\/03\/senioren_fasching-scaled.jpg?fit=1200%2C800&ssl=1&resize=350%2C200 1x, https:\/\/i0.wp.com\/www.pfarrei-due-wo.de\/wp-content\/uploads\/2020\/03\/senioren_fasching-scaled.jpg?fit=1200%2C800&ssl=1&resize=525%2C300 1.5x, https:\/\/i0.wp.com\/www.pfarrei-due-wo.de\/wp-content\/uploads\/2020\/03\/senioren_fasching-scaled.jpg?fit=1200%2C800&ssl=1&resize=700%2C400 2x, https:\/\/i0.wp.com\/www.pfarrei-due-wo.de\/wp-content\/uploads\/2020\/03\/senioren_fasching-scaled.jpg?fit=1200%2C800&ssl=1&resize=1050%2C600 3x"},"classes":[]},{"id":5480,"url":"https:\/\/www.pfarrei-due-wo.de\/?p=5480","url_meta":{"origin":11416,"position":5},"title":"Adventsandacht der Senioren","author":"Matthias Heimler","date":"18. Dezember 2020","format":false,"excerpt":"Am Donnerstag, 17.12., trafen sich die Senioren der Pfarrei zu einer Adventsandacht in der Albertus-Magnus-Kirche in D\u00fcrnsricht. Pfarrer Sch\u00e4chtl dr\u00fcckte seine Freude dar\u00fcber aus, dass sich unter den erschwerten Bedingungen doch so viele eigefunden haben, um miteinander zu beten. Die Andacht stand unter dem Motto \u201eW\u00fcste und \u00d6de sollen sich\u2026","rel":"","context":"In &quot;Senioren&quot;","block_context":{"text":"Senioren","link":"https:\/\/www.pfarrei-due-wo.de\/?cat=5"},"img":{"alt_text":"","src":"https:\/\/i0.wp.com\/www.pfarrei-due-wo.de\/wp-content\/uploads\/2020\/12\/senioren_advent_4.jpg?fit=1200%2C800&ssl=1&resize=350%2C200","width":350,"height":200,"srcset":"https:\/\/i0.wp.com\/www.pfarrei-due-wo.de\/wp-content\/uploads\/2020\/12\/senioren_advent_4.jpg?fit=1200%2C800&ssl=1&resize=350%2C200 1x, https:\/\/i0.wp.com\/www.pfarrei-due-wo.de\/wp-content\/uploads\/2020\/12\/senioren_advent_4.jpg?fit=1200%2C800&ssl=1&resize=525%2C300 1.5x, https:\/\/i0.wp.com\/www.pfarrei-due-wo.de\/wp-content\/uploads\/2020\/12\/senioren_advent_4.jpg?fit=1200%2C800&ssl=1&resize=700%2C400 2x, https:\/\/i0.wp.com\/www.pfarrei-due-wo.de\/wp-content\/uploads\/2020\/12\/senioren_advent_4.jpg?fit=1200%2C800&ssl=1&resize=1050%2C600 3x"},"classes":[]}],"publishpress_future_action":{"enabled":false,"date":"2026-05-05 13:32:52","action":"change-status","newStatus":"draft","terms":[],"taxonomy":"category","extraData":[]},"publishpress_future_workflow_manual_trigger":{"enabledWorkflows":[]},"_links":{"self":[{"href":"https:\/\/www.pfarrei-due-wo.de\/index.php?rest_route=\/wp\/v2\/posts\/11416","targetHints":{"allow":["GET"]}}],"collection":[{"href":"https:\/\/www.pfarrei-due-wo.de\/index.php?rest_route=\/wp\/v2\/posts"}],"about":[{"href":"https:\/\/www.pfarrei-due-wo.de\/index.php?rest_route=\/wp\/v2\/types\/post"}],"author":[{"embeddable":true,"href":"https:\/\/www.pfarrei-due-wo.de\/index.php?rest_route=\/wp\/v2\/users\/4"}],"replies":[{"embeddable":true,"href":"https:\/\/www.pfarrei-due-wo.de\/index.php?rest_route=%2Fwp%2Fv2%2Fcomments&post=11416"}],"version-history":[{"count":2,"href":"https:\/\/www.pfarrei-due-wo.de\/index.php?rest_route=\/wp\/v2\/posts\/11416\/revisions"}],"predecessor-version":[{"id":11423,"href":"https:\/\/www.pfarrei-due-wo.de\/index.php?rest_route=\/wp\/v2\/posts\/11416\/revisions\/11423"}],"wp:featuredmedia":[{"embeddable":true,"href":"https:\/\/www.pfarrei-due-wo.de\/index.php?rest_route=\/wp\/v2\/media\/11422"}],"wp:attachment":[{"href":"https:\/\/www.pfarrei-due-wo.de\/index.php?rest_route=%2Fwp%2Fv2%2Fmedia&parent=11416"}],"wp:term":[{"taxonomy":"category","embeddable":true,"href":"https:\/\/www.pfarrei-due-wo.de\/index.php?rest_route=%2Fwp%2Fv2%2Fcategories&post=11416"},{"taxonomy":"post_tag","embeddable":true,"href":"https:\/\/www.pfarrei-due-wo.de\/index.php?rest_route=%2Fwp%2Fv2%2Ftags&post=11416"}],"curies":[{"name":"wp","href":"https:\/\/api.w.org\/{rel}","templated":true}]}}