{"id":11402,"date":"2024-02-08T14:16:17","date_gmt":"2024-02-08T13:16:17","guid":{"rendered":"https:\/\/www.pfarrei-due-wo.de\/?p=11402"},"modified":"2024-02-17T12:30:46","modified_gmt":"2024-02-17T11:30:46","slug":"vorstellung-erstkommunionkinder","status":"publish","type":"post","link":"https:\/\/www.pfarrei-due-wo.de\/?p=11402","title":{"rendered":"Vorstellung der Erstkommunionkinder"},"content":{"rendered":"<p>Unter dem diesj\u00e4hrigen Motto \u201eChristus ist das Licht f\u00fcr die Welt\u201c stellten sich die 20 Kommunionkinder der Pfarrei St. Albertus-Magnus beim Gottesdienst in D\u00fcrnsricht vor. Dabei segnete Pfarrer Georg Praun auch die Erstkommunionkerzen die von den Kommunionkindern unter Mithilfe der Eltern gefertigt worden sind.<\/p>\n<p>In den n\u00e4chsten Wochen wird man sich in Weggottesdiensten auf die Erstkommunion vorbereiten, die am Sonntag 05.05 um 10.00 Uhr in der Pfarrkirche gefeiert wird.<\/p>\n","protected":false},"excerpt":{"rendered":"<p>Unter dem diesj\u00e4hrigen Motto \u201eChristus ist das Licht f\u00fcr die Welt\u201c stellten sich die 20 Kommunionkinder der Pfarrei St. Albertus-Magnus beim Gottesdienst in D\u00fcrnsricht vor. Dabei segnete Pfarrer Georg Praun &hellip; <\/p>\n","protected":false},"author":7,"featured_media":11403,"comment_status":"closed","ping_status":"closed","sticky":false,"template":"","format":"standard","meta":{"jetpack_post_was_ever_published":false,"_jetpack_newsletter_access":"","_jetpack_dont_email_post_to_subs":false,"_jetpack_newsletter_tier_id":0,"_jetpack_memberships_contains_paywalled_content":false,"_jetpack_memberships_contains_paid_content":false,"footnotes":"","jetpack_publicize_message":"","jetpack_publicize_feature_enabled":true,"jetpack_social_post_already_shared":true,"jetpack_social_options":{"image_generator_settings":{"template":"highway","default_image_id":0,"font":"","enabled":false},"version":2}},"categories":[10,2,6],"tags":[],"class_list":["post-11402","post","type-post","status-publish","format-standard","has-post-thumbnail","hentry","category-erstkommunion","category-gottesdienste","category-pfarrei-erleben"],"jetpack_publicize_connections":[],"jetpack_featured_media_url":"https:\/\/i0.wp.com\/www.pfarrei-due-wo.de\/wp-content\/uploads\/2024\/02\/P1000107-scaled.jpg?fit=2560%2C1514&ssl=1","jetpack_sharing_enabled":true,"jetpack_shortlink":"https:\/\/wp.me\/p8HCtc-2XU","jetpack-related-posts":[{"id":13873,"url":"https:\/\/www.pfarrei-due-wo.de\/?p=13873","url_meta":{"origin":11402,"position":0},"title":"Ihr seid meine Freunde &#8211; Erstkommunion 2026","author":"Florian Schiessl","date":"29. April 2026","format":false,"excerpt":"Am Sonntag, den 26. April 2026, feierten 18 Kinder in unserer Pfarrgemeinde ihre Erstkommunion \u2013 ein besonderer Tag, der allen Beteiligten noch lange in Erinnerung bleiben wird. Bei strahlendem Sonnenschein versammelten sich Familien, Freunde und Gemeindemitglieder, um dieses bedeutende Ereignis gemeinsam zu begehen. Unter dem Motto \u201eIhr seid meine Freunde\u201c\u2026","rel":"","context":"In &quot;Erstkommunion&quot;","block_context":{"text":"Erstkommunion","link":"https:\/\/www.pfarrei-due-wo.de\/?cat=10"},"img":{"alt_text":"","src":"https:\/\/i0.wp.com\/www.pfarrei-due-wo.de\/wp-content\/uploads\/2026\/04\/DSC_2039-Kopie-2-Kopie-scaled.jpg?fit=1200%2C798&ssl=1&resize=350%2C200","width":350,"height":200,"srcset":"https:\/\/i0.wp.com\/www.pfarrei-due-wo.de\/wp-content\/uploads\/2026\/04\/DSC_2039-Kopie-2-Kopie-scaled.jpg?fit=1200%2C798&ssl=1&resize=350%2C200 1x, https:\/\/i0.wp.com\/www.pfarrei-due-wo.de\/wp-content\/uploads\/2026\/04\/DSC_2039-Kopie-2-Kopie-scaled.jpg?fit=1200%2C798&ssl=1&resize=525%2C300 1.5x, https:\/\/i0.wp.com\/www.pfarrei-due-wo.de\/wp-content\/uploads\/2026\/04\/DSC_2039-Kopie-2-Kopie-scaled.jpg?fit=1200%2C798&ssl=1&resize=700%2C400 2x, https:\/\/i0.wp.com\/www.pfarrei-due-wo.de\/wp-content\/uploads\/2026\/04\/DSC_2039-Kopie-2-Kopie-scaled.jpg?fit=1200%2C798&ssl=1&resize=1050%2C600 3x"},"classes":[]},{"id":12711,"url":"https:\/\/www.pfarrei-due-wo.de\/?p=12711","url_meta":{"origin":11402,"position":1},"title":"Ich bin ein Ton in der Melodie Gottes &#8211; Erstkommunion 2025","author":"Florian Schiessl","date":"9. Juni 2025","format":false,"excerpt":"Am 25. Mai 2025 fand in unserer Pfarrgemeinde in der Pfarrkirche St. Albertus-Magnus die feierliche Erstkommunion statt. Insgesamt 26 Kinder durften an diesem besonderen Tag zum ersten Mal die heilige Kommunion empfangen. Die Feier stand unter dem Motto \u201eIch bin ein Ton in der Melodie Gottes\u201c \u2013 ein Sinnbild daf\u00fcr,\u2026","rel":"","context":"In &quot;Erstkommunion&quot;","block_context":{"text":"Erstkommunion","link":"https:\/\/www.pfarrei-due-wo.de\/?cat=10"},"img":{"alt_text":"","src":"https:\/\/i0.wp.com\/www.pfarrei-due-wo.de\/wp-content\/uploads\/2025\/06\/DJ1A8063-scaled.jpg?fit=1200%2C800&ssl=1&resize=350%2C200","width":350,"height":200,"srcset":"https:\/\/i0.wp.com\/www.pfarrei-due-wo.de\/wp-content\/uploads\/2025\/06\/DJ1A8063-scaled.jpg?fit=1200%2C800&ssl=1&resize=350%2C200 1x, https:\/\/i0.wp.com\/www.pfarrei-due-wo.de\/wp-content\/uploads\/2025\/06\/DJ1A8063-scaled.jpg?fit=1200%2C800&ssl=1&resize=525%2C300 1.5x, https:\/\/i0.wp.com\/www.pfarrei-due-wo.de\/wp-content\/uploads\/2025\/06\/DJ1A8063-scaled.jpg?fit=1200%2C800&ssl=1&resize=700%2C400 2x, https:\/\/i0.wp.com\/www.pfarrei-due-wo.de\/wp-content\/uploads\/2025\/06\/DJ1A8063-scaled.jpg?fit=1200%2C800&ssl=1&resize=1050%2C600 3x"},"classes":[]},{"id":7522,"url":"https:\/\/www.pfarrei-due-wo.de\/?p=7522","url_meta":{"origin":11402,"position":2},"title":"Bei mir bist du gro\u00df &#8211; Erstkommunion von 22 Kindern gefeiert","author":"Matthias Heimler","date":"8. Mai 2022","format":false,"excerpt":"Bei strahlendem Sonnenschein zogen die 22 Erstkommunionkinder der Pfarrei in die gut besuchte Pfarrkirche St. Albertus Magnus ein, um dort zu ersten Mal den Leib Christi zu empfangen. Nach einer intensiven Zeit der Vorbereitung durch Weggottesdienste, Tischgruppenstunden der Eltern und Unterricht in der Schule, freuten sich die M\u00e4dchen und Buben\u2026","rel":"","context":"In &quot;Erstkommunion&quot;","block_context":{"text":"Erstkommunion","link":"https:\/\/www.pfarrei-due-wo.de\/?cat=10"},"img":{"alt_text":"","src":"https:\/\/i0.wp.com\/www.pfarrei-due-wo.de\/wp-content\/uploads\/2022\/05\/0007496-scaled.jpg?fit=1200%2C800&ssl=1&resize=350%2C200","width":350,"height":200,"srcset":"https:\/\/i0.wp.com\/www.pfarrei-due-wo.de\/wp-content\/uploads\/2022\/05\/0007496-scaled.jpg?fit=1200%2C800&ssl=1&resize=350%2C200 1x, https:\/\/i0.wp.com\/www.pfarrei-due-wo.de\/wp-content\/uploads\/2022\/05\/0007496-scaled.jpg?fit=1200%2C800&ssl=1&resize=525%2C300 1.5x, https:\/\/i0.wp.com\/www.pfarrei-due-wo.de\/wp-content\/uploads\/2022\/05\/0007496-scaled.jpg?fit=1200%2C800&ssl=1&resize=700%2C400 2x, https:\/\/i0.wp.com\/www.pfarrei-due-wo.de\/wp-content\/uploads\/2022\/05\/0007496-scaled.jpg?fit=1200%2C800&ssl=1&resize=1050%2C600 3x"},"classes":[]},{"id":11694,"url":"https:\/\/www.pfarrei-due-wo.de\/?p=11694","url_meta":{"origin":11402,"position":3},"title":"Ich bin das Licht der Welt &#8211; Erstkommunion 2024","author":"Florian Schiessl","date":"12. Mai 2024","format":false,"excerpt":"Das Motto der Erstkommunion stand unter dem Leitwort Jesu: Ich bin das Licht der Welt. So war die Kirche geschm\u00fcckt mit einem Leuchtturm, wobei Boote, versehen mit den Namen der Kinder ganz dicht dran, in den Wellen des Meeres schwammen. Zwanzig Kinder durften das erste Mal an den Tisch des\u2026","rel":"","context":"In &quot;Erstkommunion&quot;","block_context":{"text":"Erstkommunion","link":"https:\/\/www.pfarrei-due-wo.de\/?cat=10"},"img":{"alt_text":"","src":"https:\/\/i0.wp.com\/www.pfarrei-due-wo.de\/wp-content\/uploads\/2024\/05\/IMG-20240507-WA0042.jpg?fit=1200%2C900&ssl=1&resize=350%2C200","width":350,"height":200,"srcset":"https:\/\/i0.wp.com\/www.pfarrei-due-wo.de\/wp-content\/uploads\/2024\/05\/IMG-20240507-WA0042.jpg?fit=1200%2C900&ssl=1&resize=350%2C200 1x, https:\/\/i0.wp.com\/www.pfarrei-due-wo.de\/wp-content\/uploads\/2024\/05\/IMG-20240507-WA0042.jpg?fit=1200%2C900&ssl=1&resize=525%2C300 1.5x, https:\/\/i0.wp.com\/www.pfarrei-due-wo.de\/wp-content\/uploads\/2024\/05\/IMG-20240507-WA0042.jpg?fit=1200%2C900&ssl=1&resize=700%2C400 2x, https:\/\/i0.wp.com\/www.pfarrei-due-wo.de\/wp-content\/uploads\/2024\/05\/IMG-20240507-WA0042.jpg?fit=1200%2C900&ssl=1&resize=1050%2C600 3x"},"classes":[]},{"id":5062,"url":"https:\/\/www.pfarrei-due-wo.de\/?p=5062","url_meta":{"origin":11402,"position":4},"title":"Erz\u00e4hl&#8216; uns mehr von Gott &#8211; Erstkommunion gefeiert","author":"Matthias Heimler","date":"6. Oktober 2020","format":false,"excerpt":"Reichlich sp\u00e4t im Kirchenjahr - den Corona-Beschr\u00e4nkungen geschuldet - konnte nun im September in der Pfarrei D\u00fcrnsricht-Wolfring mit Expositur H\u00f6gling Erstkommunion gefeiert werden. 28 Erstkommunionkinder, die mittlerweile die vierte Grundschulklasse besuchen, kamen mit ihren Eltern und Familien zusammen und erlebten einen sch\u00f6n gestalteten Gottesdienst, bei dem sie zum ersten Mal\u2026","rel":"","context":"In &quot;Erstkommunion&quot;","block_context":{"text":"Erstkommunion","link":"https:\/\/www.pfarrei-due-wo.de\/?cat=10"},"img":{"alt_text":"","src":"https:\/\/i0.wp.com\/www.pfarrei-due-wo.de\/wp-content\/uploads\/2020\/10\/2020-Erstkom.-05_bearb-scaled.jpg?fit=1200%2C800&ssl=1&resize=350%2C200","width":350,"height":200,"srcset":"https:\/\/i0.wp.com\/www.pfarrei-due-wo.de\/wp-content\/uploads\/2020\/10\/2020-Erstkom.-05_bearb-scaled.jpg?fit=1200%2C800&ssl=1&resize=350%2C200 1x, https:\/\/i0.wp.com\/www.pfarrei-due-wo.de\/wp-content\/uploads\/2020\/10\/2020-Erstkom.-05_bearb-scaled.jpg?fit=1200%2C800&ssl=1&resize=525%2C300 1.5x, https:\/\/i0.wp.com\/www.pfarrei-due-wo.de\/wp-content\/uploads\/2020\/10\/2020-Erstkom.-05_bearb-scaled.jpg?fit=1200%2C800&ssl=1&resize=700%2C400 2x, https:\/\/i0.wp.com\/www.pfarrei-due-wo.de\/wp-content\/uploads\/2020\/10\/2020-Erstkom.-05_bearb-scaled.jpg?fit=1200%2C800&ssl=1&resize=1050%2C600 3x"},"classes":[]},{"id":4119,"url":"https:\/\/www.pfarrei-due-wo.de\/?p=4119","url_meta":{"origin":11402,"position":5},"title":"28 Erstkommunionkinder stellen sich vor","author":"Matthias Heimler","date":"19. Januar 2020","format":false,"excerpt":"Beim Sonntagsgottesdienst in der Pfarrkirche stellten sich 28 Kinder der dritten Klassen ihrer Pfarrgemeinde vor. Sie bereiten sich seit Herbst auf den Empfang der Sakramente der Bu\u00dfe und der Eucharistie vor. Jetzt wurde es Zeit, die Pfarrgemeinde um ihr Gebet und ihre Begleitung zu bitten. \"Kommunion\" bedeute Gemeinschaft, Gemeinschaft mit\u2026","rel":"","context":"In &quot;Erstkommunion&quot;","block_context":{"text":"Erstkommunion","link":"https:\/\/www.pfarrei-due-wo.de\/?cat=10"},"img":{"alt_text":"","src":"https:\/\/i0.wp.com\/www.pfarrei-due-wo.de\/wp-content\/uploads\/2020\/01\/20200119_105406-scaled.jpg?fit=1200%2C900&ssl=1&resize=350%2C200","width":350,"height":200,"srcset":"https:\/\/i0.wp.com\/www.pfarrei-due-wo.de\/wp-content\/uploads\/2020\/01\/20200119_105406-scaled.jpg?fit=1200%2C900&ssl=1&resize=350%2C200 1x, https:\/\/i0.wp.com\/www.pfarrei-due-wo.de\/wp-content\/uploads\/2020\/01\/20200119_105406-scaled.jpg?fit=1200%2C900&ssl=1&resize=525%2C300 1.5x, https:\/\/i0.wp.com\/www.pfarrei-due-wo.de\/wp-content\/uploads\/2020\/01\/20200119_105406-scaled.jpg?fit=1200%2C900&ssl=1&resize=700%2C400 2x, https:\/\/i0.wp.com\/www.pfarrei-due-wo.de\/wp-content\/uploads\/2020\/01\/20200119_105406-scaled.jpg?fit=1200%2C900&ssl=1&resize=1050%2C600 3x"},"classes":[]}],"publishpress_future_action":{"enabled":false,"date":"2026-05-07 01:31:15","action":"change-status","newStatus":"draft","terms":[],"taxonomy":"category","extraData":[]},"publishpress_future_workflow_manual_trigger":{"enabledWorkflows":[]},"_links":{"self":[{"href":"https:\/\/www.pfarrei-due-wo.de\/index.php?rest_route=\/wp\/v2\/posts\/11402","targetHints":{"allow":["GET"]}}],"collection":[{"href":"https:\/\/www.pfarrei-due-wo.de\/index.php?rest_route=\/wp\/v2\/posts"}],"about":[{"href":"https:\/\/www.pfarrei-due-wo.de\/index.php?rest_route=\/wp\/v2\/types\/post"}],"author":[{"embeddable":true,"href":"https:\/\/www.pfarrei-due-wo.de\/index.php?rest_route=\/wp\/v2\/users\/7"}],"replies":[{"embeddable":true,"href":"https:\/\/www.pfarrei-due-wo.de\/index.php?rest_route=%2Fwp%2Fv2%2Fcomments&post=11402"}],"version-history":[{"count":2,"href":"https:\/\/www.pfarrei-due-wo.de\/index.php?rest_route=\/wp\/v2\/posts\/11402\/revisions"}],"predecessor-version":[{"id":11426,"href":"https:\/\/www.pfarrei-due-wo.de\/index.php?rest_route=\/wp\/v2\/posts\/11402\/revisions\/11426"}],"wp:featuredmedia":[{"embeddable":true,"href":"https:\/\/www.pfarrei-due-wo.de\/index.php?rest_route=\/wp\/v2\/media\/11403"}],"wp:attachment":[{"href":"https:\/\/www.pfarrei-due-wo.de\/index.php?rest_route=%2Fwp%2Fv2%2Fmedia&parent=11402"}],"wp:term":[{"taxonomy":"category","embeddable":true,"href":"https:\/\/www.pfarrei-due-wo.de\/index.php?rest_route=%2Fwp%2Fv2%2Fcategories&post=11402"},{"taxonomy":"post_tag","embeddable":true,"href":"https:\/\/www.pfarrei-due-wo.de\/index.php?rest_route=%2Fwp%2Fv2%2Ftags&post=11402"}],"curies":[{"name":"wp","href":"https:\/\/api.w.org\/{rel}","templated":true}]}}