{"id":11390,"date":"2024-02-07T09:13:21","date_gmt":"2024-02-07T08:13:21","guid":{"rendered":"https:\/\/www.pfarrei-due-wo.de\/?p=11390"},"modified":"2024-02-12T00:10:24","modified_gmt":"2024-02-11T23:10:24","slug":"lichtmess-segnung-der-kerzen","status":"publish","type":"post","link":"https:\/\/www.pfarrei-due-wo.de\/?p=11390","title":{"rendered":"Lichtmess &#8211; Segnung der Kerzen"},"content":{"rendered":"<p>An Lichtmess werden in der Kirche traditionell die Kerzen gesegnet. Dabei erinnert der Zelebrant die Gl\u00e4ubigen, dass Christus als \u201edas Licht zur Erleuchtung der Heiden\u201c in die Welt gekommen ist. Er ist es, der uns den Weg zum Vater weist, durch alle Dunkelheiten hindurch.<br \/>\nBesonders wichtig war dies auch f\u00fcr die Kommunionkinder: Sie durften am Sonntag ihre Kerzen in die Kirche bringen. So wurden sie gesegnet zusammen mit der gro\u00dfen Tischkerze, den Ewig-Licht-Kerzen, den Altar-Kerzen, den Blasius-Kerzen und den Prozessionskerzen.<br \/>\nDas Licht spielt bei der diesj\u00e4hrigen Kommunion eine besondere Rolle. Denn f\u00fcr 2024 gilt das Motto \u201eChristus ist das Licht f\u00fcr die Welt.\u201c Deshalb war an diesem Tag erstmals das Modell eines Leuchtturms in der Kirche zu bewundern.<\/p>\n<p>&nbsp;<\/p>\n<div data-carousel-extra='{&quot;blog_id&quot;:1,&quot;permalink&quot;:&quot;https:\/\/www.pfarrei-due-wo.de\/?p=11390&quot;}' id='gallery-1' class='gallery galleryid-11390 gallery-columns-3 gallery-size-thumbnail'><figure class='gallery-item'>\n\t\t\t<div class='gallery-icon portrait'>\n\t\t\t\t<a href='https:\/\/www.pfarrei-due-wo.de\/?attachment_id=11391'><img loading=\"lazy\" decoding=\"async\" width=\"150\" height=\"150\" src=\"https:\/\/i0.wp.com\/www.pfarrei-due-wo.de\/wp-content\/uploads\/2024\/02\/Lichtmess-2024.-Segnung-der-Kerzen-scaled.jpg?resize=150%2C150&amp;ssl=1\" class=\"attachment-thumbnail size-thumbnail\" alt=\"\" srcset=\"https:\/\/i0.wp.com\/www.pfarrei-due-wo.de\/wp-content\/uploads\/2024\/02\/Lichtmess-2024.-Segnung-der-Kerzen-scaled.jpg?resize=150%2C150&amp;ssl=1 150w, https:\/\/i0.wp.com\/www.pfarrei-due-wo.de\/wp-content\/uploads\/2024\/02\/Lichtmess-2024.-Segnung-der-Kerzen-scaled.jpg?zoom=2&amp;resize=150%2C150&amp;ssl=1 300w, https:\/\/i0.wp.com\/www.pfarrei-due-wo.de\/wp-content\/uploads\/2024\/02\/Lichtmess-2024.-Segnung-der-Kerzen-scaled.jpg?zoom=3&amp;resize=150%2C150&amp;ssl=1 450w\" sizes=\"auto, (max-width: 150px) 100vw, 150px\" data-attachment-id=\"11391\" data-permalink=\"https:\/\/www.pfarrei-due-wo.de\/?attachment_id=11391\" data-orig-file=\"https:\/\/i0.wp.com\/www.pfarrei-due-wo.de\/wp-content\/uploads\/2024\/02\/Lichtmess-2024.-Segnung-der-Kerzen-scaled.jpg?fit=1818%2C2560&amp;ssl=1\" data-orig-size=\"1818,2560\" data-comments-opened=\"0\" data-image-meta=\"{&quot;aperture&quot;:&quot;2.8&quot;,&quot;credit&quot;:&quot;&quot;,&quot;camera&quot;:&quot;DMC-FZ300&quot;,&quot;caption&quot;:&quot;&quot;,&quot;created_timestamp&quot;:&quot;1706868423&quot;,&quot;copyright&quot;:&quot;&quot;,&quot;focal_length&quot;:&quot;4.5&quot;,&quot;iso&quot;:&quot;250&quot;,&quot;shutter_speed&quot;:&quot;0.016666666666667&quot;,&quot;title&quot;:&quot;&quot;,&quot;orientation&quot;:&quot;0&quot;}\" data-image-title=\"Lichtmess 2024. Segnung der Kerzen\" data-image-description=\"\" data-image-caption=\"\" data-large-file=\"https:\/\/i0.wp.com\/www.pfarrei-due-wo.de\/wp-content\/uploads\/2024\/02\/Lichtmess-2024.-Segnung-der-Kerzen-scaled.jpg?fit=727%2C1024&amp;ssl=1\" \/><\/a>\n\t\t\t<\/div><\/figure><figure class='gallery-item'>\n\t\t\t<div class='gallery-icon landscape'>\n\t\t\t\t<a href='https:\/\/www.pfarrei-due-wo.de\/?attachment_id=11393'><img loading=\"lazy\" decoding=\"async\" width=\"150\" height=\"150\" src=\"https:\/\/i0.wp.com\/www.pfarrei-due-wo.de\/wp-content\/uploads\/2024\/02\/Kommunionkerzen-Segnung.-Vorstell.-Gottesd.-2-002.jpg?resize=150%2C150&amp;ssl=1\" class=\"attachment-thumbnail size-thumbnail\" alt=\"\" srcset=\"https:\/\/i0.wp.com\/www.pfarrei-due-wo.de\/wp-content\/uploads\/2024\/02\/Kommunionkerzen-Segnung.-Vorstell.-Gottesd.-2-002.jpg?resize=150%2C150&amp;ssl=1 150w, https:\/\/i0.wp.com\/www.pfarrei-due-wo.de\/wp-content\/uploads\/2024\/02\/Kommunionkerzen-Segnung.-Vorstell.-Gottesd.-2-002.jpg?zoom=2&amp;resize=150%2C150&amp;ssl=1 300w, https:\/\/i0.wp.com\/www.pfarrei-due-wo.de\/wp-content\/uploads\/2024\/02\/Kommunionkerzen-Segnung.-Vorstell.-Gottesd.-2-002.jpg?zoom=3&amp;resize=150%2C150&amp;ssl=1 450w\" sizes=\"auto, (max-width: 150px) 100vw, 150px\" data-attachment-id=\"11393\" data-permalink=\"https:\/\/www.pfarrei-due-wo.de\/?attachment_id=11393\" data-orig-file=\"https:\/\/i0.wp.com\/www.pfarrei-due-wo.de\/wp-content\/uploads\/2024\/02\/Kommunionkerzen-Segnung.-Vorstell.-Gottesd.-2-002.jpg?fit=2560%2C1920&amp;ssl=1\" data-orig-size=\"2560,1920\" data-comments-opened=\"0\" data-image-meta=\"{&quot;aperture&quot;:&quot;0&quot;,&quot;credit&quot;:&quot;&quot;,&quot;camera&quot;:&quot;&quot;,&quot;caption&quot;:&quot;&quot;,&quot;created_timestamp&quot;:&quot;1707045272&quot;,&quot;copyright&quot;:&quot;&quot;,&quot;focal_length&quot;:&quot;0&quot;,&quot;iso&quot;:&quot;0&quot;,&quot;shutter_speed&quot;:&quot;0&quot;,&quot;title&quot;:&quot;&quot;,&quot;orientation&quot;:&quot;1&quot;}\" data-image-title=\"Kommunionkerzen-Segnung. Vorstell. Gottesd. 2 (002)\" data-image-description=\"\" data-image-caption=\"\" data-large-file=\"https:\/\/i0.wp.com\/www.pfarrei-due-wo.de\/wp-content\/uploads\/2024\/02\/Kommunionkerzen-Segnung.-Vorstell.-Gottesd.-2-002.jpg?fit=750%2C563&amp;ssl=1\" \/><\/a>\n\t\t\t<\/div><\/figure>\n\t\t<\/div>\n\n","protected":false},"excerpt":{"rendered":"<p>An Lichtmess werden in der Kirche traditionell die Kerzen gesegnet. Dabei erinnert der Zelebrant die Gl\u00e4ubigen, dass Christus als \u201edas Licht zur Erleuchtung der Heiden\u201c in die Welt gekommen ist. &hellip; <\/p>\n","protected":false},"author":7,"featured_media":11393,"comment_status":"closed","ping_status":"closed","sticky":false,"template":"","format":"standard","meta":{"jetpack_post_was_ever_published":false,"_jetpack_newsletter_access":"","_jetpack_dont_email_post_to_subs":false,"_jetpack_newsletter_tier_id":0,"_jetpack_memberships_contains_paywalled_content":false,"_jetpack_memberships_contains_paid_content":false,"footnotes":"","jetpack_publicize_message":"","jetpack_publicize_feature_enabled":true,"jetpack_social_post_already_shared":true,"jetpack_social_options":{"image_generator_settings":{"template":"highway","default_image_id":0,"font":"","enabled":false},"version":2}},"categories":[10,2],"tags":[],"class_list":["post-11390","post","type-post","status-publish","format-standard","has-post-thumbnail","hentry","category-erstkommunion","category-gottesdienste"],"jetpack_publicize_connections":[],"jetpack_featured_media_url":"https:\/\/i0.wp.com\/www.pfarrei-due-wo.de\/wp-content\/uploads\/2024\/02\/Kommunionkerzen-Segnung.-Vorstell.-Gottesd.-2-002.jpg?fit=2560%2C1920&ssl=1","jetpack_sharing_enabled":true,"jetpack_shortlink":"https:\/\/wp.me\/p8HCtc-2XI","jetpack-related-posts":[{"id":7094,"url":"https:\/\/www.pfarrei-due-wo.de\/?p=7094","url_meta":{"origin":11390,"position":0},"title":"40 Tage nach Weihnachten: Mari\u00e4 Lichtmess","author":"Matthias Heimler","date":"3. Februar 2022","format":false,"excerpt":"Das Fest der Darstellung des Herrn begeht die Kirche am 2. Februar, dem 40. Tag nach Weihnachten. Es erinnert an die Tradition, dass seit der Befreiung aus \u00c4gypten \"jede m\u00e4nnliche Erstgeburt dem Herrn geh\u00f6rt\" und daher ausgel\u00f6st werden musste. Das war der Anlass f\u00fcr die Erz\u00e4hlung des Besuchs der Eltern\u2026","rel":"","context":"In &quot;Erstkommunion&quot;","block_context":{"text":"Erstkommunion","link":"https:\/\/www.pfarrei-due-wo.de\/?cat=10"},"img":{"alt_text":"","src":"https:\/\/i0.wp.com\/www.pfarrei-due-wo.de\/wp-content\/uploads\/2022\/02\/IMG-20220202-WA0003-1-e1643914679284.jpg?fit=1134%2C927&ssl=1&resize=350%2C200","width":350,"height":200,"srcset":"https:\/\/i0.wp.com\/www.pfarrei-due-wo.de\/wp-content\/uploads\/2022\/02\/IMG-20220202-WA0003-1-e1643914679284.jpg?fit=1134%2C927&ssl=1&resize=350%2C200 1x, https:\/\/i0.wp.com\/www.pfarrei-due-wo.de\/wp-content\/uploads\/2022\/02\/IMG-20220202-WA0003-1-e1643914679284.jpg?fit=1134%2C927&ssl=1&resize=525%2C300 1.5x, https:\/\/i0.wp.com\/www.pfarrei-due-wo.de\/wp-content\/uploads\/2022\/02\/IMG-20220202-WA0003-1-e1643914679284.jpg?fit=1134%2C927&ssl=1&resize=700%2C400 2x, https:\/\/i0.wp.com\/www.pfarrei-due-wo.de\/wp-content\/uploads\/2022\/02\/IMG-20220202-WA0003-1-e1643914679284.jpg?fit=1134%2C927&ssl=1&resize=1050%2C600 3x"},"classes":[]},{"id":12411,"url":"https:\/\/www.pfarrei-due-wo.de\/?p=12411","url_meta":{"origin":11390,"position":1},"title":"Vorstellung Erstkommunionkinder","author":"Florian Schiessl","date":"9. Februar 2025","format":false,"excerpt":"Am Sonntag, dem 2. Februar 2025, fand in unserer Pfarrei ein ganz besonderer Gottesdienst statt, der der Vorstellung der Kommunionkinder gewidmet war. W\u00e4hrend des Gottesdienstes wurden die Kerzen, die die Kommunionkinder im Vorfeld selbst gestaltet hatten, gesegnet. Mit viel Kreativit\u00e4t und Begeisterung haben die Kinder ihre Kerzen verziert, um ihre\u2026","rel":"","context":"In &quot;Erstkommunion&quot;","block_context":{"text":"Erstkommunion","link":"https:\/\/www.pfarrei-due-wo.de\/?cat=10"},"img":{"alt_text":"","src":"https:\/\/i0.wp.com\/www.pfarrei-due-wo.de\/wp-content\/uploads\/2025\/02\/IMG_1178.jpeg?fit=1200%2C1200&ssl=1&resize=350%2C200","width":350,"height":200,"srcset":"https:\/\/i0.wp.com\/www.pfarrei-due-wo.de\/wp-content\/uploads\/2025\/02\/IMG_1178.jpeg?fit=1200%2C1200&ssl=1&resize=350%2C200 1x, https:\/\/i0.wp.com\/www.pfarrei-due-wo.de\/wp-content\/uploads\/2025\/02\/IMG_1178.jpeg?fit=1200%2C1200&ssl=1&resize=525%2C300 1.5x, https:\/\/i0.wp.com\/www.pfarrei-due-wo.de\/wp-content\/uploads\/2025\/02\/IMG_1178.jpeg?fit=1200%2C1200&ssl=1&resize=700%2C400 2x, https:\/\/i0.wp.com\/www.pfarrei-due-wo.de\/wp-content\/uploads\/2025\/02\/IMG_1178.jpeg?fit=1200%2C1200&ssl=1&resize=1050%2C600 3x"},"classes":[]},{"id":12064,"url":"https:\/\/www.pfarrei-due-wo.de\/?p=12064","url_meta":{"origin":11390,"position":2},"title":"Pfarrei St. Albertus-Magnus gedenkt aller Heiligen","author":"Florian Schiessl","date":"5. November 2024","format":false,"excerpt":"Reger Besuch herrschte wieder auf den Friedh\u00f6fen von D\u00fcrnsricht, Wolfring und H\u00f6gling, als der Allerheiligentag begangen wurde. Pfarrer Georg Praun hob in seiner Festpredigt hervor, welcher entscheidende Unterschied herrscht zwischen den Heiligen der Kirche und anderen Menschen, die geehrt werden, wie z.B. Komponisten oder ranghohen Politikern. Der Allerheiligentag ist kein\u2026","rel":"","context":"In &quot;Gottesdienste&quot;","block_context":{"text":"Gottesdienste","link":"https:\/\/www.pfarrei-due-wo.de\/?cat=2"},"img":{"alt_text":"","src":"https:\/\/i0.wp.com\/www.pfarrei-due-wo.de\/wp-content\/uploads\/2024\/11\/IMG_1057-1-scaled.jpg?fit=1200%2C900&ssl=1&resize=350%2C200","width":350,"height":200,"srcset":"https:\/\/i0.wp.com\/www.pfarrei-due-wo.de\/wp-content\/uploads\/2024\/11\/IMG_1057-1-scaled.jpg?fit=1200%2C900&ssl=1&resize=350%2C200 1x, https:\/\/i0.wp.com\/www.pfarrei-due-wo.de\/wp-content\/uploads\/2024\/11\/IMG_1057-1-scaled.jpg?fit=1200%2C900&ssl=1&resize=525%2C300 1.5x, https:\/\/i0.wp.com\/www.pfarrei-due-wo.de\/wp-content\/uploads\/2024\/11\/IMG_1057-1-scaled.jpg?fit=1200%2C900&ssl=1&resize=700%2C400 2x, https:\/\/i0.wp.com\/www.pfarrei-due-wo.de\/wp-content\/uploads\/2024\/11\/IMG_1057-1-scaled.jpg?fit=1200%2C900&ssl=1&resize=1050%2C600 3x"},"classes":[]},{"id":13436,"url":"https:\/\/www.pfarrei-due-wo.de\/?p=13436","url_meta":{"origin":11390,"position":3},"title":"Weihnachten in der Pfarrei St. Albertus-Magnus","author":"Florian Schiessl","date":"25. Dezember 2025","format":false,"excerpt":"Mit der Krippenfeier in der Pfarrkirche begannen die Weihnachtsfeierlichkeiten in der Pfarrei St. Albertus-Magnus. Das Familiengottesdienst Team unter der Leitung von Heidi Neidl studierte in der Adventszeit ein Musical Krippenspiel ein, das die Kinder der Grundschule in der \u00fcberf\u00fcllten Kirche auff\u00fchrten. Evangelium, F\u00fcrbitten und Weihnachtslieder umrahmten die Feier. Die Kollekte\u2026","rel":"","context":"In &quot;Gottesdienste&quot;","block_context":{"text":"Gottesdienste","link":"https:\/\/www.pfarrei-due-wo.de\/?cat=2"},"img":{"alt_text":"","src":"https:\/\/i0.wp.com\/www.pfarrei-due-wo.de\/wp-content\/uploads\/2025\/12\/PHOTO-2025-12-25-00-25-10-15.jpg?fit=900%2C1200&ssl=1&resize=350%2C200","width":350,"height":200,"srcset":"https:\/\/i0.wp.com\/www.pfarrei-due-wo.de\/wp-content\/uploads\/2025\/12\/PHOTO-2025-12-25-00-25-10-15.jpg?fit=900%2C1200&ssl=1&resize=350%2C200 1x, https:\/\/i0.wp.com\/www.pfarrei-due-wo.de\/wp-content\/uploads\/2025\/12\/PHOTO-2025-12-25-00-25-10-15.jpg?fit=900%2C1200&ssl=1&resize=525%2C300 1.5x, https:\/\/i0.wp.com\/www.pfarrei-due-wo.de\/wp-content\/uploads\/2025\/12\/PHOTO-2025-12-25-00-25-10-15.jpg?fit=900%2C1200&ssl=1&resize=700%2C400 2x"},"classes":[]},{"id":13609,"url":"https:\/\/www.pfarrei-due-wo.de\/?p=13609","url_meta":{"origin":11390,"position":4},"title":"Kehre um und glaube an das Evangelium \u2013 Aschermittwoch 2026","author":"Florian Schiessl","date":"22. Februar 2026","format":false,"excerpt":"Das Altarbild in der Pfarrkirche mit einem Fastentuch verh\u00fcllt, keine Blumen in der Kirche, die Osterkerze aus dem Altarraum entfernt, an dieser Stelle stand ein Tisch mit Schalen, gef\u00fcllt mit Asche von den Palmzweigen des vergangenen Jahres. Violette Kerzen brannten am Altar und auf den Apostelleuchtern, die liturgische Farbe in\u2026","rel":"","context":"In &quot;Gottesdienste&quot;","block_context":{"text":"Gottesdienste","link":"https:\/\/www.pfarrei-due-wo.de\/?cat=2"},"img":{"alt_text":"","src":"https:\/\/i0.wp.com\/www.pfarrei-due-wo.de\/wp-content\/uploads\/2026\/02\/PHOTO-2026-02-19-17-44-42.jpg?fit=1200%2C900&ssl=1&resize=350%2C200","width":350,"height":200,"srcset":"https:\/\/i0.wp.com\/www.pfarrei-due-wo.de\/wp-content\/uploads\/2026\/02\/PHOTO-2026-02-19-17-44-42.jpg?fit=1200%2C900&ssl=1&resize=350%2C200 1x, https:\/\/i0.wp.com\/www.pfarrei-due-wo.de\/wp-content\/uploads\/2026\/02\/PHOTO-2026-02-19-17-44-42.jpg?fit=1200%2C900&ssl=1&resize=525%2C300 1.5x, https:\/\/i0.wp.com\/www.pfarrei-due-wo.de\/wp-content\/uploads\/2026\/02\/PHOTO-2026-02-19-17-44-42.jpg?fit=1200%2C900&ssl=1&resize=700%2C400 2x, https:\/\/i0.wp.com\/www.pfarrei-due-wo.de\/wp-content\/uploads\/2026\/02\/PHOTO-2026-02-19-17-44-42.jpg?fit=1200%2C900&ssl=1&resize=1050%2C600 3x"},"classes":[]},{"id":5432,"url":"https:\/\/www.pfarrei-due-wo.de\/?p=5432","url_meta":{"origin":11390,"position":5},"title":"Familiengottesdienst in H\u00f6gling","author":"Matthias Heimler","date":"13. Dezember 2020","format":false,"excerpt":"Trotz Nieselregen und ungem\u00fctlichen Temperaturen kamen viele Familien zum dritten Familiengottesdienst im Freien. Unter Einhaltung der aktuellen Bestimmungen f\u00fcr Gottesdienste, wozu das Abstand-Halten und das Tragen der Mund-Nase-Bedeckung geh\u00f6rt, fand die Feier diesmal im H\u00f6glinger Pfarrgarten statt. Kurzerhand wurde der Gottesdienst von der Kirche dorthin verlegt, um mehr Fl\u00e4che und\u2026","rel":"","context":"In &quot;Gottesdienste&quot;","block_context":{"text":"Gottesdienste","link":"https:\/\/www.pfarrei-due-wo.de\/?cat=2"},"img":{"alt_text":"","src":"https:\/\/i0.wp.com\/www.pfarrei-due-wo.de\/wp-content\/uploads\/2020\/12\/IMG-20201213-WA0002.jpg?fit=1024%2C768&ssl=1&resize=350%2C200","width":350,"height":200,"srcset":"https:\/\/i0.wp.com\/www.pfarrei-due-wo.de\/wp-content\/uploads\/2020\/12\/IMG-20201213-WA0002.jpg?fit=1024%2C768&ssl=1&resize=350%2C200 1x, https:\/\/i0.wp.com\/www.pfarrei-due-wo.de\/wp-content\/uploads\/2020\/12\/IMG-20201213-WA0002.jpg?fit=1024%2C768&ssl=1&resize=525%2C300 1.5x, https:\/\/i0.wp.com\/www.pfarrei-due-wo.de\/wp-content\/uploads\/2020\/12\/IMG-20201213-WA0002.jpg?fit=1024%2C768&ssl=1&resize=700%2C400 2x"},"classes":[]}],"publishpress_future_action":{"enabled":false,"date":"2026-05-09 11:01:21","action":"change-status","newStatus":"draft","terms":[],"taxonomy":"category","extraData":[]},"publishpress_future_workflow_manual_trigger":{"enabledWorkflows":[]},"_links":{"self":[{"href":"https:\/\/www.pfarrei-due-wo.de\/index.php?rest_route=\/wp\/v2\/posts\/11390","targetHints":{"allow":["GET"]}}],"collection":[{"href":"https:\/\/www.pfarrei-due-wo.de\/index.php?rest_route=\/wp\/v2\/posts"}],"about":[{"href":"https:\/\/www.pfarrei-due-wo.de\/index.php?rest_route=\/wp\/v2\/types\/post"}],"author":[{"embeddable":true,"href":"https:\/\/www.pfarrei-due-wo.de\/index.php?rest_route=\/wp\/v2\/users\/7"}],"replies":[{"embeddable":true,"href":"https:\/\/www.pfarrei-due-wo.de\/index.php?rest_route=%2Fwp%2Fv2%2Fcomments&post=11390"}],"version-history":[{"count":1,"href":"https:\/\/www.pfarrei-due-wo.de\/index.php?rest_route=\/wp\/v2\/posts\/11390\/revisions"}],"predecessor-version":[{"id":11394,"href":"https:\/\/www.pfarrei-due-wo.de\/index.php?rest_route=\/wp\/v2\/posts\/11390\/revisions\/11394"}],"wp:featuredmedia":[{"embeddable":true,"href":"https:\/\/www.pfarrei-due-wo.de\/index.php?rest_route=\/wp\/v2\/media\/11393"}],"wp:attachment":[{"href":"https:\/\/www.pfarrei-due-wo.de\/index.php?rest_route=%2Fwp%2Fv2%2Fmedia&parent=11390"}],"wp:term":[{"taxonomy":"category","embeddable":true,"href":"https:\/\/www.pfarrei-due-wo.de\/index.php?rest_route=%2Fwp%2Fv2%2Fcategories&post=11390"},{"taxonomy":"post_tag","embeddable":true,"href":"https:\/\/www.pfarrei-due-wo.de\/index.php?rest_route=%2Fwp%2Fv2%2Ftags&post=11390"}],"curies":[{"name":"wp","href":"https:\/\/api.w.org\/{rel}","templated":true}]}}