{"id":10017,"date":"2023-06-25T20:22:20","date_gmt":"2023-06-25T18:22:20","guid":{"rendered":"https:\/\/www.pfarrei-due-wo.de\/?p=10017"},"modified":"2023-06-25T20:33:56","modified_gmt":"2023-06-25T18:33:56","slug":"68-ministranten-machen-nuernberg-unsicher","status":"publish","type":"post","link":"https:\/\/www.pfarrei-due-wo.de\/?p=10017","title":{"rendered":"68 Ministranten machen N\u00fcrnberg unsicher"},"content":{"rendered":"<p><em>Jedes Jahr steht ein Ausflug auf dem Jahresprogramm der Ministranten der Pfarrei. Dieses Jahr ging es f\u00fcr einen Tag nach N\u00fcrnberg.<\/em><\/p>\n<p>Fast alle Minis lie\u00dfen es sich nicht nehmen, beim gemeinsamen Ausflug in diesem Jahr dabei zu sein. Fr\u00fchmorgens wurden die 68 Minis in den verschiedenen Ortschaften der Pfarrei vom Bus abgeholt. Die Kapazit\u00e4t des Busses reichte nicht aus, um die gro\u00dfe Teilnehmerzahl aufzunehmen. So waren noch einige zus\u00e4tzliche Fahrzeuge notwendig, um alle sicher nach N\u00fcrnberg zu bringen.<\/p>\n<p>\u00dcber die Kaiserburg ging es zu Fu\u00df in die Stadt. Dort warteten drei Stadtf\u00fchrer auf die gespannte Gruppe. Viele interessante Einblicke und Hintergrundinformationen hatten sie im Gep\u00e4ck. Die Minis durften dabei viel ausprobieren und mitmachen.<\/p>\n<p>Ein Stadtbummel mit Gelegenheit zum Shopping durfte nat\u00fcrlich nicht fehlen. Nachmittags ging es dann weiter zum Trampolinpark Airtime. Dort tobten sich die Minis auf den verschiedenen Sprungger\u00e4ten aus, bis es am Abend zur\u00fcck nach Fensterbach ging.<\/p>\n<p>Der Ausflug konnte von der Ministrantenkasse komplett \u00fcbernommen werden, nicht zuletzt auch wegen dem tollen Einsatz der Ministrantenbetreuer und Eltern, die sich bereit erkl\u00e4rt hatten, die Minis zu begleiten.<\/p>\n<div class=\"tiled-gallery type-rectangular tiled-gallery-unresized\" data-original-width=\"750\" data-carousel-extra='{&quot;blog_id&quot;:1,&quot;permalink&quot;:&quot;https:\\\/\\\/www.pfarrei-due-wo.de\\\/?p=10017&quot;,&quot;likes_blog_id&quot;:128606674}' itemscope itemtype=\"http:\/\/schema.org\/ImageGallery\" > <div class=\"gallery-row\" style=\"width: 750px; height: 451px;\" data-original-width=\"750\" data-original-height=\"451\" > <div class=\"gallery-group images-1\" style=\"width: 451px; height: 451px;\" data-original-width=\"451\" data-original-height=\"451\" > <div class=\"tiled-gallery-item tiled-gallery-item-large\" itemprop=\"associatedMedia\" itemscope itemtype=\"http:\/\/schema.org\/ImageObject\"> <a href=\"https:\/\/www.pfarrei-due-wo.de\/?attachment_id=10015\" border=\"0\" itemprop=\"url\"> <meta itemprop=\"width\" content=\"447\"> <meta itemprop=\"height\" content=\"447\"> <img decoding=\"async\" class=\"\" data-attachment-id=\"10015\" data-orig-file=\"https:\/\/www.pfarrei-due-wo.de\/wp-content\/uploads\/2023\/06\/20230624_140259.jpg\" data-orig-size=\",\" data-comments-opened=\"\" data-image-meta=\"[]\" data-image-title=\"Ministrantenausflug nach N\u00fcrnberg\" data-image-description=\"&lt;p&gt;Foto: Michael Hoch&lt;\/p&gt; \" data-medium-file=\"https:\/\/i0.wp.com\/www.pfarrei-due-wo.de\/wp-content\/uploads\/2023\/06\/20230624_140259.jpg?fit=300%2C300&#038;ssl=1\" data-large-file=\"https:\/\/i0.wp.com\/www.pfarrei-due-wo.de\/wp-content\/uploads\/2023\/06\/20230624_140259.jpg?fit=6000%2C4000&#038;ssl=1\" src=\"https:\/\/i0.wp.com\/www.pfarrei-due-wo.de\/wp-content\/uploads\/2023\/06\/20230624_140259.jpg?w=447&#038;h=447&#038;crop=1&#038;ssl=1\" width=\"447\" height=\"447\" loading=\"lazy\" data-original-width=\"447\" data-original-height=\"447\" itemprop=\"http:\/\/schema.org\/image\" title=\"Ministrantenausflug nach N\u00fcrnberg\" alt=\"Ministrantenausflug nach N\u00fcrnberg\" style=\"width: 447px; height: 447px;\" \/> <\/a> <\/div> <\/div> <!-- close group --> <div class=\"gallery-group images-2\" style=\"width: 299px; height: 451px;\" data-original-width=\"299\" data-original-height=\"451\" > <div class=\"tiled-gallery-item tiled-gallery-item-large\" itemprop=\"associatedMedia\" itemscope itemtype=\"http:\/\/schema.org\/ImageObject\"> <a href=\"https:\/\/www.pfarrei-due-wo.de\/?attachment_id=10011\" border=\"0\" itemprop=\"url\"> <meta itemprop=\"width\" content=\"295\"> <meta itemprop=\"height\" content=\"222\"> <img decoding=\"async\" class=\"\" data-attachment-id=\"10011\" data-orig-file=\"https:\/\/www.pfarrei-due-wo.de\/wp-content\/uploads\/2023\/06\/IMG-20230625-WA0014.jpg\" data-orig-size=\"2016,1512\" data-comments-opened=\"\" data-image-meta=\"{&quot;aperture&quot;:&quot;0&quot;,&quot;credit&quot;:&quot;&quot;,&quot;camera&quot;:&quot;&quot;,&quot;caption&quot;:&quot;&quot;,&quot;created_timestamp&quot;:&quot;0&quot;,&quot;copyright&quot;:&quot;&quot;,&quot;focal_length&quot;:&quot;0&quot;,&quot;iso&quot;:&quot;0&quot;,&quot;shutter_speed&quot;:&quot;0&quot;,&quot;title&quot;:&quot;&quot;,&quot;orientation&quot;:&quot;0&quot;}\" data-image-title=\"Ministrantenausflug nach N\u00fcrnberg\" data-image-description=\"&lt;p&gt;Foto: Susanne Ettl&lt;\/p&gt; \" data-medium-file=\"https:\/\/i0.wp.com\/www.pfarrei-due-wo.de\/wp-content\/uploads\/2023\/06\/IMG-20230625-WA0014.jpg?fit=300%2C225&#038;ssl=1\" data-large-file=\"https:\/\/i0.wp.com\/www.pfarrei-due-wo.de\/wp-content\/uploads\/2023\/06\/IMG-20230625-WA0014.jpg?fit=750%2C563&#038;ssl=1\" src=\"https:\/\/i0.wp.com\/www.pfarrei-due-wo.de\/wp-content\/uploads\/2023\/06\/IMG-20230625-WA0014.jpg?w=295&#038;h=222&#038;ssl=1\" srcset=\"https:\/\/i0.wp.com\/www.pfarrei-due-wo.de\/wp-content\/uploads\/2023\/06\/IMG-20230625-WA0014.jpg?w=2016&amp;ssl=1 2016w, https:\/\/i0.wp.com\/www.pfarrei-due-wo.de\/wp-content\/uploads\/2023\/06\/IMG-20230625-WA0014.jpg?resize=300%2C225&amp;ssl=1 300w, https:\/\/i0.wp.com\/www.pfarrei-due-wo.de\/wp-content\/uploads\/2023\/06\/IMG-20230625-WA0014.jpg?w=1500&amp;ssl=1 1500w\" width=\"295\" height=\"222\" loading=\"lazy\" data-original-width=\"295\" data-original-height=\"222\" itemprop=\"http:\/\/schema.org\/image\" title=\"Ministrantenausflug nach N\u00fcrnberg\" alt=\"Ministrantenausflug nach N\u00fcrnberg\" style=\"width: 295px; height: 222px;\" \/> <\/a> <\/div> <div class=\"tiled-gallery-item tiled-gallery-item-large\" itemprop=\"associatedMedia\" itemscope itemtype=\"http:\/\/schema.org\/ImageObject\"> <a href=\"https:\/\/www.pfarrei-due-wo.de\/?attachment_id=10002\" border=\"0\" itemprop=\"url\"> <meta itemprop=\"width\" content=\"295\"> <meta itemprop=\"height\" content=\"221\"> <img decoding=\"async\" class=\"\" data-attachment-id=\"10002\" data-orig-file=\"https:\/\/www.pfarrei-due-wo.de\/wp-content\/uploads\/2023\/06\/IMG-20230625-WA0032.jpg\" data-orig-size=\"2016,1512\" data-comments-opened=\"\" data-image-meta=\"{&quot;aperture&quot;:&quot;0&quot;,&quot;credit&quot;:&quot;&quot;,&quot;camera&quot;:&quot;&quot;,&quot;caption&quot;:&quot;&quot;,&quot;created_timestamp&quot;:&quot;0&quot;,&quot;copyright&quot;:&quot;&quot;,&quot;focal_length&quot;:&quot;0&quot;,&quot;iso&quot;:&quot;0&quot;,&quot;shutter_speed&quot;:&quot;0&quot;,&quot;title&quot;:&quot;&quot;,&quot;orientation&quot;:&quot;0&quot;}\" data-image-title=\"Ministrantenausflug nach N\u00fcrnberg\" data-image-description=\"&lt;p&gt;Foto: Susanne Ettl&lt;\/p&gt; \" data-medium-file=\"https:\/\/i0.wp.com\/www.pfarrei-due-wo.de\/wp-content\/uploads\/2023\/06\/IMG-20230625-WA0032.jpg?fit=300%2C225&#038;ssl=1\" data-large-file=\"https:\/\/i0.wp.com\/www.pfarrei-due-wo.de\/wp-content\/uploads\/2023\/06\/IMG-20230625-WA0032.jpg?fit=750%2C563&#038;ssl=1\" src=\"https:\/\/i0.wp.com\/www.pfarrei-due-wo.de\/wp-content\/uploads\/2023\/06\/IMG-20230625-WA0032.jpg?w=295&#038;h=221&#038;ssl=1\" srcset=\"https:\/\/i0.wp.com\/www.pfarrei-due-wo.de\/wp-content\/uploads\/2023\/06\/IMG-20230625-WA0032.jpg?w=2016&amp;ssl=1 2016w, https:\/\/i0.wp.com\/www.pfarrei-due-wo.de\/wp-content\/uploads\/2023\/06\/IMG-20230625-WA0032.jpg?resize=300%2C225&amp;ssl=1 300w, https:\/\/i0.wp.com\/www.pfarrei-due-wo.de\/wp-content\/uploads\/2023\/06\/IMG-20230625-WA0032.jpg?resize=1024%2C768&amp;ssl=1 1024w, https:\/\/i0.wp.com\/www.pfarrei-due-wo.de\/wp-content\/uploads\/2023\/06\/IMG-20230625-WA0032.jpg?resize=768%2C576&amp;ssl=1 768w, https:\/\/i0.wp.com\/www.pfarrei-due-wo.de\/wp-content\/uploads\/2023\/06\/IMG-20230625-WA0032.jpg?resize=1536%2C1152&amp;ssl=1 1536w\" width=\"295\" height=\"221\" loading=\"lazy\" data-original-width=\"295\" data-original-height=\"221\" itemprop=\"http:\/\/schema.org\/image\" title=\"Ministrantenausflug nach N\u00fcrnberg\" alt=\"Ministrantenausflug nach N\u00fcrnberg\" style=\"width: 295px; height: 221px;\" \/> <\/a> <\/div> <\/div> <!-- close group --> <\/div> <!-- close row --> <div class=\"gallery-row\" style=\"width: 750px; height: 378px;\" data-original-width=\"750\" data-original-height=\"378\" > <div class=\"gallery-group images-2\" style=\"width: 215px; height: 378px;\" data-original-width=\"215\" data-original-height=\"378\" > <div class=\"tiled-gallery-item tiled-gallery-item-small\" itemprop=\"associatedMedia\" itemscope itemtype=\"http:\/\/schema.org\/ImageObject\"> <a href=\"https:\/\/www.pfarrei-due-wo.de\/?attachment_id=10008\" border=\"0\" itemprop=\"url\"> <meta itemprop=\"width\" content=\"211\"> <meta itemprop=\"height\" content=\"211\"> <img decoding=\"async\" class=\"\" data-attachment-id=\"10008\" data-orig-file=\"https:\/\/www.pfarrei-due-wo.de\/wp-content\/uploads\/2023\/06\/20230624_100104.jpg\" data-orig-size=\",\" data-comments-opened=\"\" data-image-meta=\"[]\" data-image-title=\"Ministrantenausflug nach N\u00fcrnberg\" data-image-description=\"&lt;p&gt;Foto: Michael Hoch&lt;\/p&gt; \" data-medium-file=\"https:\/\/i0.wp.com\/www.pfarrei-due-wo.de\/wp-content\/uploads\/2023\/06\/20230624_100104.jpg?fit=300%2C300&#038;ssl=1\" data-large-file=\"https:\/\/i0.wp.com\/www.pfarrei-due-wo.de\/wp-content\/uploads\/2023\/06\/20230624_100104.jpg?fit=6000%2C4000&#038;ssl=1\" src=\"https:\/\/i0.wp.com\/www.pfarrei-due-wo.de\/wp-content\/uploads\/2023\/06\/20230624_100104.jpg?w=211&#038;h=211&#038;crop=1&#038;ssl=1\" width=\"211\" height=\"211\" loading=\"lazy\" data-original-width=\"211\" data-original-height=\"211\" itemprop=\"http:\/\/schema.org\/image\" title=\"Ministrantenausflug nach N\u00fcrnberg\" alt=\"Ministrantenausflug nach N\u00fcrnberg\" style=\"width: 211px; height: 211px;\" \/> <\/a> <\/div> <div class=\"tiled-gallery-item tiled-gallery-item-small\" itemprop=\"associatedMedia\" itemscope itemtype=\"http:\/\/schema.org\/ImageObject\"> <a href=\"https:\/\/www.pfarrei-due-wo.de\/?attachment_id=10009\" border=\"0\" itemprop=\"url\"> <meta itemprop=\"width\" content=\"211\"> <meta itemprop=\"height\" content=\"159\"> <img decoding=\"async\" class=\"\" data-attachment-id=\"10009\" data-orig-file=\"https:\/\/www.pfarrei-due-wo.de\/wp-content\/uploads\/2023\/06\/IMG-20230625-WA0033.jpg\" data-orig-size=\"2016,1512\" data-comments-opened=\"\" data-image-meta=\"{&quot;aperture&quot;:&quot;0&quot;,&quot;credit&quot;:&quot;&quot;,&quot;camera&quot;:&quot;&quot;,&quot;caption&quot;:&quot;&quot;,&quot;created_timestamp&quot;:&quot;0&quot;,&quot;copyright&quot;:&quot;&quot;,&quot;focal_length&quot;:&quot;0&quot;,&quot;iso&quot;:&quot;0&quot;,&quot;shutter_speed&quot;:&quot;0&quot;,&quot;title&quot;:&quot;&quot;,&quot;orientation&quot;:&quot;0&quot;}\" data-image-title=\"Ministrantenausflug nach N\u00fcrnberg\" data-image-description=\"&lt;p&gt;Foto: Susanne Ettl&lt;\/p&gt; \" data-medium-file=\"https:\/\/i0.wp.com\/www.pfarrei-due-wo.de\/wp-content\/uploads\/2023\/06\/IMG-20230625-WA0033.jpg?fit=300%2C225&#038;ssl=1\" data-large-file=\"https:\/\/i0.wp.com\/www.pfarrei-due-wo.de\/wp-content\/uploads\/2023\/06\/IMG-20230625-WA0033.jpg?fit=750%2C563&#038;ssl=1\" src=\"https:\/\/i0.wp.com\/www.pfarrei-due-wo.de\/wp-content\/uploads\/2023\/06\/IMG-20230625-WA0033.jpg?w=211&#038;h=159&#038;ssl=1\" width=\"211\" height=\"159\" loading=\"lazy\" data-original-width=\"211\" data-original-height=\"159\" itemprop=\"http:\/\/schema.org\/image\" title=\"Ministrantenausflug nach N\u00fcrnberg\" alt=\"Ministrantenausflug nach N\u00fcrnberg\" style=\"width: 211px; height: 159px;\" \/> <\/a> <\/div> <\/div> <!-- close group --> <div class=\"gallery-group images-1\" style=\"width: 284px; height: 378px;\" data-original-width=\"284\" data-original-height=\"378\" > <div class=\"tiled-gallery-item tiled-gallery-item-large\" itemprop=\"associatedMedia\" itemscope itemtype=\"http:\/\/schema.org\/ImageObject\"> <a href=\"https:\/\/www.pfarrei-due-wo.de\/?attachment_id=10000\" border=\"0\" itemprop=\"url\"> <meta itemprop=\"width\" content=\"280\"> <meta itemprop=\"height\" content=\"374\"> <img decoding=\"async\" class=\"\" data-attachment-id=\"10000\" data-orig-file=\"https:\/\/www.pfarrei-due-wo.de\/wp-content\/uploads\/2023\/06\/IMG-20230625-WA0030.jpg\" data-orig-size=\"1512,2016\" data-comments-opened=\"\" data-image-meta=\"{&quot;aperture&quot;:&quot;0&quot;,&quot;credit&quot;:&quot;&quot;,&quot;camera&quot;:&quot;&quot;,&quot;caption&quot;:&quot;&quot;,&quot;created_timestamp&quot;:&quot;0&quot;,&quot;copyright&quot;:&quot;&quot;,&quot;focal_length&quot;:&quot;0&quot;,&quot;iso&quot;:&quot;0&quot;,&quot;shutter_speed&quot;:&quot;0&quot;,&quot;title&quot;:&quot;&quot;,&quot;orientation&quot;:&quot;0&quot;}\" data-image-title=\"Ministrantenausflug nach N\u00fcrnberg\" data-image-description=\"&lt;p&gt;Foto: Susanne Ettl&lt;\/p&gt; \" data-medium-file=\"https:\/\/i0.wp.com\/www.pfarrei-due-wo.de\/wp-content\/uploads\/2023\/06\/IMG-20230625-WA0030.jpg?fit=225%2C300&#038;ssl=1\" data-large-file=\"https:\/\/i0.wp.com\/www.pfarrei-due-wo.de\/wp-content\/uploads\/2023\/06\/IMG-20230625-WA0030.jpg?fit=750%2C1000&#038;ssl=1\" src=\"https:\/\/i0.wp.com\/www.pfarrei-due-wo.de\/wp-content\/uploads\/2023\/06\/IMG-20230625-WA0030.jpg?w=280&#038;h=374&#038;ssl=1\" srcset=\"https:\/\/i0.wp.com\/www.pfarrei-due-wo.de\/wp-content\/uploads\/2023\/06\/IMG-20230625-WA0030.jpg?w=1512&amp;ssl=1 1512w, https:\/\/i0.wp.com\/www.pfarrei-due-wo.de\/wp-content\/uploads\/2023\/06\/IMG-20230625-WA0030.jpg?resize=225%2C300&amp;ssl=1 225w, https:\/\/i0.wp.com\/www.pfarrei-due-wo.de\/wp-content\/uploads\/2023\/06\/IMG-20230625-WA0030.jpg?resize=768%2C1024&amp;ssl=1 768w, https:\/\/i0.wp.com\/www.pfarrei-due-wo.de\/wp-content\/uploads\/2023\/06\/IMG-20230625-WA0030.jpg?resize=1152%2C1536&amp;ssl=1 1152w\" width=\"280\" height=\"374\" loading=\"lazy\" data-original-width=\"280\" data-original-height=\"374\" itemprop=\"http:\/\/schema.org\/image\" title=\"Ministrantenausflug nach N\u00fcrnberg\" alt=\"Ministrantenausflug nach N\u00fcrnberg\" style=\"width: 280px; height: 374px;\" \/> <\/a> <\/div> <\/div> <!-- close group --> <div class=\"gallery-group images-2\" style=\"width: 251px; height: 378px;\" data-original-width=\"251\" data-original-height=\"378\" > <div class=\"tiled-gallery-item tiled-gallery-item-small\" itemprop=\"associatedMedia\" itemscope itemtype=\"http:\/\/schema.org\/ImageObject\"> <a href=\"https:\/\/www.pfarrei-due-wo.de\/?attachment_id=10007\" border=\"0\" itemprop=\"url\"> <meta itemprop=\"width\" content=\"247\"> <meta itemprop=\"height\" content=\"185\"> <img decoding=\"async\" class=\"\" data-attachment-id=\"10007\" data-orig-file=\"https:\/\/www.pfarrei-due-wo.de\/wp-content\/uploads\/2023\/06\/IMG-20230624-WA0006.jpg\" data-orig-size=\"1600,1200\" data-comments-opened=\"\" data-image-meta=\"{&quot;aperture&quot;:&quot;0&quot;,&quot;credit&quot;:&quot;&quot;,&quot;camera&quot;:&quot;&quot;,&quot;caption&quot;:&quot;&quot;,&quot;created_timestamp&quot;:&quot;0&quot;,&quot;copyright&quot;:&quot;&quot;,&quot;focal_length&quot;:&quot;0&quot;,&quot;iso&quot;:&quot;0&quot;,&quot;shutter_speed&quot;:&quot;0&quot;,&quot;title&quot;:&quot;&quot;,&quot;orientation&quot;:&quot;0&quot;}\" data-image-title=\"Ministrantenausflug nach N\u00fcrnberg\" data-image-description=\"&lt;p&gt;Foto: Susanne Ettl&lt;\/p&gt; \" data-medium-file=\"https:\/\/i0.wp.com\/www.pfarrei-due-wo.de\/wp-content\/uploads\/2023\/06\/IMG-20230624-WA0006.jpg?fit=300%2C225&#038;ssl=1\" data-large-file=\"https:\/\/i0.wp.com\/www.pfarrei-due-wo.de\/wp-content\/uploads\/2023\/06\/IMG-20230624-WA0006.jpg?fit=750%2C563&#038;ssl=1\" src=\"https:\/\/i0.wp.com\/www.pfarrei-due-wo.de\/wp-content\/uploads\/2023\/06\/IMG-20230624-WA0006.jpg?w=247&#038;h=185&#038;ssl=1\" srcset=\"https:\/\/i0.wp.com\/www.pfarrei-due-wo.de\/wp-content\/uploads\/2023\/06\/IMG-20230624-WA0006.jpg?w=1600&amp;ssl=1 1600w, https:\/\/i0.wp.com\/www.pfarrei-due-wo.de\/wp-content\/uploads\/2023\/06\/IMG-20230624-WA0006.jpg?resize=300%2C225&amp;ssl=1 300w, https:\/\/i0.wp.com\/www.pfarrei-due-wo.de\/wp-content\/uploads\/2023\/06\/IMG-20230624-WA0006.jpg?resize=1024%2C768&amp;ssl=1 1024w, https:\/\/i0.wp.com\/www.pfarrei-due-wo.de\/wp-content\/uploads\/2023\/06\/IMG-20230624-WA0006.jpg?resize=768%2C576&amp;ssl=1 768w, https:\/\/i0.wp.com\/www.pfarrei-due-wo.de\/wp-content\/uploads\/2023\/06\/IMG-20230624-WA0006.jpg?resize=1536%2C1152&amp;ssl=1 1536w\" width=\"247\" height=\"185\" loading=\"lazy\" data-original-width=\"247\" data-original-height=\"185\" itemprop=\"http:\/\/schema.org\/image\" title=\"Ministrantenausflug nach N\u00fcrnberg\" alt=\"Ministrantenausflug nach N\u00fcrnberg\" style=\"width: 247px; height: 185px;\" \/> <\/a> <\/div> <div class=\"tiled-gallery-item tiled-gallery-item-small\" itemprop=\"associatedMedia\" itemscope itemtype=\"http:\/\/schema.org\/ImageObject\"> <a href=\"https:\/\/www.pfarrei-due-wo.de\/?attachment_id=9997\" border=\"0\" itemprop=\"url\"> <meta itemprop=\"width\" content=\"247\"> <meta itemprop=\"height\" content=\"185\"> <img decoding=\"async\" class=\"\" data-attachment-id=\"9997\" data-orig-file=\"https:\/\/www.pfarrei-due-wo.de\/wp-content\/uploads\/2023\/06\/IMG-20230625-WA0036.jpg\" data-orig-size=\"2016,1512\" data-comments-opened=\"\" data-image-meta=\"{&quot;aperture&quot;:&quot;0&quot;,&quot;credit&quot;:&quot;&quot;,&quot;camera&quot;:&quot;&quot;,&quot;caption&quot;:&quot;&quot;,&quot;created_timestamp&quot;:&quot;0&quot;,&quot;copyright&quot;:&quot;&quot;,&quot;focal_length&quot;:&quot;0&quot;,&quot;iso&quot;:&quot;0&quot;,&quot;shutter_speed&quot;:&quot;0&quot;,&quot;title&quot;:&quot;&quot;,&quot;orientation&quot;:&quot;0&quot;}\" data-image-title=\"Ministrantenausflug nach N\u00fcrnberg\" data-image-description=\"&lt;p&gt;Foto: Susanne Ettl&lt;\/p&gt; \" data-medium-file=\"https:\/\/i0.wp.com\/www.pfarrei-due-wo.de\/wp-content\/uploads\/2023\/06\/IMG-20230625-WA0036.jpg?fit=300%2C225&#038;ssl=1\" data-large-file=\"https:\/\/i0.wp.com\/www.pfarrei-due-wo.de\/wp-content\/uploads\/2023\/06\/IMG-20230625-WA0036.jpg?fit=750%2C563&#038;ssl=1\" src=\"https:\/\/i0.wp.com\/www.pfarrei-due-wo.de\/wp-content\/uploads\/2023\/06\/IMG-20230625-WA0036.jpg?w=247&#038;h=185&#038;ssl=1\" srcset=\"https:\/\/i0.wp.com\/www.pfarrei-due-wo.de\/wp-content\/uploads\/2023\/06\/IMG-20230625-WA0036.jpg?w=2016&amp;ssl=1 2016w, https:\/\/i0.wp.com\/www.pfarrei-due-wo.de\/wp-content\/uploads\/2023\/06\/IMG-20230625-WA0036.jpg?resize=300%2C225&amp;ssl=1 300w, https:\/\/i0.wp.com\/www.pfarrei-due-wo.de\/wp-content\/uploads\/2023\/06\/IMG-20230625-WA0036.jpg?resize=1024%2C768&amp;ssl=1 1024w, https:\/\/i0.wp.com\/www.pfarrei-due-wo.de\/wp-content\/uploads\/2023\/06\/IMG-20230625-WA0036.jpg?resize=768%2C576&amp;ssl=1 768w, https:\/\/i0.wp.com\/www.pfarrei-due-wo.de\/wp-content\/uploads\/2023\/06\/IMG-20230625-WA0036.jpg?w=1500&amp;ssl=1 1500w\" width=\"247\" height=\"185\" loading=\"lazy\" data-original-width=\"247\" data-original-height=\"185\" itemprop=\"http:\/\/schema.org\/image\" title=\"Ministrantenausflug nach N\u00fcrnberg\" alt=\"Ministrantenausflug nach N\u00fcrnberg\" style=\"width: 247px; height: 185px;\" \/> <\/a> <\/div> <\/div> <!-- close group --> <\/div> <!-- close row --> <div class=\"gallery-row\" style=\"width: 750px; height: 499px;\" data-original-width=\"750\" data-original-height=\"499\" > <div class=\"gallery-group images-1\" style=\"width: 375px; height: 499px;\" data-original-width=\"375\" data-original-height=\"499\" > <div class=\"tiled-gallery-item tiled-gallery-item-large\" itemprop=\"associatedMedia\" itemscope itemtype=\"http:\/\/schema.org\/ImageObject\"> <a href=\"https:\/\/www.pfarrei-due-wo.de\/?attachment_id=10004\" border=\"0\" itemprop=\"url\"> <meta itemprop=\"width\" content=\"371\"> <meta itemprop=\"height\" content=\"495\"> <img decoding=\"async\" class=\"\" data-attachment-id=\"10004\" data-orig-file=\"https:\/\/www.pfarrei-due-wo.de\/wp-content\/uploads\/2023\/06\/IMG-20230625-WA0035.jpg\" data-orig-size=\"1536,2048\" data-comments-opened=\"\" data-image-meta=\"{&quot;aperture&quot;:&quot;0&quot;,&quot;credit&quot;:&quot;&quot;,&quot;camera&quot;:&quot;&quot;,&quot;caption&quot;:&quot;&quot;,&quot;created_timestamp&quot;:&quot;0&quot;,&quot;copyright&quot;:&quot;&quot;,&quot;focal_length&quot;:&quot;0&quot;,&quot;iso&quot;:&quot;0&quot;,&quot;shutter_speed&quot;:&quot;0&quot;,&quot;title&quot;:&quot;&quot;,&quot;orientation&quot;:&quot;0&quot;}\" data-image-title=\"Ministrantenausflug nach N\u00fcrnberg\" data-image-description=\"&lt;p&gt;Foto: Susanne Ettl&lt;\/p&gt; \" data-medium-file=\"https:\/\/i0.wp.com\/www.pfarrei-due-wo.de\/wp-content\/uploads\/2023\/06\/IMG-20230625-WA0035.jpg?fit=225%2C300&#038;ssl=1\" data-large-file=\"https:\/\/i0.wp.com\/www.pfarrei-due-wo.de\/wp-content\/uploads\/2023\/06\/IMG-20230625-WA0035.jpg?fit=750%2C1000&#038;ssl=1\" src=\"https:\/\/i0.wp.com\/www.pfarrei-due-wo.de\/wp-content\/uploads\/2023\/06\/IMG-20230625-WA0035.jpg?w=371&#038;h=495&#038;ssl=1\" srcset=\"https:\/\/i0.wp.com\/www.pfarrei-due-wo.de\/wp-content\/uploads\/2023\/06\/IMG-20230625-WA0035.jpg?w=1536&amp;ssl=1 1536w, https:\/\/i0.wp.com\/www.pfarrei-due-wo.de\/wp-content\/uploads\/2023\/06\/IMG-20230625-WA0035.jpg?resize=225%2C300&amp;ssl=1 225w, https:\/\/i0.wp.com\/www.pfarrei-due-wo.de\/wp-content\/uploads\/2023\/06\/IMG-20230625-WA0035.jpg?resize=768%2C1024&amp;ssl=1 768w, https:\/\/i0.wp.com\/www.pfarrei-due-wo.de\/wp-content\/uploads\/2023\/06\/IMG-20230625-WA0035.jpg?resize=1152%2C1536&amp;ssl=1 1152w\" width=\"371\" height=\"495\" loading=\"lazy\" data-original-width=\"371\" data-original-height=\"495\" itemprop=\"http:\/\/schema.org\/image\" title=\"Ministrantenausflug nach N\u00fcrnberg\" alt=\"Ministrantenausflug nach N\u00fcrnberg\" style=\"width: 371px; height: 495px;\" \/> <\/a> <\/div> <\/div> <!-- close group --> <div class=\"gallery-group images-1\" style=\"width: 375px; height: 499px;\" data-original-width=\"375\" data-original-height=\"499\" > <div class=\"tiled-gallery-item tiled-gallery-item-large\" itemprop=\"associatedMedia\" itemscope itemtype=\"http:\/\/schema.org\/ImageObject\"> <a href=\"https:\/\/www.pfarrei-due-wo.de\/?attachment_id=9998\" border=\"0\" itemprop=\"url\"> <meta itemprop=\"width\" content=\"371\"> <meta itemprop=\"height\" content=\"495\"> <img decoding=\"async\" class=\"\" data-attachment-id=\"9998\" data-orig-file=\"https:\/\/www.pfarrei-due-wo.de\/wp-content\/uploads\/2023\/06\/IMG-20230625-WA0037.jpg\" data-orig-size=\"1512,2016\" data-comments-opened=\"\" data-image-meta=\"{&quot;aperture&quot;:&quot;0&quot;,&quot;credit&quot;:&quot;&quot;,&quot;camera&quot;:&quot;&quot;,&quot;caption&quot;:&quot;&quot;,&quot;created_timestamp&quot;:&quot;0&quot;,&quot;copyright&quot;:&quot;&quot;,&quot;focal_length&quot;:&quot;0&quot;,&quot;iso&quot;:&quot;0&quot;,&quot;shutter_speed&quot;:&quot;0&quot;,&quot;title&quot;:&quot;&quot;,&quot;orientation&quot;:&quot;0&quot;}\" data-image-title=\"Ministrantenausflug nach N\u00fcrnberg\" data-image-description=\"&lt;p&gt;Foto: Susanne Ettl&lt;\/p&gt; \" data-medium-file=\"https:\/\/i0.wp.com\/www.pfarrei-due-wo.de\/wp-content\/uploads\/2023\/06\/IMG-20230625-WA0037.jpg?fit=225%2C300&#038;ssl=1\" data-large-file=\"https:\/\/i0.wp.com\/www.pfarrei-due-wo.de\/wp-content\/uploads\/2023\/06\/IMG-20230625-WA0037.jpg?fit=750%2C1000&#038;ssl=1\" src=\"https:\/\/i0.wp.com\/www.pfarrei-due-wo.de\/wp-content\/uploads\/2023\/06\/IMG-20230625-WA0037.jpg?w=371&#038;h=495&#038;ssl=1\" srcset=\"https:\/\/i0.wp.com\/www.pfarrei-due-wo.de\/wp-content\/uploads\/2023\/06\/IMG-20230625-WA0037.jpg?w=1512&amp;ssl=1 1512w, https:\/\/i0.wp.com\/www.pfarrei-due-wo.de\/wp-content\/uploads\/2023\/06\/IMG-20230625-WA0037.jpg?resize=225%2C300&amp;ssl=1 225w, https:\/\/i0.wp.com\/www.pfarrei-due-wo.de\/wp-content\/uploads\/2023\/06\/IMG-20230625-WA0037.jpg?resize=768%2C1024&amp;ssl=1 768w\" width=\"371\" height=\"495\" loading=\"lazy\" data-original-width=\"371\" data-original-height=\"495\" itemprop=\"http:\/\/schema.org\/image\" title=\"Ministrantenausflug nach N\u00fcrnberg\" alt=\"Ministrantenausflug nach N\u00fcrnberg\" style=\"width: 371px; height: 495px;\" \/> <\/a> <\/div> <\/div> <!-- close group --> <\/div> <!-- close row --> <div class=\"gallery-row\" style=\"width: 750px; height: 250px;\" data-original-width=\"750\" data-original-height=\"250\" > <div class=\"gallery-group images-1\" style=\"width: 250px; height: 250px;\" data-original-width=\"250\" data-original-height=\"250\" > <div class=\"tiled-gallery-item tiled-gallery-item-small\" itemprop=\"associatedMedia\" itemscope itemtype=\"http:\/\/schema.org\/ImageObject\"> <a href=\"https:\/\/www.pfarrei-due-wo.de\/?attachment_id=10003\" border=\"0\" itemprop=\"url\"> <meta itemprop=\"width\" content=\"246\"> <meta itemprop=\"height\" content=\"246\"> <img decoding=\"async\" class=\"\" data-attachment-id=\"10003\" data-orig-file=\"https:\/\/www.pfarrei-due-wo.de\/wp-content\/uploads\/2023\/06\/20230624_121951.jpg\" data-orig-size=\",\" data-comments-opened=\"\" data-image-meta=\"[]\" data-image-title=\"Ministrantenausflug nach N\u00fcrnberg\" data-image-description=\"&lt;p&gt;Foto: Michael Hoch&lt;\/p&gt; \" data-medium-file=\"https:\/\/i0.wp.com\/www.pfarrei-due-wo.de\/wp-content\/uploads\/2023\/06\/20230624_121951.jpg?fit=300%2C300&#038;ssl=1\" data-large-file=\"https:\/\/i0.wp.com\/www.pfarrei-due-wo.de\/wp-content\/uploads\/2023\/06\/20230624_121951.jpg?fit=6000%2C4000&#038;ssl=1\" src=\"https:\/\/i0.wp.com\/www.pfarrei-due-wo.de\/wp-content\/uploads\/2023\/06\/20230624_121951.jpg?w=246&#038;h=246&#038;crop=1&#038;ssl=1\" width=\"246\" height=\"246\" loading=\"lazy\" data-original-width=\"246\" data-original-height=\"246\" itemprop=\"http:\/\/schema.org\/image\" title=\"Ministrantenausflug nach N\u00fcrnberg\" alt=\"Ministrantenausflug nach N\u00fcrnberg\" style=\"width: 246px; height: 246px;\" \/> <\/a> <\/div> <\/div> <!-- close group --> <div class=\"gallery-group images-1\" style=\"width: 250px; height: 250px;\" data-original-width=\"250\" data-original-height=\"250\" > <div class=\"tiled-gallery-item tiled-gallery-item-small\" itemprop=\"associatedMedia\" itemscope itemtype=\"http:\/\/schema.org\/ImageObject\"> <a href=\"https:\/\/www.pfarrei-due-wo.de\/?attachment_id=10010\" border=\"0\" itemprop=\"url\"> <meta itemprop=\"width\" content=\"246\"> <meta itemprop=\"height\" content=\"246\"> <img decoding=\"async\" class=\"\" data-attachment-id=\"10010\" data-orig-file=\"https:\/\/www.pfarrei-due-wo.de\/wp-content\/uploads\/2023\/06\/20230624_131942.jpg\" data-orig-size=\",\" data-comments-opened=\"\" data-image-meta=\"[]\" data-image-title=\"Ministrantenausflug nach N\u00fcrnberg\" data-image-description=\"&lt;p&gt;Foto: Michael Hoch&lt;\/p&gt; \" data-medium-file=\"https:\/\/i0.wp.com\/www.pfarrei-due-wo.de\/wp-content\/uploads\/2023\/06\/20230624_131942.jpg?fit=300%2C300&#038;ssl=1\" data-large-file=\"https:\/\/i0.wp.com\/www.pfarrei-due-wo.de\/wp-content\/uploads\/2023\/06\/20230624_131942.jpg?fit=6000%2C4000&#038;ssl=1\" src=\"https:\/\/i0.wp.com\/www.pfarrei-due-wo.de\/wp-content\/uploads\/2023\/06\/20230624_131942.jpg?w=246&#038;h=246&#038;crop=1&#038;ssl=1\" width=\"246\" height=\"246\" loading=\"lazy\" data-original-width=\"246\" data-original-height=\"246\" itemprop=\"http:\/\/schema.org\/image\" title=\"Ministrantenausflug nach N\u00fcrnberg\" alt=\"Ministrantenausflug nach N\u00fcrnberg\" style=\"width: 246px; height: 246px;\" \/> <\/a> <\/div> <\/div> <!-- close group --> <div class=\"gallery-group images-1\" style=\"width: 250px; height: 250px;\" data-original-width=\"250\" data-original-height=\"250\" > <div class=\"tiled-gallery-item tiled-gallery-item-small\" itemprop=\"associatedMedia\" itemscope itemtype=\"http:\/\/schema.org\/ImageObject\"> <a href=\"https:\/\/www.pfarrei-due-wo.de\/?attachment_id=10014\" border=\"0\" itemprop=\"url\"> <meta itemprop=\"width\" content=\"246\"> <meta itemprop=\"height\" content=\"246\"> <img decoding=\"async\" class=\"\" data-attachment-id=\"10014\" data-orig-file=\"https:\/\/www.pfarrei-due-wo.de\/wp-content\/uploads\/2023\/06\/20230624_152618.jpg\" data-orig-size=\",\" data-comments-opened=\"\" data-image-meta=\"[]\" data-image-title=\"Ministrantenausflug nach N\u00fcrnberg\" data-image-description=\"&lt;p&gt;Foto: Michael Hoch&lt;\/p&gt; \" data-medium-file=\"https:\/\/i0.wp.com\/www.pfarrei-due-wo.de\/wp-content\/uploads\/2023\/06\/20230624_152618.jpg?fit=300%2C300&#038;ssl=1\" data-large-file=\"https:\/\/i0.wp.com\/www.pfarrei-due-wo.de\/wp-content\/uploads\/2023\/06\/20230624_152618.jpg?fit=6000%2C4000&#038;ssl=1\" src=\"https:\/\/i0.wp.com\/www.pfarrei-due-wo.de\/wp-content\/uploads\/2023\/06\/20230624_152618.jpg?w=246&#038;h=246&#038;crop=1&#038;ssl=1\" width=\"246\" height=\"246\" loading=\"lazy\" data-original-width=\"246\" data-original-height=\"246\" itemprop=\"http:\/\/schema.org\/image\" title=\"Ministrantenausflug nach N\u00fcrnberg\" alt=\"Ministrantenausflug nach N\u00fcrnberg\" style=\"width: 246px; height: 246px;\" \/> <\/a> <\/div> <\/div> <!-- close group --> <\/div> <!-- close row --> <div class=\"gallery-row\" style=\"width: 750px; height: 451px;\" data-original-width=\"750\" data-original-height=\"451\" > <div class=\"gallery-group images-1\" style=\"width: 451px; height: 451px;\" data-original-width=\"451\" data-original-height=\"451\" > <div class=\"tiled-gallery-item tiled-gallery-item-large\" itemprop=\"associatedMedia\" itemscope itemtype=\"http:\/\/schema.org\/ImageObject\"> <a href=\"https:\/\/www.pfarrei-due-wo.de\/?attachment_id=10013\" border=\"0\" itemprop=\"url\"> <meta itemprop=\"width\" content=\"447\"> <meta itemprop=\"height\" content=\"447\"> <img decoding=\"async\" class=\"\" data-attachment-id=\"10013\" data-orig-file=\"https:\/\/www.pfarrei-due-wo.de\/wp-content\/uploads\/2023\/06\/20230624_152638.jpg\" data-orig-size=\",\" data-comments-opened=\"\" data-image-meta=\"[]\" data-image-title=\"Ministrantenausflug nach N\u00fcrnberg\" data-image-description=\"&lt;p&gt;Foto: Michael Hoch&lt;\/p&gt; \" data-medium-file=\"https:\/\/i0.wp.com\/www.pfarrei-due-wo.de\/wp-content\/uploads\/2023\/06\/20230624_152638.jpg?fit=300%2C300&#038;ssl=1\" data-large-file=\"https:\/\/i0.wp.com\/www.pfarrei-due-wo.de\/wp-content\/uploads\/2023\/06\/20230624_152638.jpg?fit=6000%2C4000&#038;ssl=1\" src=\"https:\/\/i0.wp.com\/www.pfarrei-due-wo.de\/wp-content\/uploads\/2023\/06\/20230624_152638.jpg?w=447&#038;h=447&#038;crop=1&#038;ssl=1\" width=\"447\" height=\"447\" loading=\"lazy\" data-original-width=\"447\" data-original-height=\"447\" itemprop=\"http:\/\/schema.org\/image\" title=\"Ministrantenausflug nach N\u00fcrnberg\" alt=\"Ministrantenausflug nach N\u00fcrnberg\" style=\"width: 447px; height: 447px;\" \/> <\/a> <\/div> <\/div> <!-- close group --> <div class=\"gallery-group images-2\" style=\"width: 299px; height: 451px;\" data-original-width=\"299\" data-original-height=\"451\" > <div class=\"tiled-gallery-item tiled-gallery-item-large\" itemprop=\"associatedMedia\" itemscope itemtype=\"http:\/\/schema.org\/ImageObject\"> <a href=\"https:\/\/www.pfarrei-due-wo.de\/?attachment_id=10012\" border=\"0\" itemprop=\"url\"> <meta itemprop=\"width\" content=\"295\"> <meta itemprop=\"height\" content=\"222\"> <img decoding=\"async\" class=\"\" data-attachment-id=\"10012\" data-orig-file=\"https:\/\/www.pfarrei-due-wo.de\/wp-content\/uploads\/2023\/06\/IMG-20230625-WA0009.jpg\" data-orig-size=\"2016,1512\" data-comments-opened=\"\" data-image-meta=\"{&quot;aperture&quot;:&quot;0&quot;,&quot;credit&quot;:&quot;&quot;,&quot;camera&quot;:&quot;&quot;,&quot;caption&quot;:&quot;&quot;,&quot;created_timestamp&quot;:&quot;0&quot;,&quot;copyright&quot;:&quot;&quot;,&quot;focal_length&quot;:&quot;0&quot;,&quot;iso&quot;:&quot;0&quot;,&quot;shutter_speed&quot;:&quot;0&quot;,&quot;title&quot;:&quot;&quot;,&quot;orientation&quot;:&quot;0&quot;}\" data-image-title=\"Ministrantenausflug nach N\u00fcrnberg\" data-image-description=\"&lt;p&gt;Foto: Susanne Ettl&lt;\/p&gt; \" data-medium-file=\"https:\/\/i0.wp.com\/www.pfarrei-due-wo.de\/wp-content\/uploads\/2023\/06\/IMG-20230625-WA0009.jpg?fit=300%2C225&#038;ssl=1\" data-large-file=\"https:\/\/i0.wp.com\/www.pfarrei-due-wo.de\/wp-content\/uploads\/2023\/06\/IMG-20230625-WA0009.jpg?fit=750%2C563&#038;ssl=1\" src=\"https:\/\/i0.wp.com\/www.pfarrei-due-wo.de\/wp-content\/uploads\/2023\/06\/IMG-20230625-WA0009.jpg?w=295&#038;h=222&#038;ssl=1\" srcset=\"https:\/\/i0.wp.com\/www.pfarrei-due-wo.de\/wp-content\/uploads\/2023\/06\/IMG-20230625-WA0009.jpg?w=2016&amp;ssl=1 2016w, https:\/\/i0.wp.com\/www.pfarrei-due-wo.de\/wp-content\/uploads\/2023\/06\/IMG-20230625-WA0009.jpg?resize=300%2C225&amp;ssl=1 300w, https:\/\/i0.wp.com\/www.pfarrei-due-wo.de\/wp-content\/uploads\/2023\/06\/IMG-20230625-WA0009.jpg?resize=1024%2C768&amp;ssl=1 1024w, https:\/\/i0.wp.com\/www.pfarrei-due-wo.de\/wp-content\/uploads\/2023\/06\/IMG-20230625-WA0009.jpg?w=1500&amp;ssl=1 1500w\" width=\"295\" height=\"222\" loading=\"lazy\" data-original-width=\"295\" data-original-height=\"222\" itemprop=\"http:\/\/schema.org\/image\" title=\"Ministrantenausflug nach N\u00fcrnberg\" alt=\"Ministrantenausflug nach N\u00fcrnberg\" style=\"width: 295px; height: 222px;\" \/> <\/a> <\/div> <div class=\"tiled-gallery-item tiled-gallery-item-large\" itemprop=\"associatedMedia\" itemscope itemtype=\"http:\/\/schema.org\/ImageObject\"> <a href=\"https:\/\/www.pfarrei-due-wo.de\/?attachment_id=10006\" border=\"0\" itemprop=\"url\"> <meta itemprop=\"width\" content=\"295\"> <meta itemprop=\"height\" content=\"221\"> <img decoding=\"async\" class=\"\" data-attachment-id=\"10006\" data-orig-file=\"https:\/\/www.pfarrei-due-wo.de\/wp-content\/uploads\/2023\/06\/IMG-20230625-WA0027.jpg\" data-orig-size=\"2016,1512\" data-comments-opened=\"\" data-image-meta=\"{&quot;aperture&quot;:&quot;0&quot;,&quot;credit&quot;:&quot;&quot;,&quot;camera&quot;:&quot;&quot;,&quot;caption&quot;:&quot;&quot;,&quot;created_timestamp&quot;:&quot;0&quot;,&quot;copyright&quot;:&quot;&quot;,&quot;focal_length&quot;:&quot;0&quot;,&quot;iso&quot;:&quot;0&quot;,&quot;shutter_speed&quot;:&quot;0&quot;,&quot;title&quot;:&quot;&quot;,&quot;orientation&quot;:&quot;0&quot;}\" data-image-title=\"Ministrantenausflug nach N\u00fcrnberg\" data-image-description=\"&lt;p&gt;Foto: Susanne Ettl&lt;\/p&gt; \" data-medium-file=\"https:\/\/i0.wp.com\/www.pfarrei-due-wo.de\/wp-content\/uploads\/2023\/06\/IMG-20230625-WA0027.jpg?fit=300%2C225&#038;ssl=1\" data-large-file=\"https:\/\/i0.wp.com\/www.pfarrei-due-wo.de\/wp-content\/uploads\/2023\/06\/IMG-20230625-WA0027.jpg?fit=750%2C563&#038;ssl=1\" src=\"https:\/\/i0.wp.com\/www.pfarrei-due-wo.de\/wp-content\/uploads\/2023\/06\/IMG-20230625-WA0027.jpg?w=295&#038;h=221&#038;ssl=1\" srcset=\"https:\/\/i0.wp.com\/www.pfarrei-due-wo.de\/wp-content\/uploads\/2023\/06\/IMG-20230625-WA0027.jpg?w=2016&amp;ssl=1 2016w, https:\/\/i0.wp.com\/www.pfarrei-due-wo.de\/wp-content\/uploads\/2023\/06\/IMG-20230625-WA0027.jpg?resize=300%2C225&amp;ssl=1 300w, https:\/\/i0.wp.com\/www.pfarrei-due-wo.de\/wp-content\/uploads\/2023\/06\/IMG-20230625-WA0027.jpg?w=1500&amp;ssl=1 1500w\" width=\"295\" height=\"221\" loading=\"lazy\" data-original-width=\"295\" data-original-height=\"221\" itemprop=\"http:\/\/schema.org\/image\" title=\"Ministrantenausflug nach N\u00fcrnberg\" alt=\"Ministrantenausflug nach N\u00fcrnberg\" style=\"width: 295px; height: 221px;\" \/> <\/a> <\/div> <\/div> <!-- close group --> <\/div> <!-- close row --> <div class=\"gallery-row\" style=\"width: 750px; height: 395px;\" data-original-width=\"750\" data-original-height=\"395\" > <div class=\"gallery-group images-2\" style=\"width: 225px; height: 395px;\" data-original-width=\"225\" data-original-height=\"395\" > <div class=\"tiled-gallery-item tiled-gallery-item-small\" itemprop=\"associatedMedia\" itemscope itemtype=\"http:\/\/schema.org\/ImageObject\"> <a href=\"https:\/\/www.pfarrei-due-wo.de\/?attachment_id=10005\" border=\"0\" itemprop=\"url\"> <meta itemprop=\"width\" content=\"221\"> <meta itemprop=\"height\" content=\"166\"> <img decoding=\"async\" class=\"\" data-attachment-id=\"10005\" data-orig-file=\"https:\/\/www.pfarrei-due-wo.de\/wp-content\/uploads\/2023\/06\/IMG-20230625-WA0021.jpg\" data-orig-size=\"2016,1512\" data-comments-opened=\"\" data-image-meta=\"{&quot;aperture&quot;:&quot;0&quot;,&quot;credit&quot;:&quot;&quot;,&quot;camera&quot;:&quot;&quot;,&quot;caption&quot;:&quot;&quot;,&quot;created_timestamp&quot;:&quot;0&quot;,&quot;copyright&quot;:&quot;&quot;,&quot;focal_length&quot;:&quot;0&quot;,&quot;iso&quot;:&quot;0&quot;,&quot;shutter_speed&quot;:&quot;0&quot;,&quot;title&quot;:&quot;&quot;,&quot;orientation&quot;:&quot;0&quot;}\" data-image-title=\"Ministrantenausflug nach N\u00fcrnberg\" data-image-description=\"&lt;p&gt;Foto: Susanne Ettl&lt;\/p&gt; \" data-medium-file=\"https:\/\/i0.wp.com\/www.pfarrei-due-wo.de\/wp-content\/uploads\/2023\/06\/IMG-20230625-WA0021.jpg?fit=300%2C225&#038;ssl=1\" data-large-file=\"https:\/\/i0.wp.com\/www.pfarrei-due-wo.de\/wp-content\/uploads\/2023\/06\/IMG-20230625-WA0021.jpg?fit=750%2C563&#038;ssl=1\" src=\"https:\/\/i0.wp.com\/www.pfarrei-due-wo.de\/wp-content\/uploads\/2023\/06\/IMG-20230625-WA0021.jpg?w=221&#038;h=166&#038;ssl=1\" srcset=\"https:\/\/i0.wp.com\/www.pfarrei-due-wo.de\/wp-content\/uploads\/2023\/06\/IMG-20230625-WA0021.jpg?w=2016&amp;ssl=1 2016w, https:\/\/i0.wp.com\/www.pfarrei-due-wo.de\/wp-content\/uploads\/2023\/06\/IMG-20230625-WA0021.jpg?resize=300%2C225&amp;ssl=1 300w, https:\/\/i0.wp.com\/www.pfarrei-due-wo.de\/wp-content\/uploads\/2023\/06\/IMG-20230625-WA0021.jpg?resize=1024%2C768&amp;ssl=1 1024w, https:\/\/i0.wp.com\/www.pfarrei-due-wo.de\/wp-content\/uploads\/2023\/06\/IMG-20230625-WA0021.jpg?resize=768%2C576&amp;ssl=1 768w, https:\/\/i0.wp.com\/www.pfarrei-due-wo.de\/wp-content\/uploads\/2023\/06\/IMG-20230625-WA0021.jpg?resize=1536%2C1152&amp;ssl=1 1536w\" width=\"221\" height=\"166\" loading=\"lazy\" data-original-width=\"221\" data-original-height=\"166\" itemprop=\"http:\/\/schema.org\/image\" title=\"Ministrantenausflug nach N\u00fcrnberg\" alt=\"Ministrantenausflug nach N\u00fcrnberg\" style=\"width: 221px; height: 166px;\" \/> <\/a> <\/div> <div class=\"tiled-gallery-item tiled-gallery-item-small\" itemprop=\"associatedMedia\" itemscope itemtype=\"http:\/\/schema.org\/ImageObject\"> <a href=\"https:\/\/www.pfarrei-due-wo.de\/?attachment_id=10001\" border=\"0\" itemprop=\"url\"> <meta itemprop=\"width\" content=\"221\"> <meta itemprop=\"height\" content=\"221\"> <img decoding=\"async\" class=\"\" data-attachment-id=\"10001\" data-orig-file=\"https:\/\/www.pfarrei-due-wo.de\/wp-content\/uploads\/2023\/06\/20230624_152729.jpg\" data-orig-size=\",\" data-comments-opened=\"\" data-image-meta=\"[]\" data-image-title=\"Ministrantenausflug nach N\u00fcrnberg\" data-image-description=\"&lt;p&gt;Foto: Michael Hoch&lt;\/p&gt; \" data-medium-file=\"https:\/\/i0.wp.com\/www.pfarrei-due-wo.de\/wp-content\/uploads\/2023\/06\/20230624_152729.jpg?fit=300%2C300&#038;ssl=1\" data-large-file=\"https:\/\/i0.wp.com\/www.pfarrei-due-wo.de\/wp-content\/uploads\/2023\/06\/20230624_152729.jpg?fit=6000%2C4000&#038;ssl=1\" src=\"https:\/\/i0.wp.com\/www.pfarrei-due-wo.de\/wp-content\/uploads\/2023\/06\/20230624_152729.jpg?w=221&#038;h=221&#038;crop=1&#038;ssl=1\" width=\"221\" height=\"221\" loading=\"lazy\" data-original-width=\"221\" data-original-height=\"221\" itemprop=\"http:\/\/schema.org\/image\" title=\"Ministrantenausflug nach N\u00fcrnberg\" alt=\"Ministrantenausflug nach N\u00fcrnberg\" style=\"width: 221px; height: 221px;\" \/> <\/a> <\/div> <\/div> <!-- close group --> <div class=\"gallery-group images-1\" style=\"width: 525px; height: 395px;\" data-original-width=\"525\" data-original-height=\"395\" > <div class=\"tiled-gallery-item tiled-gallery-item-large\" itemprop=\"associatedMedia\" itemscope itemtype=\"http:\/\/schema.org\/ImageObject\"> <a href=\"https:\/\/www.pfarrei-due-wo.de\/?attachment_id=9999\" border=\"0\" itemprop=\"url\"> <meta itemprop=\"width\" content=\"521\"> <meta itemprop=\"height\" content=\"391\"> <img decoding=\"async\" class=\"\" data-attachment-id=\"9999\" data-orig-file=\"https:\/\/www.pfarrei-due-wo.de\/wp-content\/uploads\/2023\/06\/IMG-20230625-WA0039.jpg\" data-orig-size=\"2016,1512\" data-comments-opened=\"\" data-image-meta=\"{&quot;aperture&quot;:&quot;0&quot;,&quot;credit&quot;:&quot;&quot;,&quot;camera&quot;:&quot;&quot;,&quot;caption&quot;:&quot;&quot;,&quot;created_timestamp&quot;:&quot;0&quot;,&quot;copyright&quot;:&quot;&quot;,&quot;focal_length&quot;:&quot;0&quot;,&quot;iso&quot;:&quot;0&quot;,&quot;shutter_speed&quot;:&quot;0&quot;,&quot;title&quot;:&quot;&quot;,&quot;orientation&quot;:&quot;0&quot;}\" data-image-title=\"Ministrantenausflug nach N\u00fcrnberg\" data-image-description=\"&lt;p&gt;Foto: Susanne Ettl&lt;\/p&gt; \" data-medium-file=\"https:\/\/i0.wp.com\/www.pfarrei-due-wo.de\/wp-content\/uploads\/2023\/06\/IMG-20230625-WA0039.jpg?fit=300%2C225&#038;ssl=1\" data-large-file=\"https:\/\/i0.wp.com\/www.pfarrei-due-wo.de\/wp-content\/uploads\/2023\/06\/IMG-20230625-WA0039.jpg?fit=750%2C563&#038;ssl=1\" src=\"https:\/\/i0.wp.com\/www.pfarrei-due-wo.de\/wp-content\/uploads\/2023\/06\/IMG-20230625-WA0039.jpg?w=521&#038;h=391&#038;ssl=1\" srcset=\"https:\/\/i0.wp.com\/www.pfarrei-due-wo.de\/wp-content\/uploads\/2023\/06\/IMG-20230625-WA0039.jpg?w=2016&amp;ssl=1 2016w, https:\/\/i0.wp.com\/www.pfarrei-due-wo.de\/wp-content\/uploads\/2023\/06\/IMG-20230625-WA0039.jpg?resize=300%2C225&amp;ssl=1 300w, https:\/\/i0.wp.com\/www.pfarrei-due-wo.de\/wp-content\/uploads\/2023\/06\/IMG-20230625-WA0039.jpg?resize=1024%2C768&amp;ssl=1 1024w, https:\/\/i0.wp.com\/www.pfarrei-due-wo.de\/wp-content\/uploads\/2023\/06\/IMG-20230625-WA0039.jpg?resize=768%2C576&amp;ssl=1 768w, https:\/\/i0.wp.com\/www.pfarrei-due-wo.de\/wp-content\/uploads\/2023\/06\/IMG-20230625-WA0039.jpg?resize=1536%2C1152&amp;ssl=1 1536w\" width=\"521\" height=\"391\" loading=\"lazy\" data-original-width=\"521\" data-original-height=\"391\" itemprop=\"http:\/\/schema.org\/image\" title=\"Ministrantenausflug nach N\u00fcrnberg\" alt=\"Ministrantenausflug nach N\u00fcrnberg\" style=\"width: 521px; height: 391px;\" \/> <\/a> <\/div> <\/div> <!-- close group --> <\/div> <!-- close row --> <\/div>\n","protected":false},"excerpt":{"rendered":"<p>Jedes Jahr steht ein Ausflug auf dem Jahresprogramm der Ministranten der Pfarrei. Dieses Jahr ging es f\u00fcr einen Tag nach N\u00fcrnberg. Fast alle Minis lie\u00dfen es sich nicht nehmen, beim &hellip; <\/p>\n","protected":false},"author":4,"featured_media":10007,"comment_status":"closed","ping_status":"closed","sticky":false,"template":"","format":"standard","meta":{"jetpack_post_was_ever_published":false,"_jetpack_newsletter_access":"","_jetpack_dont_email_post_to_subs":false,"_jetpack_newsletter_tier_id":0,"_jetpack_memberships_contains_paywalled_content":false,"_jetpack_memberships_contains_paid_content":false,"footnotes":"","jetpack_publicize_message":"","jetpack_publicize_feature_enabled":true,"jetpack_social_post_already_shared":true,"jetpack_social_options":{"image_generator_settings":{"template":"highway","default_image_id":0,"font":"","enabled":false},"version":2}},"categories":[9,12,6],"tags":[],"class_list":["post-10017","post","type-post","status-publish","format-standard","has-post-thumbnail","hentry","category-jugend","category-kinder","category-pfarrei-erleben"],"jetpack_publicize_connections":[],"jetpack_featured_media_url":"https:\/\/i0.wp.com\/www.pfarrei-due-wo.de\/wp-content\/uploads\/2023\/06\/IMG-20230624-WA0006.jpg?fit=1600%2C1200&ssl=1","jetpack_sharing_enabled":true,"jetpack_shortlink":"https:\/\/wp.me\/p8HCtc-2Bz","jetpack-related-posts":[{"id":12719,"url":"https:\/\/www.pfarrei-due-wo.de\/?p=12719","url_meta":{"origin":10017,"position":0},"title":"Ausflug der Minis in den Bayernpark","author":"Daniela Wiesgickl","date":"9. Juni 2025","format":false,"excerpt":"Am Samstag, den 31.05.2025 haben unsere Ministranten ihren allj\u00e4hrlichen Ausflug gemacht. Dieses Jahr ging die Reise in den Bayernpark nach Reisbach. Das Ausflugsziel haben die Minis vorher in einer Abstimmung gemeinsam festgelegt. Wir sind um 7 Uhr mit dem Bus gestartet und gegen 9 Uhr in Reisbach angekommen. Dort haben\u2026","rel":"","context":"In &quot;Jugend&quot;","block_context":{"text":"Jugend","link":"https:\/\/www.pfarrei-due-wo.de\/?cat=9"},"img":{"alt_text":"","src":"https:\/\/i0.wp.com\/www.pfarrei-due-wo.de\/wp-content\/uploads\/2025\/06\/2e806137-f1ab-4161-975a-d3e447cdb4b9.jpeg?fit=900%2C1200&ssl=1&resize=350%2C200","width":350,"height":200,"srcset":"https:\/\/i0.wp.com\/www.pfarrei-due-wo.de\/wp-content\/uploads\/2025\/06\/2e806137-f1ab-4161-975a-d3e447cdb4b9.jpeg?fit=900%2C1200&ssl=1&resize=350%2C200 1x, https:\/\/i0.wp.com\/www.pfarrei-due-wo.de\/wp-content\/uploads\/2025\/06\/2e806137-f1ab-4161-975a-d3e447cdb4b9.jpeg?fit=900%2C1200&ssl=1&resize=525%2C300 1.5x, https:\/\/i0.wp.com\/www.pfarrei-due-wo.de\/wp-content\/uploads\/2025\/06\/2e806137-f1ab-4161-975a-d3e447cdb4b9.jpeg?fit=900%2C1200&ssl=1&resize=700%2C400 2x"},"classes":[]},{"id":10719,"url":"https:\/\/www.pfarrei-due-wo.de\/?p=10719","url_meta":{"origin":10017,"position":1},"title":"Ministrantenwallfahrt nach Rom 2024","author":"Daniela Wiesgickl","date":"19. September 2023","format":false,"excerpt":"Liebe Minis, liebe Eltern! Bald ist es wieder soweit! Die Ministrantenwallfahrt nach Rom findet von 28.07.-02.08.2024 statt! Wer kann teilnehmen? Alle Minis, die im Jahr 2011 oder fr\u00fcher geboren sind. J\u00fcngere Minis k\u00f6nnen wir leider nicht mitnehmen. Diese haben aber die Chance, bei der n\u00e4chsten Wallfahrt mitzufahren, und wir freuen\u2026","rel":"","context":"In &quot;Jugend&quot;","block_context":{"text":"Jugend","link":"https:\/\/www.pfarrei-due-wo.de\/?cat=9"},"img":{"alt_text":"","src":"https:\/\/i0.wp.com\/www.pfarrei-due-wo.de\/wp-content\/uploads\/2018\/08\/IMG-20180801-WA0005.jpg?fit=1200%2C900&ssl=1&resize=350%2C200","width":350,"height":200,"srcset":"https:\/\/i0.wp.com\/www.pfarrei-due-wo.de\/wp-content\/uploads\/2018\/08\/IMG-20180801-WA0005.jpg?fit=1200%2C900&ssl=1&resize=350%2C200 1x, https:\/\/i0.wp.com\/www.pfarrei-due-wo.de\/wp-content\/uploads\/2018\/08\/IMG-20180801-WA0005.jpg?fit=1200%2C900&ssl=1&resize=525%2C300 1.5x, https:\/\/i0.wp.com\/www.pfarrei-due-wo.de\/wp-content\/uploads\/2018\/08\/IMG-20180801-WA0005.jpg?fit=1200%2C900&ssl=1&resize=700%2C400 2x, https:\/\/i0.wp.com\/www.pfarrei-due-wo.de\/wp-content\/uploads\/2018\/08\/IMG-20180801-WA0005.jpg?fit=1200%2C900&ssl=1&resize=1050%2C600 3x"},"classes":[]},{"id":12877,"url":"https:\/\/www.pfarrei-due-wo.de\/?p=12877","url_meta":{"origin":10017,"position":2},"title":"Ausflug der Minis nach Hirschau","author":"Daniela Wiesgickl","date":"23. August 2025","format":false,"excerpt":"Am 26. Juli 2025 haben wir, die Ministranten, als Entsch\u00e4digung f\u00fcr das Ausfallen des geplanten Zeltwochenendes wegen schlechtem Wetter,\u00a0 einen Ausflug nach Hirschau unternommen. Um 9 Uhr ging es los nach Hirschau zum Monte Kaolino. Wir konnten zwischen zwei Aktivit\u00e4ten w\u00e4hlen: im Hochseilgarten klettern oder Minigolfen. Die Ministranten, die neu\u2026","rel":"","context":"In &quot;Pfarrei erleben&quot;","block_context":{"text":"Pfarrei erleben","link":"https:\/\/www.pfarrei-due-wo.de\/?cat=6"},"img":{"alt_text":"","src":"https:\/\/i0.wp.com\/www.pfarrei-due-wo.de\/wp-content\/uploads\/2025\/08\/6acd0c1c-551f-4d8f-9b1b-d87c8a523a46.jpeg?fit=1200%2C900&ssl=1&resize=350%2C200","width":350,"height":200,"srcset":"https:\/\/i0.wp.com\/www.pfarrei-due-wo.de\/wp-content\/uploads\/2025\/08\/6acd0c1c-551f-4d8f-9b1b-d87c8a523a46.jpeg?fit=1200%2C900&ssl=1&resize=350%2C200 1x, https:\/\/i0.wp.com\/www.pfarrei-due-wo.de\/wp-content\/uploads\/2025\/08\/6acd0c1c-551f-4d8f-9b1b-d87c8a523a46.jpeg?fit=1200%2C900&ssl=1&resize=525%2C300 1.5x, https:\/\/i0.wp.com\/www.pfarrei-due-wo.de\/wp-content\/uploads\/2025\/08\/6acd0c1c-551f-4d8f-9b1b-d87c8a523a46.jpeg?fit=1200%2C900&ssl=1&resize=700%2C400 2x, https:\/\/i0.wp.com\/www.pfarrei-due-wo.de\/wp-content\/uploads\/2025\/08\/6acd0c1c-551f-4d8f-9b1b-d87c8a523a46.jpeg?fit=1200%2C900&ssl=1&resize=1050%2C600 3x"},"classes":[]},{"id":9952,"url":"https:\/\/www.pfarrei-due-wo.de\/?p=9952","url_meta":{"origin":10017,"position":3},"title":"Erstkommunionkinder unterwegs &#8211; Ausflug f\u00fchrt nach N\u00fcrnberg","author":"Matthias Heimler","date":"21. Juni 2023","format":false,"excerpt":"Mit ihren Eltern meldeten sich die 14 Erstkommunionkinder der Pfarrei zum gemeinsamen Ausflug an. Er f\u00fchrte sie nach N\u00fcrnberg - eine Dunkelerfahrung eingeschlossen. Zum Abschluss der Erstkommunionvorbereitung fuhren die Erstkommunionkinder gemeinsam mit ihren Eltern mit dem Bus nach N\u00fcrnberg. Den Auftakt f\u00fcr den Tag bildete der Gottesdienst, den die Gruppe\u2026","rel":"","context":"In &quot;Erstkommunion&quot;","block_context":{"text":"Erstkommunion","link":"https:\/\/www.pfarrei-due-wo.de\/?cat=10"},"img":{"alt_text":"","src":"https:\/\/i0.wp.com\/www.pfarrei-due-wo.de\/wp-content\/uploads\/2023\/06\/20230620_1152270-scaled.jpg?fit=1200%2C675&ssl=1&resize=350%2C200","width":350,"height":200,"srcset":"https:\/\/i0.wp.com\/www.pfarrei-due-wo.de\/wp-content\/uploads\/2023\/06\/20230620_1152270-scaled.jpg?fit=1200%2C675&ssl=1&resize=350%2C200 1x, https:\/\/i0.wp.com\/www.pfarrei-due-wo.de\/wp-content\/uploads\/2023\/06\/20230620_1152270-scaled.jpg?fit=1200%2C675&ssl=1&resize=525%2C300 1.5x, https:\/\/i0.wp.com\/www.pfarrei-due-wo.de\/wp-content\/uploads\/2023\/06\/20230620_1152270-scaled.jpg?fit=1200%2C675&ssl=1&resize=700%2C400 2x, https:\/\/i0.wp.com\/www.pfarrei-due-wo.de\/wp-content\/uploads\/2023\/06\/20230620_1152270-scaled.jpg?fit=1200%2C675&ssl=1&resize=1050%2C600 3x"},"classes":[]},{"id":8785,"url":"https:\/\/www.pfarrei-due-wo.de\/?p=8785","url_meta":{"origin":10017,"position":4},"title":"Lange Schlange beim Schlittschuhlaufen der Minis","author":"Matthias Heimler","date":"20. Januar 2023","format":false,"excerpt":"Schlittschuhlaufen macht Spa\u00df. Das erfuhren auch unsere Ministrantinnen und Ministranten. Immer wieder laden die Ministrantenbetreuerinnen und -betreuer in Zusammenarbeit mit der Leiterrunde der Ministranten zu gemeinsamen Aktionen ein. Dieses mal ging es in die Eislaufhalle nach Amberg, wo \u00fcber 40 Minis zusammen mit Eltern auf dem Eis standen und ihre\u2026","rel":"","context":"In &quot;Jugend&quot;","block_context":{"text":"Jugend","link":"https:\/\/www.pfarrei-due-wo.de\/?cat=9"},"img":{"alt_text":"","src":"https:\/\/i0.wp.com\/www.pfarrei-due-wo.de\/wp-content\/uploads\/2023\/01\/IMG-20230120-WA0000.jpg?fit=1200%2C900&ssl=1&resize=350%2C200","width":350,"height":200,"srcset":"https:\/\/i0.wp.com\/www.pfarrei-due-wo.de\/wp-content\/uploads\/2023\/01\/IMG-20230120-WA0000.jpg?fit=1200%2C900&ssl=1&resize=350%2C200 1x, https:\/\/i0.wp.com\/www.pfarrei-due-wo.de\/wp-content\/uploads\/2023\/01\/IMG-20230120-WA0000.jpg?fit=1200%2C900&ssl=1&resize=525%2C300 1.5x, https:\/\/i0.wp.com\/www.pfarrei-due-wo.de\/wp-content\/uploads\/2023\/01\/IMG-20230120-WA0000.jpg?fit=1200%2C900&ssl=1&resize=700%2C400 2x, https:\/\/i0.wp.com\/www.pfarrei-due-wo.de\/wp-content\/uploads\/2023\/01\/IMG-20230120-WA0000.jpg?fit=1200%2C900&ssl=1&resize=1050%2C600 3x"},"classes":[]},{"id":6453,"url":"https:\/\/www.pfarrei-due-wo.de\/?p=6453","url_meta":{"origin":10017,"position":5},"title":"Minis in Ihren Dienst aufgenommen","author":"Florian Schiessl","date":"4. August 2021","format":false,"excerpt":"Nachdem die Aufnahme der Ministrantinnen und Ministranten aufgrund der Corona Beschr\u00e4nkungen im vergangenen Jahr nicht wie geplant am Christk\u00f6nigsonntag stattfinden konnte, wurden nun 14 neue Messdiener durch Pfarrer Michael Hoch und Oberministrant Dominik Saffert in Ihren Dienst aufgenommen. Auch die Vorbereitungen auf Ihren neuen Dienst am Altar waren f\u00fcr die\u2026","rel":"","context":"In &quot;Jugend&quot;","block_context":{"text":"Jugend","link":"https:\/\/www.pfarrei-due-wo.de\/?cat=9"},"img":{"alt_text":"","src":"https:\/\/i0.wp.com\/www.pfarrei-due-wo.de\/wp-content\/uploads\/2021\/08\/Foto-18.07.21-10-53-13-scaled.jpg?fit=1200%2C900&ssl=1&resize=350%2C200","width":350,"height":200,"srcset":"https:\/\/i0.wp.com\/www.pfarrei-due-wo.de\/wp-content\/uploads\/2021\/08\/Foto-18.07.21-10-53-13-scaled.jpg?fit=1200%2C900&ssl=1&resize=350%2C200 1x, https:\/\/i0.wp.com\/www.pfarrei-due-wo.de\/wp-content\/uploads\/2021\/08\/Foto-18.07.21-10-53-13-scaled.jpg?fit=1200%2C900&ssl=1&resize=525%2C300 1.5x, https:\/\/i0.wp.com\/www.pfarrei-due-wo.de\/wp-content\/uploads\/2021\/08\/Foto-18.07.21-10-53-13-scaled.jpg?fit=1200%2C900&ssl=1&resize=700%2C400 2x, https:\/\/i0.wp.com\/www.pfarrei-due-wo.de\/wp-content\/uploads\/2021\/08\/Foto-18.07.21-10-53-13-scaled.jpg?fit=1200%2C900&ssl=1&resize=1050%2C600 3x"},"classes":[]}],"publishpress_future_action":{"enabled":false,"date":"2026-05-05 13:32:54","action":"change-status","newStatus":"draft","terms":[],"taxonomy":"category","extraData":[]},"publishpress_future_workflow_manual_trigger":{"enabledWorkflows":[]},"_links":{"self":[{"href":"https:\/\/www.pfarrei-due-wo.de\/index.php?rest_route=\/wp\/v2\/posts\/10017","targetHints":{"allow":["GET"]}}],"collection":[{"href":"https:\/\/www.pfarrei-due-wo.de\/index.php?rest_route=\/wp\/v2\/posts"}],"about":[{"href":"https:\/\/www.pfarrei-due-wo.de\/index.php?rest_route=\/wp\/v2\/types\/post"}],"author":[{"embeddable":true,"href":"https:\/\/www.pfarrei-due-wo.de\/index.php?rest_route=\/wp\/v2\/users\/4"}],"replies":[{"embeddable":true,"href":"https:\/\/www.pfarrei-due-wo.de\/index.php?rest_route=%2Fwp%2Fv2%2Fcomments&post=10017"}],"version-history":[{"count":7,"href":"https:\/\/www.pfarrei-due-wo.de\/index.php?rest_route=\/wp\/v2\/posts\/10017\/revisions"}],"predecessor-version":[{"id":10024,"href":"https:\/\/www.pfarrei-due-wo.de\/index.php?rest_route=\/wp\/v2\/posts\/10017\/revisions\/10024"}],"wp:featuredmedia":[{"embeddable":true,"href":"https:\/\/www.pfarrei-due-wo.de\/index.php?rest_route=\/wp\/v2\/media\/10007"}],"wp:attachment":[{"href":"https:\/\/www.pfarrei-due-wo.de\/index.php?rest_route=%2Fwp%2Fv2%2Fmedia&parent=10017"}],"wp:term":[{"taxonomy":"category","embeddable":true,"href":"https:\/\/www.pfarrei-due-wo.de\/index.php?rest_route=%2Fwp%2Fv2%2Fcategories&post=10017"},{"taxonomy":"post_tag","embeddable":true,"href":"https:\/\/www.pfarrei-due-wo.de\/index.php?rest_route=%2Fwp%2Fv2%2Ftags&post=10017"}],"curies":[{"name":"wp","href":"https:\/\/api.w.org\/{rel}","templated":true}]}}